{"id":335,"date":"2017-05-22T18:45:00","date_gmt":"2017-05-22T16:45:00","guid":{"rendered":"https:\/\/innerfrench.com\/?p=335"},"modified":"2025-10-02T12:28:04","modified_gmt":"2025-10-02T10:28:04","slug":"05-nouveau-president-francais-emmanuel-macron","status":"publish","type":"post","link":"https:\/\/innerfrench.com\/05-nouveau-president-francais-emmanuel-macron\/","title":{"rendered":"#05 Le nouveau pr\u00e9sident fran\u00e7ais"},"content":{"rendered":"\n<p>Bonjour \u00e0 tous et bienvenue pour ce 5e \u00e9pisode du Cottongue Podcast.<\/p>\n\n\n\n<p><a id=\"sonaar_ts-6927cd39acce6\" class=\"srmp3_sonaar_ts_shortcode\"  style=\"\" href=\"javascript:sonaar_ts_shortcode({ trackid:'0', time:'00:00:12', ts_id:'6927cd39acce6', play_icon:'' }) ;\">[00:00:12]<\/a> J\u2019esp\u00e8re que vous allez bien et que vous \u00eates pr\u00eats \u00e0 \u00e9couter quelque chose en fran\u00e7ais. Moi, je suis tr\u00e8s content, car il y a de plus en plus d\u2019auditeurs. \u00ab Un auditeur \u00bb, c\u2019est une personne qui \u00e9coute une \u00e9mission de radio ou un podcast. Donc, si vous \u00e9coutez le Cottongue Podcast, vous \u00eates un auditeur (ou une auditrice si vous \u00eates une femme).<\/p>\n\n\n\n<p><a id=\"sonaar_ts-6927cd39accf4\" class=\"srmp3_sonaar_ts_shortcode\"  style=\"\" href=\"javascript:sonaar_ts_shortcode({ trackid:'0', time:'00:00:44', ts_id:'6927cd39accf4', play_icon:'' }) ;\">[00:00:44]<\/a> Bref, c\u2019est vraiment super de savoir qu\u2019il y a tellement de personnes qui m\u2019\u00e9coutent. J\u2019esp\u00e8re que \u00e7a vous donne envie de faire un peu de fran\u00e7ais tous les jours. Vous savez que la r\u00e9gularit\u00e9, c\u2019est le plus important pour apprendre une langue. Apprendre une langue, c\u2019est un peu comme aller \u00e0 la salle de sport. \u00c7a ne sert \u00e0 rien d\u2019aller \u00e0 la salle de sport une fois par mois, m\u00eame si vous y restez toute la journ\u00e9e . Si vous ne faites pas de sport pendant un mois, et qu\u2019ensuite vous faites du sport pendant une journ\u00e9e enti\u00e8re, vous allez \u00eatre tr\u00e8s fatigu\u00e9s et vous ne ferez pas de progr\u00e8s. Pour progresser, pour s\u2019am\u00e9liorer, il faut s&#8217;entra\u00eener r\u00e9guli\u00e8rement, chaque jour si c\u2019est possible.<\/p>\n\n\n\n<p><a id=\"sonaar_ts-6927cd39accfb\" class=\"srmp3_sonaar_ts_shortcode\"  style=\"\" href=\"javascript:sonaar_ts_shortcode({ trackid:'0', time:'00:01:46', ts_id:'6927cd39accfb', play_icon:'' }) ;\">[00:01:46]<\/a> Pourquoi ? Parce que quand on fait quelque chose r\u00e9guli\u00e8rement, \u00e7a devient une habitude. Et quand cette activit\u00e9 devient une habitude, on ne se pose plus de questions. On ne se demande pas \u00ab est-ce que j\u2019ai le temps de faire \u00e7a aujourd\u2019hui ? \u00bb. On ne se dit pas \u00ab oh non, aujourd\u2019hui je suis fatigu\u00e9, alors je le ferai un autre jour. \u00bb Si c\u2019est une habitude, on le fait tous les jours.<\/p>\n\n\n\n<p><a id=\"sonaar_ts-6927cd39acd00\" class=\"srmp3_sonaar_ts_shortcode\"  style=\"\" href=\"javascript:sonaar_ts_shortcode({ trackid:'0', time:'00:02:21', ts_id:'6927cd39acd00', play_icon:'' }) ;\">[00:02:21]<\/a> Et pour que le fran\u00e7ais devienne une habitude quotidienne, une habitude de tous les jours, la meilleure solution, c\u2019est de faire des choses qui vous plaisent ! Si vous aimez regarder des vid\u00e9os sur YouTube, alors regardez des vid\u00e9os de youtubeurs fran\u00e7ais. Si vous aimez un style de musique particulier, alors cherchez des groupes fran\u00e7ais sur Spotify, par exemple. D\u2019ailleurs, j\u2019ai post\u00e9 un article sur mon blog avec des recommandations d\u2019artistes fran\u00e7ais. Il y en a pour tous les go\u00fbts : du rock, de la pop, de l\u2019\u00e9lectro, du rap. Allez lire cet article et je suis s\u00fbr que vous trouverez un artiste ou un groupe qui vous plaira, que vous aimerez. L\u2019adresse de mon blog, c\u2019est cottongue.com\/blog [ce site n\u2019existe plus mais j\u2019ai fait une playlist \u00abMusique fran\u00e7aise\u00bb sur YouTube].<\/p>\n\n\n\n<p><a id=\"sonaar_ts-6927cd39acd05\" class=\"srmp3_sonaar_ts_shortcode\"  style=\"\" href=\"javascript:sonaar_ts_shortcode({ trackid:'0', time:'00:03:33', ts_id:'6927cd39acd05', play_icon:'' }) ;\">[00:03:33]<\/a> Vous le savez s\u00fbrement, mais en France, il y a eu des \u00e9lections tr\u00e8s importantes il y a deux semaines : les \u00e9lections pr\u00e9sidentielles.<\/p>\n\n\n\n<p><a id=\"sonaar_ts-6927cd39acd0a\" class=\"srmp3_sonaar_ts_shortcode\"  style=\"\" href=\"javascript:sonaar_ts_shortcode({ trackid:'0', time:'00:03:45', ts_id:'6927cd39acd0a', play_icon:'' }) ;\">[00:03:45]<\/a> Pourquoi les \u00e9lections pr\u00e9sidentielles sont-elles si importantes en France ? Parce que le Pr\u00e9sident, le pr\u00e9sident de la R\u00e9publique, comme on l\u2019appelle, a beaucoup de pouvoir. Par exemple, c\u2019est lui qui nomme, qui choisit, le Premier ministre. Il joue aussi un grand r\u00f4le dans la diplomatie, il repr\u00e9sente la France \u00e0 l\u2019\u00e9tranger, aupr\u00e8s des autres pays. C\u2019est aussi lui qui est le chef des arm\u00e9es, autrement dit des forces militaires, et il peut m\u00eame d\u00e9cider d\u2019utiliser l\u2019arme nucl\u00e9aire, la bombe atomique.<\/p>\n\n\n\n<p><a id=\"sonaar_ts-6927cd39acd0f\" class=\"srmp3_sonaar_ts_shortcode\"  style=\"\" href=\"javascript:sonaar_ts_shortcode({ trackid:'0', time:'00:04:36', ts_id:'6927cd39acd0f', play_icon:'' }) ;\">[00:04:36]<\/a> En plus de tous ces pouvoirs, le pr\u00e9sident de la R\u00e9publique a une grande l\u00e9gitimit\u00e9, \u00e7a veut dire que son autorit\u00e9 est reconnue et accept\u00e9e par les Fran\u00e7ais. Si le Pr\u00e9sident est l\u00e9gitime, c\u2019est parce qu\u2019il est \u00e9lu par les Fran\u00e7ais au suffrage universel direct. Le suffrage universel direct, c\u2019est un syst\u00e8me d\u2019\u00e9lections dans lequel tous les citoyens votent directement pour le candidat qu\u2019ils ont choisi. Donc, en France, tous les Fran\u00e7ais votent directement pour le candidat qu\u2019ils veulent \u00e9lire Pr\u00e9sident. Ce syst\u00e8me est diff\u00e9rent du syst\u00e8me am\u00e9ricain par exemple, parce que les Am\u00e9ricains votent pour des \u00ab grands \u00e9lecteurs \u00bb et pas directement pour un candidat.<\/p>\n\n\n\n<p><a id=\"sonaar_ts-6927cd39acd13\" class=\"srmp3_sonaar_ts_shortcode\"  style=\"\" href=\"javascript:sonaar_ts_shortcode({ trackid:'0', time:'00:05:45', ts_id:'6927cd39acd13', play_icon:'' }) ;\">[00:05:45]<\/a> L\u2019\u00e9lection pr\u00e9sidentielle est \u00e9galement tr\u00e8s m\u00e9diatis\u00e9e. Un an avant le d\u00e9but de l\u2019\u00e9lection, tous les m\u00e9dias en parlent d\u00e9j\u00e0 quotidiennement. Et pendant la campagne pr\u00e9sidentielle, quand les candidats font leur campagne officielle pour convaincre les Fran\u00e7ais, les m\u00e9dias ne parlent que des \u00e9lections. Chaque jour, \u00e0 la t\u00e9l\u00e9vision, \u00e0 la radio et sur internet, les m\u00e9dias parlent seulement des \u00e9lections. Alors \u00e9videmment les Fran\u00e7ais aussi ne parlent que de \u00e7a, ils ne parlent que des \u00e9lections, toute la journ\u00e9e, au travail, avec leur famille ou leurs amis. On demande aux autres pour quel candidat ils vont voter, on parle des diff\u00e9rents programmes, des scandales, aussi ! Vous avez peut-\u00eatre entendu que pendant la derni\u00e8re \u00e9lection, il y a eu plusieurs scandales financiers avec certains candidats. Mais on ne va pas parler de \u00e7a aujourd\u2019hui.<\/p>\n\n\n\n<p><a id=\"sonaar_ts-6927cd39acd17\" class=\"srmp3_sonaar_ts_shortcode\"  style=\"\" href=\"javascript:sonaar_ts_shortcode({ trackid:'0', time:'00:07:05', ts_id:'6927cd39acd17', play_icon:'' }) ;\">[00:07:05]<\/a> Bref, pour toutes ces raisons, vous comprenez que l\u2019\u00e9lection pr\u00e9sidentielle est l\u2019\u00e9lection la plus importante en France.<\/p>\n\n\n\n<p><a id=\"sonaar_ts-6927cd39acd1c\" class=\"srmp3_sonaar_ts_shortcode\"  style=\"\" href=\"javascript:sonaar_ts_shortcode({ trackid:'0', time:'00:07:16', ts_id:'6927cd39acd1c', play_icon:'' }) ;\">[00:07:16]<\/a> Les personnes qui ont le droit de voter sont les citoyens fran\u00e7ais qui sont majeurs, c\u2019est-\u00e0-dire les citoyens qui ont 18 ans ou plus. Il y a deux tours \u00e0 cette \u00e9lection. Pour le premier tour, les \u00e9lecteurs ont le choix entre tous les candidats officiels. \u00c0 l\u2019\u00e9lection cette ann\u00e9e, il y avait 11 candidats. Ensuite, on garde les deux candidats qui ont obtenu le meilleur score pour le 2d tour, sauf si un candidat obtient plus de 50 % des voix<br>. Si un candidat obtient plus de 50 % des voix au premier tour, alors il est \u00e9lu directement pr\u00e9sident de la R\u00e9publique, sans 2e tour. Mais \u00e7a n\u2019est encore jamais arriv\u00e9 dans l\u2019Histoire. Il y a toujours eu besoin d\u2019un 2d tour. Au 2d tour, \u00e9videmment, c\u2019est le candidat qui obtient le plus de voix qui gagne l\u2019\u00e9lection.<\/p>\n\n\n\n<p><a id=\"sonaar_ts-6927cd39acd20\" class=\"srmp3_sonaar_ts_shortcode\"  style=\"\" href=\"javascript:sonaar_ts_shortcode({ trackid:'0', time:'00:08:35', ts_id:'6927cd39acd20', play_icon:'' }) ;\">[00:08:35]<\/a> Cette ann\u00e9e, vous le savez, c\u2019est Monsieur Emmanuel Macron qui a gagn\u00e9 l\u2019\u00e9lection pr\u00e9sidentielle avec 66 % des voix face \u00e0 Madame Marine Le Pen, la candidate du parti d\u2019extr\u00eame droite. Emmanuel Macron a donc \u00e9t\u00e9 \u00e9lu pour \u00eatre le Pr\u00e9sident de la France pendant 5 ans. 5 ans, c\u2019est la dur\u00e9e du mandat<br>pr\u00e9sidentiel en France, la p\u00e9riode pendant laquelle le Pr\u00e9sident est au pouvoir.<\/p>\n\n\n\n<p><a id=\"sonaar_ts-6927cd39acd25\" class=\"srmp3_sonaar_ts_shortcode\"  style=\"\" href=\"javascript:sonaar_ts_shortcode({ trackid:'0', time:'00:09:14', ts_id:'6927cd39acd25', play_icon:'' }) ;\">[00:09:14]<\/a> Alors aujourd\u2019hui, nous allons parler d\u2019Emmanuel Macron. C\u2019est un pr\u00e9sident de la R\u00e9publique assez diff\u00e9rent des pr\u00e9sidents pr\u00e9c\u00e9dents parce qu\u2019il est tr\u00e8s jeune, il a seulement 39 ans ! Mais aussi parce qu\u2019il \u00e9tait compl\u00e8tement inconnu il y a 4 ans. Il y a 4 ans, personne ne savait qui \u00e9tait Emmanuel Macron, c\u2019\u00e9tait un inconnu. Mais il a r\u00e9ussi \u00e0 devenir c\u00e9l\u00e8bre tr\u00e8s rapidement, \u00e0 cr\u00e9er son propre parti politique<br>(qui s\u2019appelle \u00ab En marche ! \u00bb) et \u00e0 gagner l\u2019\u00e9lection pr\u00e9sidentielle en France.<\/p>\n\n\n\n<p><a id=\"sonaar_ts-6927cd39acd29\" class=\"srmp3_sonaar_ts_shortcode\"  style=\"\" href=\"javascript:sonaar_ts_shortcode({ trackid:'0', time:'00:10:02', ts_id:'6927cd39acd29', play_icon:'' }) ;\">[00:10:02]<\/a> Nous allons voir comment un homme si jeune et inconnu a r\u00e9ussi \u00e0 devenir pr\u00e9sident de la R\u00e9publique aussi vite.<\/p>\n\n\n\n<p><a id=\"sonaar_ts-6927cd39acd2e\" class=\"srmp3_sonaar_ts_shortcode\"  style=\"\" href=\"javascript:sonaar_ts_shortcode({ trackid:'0', time:'00:10:14', ts_id:'6927cd39acd2e', play_icon:'' }) ;\">[00:10:14]<\/a> Vous \u00eates pr\u00eats ? Alors, c\u2019est parti !<\/p>\n\n\n\n<p><a id=\"sonaar_ts-6927cd39acd32\" class=\"srmp3_sonaar_ts_shortcode\"  style=\"\" href=\"javascript:sonaar_ts_shortcode({ trackid:'0', time:'00:10:22', ts_id:'6927cd39acd32', play_icon:'' }) ;\">[00:10:22]<\/a> Emmanuel Macron est n\u00e9 en 1977 \u00e0 Amiens. Amiens est une ville du nord de la France qui compte 150 000 habitants. Il vient d\u2019une famille ais\u00e9e. \u00ab Ais\u00e9 \u00bb, \u00e7a veut dire \u00ab qui a de l\u2019argent \u00bb, quelqu\u2019un pour qui l\u2019argent n\u2019est pas un probl\u00e8me. La famille d\u2019Emmanuel Macron \u00e9tait ais\u00e9e, car ses deux parents \u00e9taient m\u00e9decins, donc vous pouvez imaginer qu\u2019il n\u2019y avait pas de probl\u00e8mes d\u2019argent chez les Macron.<\/p>\n\n\n\n<p><a id=\"sonaar_ts-6927cd39acd36\" class=\"srmp3_sonaar_ts_shortcode\"  style=\"\" href=\"javascript:sonaar_ts_shortcode({ trackid:'0', time:'00:11:08', ts_id:'6927cd39acd36', play_icon:'' }) ;\">[00:11:08]<\/a> \u00c0 12 ans, le jeune Emmanuel se convertit \u00e0 la religion catholique, c\u2019est-\u00e0-dire qu\u2019il se fait baptiser et qu\u2019il devient catholique. Pour lui, le catholicisme est un choix personnel et un moyen de d\u00e9velopper sa spiritualit\u00e9. D\u2019ailleurs, il ira au coll\u00e8ge dans un \u00e9tablissement catholique. Le coll\u00e8ge, c\u2019est l\u2019\u00e9cole o\u00f9 vont les \u00e9l\u00e8ves en France entre 12 et 16 ans, avant le lyc\u00e9e. Donc, Emmanuel Macron a \u00e9tudi\u00e9 dans un coll\u00e8ge priv\u00e9 catholique.<\/p>\n\n\n\n<p><a id=\"sonaar_ts-6927cd39acd3b\" class=\"srmp3_sonaar_ts_shortcode\"  style=\"\" href=\"javascript:sonaar_ts_shortcode({ trackid:'0', time:'00:11:58', ts_id:'6927cd39acd3b', play_icon:'' }) ;\">[00:11:58]<\/a> Pendant ses \u00e9tudes, Emmanuel est un \u00e9l\u00e8ve brillant,un \u00e9l\u00e8ve mod\u00e8le. Il a toujours d\u2019excellentes notes, d\u2019excellents r\u00e9sultats.<\/p>\n\n\n\n<p><a id=\"sonaar_ts-6927cd39acd3f\" class=\"srmp3_sonaar_ts_shortcode\"  style=\"\" href=\"javascript:sonaar_ts_shortcode({ trackid:'0', time:'00:12:11', ts_id:'6927cd39acd3f', play_icon:'' }) ;\">[00:12:11]<\/a> \u00c0 15 ans, Emmanuel fait une rencontre tr\u00e8s importante. Il participe au club de th\u00e9\u00e2tre de son coll\u00e8ge et il rencontre Brigitte Trogneux, la professeure de fran\u00e7ais qui s\u2019occupe de ce club de th\u00e9\u00e2tre. Cette professeure est tr\u00e8s impressionn\u00e9e par l\u2019intelligence du jeune Emmanuel. Ils sont tous les deux passionn\u00e9s de litt\u00e9rature. Ils tombent rapidement amoureux. Vous savez, en fran\u00e7ais on dit \u00ab tomber amoureux \u00bb quand on commence \u00e0 ressentir de l\u2019amour pour une personne. On utilise le verbe tomber parce que c\u2019est quelque chose qu\u2019on ne contr\u00f4le pas, comme quand on tombe, quand on perd l\u2019\u00e9quilibre.<\/p>\n\n\n\n<p><a id=\"sonaar_ts-6927cd39acd43\" class=\"srmp3_sonaar_ts_shortcode\"  style=\"\" href=\"javascript:sonaar_ts_shortcode({ trackid:'0', time:'00:13:09', ts_id:'6927cd39acd43', play_icon:'' }) ;\">00:13:09]<\/a> Mais beaucoup de personnes sont choqu\u00e9es par cette relation, car Brigitte Trogneux a 37 ans quand elle rencontre Emmanuel. Elle est mari\u00e9e et elle a trois enfants. Alors, les parents d\u2019Emmanuel d\u00e9cident de l\u2019envoyer dans un lyc\u00e9e \u00e0 Paris pour qu\u2019il ne voit plus sa professeure, pour qu\u2019il arr\u00eate de voir, de fr\u00e9quenter<br>Brigitte.<\/p>\n\n\n\n<p><a id=\"sonaar_ts-6927cd39acd48\" class=\"srmp3_sonaar_ts_shortcode\"  style=\"\" href=\"javascript:sonaar_ts_shortcode({ trackid:'0', time:'00:13:44', ts_id:'6927cd39acd48', play_icon:'' }) ;\">[00:13:44]<\/a> Emmanuel arrive donc au lyc\u00e9e au lyc\u00e9e Henri-IV \u00e0 Paris, qui est l\u2019un des meilleurs lyc\u00e9es de France. Il obtient son baccalaur\u00e9at scientifique avec mention tr\u00e8s bien. Le baccalaur\u00e9at, c\u2019est l\u2019examen que doivent passer les \u00e9l\u00e8ves \u00e0 la fin du lyc\u00e9e, apr\u00e8s la derni\u00e8re ann\u00e9e. G\u00e9n\u00e9ralement, on l\u2019appelle juste le \u00ab bac \u00bb, car \u00ab baccalaur\u00e9at \u00bb c\u2019est un peu trop long ! La mention \u00ab tr\u00e8s bien \u00bb, \u00e7a signifie qu\u2019il a eu d\u2019excellentes notes \u00e0 cet examen.<\/p>\n\n\n\n<p><a id=\"sonaar_ts-6927cd39acd4c\" class=\"srmp3_sonaar_ts_shortcode\"  style=\"\" href=\"javascript:sonaar_ts_shortcode({ trackid:'0', time:'00:14:27', ts_id:'6927cd39acd4c', play_icon:'' }) ;\">[00:14:27]<\/a> Apr\u00e8s le lyc\u00e9e, Emmanuel commence des \u00e9tudes de litt\u00e9rature et de sciences sociales. Il obtient un master de philosophie avec une th\u00e8se<br>sur Machiavel. Il \u00e9tudie aussi les sciences politiques et il entre dans la prestigieuse \u00c9cole nationale d\u2019administration, l\u2019ENA. C\u2019est une \u00e9cole qui forme les personnes pour les plus hauts postes de l\u2019administration publique. La majorit\u00e9 des pr\u00e9sidents fran\u00e7ais sont pass\u00e9s par cette \u00e9cole. Parfois, on dit que l\u2019ENA est l\u2019\u00e9cole des pr\u00e9sidents.<\/p>\n\n\n\n<p><a id=\"sonaar_ts-6927cd39acd51\" class=\"srmp3_sonaar_ts_shortcode\"  style=\"\" href=\"javascript:sonaar_ts_shortcode({ trackid:'0', time:'00:15:20', ts_id:'6927cd39acd51', play_icon:'' }) ;\">[00:15:20]<\/a> Pendant ses \u00e9tudes, Emmanuel retrouve Brigitte qui a quitt\u00e9 son mari. En 2007, quand Emmanuel Macron a 30 ans, il se marie avec Brigitte.<\/p>\n\n\n\n<p><a id=\"sonaar_ts-6927cd39acd55\" class=\"srmp3_sonaar_ts_shortcode\"  style=\"\" href=\"javascript:sonaar_ts_shortcode({ trackid:'0', time:'00:15:39', ts_id:'6927cd39acd55', play_icon:'' }) ;\">[00:15:39]<\/a> Maintenant, nous allons parler un peu de la carri\u00e8re<br>d\u2019Emmanuel Macron.<\/p>\n\n\n\n<p><a id=\"sonaar_ts-6927cd39acd5a\" class=\"srmp3_sonaar_ts_shortcode\"  style=\"\" href=\"javascript:sonaar_ts_shortcode({ trackid:'0', time:'00:15:45', ts_id:'6927cd39acd5a', play_icon:'' }) ;\">[00:15:45]<\/a> Quand il finit l\u2019\u00c9cole nationale d\u2019administration, il commence \u00e0 travailler \u00e0 l\u2019Inspection g\u00e9n\u00e9rale des finances. C\u2019est une institution qui s\u2019occupe de contr\u00f4ler les budgets de l\u2019administration publique.<\/p>\n\n\n\n<p><a id=\"sonaar_ts-6927cd39acd5f\" class=\"srmp3_sonaar_ts_shortcode\"  style=\"\" href=\"javascript:sonaar_ts_shortcode({ trackid:'0', time:'00:16:05', ts_id:'6927cd39acd5f', play_icon:'' }) ;\">[00:16:05]<\/a> Mais en 2008 il d\u00e9cide de quitter le secteur public pour aller travailler dans le priv\u00e9. Quand on dit \u00ab travailler dans le priv\u00e9 \u00bb, \u00e7a signifie travailler pour une entreprise priv\u00e9e. \u00c0 votre avis, pour quelle entreprise d\u00e9cide-t-il de travailler ? Vous avez une petite id\u00e9e ?<\/p>\n\n\n\n<p><a id=\"sonaar_ts-6927cd39acd64\" class=\"srmp3_sonaar_ts_shortcode\"  style=\"\" href=\"javascript:sonaar_ts_shortcode({ trackid:'0', time:'00:16:34', ts_id:'6927cd39acd64', play_icon:'' }) ;\">[00:16:34]<\/a> En 2008, Emmanuel Macron rejoint la c\u00e9l\u00e8bre banque d\u2019affaires Rothschild. Il reste 4 ans dans cette banque et gagne beaucoup d\u2019argent, plus de 2 millions d\u2019euros. Il devient donc millionnaire. Plus tard, il sera tr\u00e8s critiqu\u00e9 pour son passage dans cette banque. Certaines personnes disent qu\u2019il veut aider les banques \u00e0 gagner encore plus d\u2019argent.<\/p>\n\n\n\n<p><a id=\"sonaar_ts-6927cd39acd77\" class=\"srmp3_sonaar_ts_shortcode\"  style=\"\" href=\"javascript:sonaar_ts_shortcode({ trackid:'0', time:'00:17:09', ts_id:'6927cd39acd77', play_icon:'' }) ;\">[00:17:09]<\/a> Mais en 2012, Emmanuel Macron reprend sa carri\u00e8re politique. 2012, c\u2019est l\u2019ann\u00e9e de la victoire de Fran\u00e7ois Hollande, le candidat socialiste qui devient le nouveau Pr\u00e9sident fran\u00e7ais. Comme Emmanuel Macron est proche de Hollande, il devient son secr\u00e9taire g\u00e9n\u00e9ral. C\u2019est un poste tr\u00e8s important, car le secr\u00e9taire g\u00e9n\u00e9ral est la personne la plus proche du Pr\u00e9sident, son conseiller. C\u2019est un peu comme un vice-pr\u00e9sident (car il n\u2019y a pas de vice-pr\u00e9sident en France).<\/p>\n\n\n\n<p><a id=\"sonaar_ts-6927cd39acd80\" class=\"srmp3_sonaar_ts_shortcode\"  style=\"\" href=\"javascript:sonaar_ts_shortcode({ trackid:'0', time:'00:17:57', ts_id:'6927cd39acd80', play_icon:'' }) ;\">[00:17:57]<\/a> Deux ans plus tard, en 2014, Emmanuel devient ministre<br>de l\u2019\u00c9conomie, un poste tr\u00e8s important, encore une fois. Il d\u00e9cide de lib\u00e9raliser l\u2019\u00e9conomie fran\u00e7aise, par exemple pour autoriser les entreprises \u00e0 travailler le dimanche. \u00c7a, c\u2019est int\u00e9ressant pour comprendre les id\u00e9es politiques de Macron. Ses valeurs personnelles sont plut\u00f4t de gauche, du c\u00f4t\u00e9 des socialistes, mais pour l\u2019\u00e9conomie il est tr\u00e8s lib\u00e9ral, donc plut\u00f4t \u00e0 droite.<\/p>\n\n\n\n<p><a id=\"sonaar_ts-6927cd39acd85\" class=\"srmp3_sonaar_ts_shortcode\"  style=\"\" href=\"javascript:sonaar_ts_shortcode({ trackid:'0', time:'00:18:41', ts_id:'6927cd39acd85', play_icon:'' }) ;\">[00:18:41]<\/a> Vous l\u2019avez compris, Emmanuel Macron n\u2019aime pas rester au m\u00eame endroit trop longtemps. Sa carri\u00e8re a \u00e9volu\u00e9<br>tr\u00e8s vite. Il a r\u00e9ussi \u00e0 obtenir des postes importants alors qu\u2019il \u00e9tait encore tr\u00e8s jeune, et \u00e7a, c\u2019est plut\u00f4t inhabituel en France. En France, les politiciens sont g\u00e9n\u00e9ralement plus vieux que dans les autres pays. Si on veut obtenir un bon poste de d\u00e9put\u00e9 ou de s\u00e9nateur, il faut attendre son tour ! Il faut attendre que les autres partent pour prendre leur place. Mais Emmanuel Macron, lui, il n\u2019\u00e9tait pas assez patient pour attendre son tour. Il voulait avoir sa place tout de suite, imm\u00e9diatement.<\/p>\n\n\n\n<p><a id=\"sonaar_ts-6927cd39acd8a\" class=\"srmp3_sonaar_ts_shortcode\"  style=\"\" href=\"javascript:sonaar_ts_shortcode({ trackid:'0', time:'00:19:43', ts_id:'6927cd39acd8a', play_icon:'' }) ;\">[00:19:43]<\/a> C\u2019est pour \u00e7a qu\u2019en 2016, il quitte son poste de ministre de l\u2019\u00c9conomie et il cr\u00e9e son propre mouvement politique qui s\u2019appelle \u00ab En marche ! \u00bb. Cette expression vient du verbe \u00ab marcher \u00bb et elle signifie qu\u2019il faut avancer. Emmanuel Macron pense que la France est bloqu\u00e9e, qu\u2019elle reste sur place, et lui, il veut la faire avancer.<\/p>\n\n\n\n<p><a id=\"sonaar_ts-6927cd39acd8f\" class=\"srmp3_sonaar_ts_shortcode\"  style=\"\" href=\"javascript:sonaar_ts_shortcode({ trackid:'0', time:'00:20:16', ts_id:'6927cd39acd8f', play_icon:'' }) ;\">[00:20:16]<\/a> On comprend alors qu\u2019avec ce mouvement politique, Macron veut se pr\u00e9senter \u00e0 l\u2019\u00e9lection pr\u00e9sidentielle.<\/p>\n\n\n\n<p><a id=\"sonaar_ts-6927cd39acd9c\" class=\"srmp3_sonaar_ts_shortcode\"  style=\"\" href=\"javascript:sonaar_ts_shortcode({ trackid:'0', time:'00:20:31', ts_id:'6927cd39acd9c', play_icon:'' }) ;\">[00:20:31]<\/a> Au d\u00e9but, tout le monde pensait que sa strat\u00e9gie n\u2019allait pas marcher, justement, qu\u2019elle n\u2019allait pas fonctionner. Macron \u00e9tait assez inconnu des Fran\u00e7ais, les Fran\u00e7ais ne savaient pas vraiment qui il \u00e9tait. Les m\u00e9dias parlaient un peu de lui quand il \u00e9tait ministre de l\u2019\u00c9conomie, mais beaucoup de Fran\u00e7ais ne connaissaient m\u00eame pas son nom !<\/p>\n\n\n\n<p><a id=\"sonaar_ts-6927cd39acda1\" class=\"srmp3_sonaar_ts_shortcode\"  style=\"\" href=\"javascript:sonaar_ts_shortcode({ trackid:'0', time:'00:21:00', ts_id:'6927cd39acda1', play_icon:'' }) ;\">[00:21:00]<\/a> En France, il y a deux partis politiques principaux : le Parti socialiste \u00e0 gauche et le parti Les R\u00e9publicains \u00e0 droite. Le Pr\u00e9sident est presque toujours le candidat d\u2019un de ces deux partis. Mais la strat\u00e9gie de Macron \u00e9tait diff\u00e9rente, car quand il a cr\u00e9\u00e9 son mouvement politique, Emmanuel Macron a d\u00e9clar\u00e9 que son mouvement politique n\u2019\u00e9tait ni de droite ni de gauche. En fait, le mouvement En Marche ! est plut\u00f4t entre la gauche et la droite. Il est au centre de la sc\u00e8ne politique.<\/p>\n\n\n\n<p><a id=\"sonaar_ts-6927cd39acda6\" class=\"srmp3_sonaar_ts_shortcode\"  style=\"\" href=\"javascript:sonaar_ts_shortcode({ trackid:'0', time:'00:21:51', ts_id:'6927cd39acda6', play_icon:'' }) ;\">[00:21:51]<\/a> Pour construire son programme pr\u00e9sidentiel, il a choisi une solution assez innovante, assez nouvelle. Il a d\u00e9cid\u00e9 d\u2019interroger directement les Fran\u00e7ais, de leur demander quels \u00e9taient leurs probl\u00e8mes, les choses qu\u2019ils voulaient changer. 100 000 Fran\u00e7ais ont \u00e9t\u00e9 interrog\u00e9s et leurs r\u00e9ponses ont \u00e9t\u00e9 utilis\u00e9es pour cr\u00e9er un programme qui r\u00e9ponde \u00e0 leurs attentes, \u00e0 leurs demandes. C\u2019est une strat\u00e9gie qu\u2019ils ont copi\u00e9e sur la campagne de Barack Obama aux \u00c9tats-Unis. D\u2019habitude, les partis politiques \u00e9crivent un programme sans demander aux \u00e9lecteurs ce qu\u2019ils veulent, mais Macron pensait que pour gagner, il \u00e9tait n\u00e9cessaire de savoir exactement ce que voulaient les Fran\u00e7ais et d\u2019utiliser les m\u00eames mots, les m\u00eames phrases, pour \u00eatre bien compris.<\/p>\n\n\n\n<p><a id=\"sonaar_ts-6927cd39acdae\" class=\"srmp3_sonaar_ts_shortcode\"  style=\"\" href=\"javascript:sonaar_ts_shortcode({ trackid:'0', time:'00:23:08', ts_id:'6927cd39acdae', play_icon:'' }) ;\">[00:23:08]<\/a> Mais pendant longtemps, Emmanuel Macron n\u2019a pas r\u00e9v\u00e9l\u00e9 son programme. Il n\u2019a pas dit quelles mesures il voulait adopter. \u00c7a aussi c\u2019est une bonne strat\u00e9gie, car les autres candidats ne pouvaient pas vraiment l\u2019attaquer. La seule attaque qu\u2019ils pouvaient faire, c\u2019\u00e9tait de dire que Macron n\u2019avait pas de programme.<\/p>\n\n\n\n<p><a id=\"sonaar_ts-6927cd39acdb3\" class=\"srmp3_sonaar_ts_shortcode\"  style=\"\" href=\"javascript:sonaar_ts_shortcode({ trackid:'0', time:'00:23:36', ts_id:'6927cd39acdb3', play_icon:'' }) ;\">[00:23:36]<\/a> Macron a aussi \u00e9t\u00e9 critiqu\u00e9 parce qu\u2019il disait toujours ce que les gens voulaient entendre. Il \u00e9tait d\u2019accord avec tout le monde, il ne s\u2019opposait jamais aux autres. Alors, les gens ont commenc\u00e9 \u00e0 penser qu\u2019il n\u2019avait pas d\u2019id\u00e9es personnelles, pas de convictions. On a pens\u00e9 qu\u2019il voulait faire plaisir \u00e0 tout le monde simplement pour \u00eatre \u00e9lu, mais qu\u2019il n\u2019avait pas de vision claire pour la France.<\/p>\n\n\n\n<p><a id=\"sonaar_ts-6927cd39acdb9\" class=\"srmp3_sonaar_ts_shortcode\"  style=\"\" href=\"javascript:sonaar_ts_shortcode({ trackid:'0', time:'00:24:15', ts_id:'6927cd39acdb9', play_icon:'' }) ;\">[00:24:15]<\/a> Certains pensaient aussi que Macron \u00e9tait trop jeune, qu\u2019il n\u2019avait pas assez d\u2019exp\u00e9rience pour devenir pr\u00e9sident de la R\u00e9publique. En plus, Macron ne s\u2019\u00e9tait jamais pr\u00e9sent\u00e9 \u00e0 une \u00e9lection avant l\u2019\u00e9lection pr\u00e9sidentielle. Donc il n\u2019avait jamais \u00e9t\u00e9 \u00e9lu par les Fran\u00e7ais. Les anciens postes politiques qu\u2019il avait obtenus (secr\u00e9taire g\u00e9n\u00e9ral du Pr\u00e9sident et ministre de l\u2019\u00c9conomie), il les avait obtenus seulement gr\u00e2ce \u00e0 l\u2019aide de Fran\u00e7ois Hollande. Et apr\u00e8s avoir re\u00e7u l\u2019aide de Fran\u00e7ois Hollande, Macron a d\u00e9cid\u00e9 de le trahir pour cr\u00e9er son propre parti politique. Le verbe \u00ab trahir \u00bb veut dire que quelqu\u2019un vous fait confiance, et vous profitez de cette confiance pour faire une chose contre lui. Fran\u00e7ois Hollande faisait confiance \u00e0 Emmanuel Macron, mais Emmanuel Macron n\u2019a pas respect\u00e9 cette confiance et il a quitt\u00e9 le Gouvernement pour cr\u00e9er son propre parti. Des personnes qui connaissaient Macron disent qu\u2019il utilise les gens pour obtenir des avantages. Ils disent que Macron est manipulateur, qu\u2019il manipule les gens. En politique, les choses se passent souvent comme \u00e7a, malheureusement. Mais Macron le fait sans se cacher.<\/p>\n\n\n\n<p><a id=\"sonaar_ts-6927cd39acdbe\" class=\"srmp3_sonaar_ts_shortcode\"  style=\"\" href=\"javascript:sonaar_ts_shortcode({ trackid:'0', time:'00:26:08', ts_id:'6927cd39acdbe', play_icon:'' }) ;\">[00:26:08]<\/a> Malgr\u00e9 toutes ces critiques, Macron a gagn\u00e9 le premier tour de l\u2019\u00e9lection pr\u00e9sidentielle. Au deuxi\u00e8me tour, il \u00e9tait oppos\u00e9 \u00e0 la candidate d\u2019extr\u00eame droite Marine Le Pen. Pour que Marine Le Pen ne gagne pas, tous les autres partis politiques ont appel\u00e9 les \u00e9lecteurs \u00e0 voter pour Emmanuel Macron. Alors au 2e tour, il a gagn\u00e9 largement avec 66 % des voix.<\/p>\n\n\n\n<p><a id=\"sonaar_ts-6927cd39acdc6\" class=\"srmp3_sonaar_ts_shortcode\"  style=\"\" href=\"javascript:sonaar_ts_shortcode({ trackid:'0', time:'00:26:53', ts_id:'6927cd39acdc6', play_icon:'' }) ;\">[00:26:53]<\/a> Pour finir, nous allons voir quel est le programme du nouveau Pr\u00e9sident fran\u00e7ais. D\u2019abord, contrairement \u00e0 beaucoup d\u2019autres candidats, Emmanuel Macron est tr\u00e8s favorable \u00e0 l\u2019Union europ\u00e9enne. Il veut que les pays de l\u2019Union qui souhaitent aller plus loin dans le projet aient la possibilit\u00e9 de le faire. Il propose que les pays qui font partie de la zone euro, autrement dit les pays qui ont adopt\u00e9 l\u2019euro, aient un budget propre, un parlement diff\u00e9rent du Parlement europ\u00e9en, et un ministre des Finances.<\/p>\n\n\n\n<p><a id=\"sonaar_ts-6927cd39acdcc\" class=\"srmp3_sonaar_ts_shortcode\"  style=\"\" href=\"javascript:sonaar_ts_shortcode({ trackid:'0', time:'00:27:42', ts_id:'6927cd39acdcc', play_icon:'' }) ;\">[00:27:42]<\/a> Concernant l\u2019\u00e9conomie, je vous ai dit que le nouveau Pr\u00e9sident fran\u00e7ais est assez lib\u00e9ral. Par exemple, il veut supprimer 120 000 postes de fonctionnaires. Les fonctionnaires, ce sont les personnes qui travaillent pour l\u2019\u00c9tat, pour l\u2019administration publique. L\u2019objectif d\u2019Emmanuel Macron, son but, c\u2019est de r\u00e9duire les d\u00e9penses publiques de 60 milliards d\u2019euros en 5 ans. Il veut donc que l\u2019\u00c9tat fran\u00e7ais soit moins endett\u00e9, il veut r\u00e9duire la dette. En France, la dur\u00e9e l\u00e9gale du travail est de 35 heures par semaine. Les Fran\u00e7ais travaillent 35 heures par semaine. Mais Emmanuel Macron a souvent critiqu\u00e9 cette dur\u00e9e du travail, alors peut-\u00eatre que bient\u00f4t les Fran\u00e7ais devront travailler un peu plus longtemps.<\/p>\n\n\n\n<p><a id=\"sonaar_ts-6927cd39acdd0\" class=\"srmp3_sonaar_ts_shortcode\"  style=\"\" href=\"javascript:sonaar_ts_shortcode({ trackid:'0', time:'00:28:52', ts_id:'6927cd39acdd0', play_icon:'' }) ;\">[00:28:52]<\/a> Maintenant, quelles sont les prochaines \u00e9tapes pour le nouveau Pr\u00e9sident ? Quels sont les challenges qui attendent Emmanuel Macron ?<\/p>\n\n\n\n<p><a id=\"sonaar_ts-6927cd39acdd5\" class=\"srmp3_sonaar_ts_shortcode\"  style=\"\" href=\"javascript:sonaar_ts_shortcode({ trackid:'0', time:'00:29:04', ts_id:'6927cd39acdd5', play_icon:'' }) ;\">[00:29:04]<\/a> M\u00eame si le Pr\u00e9sident a beaucoup de pouvoir en France, il ne peut pas tout faire ! Il a besoin d\u2019avoir une majorit\u00e9 au Parlement pour que les lois soient accept\u00e9es. Et justement, les \u00e9lections l\u00e9gislatives pour \u00e9lire les d\u00e9put\u00e9s seront le 11 et le 18 juin. Donc, si Emmanuel Macron veut pouvoir faire accepter ses projets, il faut que les candidats de son mouvement La R\u00e9publique en marche ! gagnent les \u00e9lections l\u00e9gislatives pour \u00eatre \u00e0 l\u2019Assembl\u00e9e, au Parlement.<\/p>\n\n\n\n<p><a id=\"sonaar_ts-6927cd39acdda\" class=\"srmp3_sonaar_ts_shortcode\"  style=\"\" href=\"javascript:sonaar_ts_shortcode({ trackid:'0', time:'00:29:50', ts_id:'6927cd39acdda', play_icon:'' }) ;\">[00:29:50]<\/a> S\u2019il n\u2019y a pas assez de d\u00e9put\u00e9s pour avoir une majorit\u00e9 \u00e0 l\u2019Assembl\u00e9e, alors il faudra faire des alliances avec les autres partis pour gouverner.<\/p>\n\n\n\n<p><a id=\"sonaar_ts-6927cd39acde0\" class=\"srmp3_sonaar_ts_shortcode\"  style=\"\" href=\"javascript:sonaar_ts_shortcode({ trackid:'0', time:'00:30:05', ts_id:'6927cd39acde0', play_icon:'' }) ;\">[00:30:05]<\/a> Alors, vous voyez, tout n\u2019est pas encore gagn\u00e9 pour Emmanuel Macron.<\/p>\n\n\n\n<p><a id=\"sonaar_ts-6927cd39acde4\" class=\"srmp3_sonaar_ts_shortcode\"  style=\"\" href=\"javascript:sonaar_ts_shortcode({ trackid:'0', time:'00:30:15', ts_id:'6927cd39acde4', play_icon:'' }) ;\">[00:30:15]<\/a> Pour conclure, il y a trois choses importantes \u00e0 retenir, \u00e0 m\u00e9moriser sur Emmanuel Macron.<\/p>\n\n\n\n<p><a id=\"sonaar_ts-6927cd39acde9\" class=\"srmp3_sonaar_ts_shortcode\"  style=\"\" href=\"javascript:sonaar_ts_shortcode({ trackid:'0', time:'00:30:25', ts_id:'6927cd39acde9', play_icon:'' }) ;\">[00:30:25]<\/a> La premi\u00e8re, c\u2019est qu&#8217;Emmanuel Macron est le plus jeune Pr\u00e9sident de l\u2019histoire de la Ve R\u00e9publique, il a seulement 39 ans. La deuxi\u00e8me chose, c\u2019est qu\u2019il a cr\u00e9\u00e9 un nouveau parti centriste, un parti politique, qui n\u2019est ni de droite ni de gauche. Et la troisi\u00e8me chose, concernant les id\u00e9es d\u2019Emmanuel Macron, c\u2019est qu\u2019il est plut\u00f4t lib\u00e9ral sur le plan \u00e9conomique et qu\u2019il est pro-europ\u00e9en, il est en faveur de l\u2019Union europ\u00e9enne.<\/p>\n\n\n\n<p><a id=\"sonaar_ts-6927cd39acdf1\" class=\"srmp3_sonaar_ts_shortcode\"  style=\"\" href=\"javascript:sonaar_ts_shortcode({ trackid:'0', time:'00:31:09', ts_id:'6927cd39acdf1', play_icon:'' }) ;\">[00:31:09]<\/a> Et j\u2019ai une question pour vous : est-ce que les m\u00e9dias dans votre pays ont parl\u00e9 d\u2019Emmanuel Macron dans votre pays ? Si oui, que disent les m\u00e9dias sur Emmanuel Macron ? Qu\u2019est-ce qu\u2019ils pensent de lui ? Je suis tr\u00e8s curieux de le savoir, \u00e7a m\u2019int\u00e9resse beaucoup ! Envoyez-moi un email \u00e0 l\u2019adresse hugo@innerfrench.com pour me le dire. J\u2019attends vos emails avec impatience !<\/p>\n\n\n\n<p><a id=\"sonaar_ts-6927cd39acdf6\" class=\"srmp3_sonaar_ts_shortcode\"  style=\"\" href=\"javascript:sonaar_ts_shortcode({ trackid:'0', time:'00:31:46', ts_id:'6927cd39acdf6', play_icon:'' }) ;\">[00:31:46]<\/a> Nous arrivons \u00e0 la fin de ce podcast. Maintenant, vous savez tout sur le nouveau Pr\u00e9sident fran\u00e7ais. Merci \u00e0 tous d\u2019avoir \u00e9cout\u00e9 ce nouvel \u00e9pisode. Comme d\u2019habitude, vous pouvez trouver la transcription sur mon site internet.<\/p>\n\n\n\n<p><a id=\"sonaar_ts-6927cd39acdfa\" class=\"srmp3_sonaar_ts_shortcode\"  style=\"\" href=\"javascript:sonaar_ts_shortcode({ trackid:'0', time:'00:32:12', ts_id:'6927cd39acdfa', play_icon:'' }) ;\">[00:32:12]<\/a> La semaine prochaine, nous parlerons des langues \u00e9trang\u00e8res. Nous verrons comment la connaissance de langues \u00e9trang\u00e8res influence notre personnalit\u00e9.<\/p>\n\n\n\n<p><a id=\"sonaar_ts-6927cd39acdff\" class=\"srmp3_sonaar_ts_shortcode\"  style=\"\" href=\"javascript:sonaar_ts_shortcode({ trackid:'0', time:'00:32:26', ts_id:'6927cd39acdff', play_icon:'' }) ;\">[00:32:26]<\/a> Passez une bonne semaine et \u00e0 bient\u00f4t !<\/p>\n\n\n\n<p><em>Le nom du podcast (Cottongue) a chang\u00e9 \u00e0 l&#8217;\u00e9pisode 20 pour devenir innerFrench.<\/em><\/p>\n","protected":false},"excerpt":{"rendered":"<p>Bonjour \u00e0 tous et bienvenue pour ce 5e \u00e9pisode du Cottongue Podcast. J\u2019esp\u00e8re que vous allez bien et que vous \u00eates pr\u00eats \u00e0 \u00e9couter quelque chose en fran\u00e7ais. Moi, je suis tr\u00e8s content, car il y a de plus en plus d\u2019auditeurs. \u00ab Un auditeur \u00bb, c\u2019est une personne qui \u00e9coute une \u00e9mission de radio&#8230;<\/p>\n","protected":false},"author":1,"featured_media":204650,"comment_status":"open","ping_status":"open","sticky":false,"template":"","format":[189],"meta":{"_acf_changed":false,"_kad_blocks_custom_css":"","_kad_blocks_head_custom_js":"","_kad_blocks_body_custom_js":"","_kad_blocks_footer_custom_js":"","_kad_post_transparent":"","_kad_post_title":"","_kad_post_layout":"","_kad_post_sidebar_id":"","_kad_post_content_style":"","_kad_post_vertical_padding":"","_kad_post_feature":"","_kad_post_feature_position":"","_kad_post_header":false,"_kad_post_footer":false,"_kad_post_classname":"","footnotes":""},"categories":[168],"tags":[175,176],"class_list":["post-335","post","type-post","status-publish","format-standard","has-post-thumbnail","hentry","category-podcast","tag-france","tag-politique","format-solo-hugo"],"acf":[],"taxonomy_info":{"category":[{"value":168,"label":"Podcast"}],"post_tag":[{"value":175,"label":"France"},{"value":176,"label":"Politique"}],"format":[{"value":189,"label":"Solo Hugo"}]},"featured_image_src_large":["https:\/\/innerfrench.com\/wp-content\/uploads\/2024\/01\/Macron-750x406.jpg",750,406,true],"author_info":{"display_name":"Hugo","author_link":"https:\/\/innerfrench.com\/author\/innerfrench-2-2-2-2-2-2-2-2-2-2-2-2-2-2-2-2-2-2-2\/"},"comment_info":31,"category_info":[{"term_id":168,"name":"Podcast","slug":"podcast","term_group":0,"term_taxonomy_id":168,"taxonomy":"category","description":"","parent":0,"count":185,"filter":"raw","cat_ID":168,"category_count":185,"category_description":"","cat_name":"Podcast","category_nicename":"podcast","category_parent":0}],"tag_info":[{"term_id":175,"name":"France","slug":"france","term_group":0,"term_taxonomy_id":175,"taxonomy":"post_tag","description":"","parent":0,"count":100,"filter":"raw"},{"term_id":176,"name":"Politique","slug":"politique","term_group":0,"term_taxonomy_id":176,"taxonomy":"post_tag","description":"","parent":0,"count":20,"filter":"raw"}],"_links":{"self":[{"href":"https:\/\/innerfrench.com\/wp-json\/wp\/v2\/posts\/335","targetHints":{"allow":["GET"]}}],"collection":[{"href":"https:\/\/innerfrench.com\/wp-json\/wp\/v2\/posts"}],"about":[{"href":"https:\/\/innerfrench.com\/wp-json\/wp\/v2\/types\/post"}],"author":[{"embeddable":true,"href":"https:\/\/innerfrench.com\/wp-json\/wp\/v2\/users\/1"}],"replies":[{"embeddable":true,"href":"https:\/\/innerfrench.com\/wp-json\/wp\/v2\/comments?post=335"}],"version-history":[{"count":2,"href":"https:\/\/innerfrench.com\/wp-json\/wp\/v2\/posts\/335\/revisions"}],"predecessor-version":[{"id":294475,"href":"https:\/\/innerfrench.com\/wp-json\/wp\/v2\/posts\/335\/revisions\/294475"}],"wp:featuredmedia":[{"embeddable":true,"href":"https:\/\/innerfrench.com\/wp-json\/wp\/v2\/media\/204650"}],"wp:attachment":[{"href":"https:\/\/innerfrench.com\/wp-json\/wp\/v2\/media?parent=335"}],"wp:term":[{"taxonomy":"category","embeddable":true,"href":"https:\/\/innerfrench.com\/wp-json\/wp\/v2\/categories?post=335"},{"taxonomy":"post_tag","embeddable":true,"href":"https:\/\/innerfrench.com\/wp-json\/wp\/v2\/tags?post=335"},{"taxonomy":"format","embeddable":true,"href":"https:\/\/innerfrench.com\/wp-json\/wp\/v2\/format?post=335"}],"curies":[{"name":"wp","href":"https:\/\/api.w.org\/{rel}","templated":true}]}}