{"id":4068,"date":"2020-07-03T15:28:04","date_gmt":"2020-07-03T13:28:04","guid":{"rendered":"https:\/\/innerfrench.com\/?p=4068"},"modified":"2025-09-30T13:30:21","modified_gmt":"2025-09-30T11:30:21","slug":"81-expatrie-immigre","status":"publish","type":"post","link":"https:\/\/innerfrench.com\/81-expatrie-immigre\/","title":{"rendered":"#81 Expatri\u00e9 ou immigr\u00e9 ?"},"content":{"rendered":"\n<p>Salut \u00e0 toutes et \u00e0 tous ! C\u2019est Hugo et je suis ravi de vous retrouver pour faire un peu de fran\u00e7ais ensemble !<\/p>\n\n\n\n<p><a id=\"sonaar_ts-6927d559857ba\" class=\"srmp3_sonaar_ts_shortcode\"  style=\"\" href=\"javascript:sonaar_ts_shortcode({ trackid:'0', time:'0', ts_id:'6927d559857ba', play_icon:'' }) ;\">&#8220;][00:00:20]<\/a> Pour commencer, j\u2019ai une annonce \u00e0 faire. Lundi, je vais rouvrir les inscriptions pour mon cours interm\u00e9diaire \u2013 Build a Strong Core. Comme son nom l\u2019indique, l\u2019objectif de ce cours, c\u2019est de vous aider \u00e0 construire une base solide en fran\u00e7ais, d\u2019acqu\u00e9rir les comp\u00e9tences et les connaissances n\u00e9cessaires pour d\u00e9passer le niveau interm\u00e9diaire.<\/p>\n\n\n\n<p><a id=\"sonaar_ts-6927d559857c8\" class=\"srmp3_sonaar_ts_shortcode\"  style=\"\" href=\"javascript:sonaar_ts_shortcode({ trackid:'0', time:'0', ts_id:'6927d559857c8', play_icon:'' }) ;\">&#8220;][00:00:46]<\/a> Alors, vous me demandez souvent quelle est la diff\u00e9rence entre mes cours et mon podcast. En fait, dans mes cours, vous avez acc\u00e8s \u00e0 une m\u00e9thode compl\u00e8te pour apprendre le fran\u00e7ais. Bien s\u00fbr, le podcast est une tr\u00e8s bonne ressource et, pour certaines personnes, c\u2019est suffisant. Mais si vous sentez que vous avez besoin d\u2019une approche plus structur\u00e9e avec des le\u00e7ons, des exercices et des activit\u00e9s pour vous entra\u00eenez, le cours est fait pour \u00e7a.<\/p>\n\n\n\n<p><a id=\"sonaar_ts-6927d559857d1\" class=\"srmp3_sonaar_ts_shortcode\"  style=\"\" href=\"javascript:sonaar_ts_shortcode({ trackid:'0', time:'00:01:17', ts_id:'6927d559857d1', play_icon:'' }) ;\">[00:01:17]<\/a> Attention, c\u2019est plus intensif que le podcast, il y a plus de travail \u00e0 faire. Mais vous pouvez prendre votre temps pour faire les le\u00e7ons parce qu\u2019une fois que vous avez achet\u00e9 le cours, vous avez un acc\u00e8s \u00e0 vie. Donc vous pouvez m\u00eame le refaire plusieurs fois pour r\u00e9viser les le\u00e7ons (il y a beaucoup d\u2019\u00e9l\u00e8ves qui le font).<\/p>\n\n\n\n<p><a id=\"sonaar_ts-6927d559857d8\" class=\"srmp3_sonaar_ts_shortcode\"  style=\"\" href=\"javascript:sonaar_ts_shortcode({ trackid:'0', time:'00:01:38', ts_id:'6927d559857d8', play_icon:'' }) ;\">[00:01:38]<\/a> Alors, si vos plans pour les vacances sont tomb\u00e9s \u00e0 l\u2019eau, autrement dit si vos plans ont \u00e9t\u00e9 annul\u00e9s (oui, \u00abtomber \u00e0 l\u2019eau\u00bb, c\u2019est une expression qui signifie \u00ab\u00eatre annul\u00e9\u00bb ou \u00ab\u00e9chouer\u00bb, \u00abne pas r\u00e9ussir\u00bb), si vos plans pour les vacances sont tomb\u00e9s \u00e0 l\u2019eau et que vous voulez en profiter pour am\u00e9liorer votre fran\u00e7ais, vous pourrez vous inscrire \u00e0 Build a Strong Core \u00e0 partir de lundi prochain. Comme d\u2019habitude, les inscriptions seront ouvertes pour une semaine, c\u2019est-\u00e0-dire jusqu\u2019au dimanche 12 juillet.<\/p>\n\n\n\n<p><a id=\"sonaar_ts-6927d559857dd\" class=\"srmp3_sonaar_ts_shortcode\"  style=\"\" href=\"javascript:sonaar_ts_shortcode({ trackid:'0', time:'00:02:11', ts_id:'6927d559857dd', play_icon:'' }) ;\">[00:02:11]<\/a> Maintenant, avant de s\u2019attaquer \u00e0 notre sujet du jour, on va \u00e9couter le message que m\u2019a envoy\u00e9 un auditeur br\u00e9silien.<\/p>\n\n\n\n<p><a id=\"sonaar_ts-6927d559857e2\" class=\"srmp3_sonaar_ts_shortcode\"  style=\"\" href=\"javascript:sonaar_ts_shortcode({ trackid:'0', time:'00:02:20', ts_id:'6927d559857e2', play_icon:'' }) ;\">[00:02:20]<\/a> Salut Hugo,<\/p>\n\n\n\n<p>Je m\u2019appelle George. Je viens du Br\u00e9sil. J\u2019habite plus pr\u00e9cis\u00e9ment \u00e0 Brasilia, la capitale du pays. Je veux te remercier de nous aider \u00e0 apprendre le fran\u00e7ais. \u00c7a fait presque trois mois que je t\u2019\u00e9coute, et j\u2019ai d\u00e9j\u00e0 appris beaucoup. Ton contenu est tr\u00e8s int\u00e9ressant et je peux comprendre presque tout ce que tu dis.<\/p>\n\n\n\n<p>Je parle le portugais (ma langue maternelle), l\u2019espagnol, l\u2019anglais et maintenant je veux apprendre \u00e0 parler le fran\u00e7ais pour de bon. Je dis \u00abpour de bon\u00bb parce qu\u2019il y a quelques ann\u00e9es que j\u2019ai commenc\u00e9. Mais au d\u00e9but, je n\u2019\u00e9tais pas assez motiv\u00e9 et mon apprentissage n\u2019\u00e9tait pas r\u00e9gulier.<\/p>\n\n\n\n<p>Maintenant, c\u2019est diff\u00e9rent. J\u2019organise ma routine d\u2019apprentissage pour r\u00e9ussir \u00e0 parler fran\u00e7ais couramment. Je peux mieux comprendre les livres, les articles et les francophones. \u00c7a me motive \u00e0 continuer. Je ne vais jamais m\u2019arr\u00eater parce que d\u00e9couvrir cette belle langue est devenu une v\u00e9ritable passion.<\/p>\n\n\n\n<p>Comme on dit en fran\u00e7ais : les petits ruisseaux font les grandes rivi\u00e8res. Chaque jour, je pense qu\u2019on doit d\u00e9couvrir la langue : de nouveaux mots, de nouvelles structures, etc. C\u2019est un apprentissage qui dure toute la vie.<\/p>\n\n\n\n<p>Actuellement, j\u2019\u00e9tudie le commerce \u00e0 l\u2019universit\u00e9. Mes deux objectifs principaux pour l\u2019apprentissage d\u2019une langue \u00e9trang\u00e8re sont d\u2019obtenir de meilleures opportunit\u00e9s d\u2019emploi et aussi de voyager beaucoup et d\u2019\u00eatre capable de m\u2019exprimer efficacement dans diff\u00e9rents pays.<\/p>\n\n\n\n<p>Alors merci beaucoup Hugo de nous donner un coup de main.<\/p>\n\n\n\n<p>\u00c0 bient\u00f4t !<\/p>\n\n\n\n<p><a id=\"sonaar_ts-6927d559857e7\" class=\"srmp3_sonaar_ts_shortcode\"  style=\"\" href=\"javascript:sonaar_ts_shortcode({ trackid:'0', time:'00:04:20', ts_id:'6927d559857e7', play_icon:'' }) ;\">[00:04:20]<\/a> Merci pour ton message, George ! Je ne connaissais pas l\u2019expression \u00ables petits ruisseaux font les grandes rivi\u00e8res\u00bb donc tu m\u2019as appris quelque chose ! Pour ceux qui ne connaissent pas le mot \u00abruisseau\u00bb, c\u2019est tout simplement un cours d\u2019eau qui n\u2019est pas profond, un peu comme une toute petite rivi\u00e8re. Et justement, quand plusieurs ruisseaux se rejoignent, \u00e7a forme une rivi\u00e8re. Donc cette expression, \u00ables petits ruisseaux forment les grandes rivi\u00e8res\u00bb, c\u2019est une m\u00e9taphore pour dire qu\u2019une accumulation de petites choses peut avoir des grands effets. Par exemple, quand on \u00e9tudie un peu chaque jour, on n\u2019a pas l\u2019impression de beaucoup progresser. Mais au bout d\u2019un an, la diff\u00e9rence de niveau saute aux yeux, elle est \u00e9vidente !<\/p>\n\n\n\n<p><a id=\"sonaar_ts-6927d559857eb\" class=\"srmp3_sonaar_ts_shortcode\"  style=\"\" href=\"javascript:sonaar_ts_shortcode({ trackid:'0', time:'00:05:11', ts_id:'6927d559857eb', play_icon:'' }) ;\">[00:05:11]<\/a> C\u2019est pour \u00e7a qu\u2019\u00e0 la fin de chaque \u00e9pisode, je vous dis de faire un peu de fran\u00e7ais tous les jours. Je crois que je ne le r\u00e9p\u00e8te plus aussi souvent maintenant, mais c\u2019est bien de faire un rappel de temps en temps. Donc vous pouvez remercier George pour ce rappel !<\/p>\n\n\n\n<p><a id=\"sonaar_ts-6927d559857f0\" class=\"srmp3_sonaar_ts_shortcode\"  style=\"\" href=\"javascript:sonaar_ts_shortcode({ trackid:'0', time:'00:05:34', ts_id:'6927d559857f0', play_icon:'' }) ;\">[00:05:34]<\/a> Dimanche dernier, en Pologne, c\u2019\u00e9tait le 1er tour des \u00e9lections pr\u00e9sidentielles. Comme vous le savez, j\u2019habite en Pologne depuis plusieurs ann\u00e9es. En fait, j\u2019\u00e9tais d\u00e9j\u00e0 l\u00e0 lors des derni\u00e8res \u00e9lections pr\u00e9sidentielles il y a 5 ans, en 2015. Pour \u00eatre honn\u00eate, \u00e0 l\u2019\u00e9poque, je ne m\u2019y \u00e9tais pas trop int\u00e9ress\u00e9 parce que je connaissais mal la sc\u00e8ne politique et je ne parlais m\u00eame pas polonais. Mais cette fois, j\u2019\u00e9tais beaucoup plus impliqu\u00e9. J\u2019ai suivi la campagne, j\u2019ai lu les programmes des principaux candidats (enfin, pas en d\u00e9tails, seulement les grandes lignes, les grandes orientations). Et dimanche soir, j\u2019attendais les r\u00e9sultats avec impatience. J\u2019\u00e9tais sur un site d\u2019infos et je rafra\u00eechissais la page toutes les deux minutes.<\/p>\n\n\n\n<p><a id=\"sonaar_ts-6927d559857f4\" class=\"srmp3_sonaar_ts_shortcode\"  style=\"\" href=\"javascript:sonaar_ts_shortcode({ trackid:'0', time:'00:06:24', ts_id:'6927d559857f4', play_icon:'' }) ;\">[00:06:24]<\/a> C\u2019est dr\u00f4le parce que, d\u2019un autre c\u00f4t\u00e9, je suis de moins en moins l\u2019actualit\u00e9 politique en France. Ah oui, faites attention au verbe \u00absuivre\u00bb, par exemple \u00absuivre l\u2019actualit\u00e9\u00bb (autrement dit \u00abs\u2019informer sur ce qui se passe dans le monde\u00bb) ou \u00absuivre quelqu\u2019un sur Instagram\u00bb. Faites-y attention parce que la conjugaison pour \u00abje\u00bb, c\u2019est \u00abje suis\u00bb, exactement comme le verbe \u00ab\u00eatre\u00bb. Le seul moyen de les diff\u00e9rencier, c\u2019est avec le contexte. L\u00e0 par exemple, j\u2019ai dit : \u00abje suis de moins en moins l\u2019actualit\u00e9 politique fran\u00e7aise\u00bb, c\u2019est \u00e9videmment le verbe \u00absuivre\u00bb et pas le verbe \u00ab\u00eatre\u00bb, sinon \u00e7a n\u2019aurait aucun sens.<\/p>\n\n\n\n<p><a id=\"sonaar_ts-6927d559857f9\" class=\"srmp3_sonaar_ts_shortcode\"  style=\"\" href=\"javascript:sonaar_ts_shortcode({ trackid:'0', time:'00:07:08', ts_id:'6927d559857f9', play_icon:'' }) ;\">[00:07:08]<\/a> Tout \u00e7a pour dire qu\u2019aujourd\u2019hui, j\u2019ai l\u2019impression de plus m\u2019int\u00e9resser \u00e0 la politique en Pologne qu\u2019en France. Non pas parce que je pr\u00e9f\u00e8re la politique du gouvernement polonais, loin de l\u00e0 (je suis en d\u00e9saccord total avec le parti politique qui est au pouvoir depuis 5 ans). Mais parce que \u00e7a me concerne plus directement. C\u2019est un peu b\u00eate vu que je n\u2019ai pas le droit de vote en Pologne, mais bon.<\/p>\n\n\n\n<p><a id=\"sonaar_ts-6927d559857fe\" class=\"srmp3_sonaar_ts_shortcode\"  style=\"\" href=\"javascript:sonaar_ts_shortcode({ trackid:'0', time:'00:07:34', ts_id:'6927d559857fe', play_icon:'' }) ;\">[00:07:34]<\/a> Bref, \u00e0 cause de ces \u00e9lections, j\u2019ai commenc\u00e9 \u00e0 me poser des questions sur ma place dans la soci\u00e9t\u00e9 polonaise.<\/p>\n\n\n\n<p><a id=\"sonaar_ts-6927d55985803\" class=\"srmp3_sonaar_ts_shortcode\"  style=\"\" href=\"javascript:sonaar_ts_shortcode({ trackid:'0', time:'00:07:41', ts_id:'6927d55985803', play_icon:'' }) ;\">[00:07:41]<\/a> \u00c0 l\u2019\u00e9poque actuelle, vivre dans un pays qui n\u2019est pas notre pays d\u2019origine, \u00e7a peut sembler anodin, trivial. Par exemple, je sais que beaucoup d\u2019entre vous vivent \u00e0 l\u2019\u00e9tranger. Il y en a qui font leurs \u00e9tudes ou qui travaillent dans un pays francophone. Si vous \u00eates anglais, peut-\u00eatre que vous avez achet\u00e9 une maison en France pour prendre votre retraite au soleil ! Et si \u00e7a n\u2019est pas le cas, vous avez s\u00fbrement des amis ou des gens de votre famille qui vivent \u00e0 l\u2019\u00e9tranger.<\/p>\n\n\n\n<p><a id=\"sonaar_ts-6927d55985807\" class=\"srmp3_sonaar_ts_shortcode\"  style=\"\" href=\"javascript:sonaar_ts_shortcode({ trackid:'0', time:'00:08:14', ts_id:'6927d55985807', play_icon:'' }) ;\">[00:08:14]<\/a> Avant de quitter la France pour la Pologne, je ne me suis pas pos\u00e9 de grandes questions philosophiques. J\u2019\u00e9tais plut\u00f4t concentr\u00e9 sur la logistique : trouver un appartement, cr\u00e9er mon entreprise, d\u00e9couvrir la ville, rencontrer des gens. \u00c0 aucun moment, je me suis demand\u00e9 comment les Polonais allaient m\u2019accueillir, si j\u2019allais pouvoir m\u2019int\u00e9grer facilement, quelle serait ma place, quelle serait ma relation avec la Pologne.<\/p>\n\n\n\n<p><a id=\"sonaar_ts-6927d5598580c\" class=\"srmp3_sonaar_ts_shortcode\"  style=\"\" href=\"javascript:sonaar_ts_shortcode({ trackid:'0', time:'00:08:42', ts_id:'6927d5598580c', play_icon:'' }) ;\">[00:08:42]<\/a> Mais aujourd\u2019hui, apr\u00e8s 6 ann\u00e9es pass\u00e9es en Pologne, je me rends compte \u00e0 quel point ces questions sont plus importantes que les probl\u00e8mes logistiques. Je comprends aussi pourquoi je ne me les suis pas pos\u00e9es plus t\u00f4t.<\/p>\n\n\n\n<p><a id=\"sonaar_ts-6927d55985847\" class=\"srmp3_sonaar_ts_shortcode\"  style=\"\" href=\"javascript:sonaar_ts_shortcode({ trackid:'0', time:'00:08:56', ts_id:'6927d55985847', play_icon:'' }) ;\">[00:08:56]<\/a> Si vous \u00eates n\u00e9s dans un pays occidental, un pays de l\u2019ouest, c\u2019est relativement facile de partir vivre o\u00f9 vous voulez. Vous \u00eates les bienvenus partout. Vous \u00eates ce qu\u2019on appelle des \u00abexpats\u00bb (des expatri\u00e9s), des personnes avec un bon dipl\u00f4me et\/ou une situation \u00e9conomique confortable. Vous pouvez profiter de ce que le pays a de meilleur \u00e0 offrir. On n\u2019attend m\u00eame pas de vous que vous appreniez la langue locale car on sait que vous repartirez d\u00e8s qu\u2019une meilleure opportunit\u00e9 se pr\u00e9sentera ailleurs.<\/p>\n\n\n\n<p><a id=\"sonaar_ts-6927d5598585f\" class=\"srmp3_sonaar_ts_shortcode\"  style=\"\" href=\"javascript:sonaar_ts_shortcode({ trackid:'0', time:'00:09:34', ts_id:'6927d5598585f', play_icon:'' }) ;\">[00:09:34]<\/a> Mais pour les autres, les moins chanceux, ceux dont le passeport n\u2019ouvre pas toutes les fronti\u00e8res, les choses sont plus compliqu\u00e9es. Eux, on les appelle des \u00abimmigr\u00e9s\u00bb. On les laisse entrer pour faire le travail dont les locaux ne veulent pas. Mais en m\u00eame temps, on leur rappelle r\u00e9guli\u00e8rement qu\u2019ils ne sont pas les bienvenus et qu\u2019ils devront rentrer chez eux d\u00e8s que l\u2019\u00e9conomie n\u2019aura plus besoin d\u2019eux. Malgr\u00e9 \u00e7a, on veut qu\u2019ils apprennent la langue locale, sinon c\u2019est un manque de respect pour leur pays d\u2019accueil.<\/p>\n\n\n\n<p><a id=\"sonaar_ts-6927d55985875\" class=\"srmp3_sonaar_ts_shortcode\"  style=\"\" href=\"javascript:sonaar_ts_shortcode({ trackid:'0', time:'00:10:08', ts_id:'6927d55985875', play_icon:'' }) ;\">[00:10:08]<\/a> Moi, en tant que fran\u00e7ais, je suis forc\u00e9ment un \u00abexpat\u2018\u00bb. Si j\u2019avais \u00e9t\u00e9 ukrainien, j\u2019aurais \u00e9t\u00e9 un \u00abimmigr\u00e9\u00bb et je me serais s\u00fbrement pos\u00e9 des questions sur ma place en Pologne plus t\u00f4t.<\/p>\n\n\n\n<p><a id=\"sonaar_ts-6927d55985880\" class=\"srmp3_sonaar_ts_shortcode\"  style=\"\" href=\"javascript:sonaar_ts_shortcode({ trackid:'0', time:'00:10:22', ts_id:'6927d55985880', play_icon:'' }) ;\">[00:10:22]<\/a> C\u2019est ce dont je vous propose de parler dans cet \u00e9pisode. On va voir que l\u2019expatri\u00e9 et l\u2019immigr\u00e9 sont des arch\u00e9types qui illustrent deux facettes tr\u00e8s diff\u00e9rentes de la mondialisation.<\/p>\n\n\n\n<p><a id=\"sonaar_ts-6927d55985887\" class=\"srmp3_sonaar_ts_shortcode\"  style=\"\" href=\"javascript:sonaar_ts_shortcode({ trackid:'0', time:'00:10:41', ts_id:'6927d55985887', play_icon:'' }) ;\">[00:10:41]<\/a> Dans une tribune publi\u00e9e en 2015 dans le Guardian, le blogueur togolais Mawuna Remarque Koutonin \u00e9crivait : \u00abLes Africains sont des immigr\u00e9s. Les Arabes sont des immigr\u00e9s. Les Asiatiques sont des immigr\u00e9s. Les Europ\u00e9ens, eux, sont des \u201cexpats\u201d.[\u2026] \u201cImmigr\u00e9s\u201d est une fa\u00e7on de dire \u201craces inf\u00e9rieures\u201d\u00bb (fin de la citation). Selon lui, cette diff\u00e9rence entre \u00abimmigr\u00e9s\u00bb et \u00abexpats\u2019\u00bb est un h\u00e9ritage du colonialisme. Je pense qu\u2019il y a une part de v\u00e9rit\u00e9 l\u00e0-dedans, mais qu\u2019il faut nuancer cette affirmation.<\/p>\n\n\n\n<p><a id=\"sonaar_ts-6927d5598588e\" class=\"srmp3_sonaar_ts_shortcode\"  style=\"\" href=\"javascript:sonaar_ts_shortcode({ trackid:'0', time:'00:11:19', ts_id:'6927d5598588e', play_icon:'' }) ;\">[00:11:19]<\/a> Si vous avez \u00e9cout\u00e9 l\u2019\u00e9pisode 38 sur l\u2019immigration en France, vous savez que jusqu\u2019\u00e0 la 2nde guerre mondiale, les immigr\u00e9s qui venaient s\u2019installer dans l\u2019hexagone \u00e9taient principalement d\u2019origine europ\u00e9enne : des Italiens, des Espagnols, des Portugais et des Polonais. D\u2019un autre c\u00f4t\u00e9, aujourd\u2019hui, quand on croise un Am\u00e9ricain noir en France ou en Pologne, on dit que c\u2019est un \u00abexpat\u00bb, pas un \u00abimmigr\u00e9\u00bb. Pareil pour un Japonais. Les Japonais sont forc\u00e9ment des expats.<\/p>\n\n\n\n<p><a id=\"sonaar_ts-6927d55985895\" class=\"srmp3_sonaar_ts_shortcode\"  style=\"\" href=\"javascript:sonaar_ts_shortcode({ trackid:'0', time:'00:11:53', ts_id:'6927d55985895', play_icon:'' }) ;\">[00:11:53]<\/a> \u00c0 mon avis, plut\u00f4t que la \u00abrace\u00bb ou la couleur de peau, ce qui va nous placer dans la 1\u00e8re ou la 2nde cat\u00e9gorie, c\u2019est d\u2019abord la place de notre pays dans le classement mondial des puissances \u00e9conomiques. Si vous venez d\u2019un pays riche, on imagine que vous \u00eates riches. Donc vous \u00eates automatiquement un \u201cexpat\u201d. Au contraire, si vous venez d\u2019un pays pauvre, vous \u00eates un immigr\u00e9, m\u00eame si vous \u00eates m\u00e9decin, architecte ou ing\u00e9nieur.<\/p>\n\n\n\n<p><a id=\"sonaar_ts-6927d5598589b\" class=\"srmp3_sonaar_ts_shortcode\"  style=\"\" href=\"javascript:sonaar_ts_shortcode({ trackid:'0', time:'00:12:24', ts_id:'6927d5598589b', play_icon:'' }) ;\">[00:12:24]<\/a> Le 2d facteur d\u00e9terminant, c\u2019est le nombre de vos compatriotes qui vivent aussi dans le pays. Plus vous \u00eates nombreux, plus il y a de chances qu\u2019on vous consid\u00e8re comme des immigr\u00e9s.<\/p>\n\n\n\n<p><a id=\"sonaar_ts-6927d559858a2\" class=\"srmp3_sonaar_ts_shortcode\"  style=\"\" href=\"javascript:sonaar_ts_shortcode({ trackid:'0', time:'00:12:36', ts_id:'6927d559858a2', play_icon:'' }) ;\">[00:12:36]<\/a> Avec ces deux facteurs, on comprend mieux pourquoi les Fran\u00e7ais qui vivent au Royaume-Uni sont consid\u00e9r\u00e9s comme des \u00abexpats\u00bb, alors que les Polonais sont des \u00abimmigr\u00e9s\u00bb.<\/p>\n\n\n\n<p><a id=\"sonaar_ts-6927d559858b5\" class=\"srmp3_sonaar_ts_shortcode\"  style=\"\" href=\"javascript:sonaar_ts_shortcode({ trackid:'0', time:'00:12:46', ts_id:'6927d559858b5', play_icon:'' }) ;\">[00:12:46]<\/a> Moi, quand j\u2019ai d\u00e9m\u00e9nag\u00e9 en Pologne, je n\u2019avais pas beaucoup d\u2019argent. Je venais de terminer mes \u00e9tudes, d\u2019ailleurs j\u2019avais un emprunt, une dette \u00e0 rembourser \u00e0 la banque. J\u2019avais juste assez d\u2019argent pour vivre trois ou quatre mois. Au d\u00e9but, mon projet, c\u2019\u00e9tait de cr\u00e9er une entreprise avec mon meilleur ami, mais on s\u2019est compl\u00e8tement plant\u00e9s. Ah oui, \u00abse planter\u00bb, c\u2019est un verbe familier pour dire \u00abse tromper\u00bb, \u00abrater\u00bb, \u00ab\u00e9chouer\u00bb. Pour simplifier, mon ami et moi, on voulait organiser des concerts electro \u00e0 Varsovie, avec des DJs internationaux, mais \u00e7a n\u2019a pas march\u00e9 du tout. Du coup, j\u2019ai \u00e9t\u00e9 oblig\u00e9 de vite trouver un autre moyen de gagner ma vie.<\/p>\n\n\n\n<p><a id=\"sonaar_ts-6927d559858c1\" class=\"srmp3_sonaar_ts_shortcode\"  style=\"\" href=\"javascript:sonaar_ts_shortcode({ trackid:'0', time:'00:13:32', ts_id:'6927d559858c1', play_icon:'' }) ;\">[00:13:32]<\/a> J\u2019ai eu de la chance parce qu\u2019au m\u00eame moment, la m\u00e8re de mon ami \u00e9tait en train d\u2019ouvrir une boulangerie fran\u00e7aise \u00e0 Varsovie. Et elle avait besoin de quelqu\u2019un pour faire des sandwiches donc j\u2019ai saut\u00e9 sur l\u2019occasion. C\u2019est comme \u00e7a qu\u2019avec mon Master d\u2019une grande \u00e9cole de commerce parisienne, je me suis retrouv\u00e9 \u00e0 me lever \u00e0 5h du matin pour faire des sandwiches dans une boulangerie en Pologne. Mais honn\u00eatement, c\u2019\u00e9tait une super exp\u00e9rience. \u00c7a m\u2019a remis les pieds sur terre, comme on dit, c\u2019\u00e9tait un retour \u00e0 la r\u00e9alit\u00e9.<\/p>\n\n\n\n<p><a id=\"sonaar_ts-6927d559858c8\" class=\"srmp3_sonaar_ts_shortcode\"  style=\"\" href=\"javascript:sonaar_ts_shortcode({ trackid:'0', time:'00:14:47', ts_id:'6927d559858c8', play_icon:'' }) ;\">[00:14:07]<\/a> Donc pendant ces quelques mois, j\u2019avais plus le profil d\u2019un immigr\u00e9 que d\u2019un expatri\u00e9. Je n\u2019avais pas beaucoup d\u2019argent, je faisais un travail peu qualifi\u00e9. Mais je savais que c\u2019\u00e9tait temporaire. Et surtout, je savais que si je voulais, je pouvais facilement trouver un poste bien pay\u00e9 en marketing dans une grande entreprise fran\u00e7aise pr\u00e9sente sur le march\u00e9 polonais. Donc dans ma t\u00eate, j\u2019\u00e9tais un expat\u2019.<\/p>\n\n\n\n<p><a id=\"sonaar_ts-6927d559858ce\" class=\"srmp3_sonaar_ts_shortcode\"  style=\"\" href=\"javascript:sonaar_ts_shortcode({ trackid:'0', time:'00:14:33', ts_id:'6927d559858ce', play_icon:'' }) ;\">[00:14:33]<\/a> En parlant de grandes entreprises, il faut savoir que ce sont justement elles qui sont \u00e0 l\u2019origine du concept d\u2019\u00abexpat\u2019\u00bb. Depuis le d\u00e9but du capitalisme, les grandes entreprises essayent de conqu\u00e9rir les march\u00e9s au-del\u00e0 de leurs fronti\u00e8res nationales. Pour \u00e7a, elles ont besoin d\u2019envoyer leurs meilleurs cadres ouvrir des filiales, des branches, \u00e0 l\u2019\u00e9tranger. Ces cadres, ces managers ont donc \u00e9t\u00e9 les premiers expats.<\/p>\n\n\n\n<p><a id=\"sonaar_ts-6927d559858d5\" class=\"srmp3_sonaar_ts_shortcode\"  style=\"\" href=\"javascript:sonaar_ts_shortcode({ trackid:'0', time:'00:15:02', ts_id:'6927d559858d5', play_icon:'' }) ;\">[00:15:02]<\/a> C\u2019est aussi \u00e7a, ce qui diff\u00e9rencie les expats des immigr\u00e9s : les raisons du d\u00e9part. Les expats d\u00e9m\u00e9nagent dans un nouveau pays parce que leur entreprise leur offre un poste attractif, avec plus de responsabilit\u00e9s, un meilleur salaire ou d\u2019autres avantages. C\u2019est une opportunit\u00e9.<\/p>\n\n\n\n<p><a id=\"sonaar_ts-6927d559858dc\" class=\"srmp3_sonaar_ts_shortcode\"  style=\"\" href=\"javascript:sonaar_ts_shortcode({ trackid:'0', time:'00:15:23', ts_id:'6927d559858dc', play_icon:'' }) ;\">[00:15:23]<\/a> C\u2019\u00e9tait aussi le cas pour moi quand j\u2019ai d\u00e9cid\u00e9 de d\u00e9m\u00e9nager en Pologne. Je pensais que le march\u00e9 \u00e9tait moins comp\u00e9titif \u00e0 Varsovie qu\u2019\u00e0 Paris, et donc que \u00e7a serait plus simple d\u2019organiser des \u00e9v\u00e9nements l\u00e0-bas. \u00c7a me donnait aussi le luxe de pouvoir tester ce projet pendant plusieurs mois sans la pression du co\u00fbt de la vie parisienne. Avec mes \u00e9conomies, j\u2019aurais pu vivre un mois \u00e0 Paris sans travailler. \u00c0 Varsovie, j\u2019ai tenu trois mois sans me priver de quoi que ce soit : en vivant dans un bel appartement, en allant au resto et en faisant la f\u00eate tous les weekends. Oui, j\u2019\u00e9tais jeune et insouciant \u00e0 l\u2019\u00e9poque.<\/p>\n\n\n\n<p><a id=\"sonaar_ts-6927d559858e3\" class=\"srmp3_sonaar_ts_shortcode\"  style=\"\" href=\"javascript:sonaar_ts_shortcode({ trackid:'0', time:'00:16:07', ts_id:'6927d559858e3', play_icon:'' }) ;\">[00:16:07]<\/a> Pour les immigr\u00e9s, c\u2019est aussi une d\u00e9cision li\u00e9e \u00e0 des facteurs \u00e9conomiques, mais c\u2019est plut\u00f4t une n\u00e9cessit\u00e9, soit parce que les salaires dans leur pays d\u2019origine ne leur permettent pas de vivre d\u00e9cemment, soit parce qu\u2019il n\u2019y a pas de travail du tout. Les expatri\u00e9s veulent un meilleur travail, les immigr\u00e9s veulent juste un travail.<\/p>\n\n\n\n<p><a id=\"sonaar_ts-6927d559858ed\" class=\"srmp3_sonaar_ts_shortcode\"  style=\"\" href=\"javascript:sonaar_ts_shortcode({ trackid:'0', time:'00:16:30', ts_id:'6927d559858ed', play_icon:'' }) ;\">[00:16:30]<\/a> De plus en plus souvent, ce sont d\u2019autres raisons encore plus terribles qui forcent les gens \u00e0 \u00e9migrer : une guerre, un r\u00e9gime politique liberticide, une catastrophe naturelle ou le r\u00e9chauffement climatique qui rend des r\u00e9gions enti\u00e8res inhabitables.<\/p>\n\n\n\n<p><a id=\"sonaar_ts-6927d559858f4\" class=\"srmp3_sonaar_ts_shortcode\"  style=\"\" href=\"javascript:sonaar_ts_shortcode({ trackid:'0', time:'00:16:58', ts_id:'6927d559858f4', play_icon:'' }) ;\">[00:16:58]<\/a> Une autre chose qui diff\u00e9rencie l\u2019expatri\u00e9 de l\u2019immigr\u00e9, c\u2019est le choix du pays, ou plut\u00f4t la fa\u00e7on de choisir le pays.<\/p>\n\n\n\n<p><a id=\"sonaar_ts-6927d55985909\" class=\"srmp3_sonaar_ts_shortcode\"  style=\"\" href=\"javascript:sonaar_ts_shortcode({ trackid:'0', time:'00:17:08', ts_id:'6927d55985909', play_icon:'' }) ;\">[00:17:08]<\/a> Comme je l\u2019ai d\u00e9j\u00e0 dit en introduction, les expatri\u00e9s ont la chance de poss\u00e9der un passeport qui leur ouvre presque toutes les fronti\u00e8res, un passeport europ\u00e9en ou nord am\u00e9ricain par exemple. Pour eux, obtenir un visa, c\u2019est une simple formalit\u00e9, un jeu d\u2019enfant.<\/p>\n\n\n\n<p><a id=\"sonaar_ts-6927d5598590e\" class=\"srmp3_sonaar_ts_shortcode\"  style=\"\" href=\"javascript:sonaar_ts_shortcode({ trackid:'0', time:'00:17:25', ts_id:'6927d5598590e', play_icon:'' }) ;\">[00:17:25]<\/a> En ce moment, ceux qui profitent le plus de cet avantage, ce sont les nomades digitaux. Un nomade digital, c\u2019est quelqu\u2019un qui travaille sur internet, qui n\u2019a pas besoin de se rendre dans un bureau, et qui profite de cette libert\u00e9 pour voyager et vivre dans diff\u00e9rents pays. Par exemple une graphiste australienne qui travaille pour des clients australiens mais qui vit entre la Tha\u00eflande, la Malaisie et l\u2019Indon\u00e9sie. Les nomades digitaux ont la libert\u00e9 de pouvoir travailler n\u2019importe o\u00f9 dans le monde.<\/p>\n\n\n\n<p><a id=\"sonaar_ts-6927d5598591a\" class=\"srmp3_sonaar_ts_shortcode\"  style=\"\" href=\"javascript:sonaar_ts_shortcode({ trackid:'0', time:'00:18:02', ts_id:'6927d5598591a', play_icon:'' }) ;\">[00:18:02]<\/a> Pour les aider \u00e0 choisir le meilleur endroit, il y a des sites qui publient des classements des villes en fonction de diff\u00e9rents crit\u00e8res : la m\u00e9t\u00e9o, le co\u00fbt de la vie, les attractions touristiques et, bien s\u00fbr, le d\u00e9bit internet, autrement dit la vitesse de la connexion. En g\u00e9n\u00e9ral, les villes les mieux class\u00e9es sont celles d\u2019Asie du sud est parce qu\u2019il y fait beau, qu\u2019il y a des plages paradisiaques et que, pour un Occidental, le co\u00fbt de la vie est bas.<\/p>\n\n\n\n<p><a id=\"sonaar_ts-6927d55985920\" class=\"srmp3_sonaar_ts_shortcode\"  style=\"\" href=\"javascript:sonaar_ts_shortcode({ trackid:'0', time:'00:18:34', ts_id:'6927d55985920', play_icon:'' }) ;\">[00:18:34]<\/a> Donc vous voyez, les nomades digitaux choisissent leur pays un peu comme on choisit un appartement. La question du visa est rarement \u00e9voqu\u00e9e parce que, \u00e0 part quelques exceptions, les Occidentaux peuvent obtenir un visa dans n\u2019importe quel pays. Donc le choix d\u00e9pend seulement de leurs pr\u00e9f\u00e9rences personnelles.<\/p>\n\n\n\n<p><a id=\"sonaar_ts-6927d55985925\" class=\"srmp3_sonaar_ts_shortcode\"  style=\"\" href=\"javascript:sonaar_ts_shortcode({ trackid:'0', time:'00:18:55', ts_id:'6927d55985925', play_icon:'' }) ;\">[00:18:55]<\/a> \u00c9videmment, pour les immigr\u00e9s, les options sont plus limit\u00e9es. D\u00e9j\u00e0, parce que leur passeport ne leur permet pas d\u2019obtenir un visa aussi facilement. Pour certains pays, c\u2019est m\u00eame mission impossible. Par exemple, depuis la guerre en Syrie, la crise des r\u00e9fugi\u00e9s syriens et de tous les migrants africains qui essayent de traverser la M\u00e9diterran\u00e9e, les fronti\u00e8res europ\u00e9ennes se ferment. De plus en plus de partis politiques europ\u00e9ens se montrent ouvertement hostiles aux migrants. On le voit en Italie, en Hongrie, en Pologne, au Danemark et bien s\u00fbr au Royaume-Uni, m\u00eame si c\u2019est pour des raisons un peu diff\u00e9rentes.<\/p>\n\n\n\n<p><a id=\"sonaar_ts-6927d5598592d\" class=\"srmp3_sonaar_ts_shortcode\"  style=\"\" href=\"javascript:sonaar_ts_shortcode({ trackid:'0', time:'00:19:37', ts_id:'6927d5598592d', play_icon:'' }) ;\">[00:19:37]<\/a> La France est plus discr\u00e8te sur le sujet, mais depuis l\u2019\u00e9lection d\u2019Emmanuel Macron, le gouvernement a lui aussi durci sa politique migratoire. On commence \u00e0 entendre les m\u00eames arguments que ceux du UKIP, par exemple cette id\u00e9e que les migrants viennent en France uniquement pour profiter des aides sociales.<\/p>\n\n\n\n<p><a id=\"sonaar_ts-6927d55985932\" class=\"srmp3_sonaar_ts_shortcode\"  style=\"\" href=\"javascript:sonaar_ts_shortcode({ trackid:'0', time:'00:20:00', ts_id:'6927d55985932', play_icon:'' }) ;\">[00:20:00]<\/a> En r\u00e9sum\u00e9, contrairement aux expatri\u00e9s et aux nomades digitaux, les immigr\u00e9s ne sont pas les bienvenus partout. Ils sont souvent contraints de vivre dans la clandestinit\u00e9, dans l\u2019ill\u00e9galit\u00e9. En France, on les appelle des \u00absans-papiers\u00bb, des personnes qui n\u2019ont pas de permis de s\u00e9jour, qui n\u2019ont pas de visa.<\/p>\n\n\n\n<p><a id=\"sonaar_ts-6927d55985936\" class=\"srmp3_sonaar_ts_shortcode\"  style=\"\" href=\"javascript:sonaar_ts_shortcode({ trackid:'0', time:'00:20:20', ts_id:'6927d55985936', play_icon:'' }) ;\">[00:20:20]<\/a> Le 2\u00e8me obstacle, c\u2019est bien s\u00fbr le co\u00fbt de la vie. Pour les immigr\u00e9s, le co\u00fbt de la vie est plus \u00e9lev\u00e9 dans le pays o\u00f9 ils \u00e9migrent que dans leur pays d\u2019origine. Le voyage en lui-m\u00eame repr\u00e9sente un co\u00fbt \u00e9norme. Une fois arriv\u00e9s dans le pays, il ne leur reste pas grand-chose. Ils doivent trouver du travail imm\u00e9diatement pour survivre.<\/p>\n\n\n\n<p><a id=\"sonaar_ts-6927d5598593b\" class=\"srmp3_sonaar_ts_shortcode\"  style=\"\" href=\"javascript:sonaar_ts_shortcode({ trackid:'0', time:'00:20:43', ts_id:'6927d5598593b', play_icon:'' }) ;\">[00:20:43]<\/a> Pour les expatri\u00e9s, le taux de ch\u00f4mage n\u2019est pas un crit\u00e8re d\u00e9terminant dans le choix de la destination, mais pour les immigr\u00e9s, c\u2019est peut-\u00eatre le plus important. Pour eux, survivre dans un pays o\u00f9 le taux de ch\u00f4mage est \u00e9lev\u00e9, c\u2019est quasiment impossible.<\/p>\n\n\n\n<p><a id=\"sonaar_ts-6927d5598593f\" class=\"srmp3_sonaar_ts_shortcode\"  style=\"\" href=\"javascript:sonaar_ts_shortcode({ trackid:'0', time:'00:20:59', ts_id:'6927d5598593f', play_icon:'' }) ;\">[00:20:59]<\/a> Moi, avant de d\u00e9m\u00e9nager en Pologne, je ne m\u2019\u00e9tais pas vraiment renseign\u00e9 sur l\u2019\u00e9conomie polonaise et le taux de ch\u00f4mage. En fait, j\u2019ai simplement suivi mon meilleur ami qui est d\u2019origine polonaise. C\u2019est lui qui m\u2019a convaincu de tenter l\u2019aventure \u00e0 Varsovie. Honn\u00eatement, j\u2019ai pris cette d\u00e9cision sur un coup de t\u00eate, sans trop y r\u00e9fl\u00e9chir, parce que je savais que je ne risquais pas grand-chose. Je savais que si \u00e7a ne marchait pas, je pourrais rentrer en France \u00e0 tout moment et retrouver du travail facilement.<\/p>\n\n\n\n<p><a id=\"sonaar_ts-6927d55985944\" class=\"srmp3_sonaar_ts_shortcode\"  style=\"\" href=\"javascript:sonaar_ts_shortcode({ trackid:'0', time:'00:21:33', ts_id:'6927d55985944', play_icon:'' }) ;\">[00:21:33]<\/a> Quand je suis parti, je ne savais pas combien de temps j\u2019allais rester en Pologne. Je me disais \u00abpeut-\u00eatre quelques ann\u00e9es\u00bb mais, dans tous les cas, je savais que je ferais pas ma vie l\u00e0-bas. Je me suis toujours dit que j\u2019allais rentrer en France un jour. \u00c7a aussi, c\u2019est une diff\u00e9rence essentielle entre les expatri\u00e9s et les immigr\u00e9s. Pour les expatri\u00e9s, il y a toujours l\u2019id\u00e9e que c\u2019est une situation temporaire, le temps de la mission ou de go\u00fbter \u00e0 autre chose jusqu\u2019\u00e0 ce qu\u2019on ait le mal du pays, jusqu\u2019\u00e0 ce que notre pays nous manque.<\/p>\n\n\n\n<p><a id=\"sonaar_ts-6927d55985948\" class=\"srmp3_sonaar_ts_shortcode\"  style=\"\" href=\"javascript:sonaar_ts_shortcode({ trackid:'0', time:'00:22:11', ts_id:'6927d55985948', play_icon:'' }) ;\">[00:22:11]<\/a> Pour certains immigr\u00e9s aussi, il y a ce d\u00e9sir de rentrer un jour. Mais souvent, \u00e7a ne d\u00e9pend pas d\u2019eux. \u00c7a d\u00e9pend de l\u2019issue de la guerre ou de la capacit\u00e9 du gouvernement \u00e0 reconstruire le pays apr\u00e8s une catastrophe naturelle. Parfois, ils savent qu\u2019il n\u2019y a pas de retour possible. Ils ont tout perdu en quittant leur pays, ils n\u2019ont plus de maison ni m\u00eame de famille l\u00e0-bas. Ils n\u2019ont aucune perspective de pouvoir retrouver du travail parce que l\u2019\u00e9conomie ne fonctionne plus. Donc ils savent qu\u2019ils doivent reconstruire leur vie dans leur pays d\u2019accueil. Ils n\u2019ont pas ce luxe que j\u2019avais de \u00abtenter l\u2019aventure\u00bb et rentrer si \u00e7a ne marche pas. Pour survivre, ils doivent r\u00e9ussir. Mais c\u2019est beaucoup plus difficile pour eux que pour les expats.<\/p>\n\n\n\n<p><a id=\"sonaar_ts-6927d55985950\" class=\"srmp3_sonaar_ts_shortcode\"  style=\"\" href=\"javascript:sonaar_ts_shortcode({ trackid:'0', time:'00:23:15', ts_id:'6927d55985950', play_icon:'' }) ;\">[00:23:15]<\/a> Maintenant, il y a la question centrale, celle de l\u2019int\u00e9gration. L\u00e0 encore, la situation est radicalement diff\u00e9rente pour les expatri\u00e9s et les immigr\u00e9s.<\/p>\n\n\n\n<p><a id=\"sonaar_ts-6927d55985955\" class=\"srmp3_sonaar_ts_shortcode\"  style=\"\" href=\"javascript:sonaar_ts_shortcode({ trackid:'0', time:'00:23:25', ts_id:'6927d55985955', play_icon:'' }) ;\">[00:23:25]<\/a> Les expatri\u00e9s ont tendance \u00e0 garder leur style de vie. Ils travaillent dans la m\u00eame grande entreprise ou dans leur propre entreprise (pour les nomades digitaux par exemple). Ils fr\u00e9quentent d\u2019autres expatri\u00e9s. Ils ach\u00e8tent les m\u00eames produits que chez eux. Ils n\u2019ont pas besoin d\u2019apprendre la langue parce qu\u2019ils parlent anglais, la langue des affaires. S\u2019ils ont des enfants, ils les envoient dans des \u00e9coles internationales. Bref, ils vivent dans une sorte de cocon, dans une bulle confortable. Et les habitants du pays trouvent \u00e7a normal parce que les expats, par d\u00e9finition, sont l\u00e0 de mani\u00e8re temporaire, et parce qu\u2019ils viennent d\u2019un pays riche, donc il faut respecter leur style de vie.<\/p>\n\n\n\n<p><a id=\"sonaar_ts-6927d55985959\" class=\"srmp3_sonaar_ts_shortcode\"  style=\"\" href=\"javascript:sonaar_ts_shortcode({ trackid:'0', time:'00:24:12', ts_id:'6927d55985959', play_icon:'' }) ;\">[00:24:12]<\/a> Au contraire, on demande toujours aux immigr\u00e9s un effort d\u2019int\u00e9gration. Bien s\u00fbr, \u00e7a d\u00e9pend du mod\u00e8le du pays d\u2019accueil. Je vous ai d\u00e9j\u00e0 parl\u00e9 des deux grands mod\u00e8les d\u2019int\u00e9gration des immigr\u00e9s : le mod\u00e8le assimilationniste, comme en France, et le mod\u00e8le multiculturaliste, comme au Royaume-Uni. Mais dans les deux mod\u00e8les, on est beaucoup plus exigeant avec les immigr\u00e9s qu\u2019avec les expatri\u00e9s.<\/p>\n\n\n\n<p><a id=\"sonaar_ts-6927d5598595e\" class=\"srmp3_sonaar_ts_shortcode\"  style=\"\" href=\"javascript:sonaar_ts_shortcode({ trackid:'0', time:'00:24:45', ts_id:'6927d5598595e', play_icon:'' }) ;\">[00:24:45]<\/a> Un immigr\u00e9 qui n\u2019apprend pas la langue locale, c\u2019est presque une insulte, un signe \u00e9vident qu\u2019il ne veut pas s\u2019int\u00e9grer. Souvent, on a moins de respect pour sa culture d\u2019origine, on pr\u00e9f\u00e8re qu\u2019il adopte le mode de vie du pays d\u2019accueil. Comme on lui \u00aboffre\u00bb la chance, le privil\u00e8ge de s\u2019installer ici, l\u2019immigr\u00e9 doit constamment prouver qu\u2019il m\u00e9rite sa place. Sinon, on lui fait comprendre qu\u2019il doit rentrer chez lui.<\/p>\n\n\n\n<p><a id=\"sonaar_ts-6927d55985963\" class=\"srmp3_sonaar_ts_shortcode\"  style=\"\" href=\"javascript:sonaar_ts_shortcode({ trackid:'0', time:'00:25:14', ts_id:'6927d55985963', play_icon:'' }) ;\">[00:25:14]<\/a> Bien s\u00fbr, je caricature un peu. Il y a des expatri\u00e9s qui font des efforts pour apprendre la langue et se m\u00e9langer \u00e0 la population locale. Tout comme il y a des immigr\u00e9s qui vivent en communaut\u00e9 pendant des ann\u00e9es sans chercher \u00e0 s\u2019int\u00e9grer.<\/p>\n\n\n\n<p><a id=\"sonaar_ts-6927d5598596b\" class=\"srmp3_sonaar_ts_shortcode\"  style=\"\" href=\"javascript:sonaar_ts_shortcode({ trackid:'0', time:'00:25:30', ts_id:'6927d5598596b', play_icon:'' }) ;\">[00:25:30]<\/a> Personnellement, je suis entre les deux. Au d\u00e9but, je voulais \u00e0 tout prix \u00e9viter de tomber dans le clich\u00e9 de l\u2019expat\u2019 fran\u00e7ais qui travaille pour une entreprise fran\u00e7aise, ne parle que fran\u00e7ais et n\u2019a que des amis fran\u00e7ais. Alors d\u00e8s que j\u2019entendais d\u2019autres Fran\u00e7ais au resto ou dans la rue, je les fuyais comme la peste. Ah oui, \u00e7a, c\u2019est une bonne expression : fuir quelqu\u2019un comme la peste. \u00c7a veut dire que vous \u00e9vitez cette personne le plus possible, comme si c\u2019\u00e9tait une maladie contagieuse, que vous ne voulez avoir aucun contact avec elle. Moi, en g\u00e9n\u00e9ral, quand je suis \u00e0 l\u2019\u00e9tranger, je fuis les Fran\u00e7ais comme la peste.<\/p>\n\n\n\n<p><a id=\"sonaar_ts-6927d5598596f\" class=\"srmp3_sonaar_ts_shortcode\"  style=\"\" href=\"javascript:sonaar_ts_shortcode({ trackid:'0', time:'00:26:14', ts_id:'6927d5598596f', play_icon:'' }) ;\">[00:26:14]<\/a> Mais c\u2019est dr\u00f4le parce qu\u2019en fait, c\u2019est une attitude tr\u00e8s r\u00e9pandue. Je suis s\u00fbr que d\u2019autres Fran\u00e7ais m\u2019ont aussi \u00e9vit\u00e9 en m\u2019entendant parler fran\u00e7ais. Et j\u2019ai l\u2019impression que ce ph\u00e9nom\u00e8ne n\u2019est pas une sp\u00e9cificit\u00e9 fran\u00e7aise. J\u2019ai des amis am\u00e9ricains, anglais ou italiens qui disent exactement la m\u00eame chose de leurs compatriotes, qui d\u00e9testent croiser leurs compatriotes quand ils sont en vacances \u00e0 l\u2019\u00e9tranger par exemple. C\u2019est un peu comme avec les touristes. Tout le monde les d\u00e9teste, mais nous en sommes tous.<\/p>\n\n\n\n<p><a id=\"sonaar_ts-6927d55985974\" class=\"srmp3_sonaar_ts_shortcode\"  style=\"\" href=\"javascript:sonaar_ts_shortcode({ trackid:'0', time:'00:26:45', ts_id:'6927d55985974', play_icon:'' }) ;\">[00:26:45]<\/a> Bref, moi je n\u2019avais pas envie d\u2019\u00eatre un clich\u00e9 d\u2019expat\u2019 fran\u00e7ais. Je voulais \u00eatre capable de parler polonais et avoir des amis polonais.<\/p>\n\n\n\n<p><a id=\"sonaar_ts-6927d55985979\" class=\"srmp3_sonaar_ts_shortcode\"  style=\"\" href=\"javascript:sonaar_ts_shortcode({ trackid:'0', time:'00:26:55', ts_id:'6927d55985979', play_icon:'' }) ;\">[00:26:55]<\/a> Aujourd\u2019hui, six ans plus tard, mon attitude a un peu chang\u00e9. Quand j\u2019entends des Fran\u00e7ais discuter \u00e0 la table d\u2019\u00e0 c\u00f4t\u00e9 au resto, je suis curieux de savoir ce qu\u2019ils font en Pologne. Il m\u2019est arriv\u00e9 d\u2019engager la conversation et \u00e7a m\u2019a permis de rencontrer des gens tr\u00e8s sympas, notamment des Fran\u00e7ais qui vivent ici depuis encore plus longtemps que moi, qui ont une femme ou un mari polonais, dont les enfants vont dans une \u00e9cole polonaise. Bref, des gens tr\u00e8s \u00e9loign\u00e9s du clich\u00e9 que j\u2019avais.<\/p>\n\n\n\n<p><a id=\"sonaar_ts-6927d5598597d\" class=\"srmp3_sonaar_ts_shortcode\"  style=\"\" href=\"javascript:sonaar_ts_shortcode({ trackid:'0', time:'00:27:27', ts_id:'6927d5598597d', play_icon:'' }) ;\">[00:27:27]<\/a> Mais malgr\u00e9 tous mes efforts, sous certains aspects, je corresponds quand m\u00eame au clich\u00e9 de l\u2019expat\u2019 fran\u00e7ais. J\u2019ai travaill\u00e9 dans une boulangerie fran\u00e7aise les premiers mois o\u00f9 je vivais ici. Ensuite, je suis devenu prof \u00e0 l\u2019institut fran\u00e7ais donc je parlais fran\u00e7ais toute la journ\u00e9e. J\u2019ai gard\u00e9 certaines de mes habitudes bien fran\u00e7aises, comme celle de manger trois repas \u00e0 heure fixe (par contre, je n\u2019ach\u00e8te plus de baguette, m\u00eame si c\u2019est facile d\u2019en trouver ici). J\u2019ai appris le polonais mais je suis toujours beaucoup plus \u00e0 l\u2019aise en anglais donc il m\u2019arrive encore de parler anglais avec mes amis polonais, m\u00eame apr\u00e8s six ans \u00e0 apprendre la langue.<\/p>\n\n\n\n<p><a id=\"sonaar_ts-6927d55985982\" class=\"srmp3_sonaar_ts_shortcode\"  style=\"\" href=\"javascript:sonaar_ts_shortcode({ trackid:'0', time:'00:28:10', ts_id:'6927d55985982', play_icon:'' }) ;\">[00:28:10]<\/a> En fait, avec cette exp\u00e9rience, j\u2019ai d\u00e9couvert \u00e0 quel point je suis fran\u00e7ais. Avant de d\u00e9m\u00e9nager en Pologne, je n\u2019avais jamais vraiment r\u00e9fl\u00e9chi \u00e0 \u00e7a. M\u00eame quand j\u2019\u00e9tudiais \u00e0 Londres, je vivais avec d\u2019autres \u00e9tudiants fran\u00e7ais donc on n\u2019\u00e9tait pas vraiment conscients de \u00e7a.<\/p>\n\n\n\n<p><a id=\"sonaar_ts-6927d5598598a\" class=\"srmp3_sonaar_ts_shortcode\"  style=\"\" href=\"javascript:sonaar_ts_shortcode({ trackid:'0', time:'00:28:28', ts_id:'6927d5598598a', play_icon:'' }) ;\">[00:28:28]<\/a> Je ne me suis jamais consid\u00e9r\u00e9 comme quelqu\u2019un de tr\u00e8s patriote, mais quand j\u2019ai commenc\u00e9 \u00e0 donner des cours \u00e0 l\u2019institut fran\u00e7ais, je me suis rendu compte que j\u2019\u00e9tais fier de la France et de sa culture. C\u2019est plus facile de voir les bons c\u00f4t\u00e9s de son pays quand on vit \u00e0 l\u2019\u00e9tranger, toutes ces choses qu\u2019on tient pour acquises mais qui n\u2019existent pas forc\u00e9ment ailleurs. C\u2019est aussi \u00e7a qui m\u2019a pouss\u00e9 \u00e0 cr\u00e9er ce podcast. Je voulais partager tout ce qui fait le charme de mon pays. Paradoxalement, si j\u2019\u00e9tais rest\u00e9 en France, je pense qu\u2019innerFrench n\u2019aurait jamais vu le jour.<\/p>\n\n\n\n<p><a id=\"sonaar_ts-6927d5598598e\" class=\"srmp3_sonaar_ts_shortcode\"  style=\"\" href=\"javascript:sonaar_ts_shortcode({ trackid:'0', time:'00:29:05', ts_id:'6927d5598598e', play_icon:'' }) ;\">[00:29:05]<\/a> J\u2019essaye quand m\u00eame de rester critique et de vous parler aussi des mauvais c\u00f4t\u00e9s, des probl\u00e8mes qui existent en France, des \u00e9v\u00e8nements pas toujours glorieux de notre pass\u00e9, comme notre histoire avec Ha\u00efti par exemple. Mais je ne me suis jamais senti aussi fran\u00e7ais que depuis que j\u2019habite en Pologne.<\/p>\n\n\n\n<p><a id=\"sonaar_ts-6927d55985993\" class=\"srmp3_sonaar_ts_shortcode\"  style=\"\" href=\"javascript:sonaar_ts_shortcode({ trackid:'0', time:'00:29:27', ts_id:'6927d55985993', play_icon:'' }) ;\">[00:29:27]<\/a> Bien s\u00fbr, j\u2019adore aussi la Pologne ! Elle a une histoire et une culture passionnantes. En plus, les Polonais que j\u2019ai rencontr\u00e9s jusqu\u2019ici ont tous \u00e9t\u00e9 tr\u00e8s sympas avec moi. C\u2019est pour \u00e7a que je m\u2019int\u00e9resse aux \u00e9lections pr\u00e9sidentielles, \u00e0 ce qui se passe dans le pays. Mais je ne pense pas dire un jour que \u00abje me sens polonais\u00bb. Mon identit\u00e9 fran\u00e7aise prendra toujours le dessus. J\u2019imagine que \u00e7a d\u00e9pend du temps qu\u2019on a pass\u00e9 dans le pays d\u2019origine et dans notre pays d\u2019accueil, des raisons pour lesquelles on a \u00e9migr\u00e9, de la mani\u00e8re dont on a \u00e9t\u00e9 accueilli. Mais aujourd\u2019hui, je vois \u00e0 quel point le mod\u00e8le assimilationniste est absurde. C\u2019est absurde de forcer quelqu\u2019un \u00e0 adopter une nouvelle identit\u00e9, simplement parce que cette personne a d\u00e9cid\u00e9 de venir vivre dans le pays.<\/p>\n\n\n\n<p><a id=\"sonaar_ts-6927d55985998\" class=\"srmp3_sonaar_ts_shortcode\"  style=\"\" href=\"javascript:sonaar_ts_shortcode({ trackid:'0', time:'00:30:26', ts_id:'6927d55985998', play_icon:'' }) ;\">[00:30:26]<\/a> En conclusion, on peut dire que m\u00eame si vivre \u00e0 l\u2019\u00e9tranger est de plus en plus simple dans notre \u00e9conomie mondialis\u00e9e, c\u2019est une d\u00e9cision qui n\u2019a rien d\u2019anodin. Les arch\u00e9types de l\u2019expat\u2019 et de l\u2019immigr\u00e9 illustrent deux visions radicalement oppos\u00e9es de l\u2019immigration. L\u2019un est d\u00e9sir\u00e9 et admir\u00e9, l\u2019autre est rejet\u00e9 et d\u00e9nigr\u00e9. Mais ces deux arch\u00e9types cachent des histoires personnelles tr\u00e8s diff\u00e9rentes. En r\u00e9alit\u00e9, chaque individu a sa propre trajectoire, ses propres raisons d\u2019\u00e9migrer et sa propre fa\u00e7on de s\u2019int\u00e9grer dans son nouveau pays. Personnellement, apr\u00e8s avoir v\u00e9cu six ans en Pologne, je ne me sens ni expat\u2019 ni immigr\u00e9. J\u2019essaye simplement de vivre et d\u2019\u00eatre heureux dans un pays qui n\u2019est pas celui o\u00f9 je suis n\u00e9.<\/p>\n\n\n\n<p><a id=\"sonaar_ts-6927d5598599c\" class=\"srmp3_sonaar_ts_shortcode\"  style=\"\" href=\"javascript:sonaar_ts_shortcode({ trackid:'0', time:'00:31:20', ts_id:'6927d5598599c', play_icon:'' }) ;\">[00:31:20]<\/a> Voil\u00e0, maintenant, pour finir sur une note un peu plus l\u00e9g\u00e8re, je vous propose d\u2019\u00e9couter un second t\u00e9moignage, cette fois celui d\u2019une auditrice.<\/p>\n\n\n\n<p><a id=\"sonaar_ts-6927d559859a0\" class=\"srmp3_sonaar_ts_shortcode\"  style=\"\" href=\"javascript:sonaar_ts_shortcode({ trackid:'0', time:'00:31:29', ts_id:'6927d559859a0', play_icon:'' }) ;\">[00:31:29]<\/a> Salut Hugo,<\/p>\n\n\n\n<p>Je m\u2019appelle Megan et je voudrais dire \u00abmerci\u00bb pour ton podcast. Je l\u2019\u00e9coute chaque jour pendant l\u2019\u00e9t\u00e9. Maintenant, j\u2019\u00e9tudie le fran\u00e7ais \u00e0 l\u2019universit\u00e9 dans le Colorado aux \u00c9tats-Unis. J\u2019aime la langue et apr\u00e8s quelques temps, je me suis rendu compte que c\u2019\u00e9tait difficile de l\u2019\u00e9tudier pendant l\u2019\u00e9t\u00e9. Donc j\u2019ai trouv\u00e9 ce podcast. Et c\u2019est incroyable ! Ta voix est tr\u00e8s claire et je peux tout comprendre. Je pense que les sujets sont tr\u00e8s int\u00e9ressants et les histoires sont intrigantes.<\/p>\n\n\n\n<p>Et apr\u00e8s avoir \u00e9cout\u00e9 l\u2019\u00e9pisode \u00e0 propos du livre L\u2019\u00c9tranger, j\u2019ai d\u00e9cid\u00e9 de lire l\u2019histoire. Je n\u2019aime pas quand je ne peux pas comprendre tous les mots. Mais je pense que c\u2019est cool quand je comprends les th\u00e8mes.<br>C\u2019est difficile d\u2019\u00eatre motiv\u00e9 pendant l\u2019\u00e9t\u00e9. Mais, gr\u00e2ce au podcast, je veux apprendre le fran\u00e7ais de plus en plus. Et je me sens pr\u00eate pour l\u2019automne.<\/p>\n\n\n\n<p>C\u2019est vraiment une belle langue ! Et merci pour ton travail. Je sais que c\u2019est difficile. Mais gr\u00e2ce \u00e0 des personnes comme toi, nous pouvons partager la beaut\u00e9 du fran\u00e7ais.<\/p>\n\n\n\n<p><a id=\"sonaar_ts-6927d559859a9\" class=\"srmp3_sonaar_ts_shortcode\"  style=\"\" href=\"javascript:sonaar_ts_shortcode({ trackid:'0', time:'00:33:00', ts_id:'6927d559859a9', play_icon:'' }) ;\">[00:33:00]<\/a> Merci beaucoup pour ton message, Megan ! Je suis content que le podcast t\u2019ait motiv\u00e9e \u00e0 continuer le fran\u00e7ais pendant les vacances (oui parce que Megan m\u2019a envoy\u00e9 son enregistrement l\u2019ann\u00e9e derni\u00e8re, donc vous voyez que j\u2019ai encore beaucoup de retard\u2026). Megan, j\u2019esp\u00e8re que tes \u00e9tudes fran\u00e7ais se passent bien et que tu continues de travailler dur ! Ne t\u2019inqui\u00e8te pas, c\u2019est normal d\u2019\u00eatre un peu frustr\u00e9 quand on lit quelque chose et qu\u2019on ne comprend pas tous les mots. Du moment que tu comprends l\u2019histoire et que \u00e7a te donne envie de continuer de lire, tout va bien !<\/p>\n\n\n\n<p><a id=\"sonaar_ts-6927d559859ae\" class=\"srmp3_sonaar_ts_shortcode\"  style=\"\" href=\"javascript:sonaar_ts_shortcode({ trackid:'0', time:'00:33:33', ts_id:'6927d559859ae', play_icon:'' }) ;\">[00:33:33]<\/a> On va s\u2019arr\u00eater l\u00e0. Je vois que l\u2019\u00e9pisode est un peu plus long que ce que j\u2019avais pr\u00e9vu, comme d\u2019habitude. Mais bon, c\u2019est pas grave ! J\u2019esp\u00e8re que vous avez trouv\u00e9 \u00e7a int\u00e9ressant. Je vous souhaite de bonnes vacances, si vous \u00eates en vacances, et on se retrouve bient\u00f4t pour un nouvel \u00e9pisode. Salut !<\/p>\n","protected":false},"excerpt":{"rendered":"<p>Salut \u00e0 toutes et \u00e0 tous ! C\u2019est Hugo et je suis ravi de vous retrouver pour faire un peu de fran\u00e7ais ensemble ! Pour commencer, j\u2019ai une annonce \u00e0 faire. Lundi, je vais rouvrir les inscriptions pour mon cours interm\u00e9diaire \u2013 Build a Strong Core. Comme son nom l\u2019indique, l\u2019objectif de ce cours, c\u2019est&#8230;<\/p>\n","protected":false},"author":1,"featured_media":289663,"comment_status":"open","ping_status":"open","sticky":false,"template":"","format":[189],"meta":{"_acf_changed":false,"_kad_blocks_custom_css":"","_kad_blocks_head_custom_js":"","_kad_blocks_body_custom_js":"","_kad_blocks_footer_custom_js":"","_kad_post_transparent":"","_kad_post_title":"","_kad_post_layout":"","_kad_post_sidebar_id":"","_kad_post_content_style":"","_kad_post_vertical_padding":"","_kad_post_feature":"","_kad_post_feature_position":"","_kad_post_header":false,"_kad_post_footer":false,"_kad_post_classname":"","footnotes":""},"categories":[168],"tags":[172],"class_list":["post-4068","post","type-post","status-publish","format-standard","has-post-thumbnail","hentry","category-podcast","tag-societe","format-solo-hugo"],"acf":[],"taxonomy_info":{"category":[{"value":168,"label":"Podcast"}],"post_tag":[{"value":172,"label":"Soci\u00e9t\u00e9"}],"format":[{"value":189,"label":"Solo Hugo"}]},"featured_image_src_large":["https:\/\/innerfrench.com\/wp-content\/uploads\/2020\/07\/Varsovie-e1718021323894-750x406.jpg",750,406,true],"author_info":{"display_name":"Hugo","author_link":"https:\/\/innerfrench.com\/author\/innerfrench-2-2-2-2-2-2-2-2-2-2-2-2-2-2-2-2-2-2-2\/"},"comment_info":28,"category_info":[{"term_id":168,"name":"Podcast","slug":"podcast","term_group":0,"term_taxonomy_id":168,"taxonomy":"category","description":"","parent":0,"count":185,"filter":"raw","cat_ID":168,"category_count":185,"category_description":"","cat_name":"Podcast","category_nicename":"podcast","category_parent":0}],"tag_info":[{"term_id":172,"name":"Soci\u00e9t\u00e9","slug":"societe","term_group":0,"term_taxonomy_id":172,"taxonomy":"post_tag","description":"","parent":0,"count":94,"filter":"raw"}],"_links":{"self":[{"href":"https:\/\/innerfrench.com\/wp-json\/wp\/v2\/posts\/4068","targetHints":{"allow":["GET"]}}],"collection":[{"href":"https:\/\/innerfrench.com\/wp-json\/wp\/v2\/posts"}],"about":[{"href":"https:\/\/innerfrench.com\/wp-json\/wp\/v2\/types\/post"}],"author":[{"embeddable":true,"href":"https:\/\/innerfrench.com\/wp-json\/wp\/v2\/users\/1"}],"replies":[{"embeddable":true,"href":"https:\/\/innerfrench.com\/wp-json\/wp\/v2\/comments?post=4068"}],"version-history":[{"count":3,"href":"https:\/\/innerfrench.com\/wp-json\/wp\/v2\/posts\/4068\/revisions"}],"predecessor-version":[{"id":293960,"href":"https:\/\/innerfrench.com\/wp-json\/wp\/v2\/posts\/4068\/revisions\/293960"}],"wp:featuredmedia":[{"embeddable":true,"href":"https:\/\/innerfrench.com\/wp-json\/wp\/v2\/media\/289663"}],"wp:attachment":[{"href":"https:\/\/innerfrench.com\/wp-json\/wp\/v2\/media?parent=4068"}],"wp:term":[{"taxonomy":"category","embeddable":true,"href":"https:\/\/innerfrench.com\/wp-json\/wp\/v2\/categories?post=4068"},{"taxonomy":"post_tag","embeddable":true,"href":"https:\/\/innerfrench.com\/wp-json\/wp\/v2\/tags?post=4068"},{"taxonomy":"format","embeddable":true,"href":"https:\/\/innerfrench.com\/wp-json\/wp\/v2\/format?post=4068"}],"curies":[{"name":"wp","href":"https:\/\/api.w.org\/{rel}","templated":true}]}}