{"id":4127,"date":"2020-07-24T13:03:03","date_gmt":"2020-07-24T11:03:03","guid":{"rendered":"https:\/\/innerfrench.com\/?p=4127"},"modified":"2025-10-02T12:09:59","modified_gmt":"2025-10-02T10:09:59","slug":"82-arreter-avion","status":"publish","type":"post","link":"https:\/\/innerfrench.com\/82-arreter-avion\/","title":{"rendered":"#82 Faut-il arr\u00eater de prendre l&#8217;avion ?"},"content":{"rendered":"\n<p>Salut \u00e0 toutes et \u00e0 tous, bienvenue ! C&#8217;est Hugo et je suis tr\u00e8s content de vous retrouver pour faire un peu de fran\u00e7ais ensemble. Peut-\u00eatre que certains d&#8217;entre vous sont en vacances et que vous m&#8217;\u00e9coutez \u00e0 la plage ou \u00e0 la montagne. Vous avez de la chance, profitez-en. Pour moi, c&#8217;est pas encore les vacances. Je voulais enregistrer ce dernier \u00e9pisode avant de faire une petite pause.<\/p>\n\n\n\n<p><a id=\"sonaar_ts-6927ce6342008\" class=\"srmp3_sonaar_ts_shortcode\"  style=\"\" href=\"javascript:sonaar_ts_shortcode({ trackid:'0', time:'00:00:36', ts_id:'6927ce6342008', play_icon:'' }) ;\">[00:00:36]<\/a> Il y a quelques semaines, vous avez peut-\u00eatre re\u00e7u un email de ma part dans lequel il y avait une invitation pour r\u00e9pondre \u00e0 un sondage, autrement dit, un questionnaire qui vous demandait votre opinion \u00e0 propos du podcast. Pour moi, l&#8217;objectif, c&#8217;\u00e9tait de savoir si le podcast est toujours utile pour vous et comment je pourrais l&#8217;am\u00e9liorer pour qu&#8217;il soit encore plus efficace. Plus de 7 000 d&#8217;entre vous ont r\u00e9pondu, donc j&#8217;avais plein d&#8217;informations int\u00e9ressantes !<\/p>\n\n\n\n<p><a id=\"sonaar_ts-6927ce6342015\" class=\"srmp3_sonaar_ts_shortcode\"  style=\"\" href=\"javascript:sonaar_ts_shortcode({ trackid:'0', time:'00:01:10', ts_id:'6927ce6342015', play_icon:'' }) ;\">[00:01:10]<\/a> Vous m&#8217;avez dit notamment que vous n&#8217;aimez pas trop les t\u00e9moignages des autres auditeurs du podcast parce que ces personnes n&#8217;ont pas une prononciation parfaite, qu&#8217;elles font des erreurs et que vous vous \u00e9coutez le podcast pour apprendre un fran\u00e7ais parfait (alors, je ne dis pas que mon fran\u00e7ais est parfait, mais voil\u00e0, c&#8217;est celui d&#8217;un natif). Et \u00e7a, je peux le comprendre. Donc, j&#8217;ai pris la d\u00e9cision d&#8217;arr\u00eater de diffuser les t\u00e9moignages dans le podcast. En plus, c&#8217;\u00e9tait quelque chose qui prenait pas mal de temps et j&#8217;avais beaucoup de retard. Donc l\u00e0, je diffusais des t\u00e9moignages que j&#8217;avais re\u00e7us il y a un an. C&#8217;\u00e9tait un peu bizarre et je ne sais m\u00eame pas si les personnes qui m&#8217;avaient envoy\u00e9 ces t\u00e9moignages \u00e9coutaient toujours le podcast. Donc voil\u00e0, j&#8217;ai pris la d\u00e9cision de ne plus diffuser de t\u00e9moignages dans le podcast.<\/p>\n\n\n\n<p><a id=\"sonaar_ts-6927ce634201c\" class=\"srmp3_sonaar_ts_shortcode\"  style=\"\" href=\"javascript:sonaar_ts_shortcode({ trackid:'0', time:'00:02:07', ts_id:'6927ce634201c', play_icon:'' }) ;\">[00:02:07]<\/a> Vous m&#8217;avez aussi dit que vous pr\u00e9f\u00e9rez quand les \u00e9pisodes sont un peu plus courts, quand ils durent environ 30 minutes. C&#8217;est vrai que sur les derniers \u00e9pisodes, <\/p>\n\n\n<p>j&#8217;avais tendance \u00e0 parler un peu plus longtemps. Les \u00e9pisodes duraient entre 40 et 50 minutes. Et je peux comprendre que c&#8217;est difficile \u00e0 suivre. C&#8217;est difficile de rester concentr\u00e9 pendant aussi longtemps. Maintenant, je vais essayer d&#8217;\u00eatre plus succinct, d&#8217;\u00eatre plus concis pour ne pas d\u00e9passer les 30 minutes. Et c&#8217;est aussi pour \u00e7a que j&#8217;ai d\u00e9cid\u00e9 d&#8217;arr\u00eater les t\u00e9moignages. Comme \u00e7a, \u00e7a va me permettre de gagner un peu de temps.<\/p>\n<p><a id=\"sonaar_ts-6927ce6342021\" class=\"srmp3_sonaar_ts_shortcode\"  style=\"\" href=\"javascript:sonaar_ts_shortcode({ trackid:'0', time:'00:02:45', ts_id:'6927ce6342021', play_icon:'' }) ;\">[00:02:45]<\/a> Justement, pour ne pas perdre plus de temps, on va s&#8217;attaquer directement \u00e0 notre sujet du jour.<\/p>\n<p><a id=\"sonaar_ts-6927ce6342027\" class=\"srmp3_sonaar_ts_shortcode\"  style=\"\" href=\"javascript:sonaar_ts_shortcode({ trackid:'0', time:'00:02:58', ts_id:'6927ce6342027', play_icon:'' }) ;\">[00:02:58]<\/a> Avant, pour moi, acheter des billets d&#8217;avion, c&#8217;\u00e9tait un plaisir. \u00c7a voulait dire que j&#8217;allais partir en vacances, que j&#8217;allais d\u00e9couvrir un nouveau pays, vivre des aventures, etc. Et la seule inqui\u00e9tude que j&#8217;avais, c&#8217;\u00e9tait le prix. J&#8217;essayais de payer le moins cher possible en comparant le prix des billets sur diff\u00e9rents sites, en utilisant le mode incognito de mon navigateur internet.<\/p>\n<p><a id=\"sonaar_ts-6927ce634202c\" class=\"srmp3_sonaar_ts_shortcode\"  style=\"\" href=\"javascript:sonaar_ts_shortcode({ trackid:'0', time:'00:03:26', ts_id:'6927ce634202c', play_icon:'' }) ;\">[00:03:26]<\/a> Mais r\u00e9cemment, \u00e7a a un peu chang\u00e9. Il y a quelques semaines, j&#8217;ai achet\u00e9 des billets pour les vacances d&#8217;\u00e9t\u00e9. Je vais rentrer en France pour une semaine et en ao\u00fbt, je vais aller en Italie pour la premi\u00e8re fois, pour dix jours, en Toscane. Mais au moment d&#8217;acheter les billets, je me sentais un peu mal. D&#8217;abord, j&#8217;avais quelques doutes concernant la situation avec le Covid-19. Bon, c&#8217;est vrai que quand j&#8217;ai achet\u00e9 les billets, c&#8217;\u00e9tait&#8230; il y avait eu beaucoup d&#8217;am\u00e9liorations. On disait que la pand\u00e9mie \u00e9tait en train de se calmer. Donc voil\u00e0, le contexte \u00e9tait un peu diff\u00e9rent. Parce que r\u00e9cemment, on parle de plus en plus d&#8217;une deuxi\u00e8me vague de Covid-19. Mais bon, \u00e7a, c&#8217;est pas le probl\u00e8me dont j&#8217;aimerais parler dans cet \u00e9pisode.<\/p>\n<p><a id=\"sonaar_ts-6927ce6342030\" class=\"srmp3_sonaar_ts_shortcode\"  style=\"\" href=\"javascript:sonaar_ts_shortcode({ trackid:'0', time:'00:04:18', ts_id:'6927ce6342030', play_icon:'' }) ;\">[00:04:18]<\/a> L&#8217;autre probl\u00e8me que j&#8217;avais et dont j&#8217;aimerais parler, c&#8217;est celui qui concerne l&#8217;environnement. On sait que prendre l&#8217;avion, c&#8217;est tr\u00e8s mauvais pour la plan\u00e8te. Et avant, j&#8217;y faisais pas vraiment attention. Je pensais simplement aux vacances, au plaisir de d\u00e9couvrir un autre pays. Mais \u00e0 cause de la pression sociale et aussi des m\u00e9dias, maintenant, c&#8217;est quelque chose qui est \u00e0 l&#8217;esprit de plus en plus de personnes. En tout cas, moi, quand j&#8217;ach\u00e8te un billet d&#8217;avion, je pense de plus en plus souvent \u00e0 \u00e7a.<\/p>\n<p><a id=\"sonaar_ts-6927ce6342035\" class=\"srmp3_sonaar_ts_shortcode\"  style=\"\" href=\"javascript:sonaar_ts_shortcode({ trackid:'0', time:'00:04:55', ts_id:'6927ce6342035', play_icon:'' }) ;\">[00:04:55]<\/a> Heureusement, apr\u00e8s avoir valid\u00e9 mes billets, la compagnie a\u00e9rienne (l&#8217;entreprise qui vend les billets d&#8217;avion et qui assure les vols), la compagnie a\u00e9rienne m&#8217;a propos\u00e9 de compenser mon voyage, autrement dit de payer un suppl\u00e9ment, de payer un peu plus d&#8217;argent pour compenser les \u00e9missions de CO2, de dioxyde de carbone. Je crois que c&#8217;\u00e9tait un suppl\u00e9ment de 10 euros. Donc moi, je me suis dit : \u00abAh bah voil\u00e0, c&#8217;est super ! Je vais payer 10 euros, \u00e7a compense mes \u00e9missions de CO2. Et comme \u00e7a, je ne culpabilise pas, j&#8217;ai bonne conscience, et je vais pouvoir voyager l&#8217;esprit tranquille.\u00bb<\/p>\n<p><a id=\"sonaar_ts-6927ce6342039\" class=\"srmp3_sonaar_ts_shortcode\"  style=\"\" href=\"javascript:sonaar_ts_shortcode({ trackid:'0', time:'00:05:40', ts_id:'6927ce6342039', play_icon:'' }) ;\">[00:05:40]<\/a> Malheureusement, c&#8217;\u00e9tait pas si facile que \u00e7a. Parce qu&#8217;apr\u00e8s avoir achet\u00e9 ces billets avec le suppl\u00e9ment pour compenser mes \u00e9missions de CO2, j&#8217;ai commenc\u00e9 \u00e0 me poser pas mal de questions. Je me suis demand\u00e9 comment ce syst\u00e8me fonctionne exactement, comment on peut compenser ces \u00e9missions. Et si c&#8217;est tellement efficace, pourquoi est-ce que c&#8217;est pas obligatoire ? Pourquoi est-ce que ce n&#8217;est pas automatiquement inclus dans le prix des billets ? Donc voil\u00e0, j&#8217;ai commenc\u00e9 \u00e0 douter un peu de \u00e7a et le sentiment de culpabilit\u00e9 de prendre l&#8217;avion n&#8217;a pas disparu.<\/p>\n<p><a id=\"sonaar_ts-6927ce634203e\" class=\"srmp3_sonaar_ts_shortcode\"  style=\"\" href=\"javascript:sonaar_ts_shortcode({ trackid:'0', time:'00:06:20', ts_id:'6927ce634203e', play_icon:'' }) ;\">[00:06:20]<\/a> \u00c0 cause de \u00e7a, j&#8217;ai commenc\u00e9 \u00e0 faire des recherches, \u00e0 me documenter sur le sujet, et j&#8217;ai voulu savoir si ce syst\u00e8me de compensation fonctionne, s&#8217;il est vraiment efficace, si on peut prendre l&#8217;avion en 2020 en ayant l&#8217;esprit tranquille. Et pour faire d&#8217;une pierre deux coups, j&#8217;ai d\u00e9cid\u00e9 de partager toutes ces informations avec vous. Donc vous allez voir si la culpabilit\u00e9 l&#8217;a emport\u00e9. Vous allez voir si finalement, j&#8217;ai d\u00e9cid\u00e9 d&#8217;annuler mes vacances cet \u00e9t\u00e9 et mes billets d&#8217;avion ou pas.<\/p>\n<p><a id=\"sonaar_ts-6927ce6342043\" class=\"srmp3_sonaar_ts_shortcode\"  style=\"\" href=\"javascript:sonaar_ts_shortcode({ trackid:'0', time:'00:07:03', ts_id:'6927ce6342043', play_icon:'' }) ;\">[00:07:03]<\/a> Pour commencer, il faut remettre les choses dans leur contexte. Prendre l&#8217;avion, m\u00eame aujourd&#8217;hui en 2020, \u00e7a reste un privil\u00e8ge. J&#8217;imagine que certains auditeurs, certains d&#8217;entre vous, vous n&#8217;avez jamais pris l&#8217;avion.<\/p>\n<p><a id=\"sonaar_ts-6927ce6342048\" class=\"srmp3_sonaar_ts_shortcode\"  style=\"\" href=\"javascript:sonaar_ts_shortcode({ trackid:'0', time:'00:07:19', ts_id:'6927ce6342048', play_icon:'' }) ;\">[00:07:19]<\/a> Moi, la premi\u00e8re fois que j&#8217;ai pris l&#8217;avion, c&#8217;\u00e9tait quand j&#8217;avais 18 ans. Et je voyageais avec un ami pour aller \u00e0 Glasgow, en \u00c9cosse. J&#8217;ai d\u00e9j\u00e0 racont\u00e9 cette histoire plusieurs fois. Et pour cet ami, c&#8217;\u00e9tait tr\u00e8s dr\u00f4le parce que lui, il avait l&#8217;habitude de voyager et de prendre l&#8217;avion avec sa famille. Tous les ans, il partait en vacances dans diff\u00e9rents pays, en Europe, mais aussi aux Etats-Unis. Son p\u00e8re travaillait dans une entreprise pour laquelle il devait prendre l&#8217;avion, aussi, r\u00e9guli\u00e8rement. Donc, quand je leur ai dit que moi, je n&#8217;avais jamais pris l&#8217;avion, \u00e7a les a fait rire. Ils ont trouv\u00e9 \u00e7a assez dr\u00f4le.<\/p>\n<p><a id=\"sonaar_ts-6927ce634204d\" class=\"srmp3_sonaar_ts_shortcode\"  style=\"\" href=\"javascript:sonaar_ts_shortcode({ trackid:'0', time:'00:08:00', ts_id:'6927ce634204d', play_icon:'' }) ;\">[00:08:00]<\/a> Maintenant, vous savez que je suis un professionnel de l&#8217;avion (vous avez peut-\u00eatre vu la vid\u00e9o que j&#8217;ai faite sur le sujet : Comment prendre l&#8217;avion en fran\u00e7ais ?). Mais bon, jusqu&#8217;\u00e0 mes 18 ans, je n&#8217;avais jamais pris l&#8217;avion. Et jusque-l\u00e0, je ne m&#8217;\u00e9tais pas vraiment rendu compte que prendre l&#8217;avion, c&#8217;\u00e9tait un marqueur social, quelque chose qui montre notre statut.<\/p>\n<p><a id=\"sonaar_ts-6927ce6342052\" class=\"srmp3_sonaar_ts_shortcode\"  style=\"\" href=\"javascript:sonaar_ts_shortcode({ trackid:'0', time:'00:08:24', ts_id:'6927ce6342052', play_icon:'' }) ;\">[00:08:24]<\/a> Il faut savoir que seulement un quart des Fran\u00e7ais prennent l&#8217;avion au moins une fois par an (donc seulement 25% des Fran\u00e7ais prennent l&#8217;avion minimum une fois par an). Et 20% des Fran\u00e7ais n&#8217;ont jamais pris l&#8217;avion de leur vie.<\/p>\n<p><a id=\"sonaar_ts-6927ce6342056\" class=\"srmp3_sonaar_ts_shortcode\"  style=\"\" href=\"javascript:sonaar_ts_shortcode({ trackid:'0', time:'00:08:40', ts_id:'6927ce6342056', play_icon:'' }) ;\">[00:08:40]<\/a> Contrairement \u00e0 ce qu&#8217;on pourrait penser, l&#8217;arriv\u00e9e des compagnies a\u00e9riennes low cost, ces compagnies a\u00e9riennes qui proposent des billets pas chers, \u00e7a n&#8217;a pas beaucoup d\u00e9mocratis\u00e9 l&#8217;avion. \u00c7a ne l&#8217;a pas rendu beaucoup plus accessible. Certes, voyager aujourd&#8217;hui, c&#8217;est pas tr\u00e8s cher, surtout si vous n&#8217;allez pas loin. Mais \u00e7a ne signifie pas que les autres co\u00fbts ont \u00e9t\u00e9 r\u00e9duits. Si vous allez en vacances, il faut toujours payer un h\u00e9bergement (un h\u00f4tel ou alors une maison ou un appartement que vous louez). Il faut payer la nourriture, les billets pour visiter les monuments, les mus\u00e9es, etc. Tous ces co\u00fbts n&#8217;ont pas vraiment chang\u00e9, ce qui fait que partir en vacances est presque toujours aussi cher aujourd&#8217;hui, surtout si vous avez une famille nombreuse.<\/p>\n<p><a id=\"sonaar_ts-6927ce634205a\" class=\"srmp3_sonaar_ts_shortcode\"  style=\"\" href=\"javascript:sonaar_ts_shortcode({ trackid:'0', time:'00:09:34', ts_id:'6927ce634205a', play_icon:'' }) ;\">[00:09:34]<\/a> Donc, aujourd&#8217;hui, tout le monde a un peu plus de chances de prendre l&#8217;avion qu&#8217;il y a vingt ans. Mais quand on analyse un peu les vols et qui prend l&#8217;avion, on voit que les personnes qui gagnent bien leur vie prennent l&#8217;avion beaucoup plus souvent, qu&#8217;elles font des voyages plus longs et qu&#8217;elles sont surrepr\u00e9sent\u00e9es. Les personnes qui ne gagnent pas bien leur vie, qui ont moins d&#8217;argent, elles&#8230; peut-\u00eatre qu&#8217;elles prennent l&#8217;avion un peu plus souvent qu&#8217;il y a 20 ans, mais c&#8217;est quelque chose qui reste assez rare pour elles.<\/p>\n<p><a id=\"sonaar_ts-6927ce634205f\" class=\"srmp3_sonaar_ts_shortcode\"  style=\"\" href=\"javascript:sonaar_ts_shortcode({ trackid:'0', time:'00:10:12', ts_id:'6927ce634205f', play_icon:'' }) ;\">[00:10:12]<\/a> Et ces in\u00e9galit\u00e9s, on les retrouve au niveau mondial. Par exemple, on estime qu&#8217;entre 80 et 90% de la population mondiale n&#8217;a jamais pris l&#8217;avion. \u00c7a, c&#8217;est un chiffre qui m&#8217;a vraiment choqu\u00e9 quand je l&#8217;ai d\u00e9couvert. Parce que dans les pays occidentaux, dans les pays riches, d\u00e9velopp\u00e9s, on a l&#8217;impression que prendre l&#8217;avion, c&#8217;est vraiment quelque chose de banal. Mais quand on regarde au niveau mondial, eh bien on voit que \u00e7a reste encore un privil\u00e8ge des pays d\u00e9velopp\u00e9s. Par exemple, si on prend l&#8217;Am\u00e9rique du Nord (les \u00c9tats-Unis et le Canada) plus les pays europ\u00e9ens, ils repr\u00e9sentent 50% des kilom\u00e8tres parcourus en avion, alors que ces pays repr\u00e9sentent seulement 15% de la population mondiale. Donc, vous voyez que les pays occidentaux sont largement surrepr\u00e9sent\u00e9s en ce qui concerne le trafic a\u00e9rien.<\/p>\n<p><a id=\"sonaar_ts-6927ce6342064\" class=\"srmp3_sonaar_ts_shortcode\"  style=\"\" href=\"javascript:sonaar_ts_shortcode({ trackid:'0', time:'00:11:13', ts_id:'6927ce6342064', play_icon:'' }) ;\">[00:11:13]<\/a> Depuis l&#8217;arriv\u00e9e des r\u00e9seaux sociaux, et en particulier Facebook et Instagram, partir en vacances 3 fois par an \u00e0 l&#8217;autre bout du monde, c&#8217;est quelque chose qui semble presque normal. Mais non, prendre l&#8217;avion, \u00e7a reste un privil\u00e8ge et un privil\u00e8ge qui a des cons\u00e9quences n\u00e9gatives pour les habitants de l&#8217;ensemble de la plan\u00e8te.<\/p>\n<p><a id=\"sonaar_ts-6927ce6342068\" class=\"srmp3_sonaar_ts_shortcode\"  style=\"\" href=\"javascript:sonaar_ts_shortcode({ trackid:'0', time:'00:11:41', ts_id:'6927ce6342068', play_icon:'' }) ;\">[00:11:41]<\/a> Alors, une fois qu&#8217;on sait \u00e7a, on se demande forc\u00e9ment \u00e0 quel point le transport a\u00e9rien est polluant. \u00c7a, c&#8217;est une expression, \u00ab\u00e0 quel point\u00bb, \u00e7a veut dire \u00ab\u00e0 quel degr\u00e9\u00bb, \u00abquelle est la taille du probl\u00e8me\u00bb, \u00e0 quel point le transport a\u00e9rien est-il polluant ? Retenez bien cette construction parce qu&#8217;on peut l&#8217;utiliser dans beaucoup de questions et c&#8217;est quelque chose qui n&#8217;est pas tr\u00e8s intuitif donc il faut l&#8217;apprendre : \u00e0 quel point. \u00c0 quel point le transport a\u00e9rien est-il polluant ?<\/p>\n<p><a id=\"sonaar_ts-6927ce6342072\" class=\"srmp3_sonaar_ts_shortcode\"  style=\"\" href=\"javascript:sonaar_ts_shortcode({ trackid:'0', time:'00:12:18', ts_id:'6927ce6342072', play_icon:'' }) ;\">[00:12:18]<\/a> Alors, c&#8217;est assez facile de comprendre comment l&#8217;avion pollue. Avec les carburants, il y a des \u00e9missions de gaz \u00e0 effet de serre. Les gaz \u00e0 effet de serre, ce sont ces gaz qui sont pr\u00e9sents dans l&#8217;atmosph\u00e8re et qui contribuent au r\u00e9chauffement climatique. Le principal, c&#8217;est le CO2, le dioxyde de carbone.<\/p>\n<p><a id=\"sonaar_ts-6927ce6342077\" class=\"srmp3_sonaar_ts_shortcode\"  style=\"\" href=\"javascript:sonaar_ts_shortcode({ trackid:'0', time:'00:12:41', ts_id:'6927ce6342077', play_icon:'' }) ;\">[00:12:41]<\/a> Alors, c&#8217;est assez difficile de mesurer le poids de chaque secteur quand on essaye de voir quels secteurs contribuent le plus \u00e0 l&#8217;\u00e9mission de gaz \u00e0 effet de serre. C&#8217;est difficile parce qu&#8217;on ne sait pas toujours ce qu&#8217;il faut prendre en compte. Est-ce qu&#8217;on prend en compte seulement les \u00e9missions directes, ou alors aussi les \u00e9missions indirectes ?<\/p>\n<p><a id=\"sonaar_ts-6927ce634207b\" class=\"srmp3_sonaar_ts_shortcode\"  style=\"\" href=\"javascript:sonaar_ts_shortcode({ trackid:'0', time:'00:13:05', ts_id:'6927ce634207b', play_icon:'' }) ;\">[00:13:05]<\/a> Alors, je vais prendre un exemple pour illustrer \u00e7a, l&#8217;exemple de l&#8217;agriculture. Dans le secteur de l&#8217;agriculture, il y a des \u00e9missions directes de CO2 et des \u00e9missions indirectes. Les \u00e9missions directes, ce sont par exemple celles des animaux d&#8217;\u00e9levage, en particulier des vaches. Les vaches \u00e9mettent du CO2 \u00e0 cause de leur digestion. Et puis, d&#8217;un autre c\u00f4t\u00e9, il y a les \u00e9missions indirectes, par exemple celles li\u00e9es \u00e0 la production de la nourriture pour les animaux d&#8217;\u00e9levage, au transport de ces animaux. Tout \u00e7a, ce sont des \u00e9missions indirectes. Il y a certaines \u00e9tudes qui s&#8217;int\u00e9ressent seulement aux \u00e9missions directes, d&#8217;autres qui int\u00e8grent les \u00e9missions indirectes, ce qui fait que c&#8217;est parfois difficile de comparer les r\u00e9sultats.<\/p>\n<p><a id=\"sonaar_ts-6927ce6342080\" class=\"srmp3_sonaar_ts_shortcode\"  style=\"\" href=\"javascript:sonaar_ts_shortcode({ trackid:'0', time:'00:13:55', ts_id:'6927ce6342080', play_icon:'' }) ;\">[00:13:55]<\/a> Mais bon, l&#8217;\u00e9tude de r\u00e9f\u00e9rence en la mati\u00e8re, c&#8217;est un rapport de 2014 de l&#8217;IPCC (l&#8217;IPCC, c&#8217;est Intergovernmental Panel on Climate Change). C&#8217;est un organe des Nations unies.<\/p>\n<p><a id=\"sonaar_ts-6927ce6342085\" class=\"srmp3_sonaar_ts_shortcode\"  style=\"\" href=\"javascript:sonaar_ts_shortcode({ trackid:'0', time:'00:14:13', ts_id:'6927ce6342085', play_icon:'' }) ;\">[00:14:13]<\/a> Alors, ce rapport montre que le secteur le plus polluant, celui qui \u00e9met le plus de gaz \u00e0 effet de serre, c&#8217;est la production d&#8217;\u00e9lectricit\u00e9 et le chauffage. Le chauffage, vous savez, pour que votre appartement soit suffisamment chaud en hiver, ou votre maison, le chauffage. Ce secteur contribue \u00e0 25% des \u00e9missions de gaz \u00e0 effet de serre. Le deuxi\u00e8me secteur, le plus polluant, c&#8217;est celui de l&#8217;agriculture et de l&#8217;\u00e9levage : 24%. Ensuite, on a l&#8217;industrie : 21% (dont en grande partie l&#8217;industrie textile, qui repr\u00e9sente entre 8 et 10%). L&#8217;industrie textile, qui produit des v\u00eatements, c&#8217;est vraiment une des industries les plus polluantes, les plus mauvaises pour la plan\u00e8te. En quatri\u00e8me position, on a le secteur des transports : 14%. Ici, celui qui a la plus grande part, c&#8217;est le transport routier (les voitures, les camions, etc.) qui repr\u00e9sente 11%. Le transport a\u00e9rien, 2,5%. Et le reste, c&#8217;est le train et le transport maritime : 0,5%. Et puis, pour finir, il y a les autres \u00e9nergies, en particulier l&#8217;extraction et le raffinage du p\u00e9trole, qui repr\u00e9sentent 10% des gaz \u00e0 effet de serre. Et le dernier secteur, c&#8217;est celui du b\u00e2timent et de la construction, qui repr\u00e9sente 6%.<\/p>\n<p><a id=\"sonaar_ts-6927ce6342089\" class=\"srmp3_sonaar_ts_shortcode\"  style=\"\" href=\"javascript:sonaar_ts_shortcode({ trackid:'0', time:'00:15:48', ts_id:'6927ce6342089', play_icon:'' }) ;\">[00:15:48]<\/a> Vous voyez, la contribution du secteur du transport a\u00e9rien, c&#8217;est \u00abseulement\u00bb 2,5%. Donc \u00e7a peut sembler assez marginal compar\u00e9 aux autres secteurs. Par exemple, il y a une autre \u00e9tude qui montre que le secteur internet contribue \u00e0 4% des \u00e9missions de gaz \u00e0 effet de serre (\u00e0 cause des serveurs, par exemple). Alors quand on voit \u00e7a, on se dit que c&#8217;est peut-\u00eatre mieux d&#8217;arr\u00eater d&#8217;acheter des v\u00eatements ou d&#8217;arr\u00eater de regarder Netflix pour prot\u00e9ger l&#8217;environnement, que de ne pas partir en vacances.<\/p>\n<p><a id=\"sonaar_ts-6927ce634208d\" class=\"srmp3_sonaar_ts_shortcode\"  style=\"\" href=\"javascript:sonaar_ts_shortcode({ trackid:'0', time:'00:16:28', ts_id:'6927ce634208d', play_icon:'' }) ;\">[00:16:28]<\/a> Le probl\u00e8me avec le transport a\u00e9rien, c&#8217;est qu&#8217;il a un grand impact compte tenu du petit nombre de personnes \u00e0 qui il profite. Pour rappel, 80%, entre 80 et 90% de la population mondiale n&#8217;a jamais pris l&#8217;avion. Donc un petit nombre de personnes est responsable d&#8217;une part significative des \u00e9missions de CO2. En fait, le poids du secteur du transport a\u00e9rien est plus faible tout simplement parce qu&#8217;il y a beaucoup plus de voitures, de camions, de motos, etc., que d&#8217;avions. Il y a beaucoup plus de personnes qui ont une voiture et qui l&#8217;utilisent r\u00e9guli\u00e8rement que de personnes qui prennent l&#8217;avion au moins une fois par an.<\/p>\n<p><a id=\"sonaar_ts-6927ce6342092\" class=\"srmp3_sonaar_ts_shortcode\"  style=\"\" href=\"javascript:sonaar_ts_shortcode({ trackid:'0', time:'00:17:13', ts_id:'6927ce6342092', play_icon:'' }) ;\">[00:17:13]<\/a> Mais quand on compare la pollution moyenne par passager des diff\u00e9rents modes de transport, on voit que l&#8217;avion est de loin le pire. Par exemple, il y a une \u00e9tude de 2014 qui a \u00e9t\u00e9 publi\u00e9e par l&#8217;Agence europ\u00e9enne pour l&#8217;environnement, qui a essay\u00e9 de mesurer les \u00e9missions moyennes de CO2 par passager par moyen de transport. Cette \u00e9tude montre que le passager d&#8217;un avion \u00e9met en moyenne 7 fois plus de CO2 que celui d&#8217;une voiture et 20 fois plus que celui d&#8217;un train. Donc l\u00e0, vous voyez que la diff\u00e9rence est vraiment significative.<\/p>\n<p><a id=\"sonaar_ts-6927ce6342096\" class=\"srmp3_sonaar_ts_shortcode\"  style=\"\" href=\"javascript:sonaar_ts_shortcode({ trackid:'0', time:'00:17:58', ts_id:'6927ce6342096', play_icon:'' }) ;\">[00:17:58]<\/a> Alors, bien s\u00fbr, il y a de nombreux cas o\u00f9 l&#8217;avion reste n\u00e9cessaire, par exemple pour envoyer rapidement des m\u00e9decins et des secours apr\u00e8s une catastrophe naturelle, pour transporter certains produits strat\u00e9giques, des m\u00e9dicaments, etc. Mais ces cas sont assez marginaux quand on les compare au transport de passagers pour des motifs qui sont purement des loisirs, pour les vacances, pour le plaisir, etc.<\/p>\n<p><a id=\"sonaar_ts-6927ce634209a\" class=\"srmp3_sonaar_ts_shortcode\"  style=\"\" href=\"javascript:sonaar_ts_shortcode({ trackid:'0', time:'00:18:30', ts_id:'6927ce634209a', play_icon:'' }) ;\">[00:18:30]<\/a> C&#8217;est important de conna\u00eetre la r\u00e9partition de la pollution en fonction des secteurs parce qu&#8217;on n&#8217;en est pas toujours conscient. Mais bon, une fois qu&#8217;on a cette information, on se demande ce qu&#8217;on peut y faire. Est-ce qu&#8217;on peut vraiment y changer quelque chose ? En fait, la question, c&#8217;est : qu&#8217;est-ce qu&#8217;on peut faire, nous, au niveau individuel, pour essayer de r\u00e9duire ces \u00e9missions ?<\/p>\n<p><a id=\"sonaar_ts-6927ce634209f\" class=\"srmp3_sonaar_ts_shortcode\"  style=\"\" href=\"javascript:sonaar_ts_shortcode({ trackid:'0', time:'00:19:01', ts_id:'6927ce634209f', play_icon:'' }) ;\">[00:19:01]<\/a> En 2015, les pays du monde entier se sont r\u00e9unis \u00e0 Paris pour signer des accords sur la protection de l&#8217;environnement, les accords de Paris. Bon ensuite, certains pays ont d\u00e9cid\u00e9 de sortir de ces accords \u00e0 cause de d\u00e9cisions de certains pr\u00e9sidents, bref&#8230; Ce qu&#8217;il faut savoir, c&#8217;est que l&#8217;objectif des accords de Paris, c&#8217;est de limiter le r\u00e9chauffement climatique \u00e0 +1,5 \u00b0C (degr\u00e9s Celsius, \u00e9videmment) d&#8217;ici 2050.<\/p>\n<p><a id=\"sonaar_ts-6927ce63420a3\" class=\"srmp3_sonaar_ts_shortcode\"  style=\"\" href=\"javascript:sonaar_ts_shortcode({ trackid:'0', time:'00:19:32', ts_id:'6927ce63420a3', play_icon:'' }) ;\">[00:19:32]<\/a> Au niveau individuel, qu&#8217;est-ce que \u00e7a repr\u00e9sente ? En fait, si on veut respecter les accords de Paris, il faut que chaque personne n&#8217;\u00e9mette pas plus de deux tonnes de CO2 par an. Alors, \u00e7a peut sembler beaucoup. 2 tonnes de CO2, c&#8217;est un peu difficile de se rendre compte de ce que \u00e7a repr\u00e9sente.<\/p>\n<p><a id=\"sonaar_ts-6927ce63420a8\" class=\"srmp3_sonaar_ts_shortcode\"  style=\"\" href=\"javascript:sonaar_ts_shortcode({ trackid:'0', time:'00:19:52', ts_id:'6927ce63420a8', play_icon:'' }) ;\">[00:19:52]<\/a> Alors pour savoir \u00e7a, il y a plein d&#8217;outils qui sont disponibles sur internet. Vous pouvez calculer votre budget [en dioxyde de] carbone, combien vous \u00e9mettez de [dioxyde de] carbone chaque ann\u00e9e en fonction de l&#8217;endroit o\u00f9 vous vivez, de votre logement, du chauffage, de votre alimentation, est-ce que vous poss\u00e9dez une voiture ou pas, est-ce que vous prenez l&#8217;avion souvent, etc. En entrant toutes ces informations, vous pouvez voir combien de tonnes de [dioxyde de] carbone vous \u00e9mettez chaque ann\u00e9e.<\/p>\n<p><a id=\"sonaar_ts-6927ce63420ac\" class=\"srmp3_sonaar_ts_shortcode\"  style=\"\" href=\"javascript:sonaar_ts_shortcode({ trackid:'0', time:'00:20:29', ts_id:'6927ce63420ac', play_icon:'' }) ;\">[00:20:29]<\/a> Alors moi, je l&#8217;ai fait et j&#8217;ai \u00e9t\u00e9 assez choqu\u00e9 des r\u00e9sultats. Par exemple, vous vous rappelez peut-\u00eatre que l&#8217;\u00e9t\u00e9 dernier, je suis all\u00e9 passer des vacances en Tha\u00eflande. Et simplement ce voyage pour aller en Tha\u00eflande, \u00e7a repr\u00e9sente 4 tonnes de CO2. Autrement dit, 2 fois la quantit\u00e9 annuelle que je devrais respecter pour respecter les accords de Paris. Donc voil\u00e0, simplement pour aller en Tha\u00eflande 2 semaines, j&#8217;ai explos\u00e9 mon budget de CO2 ! Comme j&#8217;habite en Pologne, j&#8217;essaye aussi de rentrer en France r\u00e9guli\u00e8rement, deux fois par an. J&#8217;aimerais bien rentrer un peu plus souvent, mais c&#8217;est pas toujours possible. Alors, si je fais deux allers-retours Paris-Varsovie en avion, eh bien \u00e7a repr\u00e9sente 1,16 tonnes de CO2 : plus de la moiti\u00e9 de mon budget annuel en \u00e9missions de CO2 !<\/p>\n<p><a id=\"sonaar_ts-6927ce63420b1\" class=\"srmp3_sonaar_ts_shortcode\"  style=\"\" href=\"javascript:sonaar_ts_shortcode({ trackid:'0', time:'00:21:33', ts_id:'6927ce63420b1', play_icon:'' }) ;\">[00:21:33]<\/a> Alors, si je prends pas en compte ces vacances en Tha\u00eflande et que j&#8217;analyse seulement les \u00e9missions qui sont li\u00e9es \u00e0 mon mode de vie. Eh bien, l\u00e0 aussi, le verdict est plut\u00f4t n\u00e9gatif parce que j&#8217;\u00e9mets 4,5 tonnes de CO2 par an, qui sont li\u00e9es principalement au chauffage de mon appartement, \u00e0 mes repas et aux d\u00e9chets que je produis. Je vis pas dans un tr\u00e8s grand appartement, mais c&#8217;est quand m\u00eame quelque chose qui \u00e9met beaucoup de CO2 pour pouvoir le chauffer. Surtout qu&#8217;en Pologne, il fait plut\u00f4t froid l&#8217;hiver. Je n&#8217;ai pas de voiture. Je n&#8217;ai pas besoin, m\u00eame, de prendre les transports en commun pour aller au travail parce que je travaille \u00e0 la maison. Je trie mes d\u00e9chets. Je suis v\u00e9gane (et c&#8217;est vrai que l&#8217;alimentation v\u00e9g\u00e9talienne est meilleure pour l&#8217;environnement qu&#8217;une alimentation carn\u00e9e, une alimentation avec de la viande). Mais malgr\u00e9 tout \u00e7a, j&#8217;\u00e9mets deux fois plus de CO2 que je le devrais. Donc, quand on voit ce genre de r\u00e9sultat, je peux vous dire que c&#8217;est assez d\u00e9courageant.<\/p>\n<p><a id=\"sonaar_ts-6927ce63420b5\" class=\"srmp3_sonaar_ts_shortcode\"  style=\"\" href=\"javascript:sonaar_ts_shortcode({ trackid:'0', time:'00:22:41', ts_id:'6927ce63420b5', play_icon:'' }) ;\">[00:22:41]<\/a> Maintenant que j&#8217;ai tous ces r\u00e9sultats, la question, c&#8217;est : pourquoi je fais rien ? Pourquoi je n&#8217;essaye pas de changer la situation ? Et l\u00e0, je me rends compte que j&#8217;utilise un peu les m\u00eames arguments que ceux que j&#8217;entends souvent chez les personnes qui ne veulent pas arr\u00eater de manger de la viande. Je sais que prendre l&#8217;avion, c&#8217;est mauvais pour l&#8217;environnement. Mais moi, j&#8217;adore partir en vacances. J&#8217;ai pas envie de me priver de mes vacances. J&#8217;en ai besoin parce que je travaille dur toute l&#8217;ann\u00e9e. Donc voil\u00e0, je m\u00e9rite des vacances l&#8217;\u00e9t\u00e9 ! Et l\u00e0, on peut me dire : \u00abOui, mais tu pourrais partir en vacances en Pologne, par exemple.\u00bb En Pologne, il y a la mer, il y a la montagne. Je pourrais y aller en train. Et il y aurait beaucoup moins d&#8217;\u00e9missions de CO2.<\/p>\n<p><a id=\"sonaar_ts-6927ce63420ba\" class=\"srmp3_sonaar_ts_shortcode\"  style=\"\" href=\"javascript:sonaar_ts_shortcode({ trackid:'0', time:'00:23:30', ts_id:'6927ce63420ba', play_icon:'' }) ;\">[00:23:30]<\/a> Bon, \u00e7a, ok. Mais d&#8217;un autre c\u00f4t\u00e9, je dois rentrer en France. J&#8217;ai pas le choix ! Ma famille est l\u00e0-bas. Je dois voir ma famille. Oui, mais l\u00e0, on pourrait me dire de prendre le train. Ah oui, mais prendre le train, c&#8217;est difficile. C&#8217;est vrai que l&#8217;avion est plus rapide et souvent moins cher que les autres modes de transport. Par exemple, si je voulais rentrer \u00e0 Paris en train depuis Varsovie, \u00e7a serait deux fois plus cher et trois fois plus long qu&#8217;en avion. En plus, il faudrait que je prenne 3 trains diff\u00e9rents. Donc, c&#8217;est vraiment pas pratique.<\/p>\n<p><a id=\"sonaar_ts-6927ce63420be\" class=\"srmp3_sonaar_ts_shortcode\"  style=\"\" href=\"javascript:sonaar_ts_shortcode({ trackid:'0', time:'00:24:05', ts_id:'6927ce63420be', play_icon:'' }) ;\">[00:24:05]<\/a> Bon, ces difficult\u00e9s, elles sont pas insurmontables. \u00abInsurmontable\u00bb, \u00e7a veut dire que quelque chose est impossible \u00e0 surmonter, \u00e0 d\u00e9passer. Par exemple, on dit souvent \u00abun obstacle insurmontable\u00bb, \u00e7a veut dire qu&#8217;on ne peut pas d\u00e9passer cet obstacle. Ces difficult\u00e9s, elles ne sont pas insurmontables, mais pour \u00eatre honn\u00eate, je ne suis pas pr\u00eat \u00e0 faire ce genre de sacrifices.<\/p>\n<p><a id=\"sonaar_ts-6927ce63420d6\" class=\"srmp3_sonaar_ts_shortcode\"  style=\"\" href=\"javascript:sonaar_ts_shortcode({ trackid:'0', time:'00:24:30', ts_id:'6927ce63420d6', play_icon:'' }) ;\">[00:24:30]<\/a> Et l\u00e0, je pense qu&#8217;on touche au c\u0153ur du probl\u00e8me. Arr\u00eater de prendre l&#8217;avion pour diminuer ses \u00e9missions de CO2, \u00e7a demande de sacrifier du temps, de l&#8217;argent, du confort ou du plaisir. Et la v\u00e9rit\u00e9, c&#8217;est que peu de personnes, moi y compris, sont pr\u00eates \u00e0 faire ces sacrifices. Je sais qu&#8217;une fois, une auditrice du podcast avait envoy\u00e9 un t\u00e9moignage o\u00f9 elle disait qu&#8217;elle ne prenait pas l&#8217;avion, justement, pour prot\u00e9ger l&#8217;environnement et j&#8217;avais trouv\u00e9 \u00e7a tr\u00e8s courageux. Mais moi, je ne suis pas pr\u00eat \u00e0 faire ce genre de sacrifices alors que je suis conscient des dangers, des risques que \u00e7a repr\u00e9sente pour l&#8217;environnement, que voyager n&#8217;est pas non plus une passion pour moi. Je pense que je pourrais m&#8217;en passer. Je pourrais faire sans. Je pourrais ne pas voyager dans des pays exotiques. Mais comment est-ce qu&#8217;on peut renoncer \u00e0 tout \u00e7a ?<\/p>\n<p><a id=\"sonaar_ts-6927ce63420db\" class=\"srmp3_sonaar_ts_shortcode\"  style=\"\" href=\"javascript:sonaar_ts_shortcode({ trackid:'0', time:'00:25:28', ts_id:'6927ce63420db', play_icon:'' }) ;\">[00:25:28]<\/a> Et en plus, c&#8217;est assez d\u00e9courageant quand on voit que d&#8217;autres personnes, peut-\u00eatre un peu moins conscientes que nous, ou encore plus \u00e9go\u00efstes que nous, ne se privent pas de le faire, et qu&#8217;elles publient leurs photos sur Instagram pour nous montrer un super coucher de soleil \u00e0 Bali. Et nous, on est chez nous, dans notre canap\u00e9, en face de Netflix et on est jaloux de tout \u00e7a. \u00c0 ce moment-l\u00e0, on peut avoir l&#8217;impression d&#8217;avoir fait tous ces sacrifices pour rien, alors que d&#8217;autres continuent d&#8217;en profiter et de vivre leur vie sans faire aucun sacrifice.<\/p>\n<p><a id=\"sonaar_ts-6927ce63420df\" class=\"srmp3_sonaar_ts_shortcode\"  style=\"\" href=\"javascript:sonaar_ts_shortcode({ trackid:'0', time:'00:26:15', ts_id:'6927ce63420df', play_icon:'' }) ;\">[00:26:15]<\/a> Alors, quelles solutions existent pour essayer de r\u00e9soudre ce dilemme ?<\/p>\n<p><a id=\"sonaar_ts-6927ce63420e3\" class=\"srmp3_sonaar_ts_shortcode\"  style=\"\" href=\"javascript:sonaar_ts_shortcode({ trackid:'0', time:'00:26:22', ts_id:'6927ce63420e3', play_icon:'' }) ;\">[00:26:22]<\/a> D\u00e9j\u00e0, on peut se demander ce que les Etats pourraient faire. En France, l&#8217;ann\u00e9e derni\u00e8re, il y a eu une proposition de loi pour supprimer les vols internes quand une liaison de train existe et que cette liaison de train prend seulement 2h30 de plus, qu&#8217;il y a seulement 2h30 de diff\u00e9rence entre le vol en avion et le m\u00eame trajet en train. Mais cette proposition de loi, malheureusement, a \u00e9t\u00e9 rejet\u00e9e.<\/p>\n<p><a id=\"sonaar_ts-6927ce63420e8\" class=\"srmp3_sonaar_ts_shortcode\"  style=\"\" href=\"javascript:sonaar_ts_shortcode({ trackid:'0', time:'00:26:53', ts_id:'6927ce63420e8', play_icon:'' }) ;\">[00:26:53]<\/a> Une autre raison, c&#8217;est qu&#8217;en France, les vols sont tr\u00e8s peu tax\u00e9s. C&#8217;est pour \u00e7a qu&#8217;ils sont si peu chers. Alors, \u00e7a pourrait \u00eatre une bonne id\u00e9e de taxer le k\u00e9ros\u00e8ne (autrement dit, l&#8217;essence qu&#8217;on utilise pour les avions). Parce qu&#8217;aujourd&#8217;hui, le k\u00e9ros\u00e8ne n&#8217;est pas tax\u00e9 donc c&#8217;est pas tr\u00e8s cher pour les avions d&#8217;acheter du carburant, contrairement \u00e0 l&#8217;essence pour les voitures. L&#8217;essence pour les voitures, elle, elle est tax\u00e9e. Et c&#8217;est pareil en ce qui concerne la TVA. Vous savez, en Europe, on a une taxe sp\u00e9ciale sur la consommation, la taxe sur la valeur ajout\u00e9e. Et en France, cette TVA sur les vols internationaux, elle b\u00e9n\u00e9ficie d&#8217;un taux r\u00e9duit de seulement 10% alors que le taux normal, c&#8217;est 20%.<\/p>\n<p><a id=\"sonaar_ts-6927ce63420f0\" class=\"srmp3_sonaar_ts_shortcode\"  style=\"\" href=\"javascript:sonaar_ts_shortcode({ trackid:'0', time:'00:27:41', ts_id:'6927ce63420f0', play_icon:'' }) ;\">[00:27:41]<\/a> Et l\u00e0, vous vous demandez peut-\u00eatre : mais pourquoi les vols sont si peu tax\u00e9s. Pourquoi les vols sont moins tax\u00e9s que les trajets en train ou en voiture, par exemple ? En tout cas, moi, je me suis pos\u00e9 la question. Et l&#8217;explication, c&#8217;est qu&#8217;apr\u00e8s la Seconde Guerre mondiale, les gouvernements ont voulu reconvertir l&#8217;aviation militaire en aviation civile, encourager les gens \u00e0 prendre l&#8217;avion pour aller dans les autres pays, pour se conna\u00eetre, etc. Donc c&#8217;est pour \u00e7a que les vols \u00e9taient tr\u00e8s peu tax\u00e9s. Mais bon, aujourd&#8217;hui, c&#8217;est plus le m\u00eame contexte. On est dans une nouvelle guerre, la guerre climatique, donc \u00e7a n&#8217;a pas vraiment de sens de moins taxer les vols que les autres formes de transport.<\/p>\n<p><a id=\"sonaar_ts-6927ce63420f5\" class=\"srmp3_sonaar_ts_shortcode\"  style=\"\" href=\"javascript:sonaar_ts_shortcode({ trackid:'0', time:'00:28:26', ts_id:'6927ce63420f5', play_icon:'' }) ;\">[00:28:26]<\/a> Et puis, il faut savoir que dans beaucoup de pays, le secteur de l&#8217;aviation repr\u00e9sente un poids important dans l&#8217;\u00e9conomie. Par exemple en France, l&#8217;aviation repr\u00e9sente plus de 100 000 emplois directs. Vous connaissez peut-\u00eatre l&#8217;entreprise Airbus qui produit des avions. C&#8217;est le principal concurrent de Boeing. Eh bien il y a beaucoup d&#8217;usines Airbus, de lieux d&#8217;assemblage, qui se trouvent en France, notamment \u00e0 Toulouse. Comme c&#8217;est un secteur important, l&#8217;Etat continue d&#8217;essayer de le stimuler, notamment avec des taxes qui restent faibles.<\/p>\n<p><a id=\"sonaar_ts-6927ce63420f9\" class=\"srmp3_sonaar_ts_shortcode\"  style=\"\" href=\"javascript:sonaar_ts_shortcode({ trackid:'0', time:'00:29:06', ts_id:'6927ce63420f9', play_icon:'' }) ;\">[00:29:06]<\/a> Alors, peut-\u00eatre que la responsabilit\u00e9 en incombe aux entreprises. Peut-\u00eatre que ce sont les entreprises qui doivent faire des efforts pour limiter les \u00e9missions de CO2 de l&#8217;aviation.<\/p>\n<p><a id=\"sonaar_ts-6927ce63420fd\" class=\"srmp3_sonaar_ts_shortcode\"  style=\"\" href=\"javascript:sonaar_ts_shortcode({ trackid:'0', time:'00:29:19', ts_id:'6927ce63420fd', play_icon:'' }) ;\">[00:29:19]<\/a> On entend de plus en plus souvent parler de l&#8217;avion vert. \u00c7a serait un avion qui serait capable de voler en ayant des \u00e9missions de CO2 tr\u00e8s faibles gr\u00e2ce \u00e0 des am\u00e9liorations techniques qui permettraient d&#8217;utiliser moins de carburant, ou alors des \u00e9nergies moins polluantes. Mais beaucoup d&#8217;experts pensent que c&#8217;est plus un r\u00eave qu&#8217;une r\u00e9alit\u00e9. Il y a eu d\u00e9j\u00e0 beaucoup d&#8217;am\u00e9liorations techniques ces 20, 30 derni\u00e8res ann\u00e9es. Donc, il est peu probable que d&#8217;ici 2050, les entreprises r\u00e9ussissent \u00e0 produire un avion vert, un avion, par exemple, qui soit&#8230; qui fonctionne gr\u00e2ce \u00e0 l&#8217;\u00e9lectricit\u00e9. C&#8217;est plus un r\u00eave qu&#8217;une r\u00e9alit\u00e9 envisageable.<\/p>\n<p><a id=\"sonaar_ts-6927ce6342102\" class=\"srmp3_sonaar_ts_shortcode\"  style=\"\" href=\"javascript:sonaar_ts_shortcode({ trackid:'0', time:'00:30:06', ts_id:'6927ce6342102', play_icon:'' }) ;\">[00:30:06]<\/a> L&#8217;autre solution, un peu plus r\u00e9aliste et qui est d\u00e9j\u00e0 en place, c&#8217;est, comme je l&#8217;ai dit en introduction, les compensations de CO2. La fa\u00e7on dont \u00e7a fonctionne, c&#8217;est que les passagers donnent de l&#8217;argent, quand ils ach\u00e8tent leur billet d&#8217;avion, ils payent un suppl\u00e9ment. Et cet argent est utilis\u00e9 pour planter des arbres ou pour d\u00e9velopper des zones agricoles. Gr\u00e2ce \u00e0 \u00e7a, gr\u00e2ce \u00e0 ces plantes, ces arbres, on peut cr\u00e9er des puits de CO2, autrement dit des zones qui vont absorber le dioxyde de carbone et qui vont permettre d&#8217;\u00eatre \u00e0 l&#8217;\u00e9quilibre, que les \u00e9missions soient compens\u00e9es par tous ces arbres, toutes ces zones agricoles qu&#8217;on va planter.<\/p>\n<p><a id=\"sonaar_ts-6927ce634210a\" class=\"srmp3_sonaar_ts_shortcode\"  style=\"\" href=\"javascript:sonaar_ts_shortcode({ trackid:'0', time:'00:30:53', ts_id:'6927ce634210a', play_icon:'' }) ;\">[00:30:53]<\/a> Le probl\u00e8me, c&#8217;est que planter des arbres, \u00e7a ne suffit pas. \u00c7a demande des comp\u00e9tences en gestion de for\u00eats et \u00e7a demande de suivre ces arbres et leur croissance sur plusieurs dizaines d&#8217;ann\u00e9es. Il y a eu une tentative avec un programme en Turquie, o\u00f9 11 millions d&#8217;arbres ont \u00e9t\u00e9 plant\u00e9s en novembre 2019 et seulement quelques mois plus tard, la plupart de ces arbres \u00e9taient d\u00e9j\u00e0 morts. Donc ce sont des beaux projets sur le papier, mais ensuite ils ne sont pas toujours bien r\u00e9alis\u00e9s.<\/p>\n<p><a id=\"sonaar_ts-6927ce634210f\" class=\"srmp3_sonaar_ts_shortcode\"  style=\"\" href=\"javascript:sonaar_ts_shortcode({ trackid:'0', time:'00:31:32', ts_id:'6927ce634210f', play_icon:'' }) ;\">[00:31:32]<\/a> Un autre probl\u00e8me, c&#8217;est que planter tous ces arbres, eh bien \u00e7a demande des surfaces importantes. Par exemple, si on voulait seulement compenser les \u00e9missions de CO2 du secteur a\u00e9rien, il faudrait une for\u00eat qui fasse la taille de 2,2 fois la France. Donc, il faudrait une for\u00eat qui fasse 2,2 fois la taille de la France pour pouvoir absorber tout le CO2 qui est \u00e9mis par le transport a\u00e9rien. Le probl\u00e8me, c&#8217;est qu&#8217;il y a d&#8217;autres secteurs qui produisent encore plus de CO2 que le transport a\u00e9rien. Vous le savez, j&#8217;en ai parl\u00e9 un peu plus t\u00f4t. Alors, comment on fait ? Est-ce qu&#8217;on pourrait planter suffisamment d&#8217;arbres ? Est-ce qu&#8217;il y aurait assez de place pour pouvoir compenser les \u00e9missions de CO2 de tous ces secteurs ? C&#8217;est assez peu r\u00e9aliste.<\/p>\n<p><a id=\"sonaar_ts-6927ce6342113\" class=\"srmp3_sonaar_ts_shortcode\"  style=\"\" href=\"javascript:sonaar_ts_shortcode({ trackid:'0', time:'00:32:27', ts_id:'6927ce6342113', play_icon:'' }) ;\">[00:32:27]<\/a> Bref, ce m\u00e9canisme de compensation de CO2, c&#8217;est mieux que rien, comme on dit en fran\u00e7ais, \u00abc&#8217;est mieux que rien\u00bb, mais c&#8217;est pas une solution miracle. Non seulement, elle ne compense pas vraiment les \u00e9missions de CO2. Mais en plus, elle retarde les transitions n\u00e9cessaires. On pense que c&#8217;est une solution efficace et qu&#8217;on n&#8217;a pas besoin de faire d&#8217;autres efforts. Mais l\u00e0 aussi, c&#8217;est plut\u00f4t une illusion.<\/p>\n<p><a id=\"sonaar_ts-6927ce6342117\" class=\"srmp3_sonaar_ts_shortcode\"  style=\"\" href=\"javascript:sonaar_ts_shortcode({ trackid:'0', time:'00:33:00', ts_id:'6927ce6342117', play_icon:'' }) ;\">[00:33:00]<\/a> Alors maintenant, il reste la soci\u00e9t\u00e9 civile. Vous et moi, qu&#8217;est-ce qu&#8217;on peut faire pour essayer d&#8217;am\u00e9liorer la situation ?<\/p>\n<p><a id=\"sonaar_ts-6927ce634211c\" class=\"srmp3_sonaar_ts_shortcode\"  style=\"\" href=\"javascript:sonaar_ts_shortcode({ trackid:'0', time:'00:33:08', ts_id:'6927ce634211c', play_icon:'' }) ;\">[00:33:08]<\/a> En fait, le vrai changement, il doit venir de la demande, de nous. On doit changer nos habitudes et nos attitudes par rapport \u00e0 l&#8217;avion. \u00c7a peut sembler difficile, mais dans certains pays, \u00e7a commence d\u00e9j\u00e0 \u00e0 appara\u00eetre. Par exemple, en Su\u00e8de, il y a un nouveau mot qui est apparu : \u00abflygskam\u00bb. \u00c7a veut dire (bon, excusez mon accent su\u00e9dois, je ne parle pas du tout su\u00e9dois) mais c&#8217;est \u00abla honte de prendre l&#8217;avion\u00bb. En fran\u00e7ais, on a trouv\u00e9 l&#8217;\u00e9quivalent \u00abavihonte\u00bb (donc a-v-i-h-o-n-t-e). C&#8217;est un m\u00e9lange de \u00abavion\u00bb et du mot \u00abhonte\u00bb, quand on a honte de quelque chose. De plus en plus de personnes ont honte de prendre l&#8217;avion. Par exemple, j&#8217;ai des amis qui sont all\u00e9s en vacances au Mexique, il y a quelques temps, et ils m&#8217;ont dit que beaucoup de personnes autour d&#8217;eux ont essay\u00e9 de les faire culpabiliser en leur disant que ce n&#8217;\u00e9tait pas raisonnable de prendre l&#8217;avion pour aller aussi loin, que c&#8217;\u00e9tait mauvais pour l&#8217;environnement, etc.<\/p>\n<p><a id=\"sonaar_ts-6927ce6342124\" class=\"srmp3_sonaar_ts_shortcode\"  style=\"\" href=\"javascript:sonaar_ts_shortcode({ trackid:'0', time:'00:34:18', ts_id:'6927ce6342124', play_icon:'' }) ;\">[00:34:18]<\/a> Donc, il y a une esp\u00e8ce de<\/p>\n\n\n\n<p>pression sociale qui commence \u00e0 appara\u00eetre. Et la pression sociale, c&#8217;est toujours un bon moteur de changement. Quand partir en vacances \u00e0 l&#8217;autre bout du monde ne suscitera plus l&#8217;admiration de vos amis, mais au contraire leur m\u00e9pris, \u00e0 ce moment-l\u00e0, \u00e7a sera plus facile d&#8217;y renoncer.<\/p>\n\n\n\n<p><a id=\"sonaar_ts-6927ce6342129\" class=\"srmp3_sonaar_ts_shortcode\"  style=\"\" href=\"javascript:sonaar_ts_shortcode({ trackid:'0', time:'00:34:40', ts_id:'6927ce6342129', play_icon:'' }) ;\">[00:34:40]<\/a> \u00c7a sera aussi plus facile de renoncer \u00e0 ces longs voyages quand il y aura davantage d&#8217;alternatives. Et \u00e7a aussi, \u00e7a se d\u00e9veloppe beaucoup, ce qu&#8217;on appelle le tourisme local, quand vous partez en vacances pas tr\u00e8s loin de chez vous, en train, par exemple. En France, c&#8217;est super parce que la France a beaucoup de r\u00e9gions magnifiques. Donc, on est tr\u00e8s chanceux. On a aussi la mer, la montagne. C&#8217;est tr\u00e8s facile de partir en vacances en France. Mais en r\u00e8gle g\u00e9n\u00e9rale, quand les gens vont red\u00e9couvrir leur pays, red\u00e9couvrir qu&#8217;il y a des destinations tr\u00e8s sympas pas tr\u00e8s loin de chez eux, eh bien ils vont peut-\u00eatre arr\u00eater d&#8217;avoir ce r\u00e9flexe de prendre des billets d&#8217;avion pour partir \u00e0 l&#8217;autre bout du monde.<\/p>\n\n\n\n<p><a id=\"sonaar_ts-6927ce634212d\" class=\"srmp3_sonaar_ts_shortcode\"  style=\"\" href=\"javascript:sonaar_ts_shortcode({ trackid:'0', time:'00:35:39', ts_id:'6927ce634212d', play_icon:'' }) ;\">[00:35:39]<\/a> Les mentalit\u00e9s ont besoin de temps pour \u00e9voluer. C&#8217;est pas un changement qui va se produire du jour au lendemain. Mais parfois, il suffit de pas grand-chose pour obtenir de bons r\u00e9sultats. Par exemple, moi, je suis loin d&#8217;\u00eatre parfait en mati\u00e8re d&#8217;environnement. Je pense que j&#8217;ai encore beaucoup d&#8217;efforts \u00e0 faire. Mais gr\u00e2ce \u00e0 ce podcast, j&#8217;ai pu influencer certains d&#8217;entre vous. Par exemple, il y a quelques jours, Juan a laiss\u00e9 un commentaire sur l&#8217;\u00e9pisode au sujet de la menace plastique, de la pollution plastique dans les oc\u00e9ans. Et dans ce commentaire, il disait : \u00abJe vais commencer une initiative dans mon universit\u00e9 pour r\u00e9duire l&#8217;utilisation du plastique au resto U\u00bb (autrement dit, au resto universitaire, la cantine pour les \u00e9tudiants).<\/p>\n\n\n\n<p><a id=\"sonaar_ts-6927ce6342131\" class=\"srmp3_sonaar_ts_shortcode\"  style=\"\" href=\"javascript:sonaar_ts_shortcode({ trackid:'0', time:'00:36:33', ts_id:'6927ce6342131', play_icon:'' }) ;\">[00:36:33]<\/a> Donc voil\u00e0, vous voyez parfois en faisant&#8230; simplement en discutant de \u00e7a, en en parlant autour de vous, \u00e7a peut avoir&#8230; \u00e7a peut inspirer d&#8217;autres personnes. Comme \u00e7a, vous pouvez continuer de ne rien faire en esp\u00e9rant que les autres feront tout le travail \u00e0 votre place !<\/p>\n\n\n\n<p><a id=\"sonaar_ts-6927ce6342136\" class=\"srmp3_sonaar_ts_shortcode\"  style=\"\" href=\"javascript:sonaar_ts_shortcode({ trackid:'0', time:'00:36:53', ts_id:'6927ce6342136', play_icon:'' }) ;\">[00:36:53]<\/a> Voil\u00e0, c&#8217;est la fin de cet \u00e9pisode. Je vois que j&#8217;ai d\u00e9pass\u00e9 les 30 minutes. Encore une fois, je n&#8217;ai pas r\u00e9ussi \u00e0 tenir ma promesse. Bon, peut-\u00eatre la prochaine fois. Comme je vous l&#8217;ai dit, je vais faire une petite pause. Profitez bien de vos vacances si vous en avez. N&#8217;oubliez pas de faire un peu de fran\u00e7ais tous les jours et on se retrouve au mois de septembre. Bonnes vacances, ciao !<\/p>\n","protected":false},"excerpt":{"rendered":"<p>Salut \u00e0 toutes et \u00e0 tous, bienvenue ! C&#8217;est Hugo et je suis tr\u00e8s content de vous retrouver pour faire un peu de fran\u00e7ais ensemble. Peut-\u00eatre que certains d&#8217;entre vous sont en vacances et que vous m&#8217;\u00e9coutez \u00e0 la plage ou \u00e0 la montagne. Vous avez de la chance, profitez-en. Pour moi, c&#8217;est pas encore&#8230;<\/p>\n","protected":false},"author":1,"featured_media":289662,"comment_status":"open","ping_status":"open","sticky":false,"template":"","format":[189],"meta":{"_acf_changed":false,"_kad_blocks_custom_css":"","_kad_blocks_head_custom_js":"","_kad_blocks_body_custom_js":"","_kad_blocks_footer_custom_js":"","_kad_post_transparent":"","_kad_post_title":"","_kad_post_layout":"","_kad_post_sidebar_id":"","_kad_post_content_style":"","_kad_post_vertical_padding":"","_kad_post_feature":"","_kad_post_feature_position":"","_kad_post_header":false,"_kad_post_footer":false,"_kad_post_classname":"","footnotes":""},"categories":[168],"tags":[178,171,172],"class_list":["post-4127","post","type-post","status-publish","format-standard","has-post-thumbnail","hentry","category-podcast","tag-ecologie","tag-sciences-technologie","tag-societe","format-solo-hugo"],"acf":[],"taxonomy_info":{"category":[{"value":168,"label":"Podcast"}],"post_tag":[{"value":178,"label":"Ecologie"},{"value":171,"label":"Sciences &amp; technologies"},{"value":172,"label":"Soci\u00e9t\u00e9"}],"format":[{"value":189,"label":"Solo Hugo"}]},"featured_image_src_large":["https:\/\/innerfrench.com\/wp-content\/uploads\/2020\/07\/avion-e1718021302942-750x406.jpg",750,406,true],"author_info":{"display_name":"Hugo","author_link":"https:\/\/innerfrench.com\/author\/innerfrench-2-2-2-2-2-2-2-2-2-2-2-2-2-2-2-2-2-2-2\/"},"comment_info":20,"category_info":[{"term_id":168,"name":"Podcast","slug":"podcast","term_group":0,"term_taxonomy_id":168,"taxonomy":"category","description":"","parent":0,"count":185,"filter":"raw","cat_ID":168,"category_count":185,"category_description":"","cat_name":"Podcast","category_nicename":"podcast","category_parent":0}],"tag_info":[{"term_id":178,"name":"Ecologie","slug":"ecologie","term_group":0,"term_taxonomy_id":178,"taxonomy":"post_tag","description":"","parent":0,"count":7,"filter":"raw"},{"term_id":171,"name":"Sciences &amp; technologies","slug":"sciences-technologie","term_group":0,"term_taxonomy_id":171,"taxonomy":"post_tag","description":"","parent":0,"count":17,"filter":"raw"},{"term_id":172,"name":"Soci\u00e9t\u00e9","slug":"societe","term_group":0,"term_taxonomy_id":172,"taxonomy":"post_tag","description":"","parent":0,"count":94,"filter":"raw"}],"_links":{"self":[{"href":"https:\/\/innerfrench.com\/wp-json\/wp\/v2\/posts\/4127","targetHints":{"allow":["GET"]}}],"collection":[{"href":"https:\/\/innerfrench.com\/wp-json\/wp\/v2\/posts"}],"about":[{"href":"https:\/\/innerfrench.com\/wp-json\/wp\/v2\/types\/post"}],"author":[{"embeddable":true,"href":"https:\/\/innerfrench.com\/wp-json\/wp\/v2\/users\/1"}],"replies":[{"embeddable":true,"href":"https:\/\/innerfrench.com\/wp-json\/wp\/v2\/comments?post=4127"}],"version-history":[{"count":2,"href":"https:\/\/innerfrench.com\/wp-json\/wp\/v2\/posts\/4127\/revisions"}],"predecessor-version":[{"id":294446,"href":"https:\/\/innerfrench.com\/wp-json\/wp\/v2\/posts\/4127\/revisions\/294446"}],"wp:featuredmedia":[{"embeddable":true,"href":"https:\/\/innerfrench.com\/wp-json\/wp\/v2\/media\/289662"}],"wp:attachment":[{"href":"https:\/\/innerfrench.com\/wp-json\/wp\/v2\/media?parent=4127"}],"wp:term":[{"taxonomy":"category","embeddable":true,"href":"https:\/\/innerfrench.com\/wp-json\/wp\/v2\/categories?post=4127"},{"taxonomy":"post_tag","embeddable":true,"href":"https:\/\/innerfrench.com\/wp-json\/wp\/v2\/tags?post=4127"},{"taxonomy":"format","embeddable":true,"href":"https:\/\/innerfrench.com\/wp-json\/wp\/v2\/format?post=4127"}],"curies":[{"name":"wp","href":"https:\/\/api.w.org\/{rel}","templated":true}]}}