{"id":505,"date":"2017-06-12T19:13:00","date_gmt":"2017-06-12T17:13:00","guid":{"rendered":"https:\/\/innerfrench.com\/?p=505"},"modified":"2025-10-02T12:27:42","modified_gmt":"2025-10-02T10:27:42","slug":"08-stereotypes-francais-verite","status":"publish","type":"post","link":"https:\/\/innerfrench.com\/08-stereotypes-francais-verite\/","title":{"rendered":"#08 La v\u00e9rit\u00e9 sur les Fran\u00e7ais"},"content":{"rendered":"\n<p>Salut \u00e0 tous, bienvenue, c\u2019est le huiti\u00e8me \u00e9pisode du Cottongue podcast.<\/p>\n\n\n\n<p><a id=\"sonaar_ts-6927ccfbd461b\" class=\"srmp3_sonaar_ts_shortcode\"  style=\"\" href=\"javascript:sonaar_ts_shortcode({ trackid:'0', time:'00:00:12', ts_id:'6927ccfbd461b', play_icon:'' }) ;\">[00:00:12]<\/a> J\u2019esp\u00e8re que vous allez bien et que vous \u00eates en forme. Comme d\u2019habitude, on va passer une trentaine de minutes ensemble et je vais vous parler d\u2019un sujet pour que vous puissiez \u00e9couter quelque chose d\u2019int\u00e9ressant en fran\u00e7ais.<\/p>\n\n\n\n<p><a id=\"sonaar_ts-6927ccfbd4628\" class=\"srmp3_sonaar_ts_shortcode\"  style=\"\" href=\"javascript:sonaar_ts_shortcode({ trackid:'0', time:'00:00:30', ts_id:'6927ccfbd4628', play_icon:'' }) ;\">[00:00:30]<\/a> Mais avant de vous parler du sujet du jour, j\u2019ai envie de vous parler d\u2019un e-mail que j\u2019ai re\u00e7u il y a quelques jours. Cet e-mail, c\u2019est John qui me l\u2019a envoy\u00e9. John, c\u2019est un auditeur du Cottongue podcast. Donc je vais vous lire son e-mail.<\/p>\n\n\n\n<a id=\"sonaar_ts-6927ccfbd462f\" class=\"srmp3_sonaar_ts_shortcode\"  style=\"\" href=\"javascript:sonaar_ts_shortcode({ trackid:'0', time:'00:00:30', ts_id:'6927ccfbd462f', play_icon:'' }) ;\">[00:00:30]<\/a>\n\n\n\n<p>\u00ab Bonjour Hugo,<br>Je vous remercie pour votre podcast. J\u2019apprends le fran\u00e7ais parce que je veux aider mon plus jeune fils qui apprend le fran\u00e7ais \u00e0 l\u2019\u00e9cole. Je n\u2019ai que le temps d\u2019apprendre le fran\u00e7ais le matin en route au travail, et l\u2019apr\u00e8s-midi lorsque je rentre chez moi. Je ne peux qu\u2019apprendre en \u00e9coutant des podcasts, parce que j\u2019ai du mal \u00e0 lire dans les transports publics. Jusqu\u2019\u00e0 maintenant, j\u2019ai eu du mal \u00e0 trouver des podcasts avec un niveau appropri\u00e9 pour moi, que je puisse comprendre. Je trouve que votre podcast est parfait pour moi, alors je vous remercie de le faire !<\/p>\n\n\n\n<p>Merci et cordialement,<br>John \u00bb<\/p>\n\n\n\n<p><a id=\"sonaar_ts-6927ccfbd4634\" class=\"srmp3_sonaar_ts_shortcode\"  style=\"\" href=\"javascript:sonaar_ts_shortcode({ trackid:'0', time:'00:01:51', ts_id:'6927ccfbd4634', play_icon:'' }) ;\">[00:01:51]<\/a> Vous voyez que John a une tr\u00e8s bonne motivation pour apprendre le fran\u00e7ais, parce qu\u2019il veut aider son fils. Et \u00e7a, je pense que c\u2019est tr\u00e8s important quand vous voulez r\u00e9ussir \u00e0 apprendre une langue. C\u2019est tr\u00e8s important de savoir quelle est votre motivation ; pourquoi vous apprenez cette langue.<\/p>\n\n\n\n<p><a id=\"sonaar_ts-6927ccfbd4639\" class=\"srmp3_sonaar_ts_shortcode\"  style=\"\" href=\"javascript:sonaar_ts_shortcode({ trackid:'0', time:'00:02:17', ts_id:'6927ccfbd4639', play_icon:'' }) ;\">[00:02:17]<\/a> Et vous voyez, John, il arrive \u00e0 \u00e9couter un podcast le matin quand il va au travail et le soir quand il rentre. Gr\u00e2ce \u00e0 \u00e7a, c\u2019est super parce que John peut optimiser son temps et faire un peu de fran\u00e7ais tous les jours quand il va au travail. John, bravo et continue comme \u00e7a ! Ton fran\u00e7ais est vraiment tr\u00e8s bon, donc je pense que tu n\u2019auras pas de probl\u00e8mes pour aider ton fils \u00e0 faire ses devoirs. Si vous aussi vous avez envie de m\u2019\u00e9crire, de m\u2019envoyer un e-mail, vous pouvez le faire \u00e0 l\u2019adresse hugo@innerfrench.com.<\/p>\n\n\n\n<p><a id=\"sonaar_ts-6927ccfbd463e\" class=\"srmp3_sonaar_ts_shortcode\"  style=\"\" href=\"javascript:sonaar_ts_shortcode({ trackid:'0', time:'00:03:27', ts_id:'6927ccfbd463e', play_icon:'' }) ;\">[00:03:27]<\/a> Alors, aujourd\u2019hui de quoi allons-nous parler ? Eh bien, aujourd\u2019hui j\u2019ai d\u00e9cid\u00e9 de vous parler des st\u00e9r\u00e9otypes. Mais un st\u00e9r\u00e9otype, qu\u2019est-ce que c\u2019est ? Vous avez s\u00fbrement d\u00e9j\u00e0 entendu ce mot, c\u2019est le m\u00eame en anglais. Un st\u00e9r\u00e9otype, c\u2019est une opinion toute faite, c\u2019est-\u00e0-dire une opinion \u00e0 laquelle on n&#8217;a pas vraiment pens\u00e9, on n&#8217;a pas vraiment r\u00e9fl\u00e9chi. Vous n\u2019avez pas vraiment r\u00e9fl\u00e9chi \u00e0 cette id\u00e9e, \u00e0 cette opinion, mais vous pensez qu\u2019elle est vraie. Et, en g\u00e9n\u00e9ral, cette opinion, elle concerne un groupe humain, un groupe de personnes. Par exemple, il y a des st\u00e9r\u00e9otypes sur les personnes qui ont les cheveux blonds. Mais il y a aussi des st\u00e9r\u00e9otypes sur les professions par exemple, des st\u00e9r\u00e9otypes sur les policiers ou alors sur les professeurs. Et, \u00e9videmment, vous savez qu\u2019il y a aussi beaucoup de st\u00e9r\u00e9otypes sur les nationalit\u00e9s. Justement, aujourd\u2019hui j\u2019ai d\u00e9cid\u00e9 de vous parler des st\u00e9r\u00e9otypes sur les Fran\u00e7ais. Je pense que vous en connaissez quelques-uns et peut-\u00eatre que je vais vous en apprendre de nouveaux. Et, ensemble, on va essayer de voir s\u2019il y a une part de v\u00e9rit\u00e9 dans ces st\u00e9r\u00e9otypes ou s\u2019ils sont compl\u00e8tement faux.<\/p>\n\n\n\n<p><a id=\"sonaar_ts-6927ccfbd4643\" class=\"srmp3_sonaar_ts_shortcode\"  style=\"\" href=\"javascript:sonaar_ts_shortcode({ trackid:'0', time:'00:05:16', ts_id:'6927ccfbd4643', play_icon:'' }) ;\">[00:05:16]<\/a> Mais d\u2019abord, il faut se demander d\u2019o\u00f9 viennent ces st\u00e9r\u00e9otypes, d\u2019o\u00f9 viennent ces clich\u00e9s, quelles sont leurs origines. G\u00e9n\u00e9ralement, ils ont une origine socioculturelle. \u00c7a veut dire que les st\u00e9r\u00e9otypes sont partag\u00e9s \u00e0 travers l\u2019\u00e9ducation, \u00e0 travers les m\u00e9dias, ou \u00e0 travers l\u2019influence de certains groupes. Mais quelle est l\u2019utilit\u00e9 de ces st\u00e9r\u00e9otypes \u00e0 votre avis ? En fait, vous savez que dans le monde moderne il y a une quantit\u00e9 \u00e9norme d\u2019informations. Donc c\u2019est tr\u00e8s difficile pour l\u2019\u00eatre humain de comprendre et d\u2019analyser toutes ces informations. Gr\u00e2ce aux st\u00e9r\u00e9otypes, nous n\u2019avons pas besoin de tout analyser parce que nous avons des id\u00e9es, des opinions qui sont toutes faites, qui sont pr\u00e9con\u00e7ues, et gr\u00e2ce \u00e0 ces opinions nous n\u2019avons pas besoin de trop r\u00e9fl\u00e9chir. On peut penser : \u00ab les Fran\u00e7ais sont comme \u00e7a, les Italiens sont comme ci \u00bb. Et sans m\u00eame rencontrer de Fran\u00e7ais ou d\u2019Italiens, on a une opinion sur eux.<\/p>\n\n\n\n<p><a id=\"sonaar_ts-6927ccfbd4648\" class=\"srmp3_sonaar_ts_shortcode\"  style=\"\" href=\"javascript:sonaar_ts_shortcode({ trackid:'0', time:'00:06:52', ts_id:'6927ccfbd4648', play_icon:'' }) ;\">[00:06:52]<\/a> Alors, la premi\u00e8re cat\u00e9gorie de st\u00e9r\u00e9otypes qui concernent les Fran\u00e7ais, c\u2019est la cat\u00e9gorie de la nourriture. Vous savez que la nourriture, c\u2019est tr\u00e8s important pour les Fran\u00e7ais, les choses que l\u2019on mange.<\/p>\n\n\n\n<p><a id=\"sonaar_ts-6927ccfbd464d\" class=\"srmp3_sonaar_ts_shortcode\"  style=\"\" href=\"javascript:sonaar_ts_shortcode({ trackid:'0', time:'00:07:10', ts_id:'6927ccfbd464d', play_icon:'' }) ;\">[00:07:10]<\/a> Le premier st\u00e9r\u00e9otype dit que les Fran\u00e7ais ont invent\u00e9 les frites. Vous savez, en anglais on dit m\u00eame \u00ab french fries \u00bb. Mais, en r\u00e9alit\u00e9, ce sont plut\u00f4t nos voisins, les Belges, qui les ont invent\u00e9es. Apparemment, les Belges ont invent\u00e9 les frites d\u00e8s la fin du XVIIe si\u00e8cle. Alors qu&#8217;en France, on a commenc\u00e9 \u00e0 voir et \u00e0 manger des frites un peu plus tard, le si\u00e8cle suivant, c\u2019est-\u00e0-dire au XVIIIe si\u00e8cle, en 1789, pendant la R\u00e9volution. Donc on peut dire que c\u2019\u00e9tait la R\u00e9volution fran\u00e7aise, mais aussi la \u00ab r\u00e9volution de la frite \u00bb.<\/p>\n\n\n\n<p><a id=\"sonaar_ts-6927ccfbd4651\" class=\"srmp3_sonaar_ts_shortcode\"  style=\"\" href=\"javascript:sonaar_ts_shortcode({ trackid:'0', time:'00:08:02', ts_id:'6927ccfbd4651', play_icon:'' }) ;\">[00:08:02]<\/a> Ensuite, le deuxi\u00e8me st\u00e9r\u00e9otype, il concerne un petit animal qui est vert et qui peut sauter tr\u00e8s haut. Cet animal, c\u2019est la grenouille et vous savez qu\u2019en France, on mange parfois de la grenouille. C\u2019est un plat traditionnel. D\u2019ailleurs, il y a beaucoup de pays \u00e9trangers qui appellent les Fran\u00e7ais \u00ab les mangeurs de grenouilles \u00bb. Par exemple, les Anglais nous appellent comme \u00e7a et \u00e9galement les Allemands . Pourtant, vous savez, on ne mange pas tellement de grenouilles en France. C\u2019est un plat traditionnel, mais nous n\u2019en mangeons pas souvent. Moi, par exemple, je n\u2019ai jamais mang\u00e9 de grenouilles.<\/p>\n\n\n\n<p><a id=\"sonaar_ts-6927ccfbd4656\" class=\"srmp3_sonaar_ts_shortcode\"  style=\"\" href=\"javascript:sonaar_ts_shortcode({ trackid:'0', time:'00:08:58', ts_id:'6927ccfbd4656', play_icon:'' }) ;\">[00:08:58]<\/a> Et vous savez qu\u2019il y a un autre plat classique en France et ce plat, nous sommes les seuls \u00e0 le manger. Il s\u2019agit des escargots. Vous savez, les escargots, ce sont des mollusques avec une coquille. Ils sont petits et tr\u00e8s lents. Et ils ont la particularit\u00e9 d\u2019\u00eatre hermaphrodites, \u00e7a veut dire qu\u2019ils sont \u00e0 la fois m\u00e2les et femelles. Vous savez peut-\u00eatre qu\u2019en France nous mangeons des escargots avec une sauce un peu sp\u00e9ciale qui est faite avec du beurre et du persil. Et c\u2019est vrai que les escargots sont un plat que l\u2019on mange, je pense, un peu plus souvent que les grenouilles. Mais malgr\u00e9 \u00e7a, les \u00e9trangers pr\u00e9f\u00e8rent nous appeler \u00ab les mangeurs de grenouilles \u00bb et pas forc\u00e9ment \u00ab les mangeurs d\u2019escargots \u00bb.<\/p>\n\n\n\n<p><a id=\"sonaar_ts-6927ccfbd465a\" class=\"srmp3_sonaar_ts_shortcode\"  style=\"\" href=\"javascript:sonaar_ts_shortcode({ trackid:'0', time:'00:10:05', ts_id:'6927ccfbd465a', play_icon:'' }) ;\">[00:10:05]<\/a> Le troisi\u00e8me st\u00e9r\u00e9otype, il concerne l\u2019alcool et en particulier le vin. Les Fran\u00e7ais ont la r\u00e9putation de boire du vin \u00e0 tous les repas. En r\u00e9alit\u00e9, on ne boit pas de vin aussi souvent. On peut boire un verre au d\u00e9jeuner et un ou deux verres au d\u00eener, mais en g\u00e9n\u00e9ral c\u2019est tout. Par contre, c\u2019est vrai que les Fran\u00e7ais boivent de l\u2019alcool tr\u00e8s r\u00e9guli\u00e8rement. D\u2019ailleurs, il y a un classement qui est fait par l\u2019Organisation mondiale de la sant\u00e9 et ce classement dit que les Fran\u00e7ais sont les 8es plus gros buveurs d\u2019alcool dans le monde. En moyenne, un Fran\u00e7ais boit 11,6 litres d\u2019alcool par an, c\u2019est vraiment pas mal ! Pour comparer, au Royaume-Uni, on boit en g\u00e9n\u00e9ral 12 litres d\u2019alcool par an. Donc les Britanniques boivent plus d\u2019alcool que les Fran\u00e7ais. Par contre, les Am\u00e9ricains en boivent moins. Ils boivent en moyenne 9 litres d\u2019alcool par an et par habitant. Les Am\u00e9ricains sont 24es du classement. Donc on peut conclure qu\u2019en France, nous buvons plus d\u2019alcool que les Am\u00e9ricains.<\/p>\n\n\n\n<p><a id=\"sonaar_ts-6927ccfbd465f\" class=\"srmp3_sonaar_ts_shortcode\"  style=\"\" href=\"javascript:sonaar_ts_shortcode({ trackid:'0', time:'00:11:42', ts_id:'6927ccfbd465f', play_icon:'' }) ;\">[00:11:42]<\/a> Il y a autre chose qui est assez mauvais pour la sant\u00e9 et qu\u2019on fait beaucoup en France. Est-ce que vous savez ce que c\u2019est ? Vous avez une petite id\u00e9e de quoi je parle ?<\/p>\n\n\n\n<p><a id=\"sonaar_ts-6927ccfbd4671\" class=\"srmp3_sonaar_ts_shortcode\"  style=\"\" href=\"javascript:sonaar_ts_shortcode({ trackid:'0', time:'00:11:57', ts_id:'6927ccfbd4671', play_icon:'' }) ;\">[00:11:57]<\/a> \u00c9videmment, je parle de la cigarette. Dans les films, quand on repr\u00e9sente un Fran\u00e7ais, il est presque toujours en train de fumer une cigarette. Les Fran\u00e7ais ont la r\u00e9putation d\u2019\u00eatre des gros fumeurs. En r\u00e9alit\u00e9, on ne fume pas tant que \u00e7a en France. Dans le classement de l\u2019Organisation mondiale de la sant\u00e9, la France est 61e. En moyenne, un Fran\u00e7ais fume 1 022 cigarettes par an. Si on compare avec les Am\u00e9ricains, eh bien, les Am\u00e9ricains fument un peu plus que les Fran\u00e7ais parce qu\u2019ils sont cinquante-septi\u00e8mes du classement. Donc la France est 61e et les \u00c9tats-Unis sont 57es. Donc vous voyez, ce clich\u00e9, ce st\u00e9r\u00e9otype, est plut\u00f4t faux : en France, on ne fume pas tant que \u00e7a.<\/p>\n\n\n\n<p><a id=\"sonaar_ts-6927ccfbd4676\" class=\"srmp3_sonaar_ts_shortcode\"  style=\"\" href=\"javascript:sonaar_ts_shortcode({ trackid:'0', time:'00:13:05', ts_id:'6927ccfbd4676', play_icon:'' }) ;\">[00:13:05]<\/a> Maintenant, on va passer \u00e0 la deuxi\u00e8me cat\u00e9gorie et cette cat\u00e9gorie, c\u2019est l\u2019apparence. Et on parlera aussi un peu du style, du style vestimentaire.<\/p>\n\n\n\n<p><a id=\"sonaar_ts-6927ccfbd467a\" class=\"srmp3_sonaar_ts_shortcode\"  style=\"\" href=\"javascript:sonaar_ts_shortcode({ trackid:'0', time:'00:13:17', ts_id:'6927ccfbd467a', play_icon:'' }) ;\">[00:13:17]<\/a> Les Fran\u00e7ais ont la r\u00e9putation d\u2019\u00eatre tr\u00e8s maigres, tr\u00e8s minces. Mais ce st\u00e9r\u00e9otype est un peu d\u00e9pass\u00e9, parce qu\u2019en France, maintenant, il y a aussi un probl\u00e8me d\u2019ob\u00e9sit\u00e9, puisqu\u2019il y a 6,5 millions d\u2019ob\u00e8ses en France. \u00c7a repr\u00e9sente environ 14,5 % de la population adulte. Mais c\u2019est vrai qu\u2019en France, on ne fait pas vraiment attention aux calories. D\u2019ailleurs, il existe une chose que les \u00e9trangers appellent \u00ab le paradoxe fran\u00e7ais \u00bb. Le paradoxe fran\u00e7ais, c\u2019est que nous mangeons tout ce que nous voulons (des croissants au beurre, du foie gras, des choses qui sont assez grasses) et malgr\u00e9 \u00e7a les Fran\u00e7ais sont plut\u00f4t minces, ils ne sont pas tr\u00e8s gros.<\/p>\n\n\n\n<p><a id=\"sonaar_ts-6927ccfbd467f\" class=\"srmp3_sonaar_ts_shortcode\"  style=\"\" href=\"javascript:sonaar_ts_shortcode({ trackid:'0', time:'00:14:21', ts_id:'6927ccfbd467f', play_icon:'' }) ;\">[00:14:21]<\/a> Il y a un autre st\u00e9r\u00e9otype qui concerne la taille des Fran\u00e7ais. Les \u00e9trangers pensent que les Fran\u00e7ais sont petits. Souvent, ils pensent \u00e0 Napol\u00e9on, et c\u2019est vrai que l\u2019empereur Napol\u00e9on n\u2019\u00e9tait pas tr\u00e8s grand. Mais depuis Napol\u00e9on, les Fran\u00e7ais ont beaucoup grandi. Donc la moyenne, maintenant, c\u2019est 1,76 m pour les hommes. C\u2019est-\u00e0-dire que les Fran\u00e7ais sont en moyenne un peu plus grands que les Allemands, par exemple. Parce que la taille moyenne pour les Allemands, c\u2019est 1,75 m. Par contre, les Am\u00e9ricains sont plus grands que les Fran\u00e7ais, la moyenne est d\u20191,80 m. Les Su\u00e9dois, eux aussi, sont plus grands que nous parce qu\u2019ils ont une moyenne d\u20191,77 m.<\/p>\n\n\n\n<p><a id=\"sonaar_ts-6927ccfbd4683\" class=\"srmp3_sonaar_ts_shortcode\"  style=\"\" href=\"javascript:sonaar_ts_shortcode({ trackid:'0', time:'00:15:20', ts_id:'6927ccfbd4683', play_icon:'' }) ;\">[00:15:20]<\/a> Il y a un troisi\u00e8me st\u00e9r\u00e9otype qui concerne l\u2019apparence des Fran\u00e7ais, et en particulier leur odeur, leur odeur corporelle. On dit que les Fran\u00e7ais sentent mauvais, qu\u2019ils sont sales. On dit par exemple que les Fran\u00e7ais ont invent\u00e9 le parfum pour ne pas prendre de douches. Et il existe aussi une expression quand vous mettez du d\u00e9odorant et que vous ne prenez pas de douche, on appelle \u00e7a une \u00ab douche fran\u00e7aise \u00bb, une douche \u00ab \u00e0 la fran\u00e7aise \u00bb. Moi, en g\u00e9n\u00e9ral, j\u2019essaye de prendre une douche tous les jours et je pense que les autres Fran\u00e7ais font la m\u00eame chose, mais c\u2019est impossible de v\u00e9rifier. Donc je ne sais pas si les Fran\u00e7ais sont plus sales que les habitants d\u2019autres pays.<\/p>\n\n\n\n<p><a id=\"sonaar_ts-6927ccfbd4688\" class=\"srmp3_sonaar_ts_shortcode\"  style=\"\" href=\"javascript:sonaar_ts_shortcode({ trackid:'0', time:'00:16:20', ts_id:'6927ccfbd4688', play_icon:'' }) ;\">[00:16:20]<\/a> Ensuite, il y a un autre st\u00e9r\u00e9otype qui concerne les v\u00eatements et les accessoires des Fran\u00e7ais, en particulier le b\u00e9ret. Vous savez le b\u00e9ret, c\u2019est un accessoire qui se porte sur la t\u00eate, qui est rond et plat. Les \u00e9trangers pensent que tous les Fran\u00e7ais portent un b\u00e9ret. \u00c7a, \u00e7a n\u2019est plus vraiment vrai, m\u00eame si \u00e0 une certaine \u00e9poque les paysans de certaines r\u00e9gions portaient des b\u00e9rets, maintenant on n\u2019en voit plus beaucoup. Maintenant, en France, les jeunes portent souvent des casquettes, des casquettes de baseball. Donc si vous allez dans une ville fran\u00e7aise, vous verrez plut\u00f4t des casquettes et pas vraiment des b\u00e9rets.<\/p>\n\n\n\n<p><a id=\"sonaar_ts-6927ccfbd468c\" class=\"srmp3_sonaar_ts_shortcode\"  style=\"\" href=\"javascript:sonaar_ts_shortcode({ trackid:'0', time:'00:17:12', ts_id:'6927ccfbd468c', play_icon:'' }) ;\">[00:17:12]<\/a> Pour finir sur l\u2019apparence, il y a un dernier st\u00e9r\u00e9otype sur l\u2019\u00e9l\u00e9gance. On dit parfois que les Fran\u00e7ais ont une \u00e9l\u00e9gance naturelle. Vous savez que Paris est la capitale de la mode, en tout cas une des capitales de la mode, et qu\u2019il y a de nombreuses marques de luxe et de haute couture qui sont fran\u00e7aises, comme par exemple Dior, Yves Saint Laurent, Chanel, etc. C\u2019est vrai que le style est tr\u00e8s important en France, on fait tr\u00e8s attention \u00e0 la mani\u00e8re dont on s\u2019habille. C\u2019est un moyen d\u2019exprimer son identit\u00e9 et sa personnalit\u00e9. Mais en France, en g\u00e9n\u00e9ral, on valorise le naturel. La r\u00e8gle, c\u2019est de ne pas en faire trop. Il faut essayer de rester naturel parce que si vous en faites trop, \u00e7a peut \u00eatre une faute de go\u00fbt, \u00e7a veut dire quelque chose de mauvais go\u00fbt.<\/p>\n\n\n\n<p><a id=\"sonaar_ts-6927ccfbd4691\" class=\"srmp3_sonaar_ts_shortcode\"  style=\"\" href=\"javascript:sonaar_ts_shortcode({ trackid:'0', time:'00:18:26', ts_id:'6927ccfbd4691', play_icon:'' }) ;\">[00:18:26]<\/a> Ok, maintenant nous allons passer aux st\u00e9r\u00e9otypes qui concernent le caract\u00e8re des Fran\u00e7ais.<\/p>\n\n\n\n<p><a id=\"sonaar_ts-6927ccfbd4699\" class=\"srmp3_sonaar_ts_shortcode\"  style=\"\" href=\"javascript:sonaar_ts_shortcode({ trackid:'0', time:'00:18:34', ts_id:'6927ccfbd4699', play_icon:'' }) ;\">[00:18:34]<\/a> Les \u00e9trangers disent souvent que les Fran\u00e7ais sont chauvins. \u00catre \u00ab chauvin \u00bb, \u00e7a veut dire que vous pensez que votre pays est meilleur que les autres. Par exemple, vous pensez que la cuisine am\u00e9ricaine est la meilleure du monde, ou alors, que le football espagnol est le meilleur du monde. Quand vous comparez avec les autres pays, vous trouvez toujours que le v\u00f4tre est le meilleur. \u00c7a, c\u2019est donc \u00eatre \u00ab chauvin \u00bb, c\u2019est du chauvinisme. C\u2019est vrai qu\u2019en France, il y a une forme de chauvinisme. En g\u00e9n\u00e9ral, quand les Fran\u00e7ais vont en vacances \u00e0 l\u2019\u00e9tranger, ils aiment bien comparer avec la France. Ils comparent les restaurants, ils comparent la fa\u00e7on dont les gens sont habill\u00e9s, etc., etc. C\u2019est vrai qu\u2019en France nous sommes tr\u00e8s fiers de notre pays et de notre culture, et parfois nous pouvons \u00eatre un peu chauvins, malheureusement.<\/p>\n\n\n\n<p><a id=\"sonaar_ts-6927ccfbd469d\" class=\"srmp3_sonaar_ts_shortcode\"  style=\"\" href=\"javascript:sonaar_ts_shortcode({ trackid:'0', time:'00:19:46', ts_id:'6927ccfbd469d', play_icon:'' }) ;\">[00:19:46]<\/a> Ensuite, il y a un deuxi\u00e8me st\u00e9r\u00e9otype qui dit que les Fran\u00e7ais sont x\u00e9nophobes, autrement dit que les Fran\u00e7ais ont peur des \u00e9trangers, qu\u2019ils sont un peu racistes. La preuve, c\u2019est que le parti d\u2019extr\u00eame droite en France, le Front national, est de plus en plus populaire. Mais aux derni\u00e8res \u00e9lections pr\u00e9sidentielles, nous n\u2019avons pas \u00e9lu la candidate du Front national, Marine Le Pen, nous avons choisi un candidat plus d\u00e9mocratique et qui n\u2019est pas du tout x\u00e9nophobe, heureusement, nous avons choisi, vous le savez, Emmanuel Macron.<\/p>\n\n\n\n<p><a id=\"sonaar_ts-6927ccfbd46a2\" class=\"srmp3_sonaar_ts_shortcode\"  style=\"\" href=\"javascript:sonaar_ts_shortcode({ trackid:'0', time:'00:20:33', ts_id:'6927ccfbd46a2', play_icon:'' }) ;\">[00:20:33]<\/a> Ensuite, on dit aussi que les Fran\u00e7ais sont r\u00e2leurs. \u00ab R\u00e2leur \u00bb, \u00e7a vient du verbe \u00ab r\u00e2ler \u00bb et \u00ab r\u00e2ler \u00bb \u00e7a veut dire \u00ab se plaindre \u00bb. Par exemple, vous attendez le m\u00e9tro et le m\u00e9tro est en retard alors vous r\u00e2lez, vous dites : \u00ab Ah, c\u2019est \u00e9nervant ! Ce m\u00e9tro est toujours en retard, il y a toujours des probl\u00e8mes \u00bb, etc., etc. Donc \u00e7a, \u00e7a veut dire se plaindre. C\u2019est vrai que les Fran\u00e7ais sont un peu r\u00e2leurs. Ils aiment bien, par exemple, se plaindre de leur ville ou alors se plaindre de leurs pays, se plaindre de leur travail. Et vous savez aussi que le sport national en France, c\u2019est la gr\u00e8ve. La \u00ab gr\u00e8ve \u00bb, \u00e7a veut dire quand vous n\u2019allez pas au travail pour protester, pour manifester.<\/p>\n\n\n\n<p><a id=\"sonaar_ts-6927ccfbd46a6\" class=\"srmp3_sonaar_ts_shortcode\"  style=\"\" href=\"javascript:sonaar_ts_shortcode({ trackid:'0', time:'00:21:32', ts_id:'6927ccfbd46a6', play_icon:'' }) ;\">[00:21:32]<\/a> Un autre d\u00e9faut qui est souvent cit\u00e9 chez les Fran\u00e7ais, c\u2019est leur arrogance. Les \u00e9trangers pensent que les Fran\u00e7ais se sentent sup\u00e9rieurs aux autres. Par exemple, quand ils vont en vacances en France, ils ont un peu l\u2019impression que certains Fran\u00e7ais les m\u00e9prisent, que les Fran\u00e7ais ont un complexe de sup\u00e9riorit\u00e9. Personnellement je ne sais pas si c\u2019est vrai. \u00c0 mon avis, c\u2019est un peu comme dans tous les pays, il y a des personnes qui sont arrogantes et heureusement il y en a beaucoup d\u2019autres qui ne le sont pas.<\/p>\n\n\n\n<p><a id=\"sonaar_ts-6927ccfbd46ab\" class=\"srmp3_sonaar_ts_shortcode\"  style=\"\" href=\"javascript:sonaar_ts_shortcode({ trackid:'0', time:'00:22:18', ts_id:'6927ccfbd46ab', play_icon:'' }) ;\">[00:22:18]<\/a> Ce qui donne l\u2019impression aux \u00e9trangers que les Fran\u00e7ais sont arrogants, c\u2019est aussi qu\u2019ils sont parfois malpolis. Par exemple, ils ne disent pas \u00ab bonjour \u00bb, \u00ab au revoir \u00bb, \u00ab merci \u00bb, \u00ab pardon \u00bb. \u00c0 mon avis, c\u2019est un st\u00e9r\u00e9otype qui concerne surtout les Parisiens et les habitants des grandes villes. Vous savez que quand on habite dans une grande ville, en g\u00e9n\u00e9ral on est toujours tr\u00e8s occup\u00e9, on a beaucoup de choses \u00e0 faire et on n\u2019a pas toujours le temps d\u2019\u00eatre sympa avec les touristes. C\u2019est la m\u00eame chose si vous allez \u00e0 New York ou \u00e0 Londres, par exemple. Les gens l\u00e0-bas sont tr\u00e8s occup\u00e9s et donc ils ne sont pas toujours tr\u00e8s polis.<\/p>\n\n\n\n<p><a id=\"sonaar_ts-6927ccfbd46b3\" class=\"srmp3_sonaar_ts_shortcode\"  style=\"\" href=\"javascript:sonaar_ts_shortcode({ trackid:'0', time:'00:23:05', ts_id:'6927ccfbd46b3', play_icon:'' }) ;\">[00:23:05]<\/a> Il y a un autre st\u00e9r\u00e9otype qui dit que les Fran\u00e7ais sont paresseux. Quelqu\u2019un qui est paresseux, c\u2019est quelqu\u2019un qui n\u2019aime pas \u00eatre actif, qui n\u2019aime pas faire d\u2019efforts, c\u2019est quelqu\u2019un qui aime ne rien faire. Vous savez qu\u2019en France la dur\u00e9e l\u00e9gale du travail c\u2019est 35 heures par semaine. Et \u00e7a, c\u2019est une dur\u00e9e l\u00e9gale qui est plus basse que dans beaucoup de pays. Alors, \u00e0 cause de \u00e7a, les \u00e9trangers pensent que les Fran\u00e7ais ne travaillent pas beaucoup et qu\u2019ils sont paresseux. Mais, heureusement, en France nous sommes tr\u00e8s productifs. La France est l\u2019un des pays les plus productifs au monde. \u00c7a veut dire que les travailleurs sont tr\u00e8s efficaces. Certes, nous ne travaillons pas beaucoup, mais quand nous travaillons nous sommes tr\u00e8s efficaces, donc \u00e7a compense un peu.<\/p>\n\n\n\n<p><a id=\"sonaar_ts-6927ccfbd46bb\" class=\"srmp3_sonaar_ts_shortcode\"  style=\"\" href=\"javascript:sonaar_ts_shortcode({ trackid:'0', time:'00:24:09', ts_id:'6927ccfbd46bb', play_icon:'' }) ;\">[00:24:09]<\/a> Et il y a un autre st\u00e9r\u00e9otype, qui est plut\u00f4t dr\u00f4le, qui dit que les Fran\u00e7ais ne sont pas courageux. Vous savez que pendant la Seconde Guerre mondiale, les Fran\u00e7ais ont d\u00e9cid\u00e9 de signer l\u2019armistice. \u00c7a veut dire ils ont renonc\u00e9 au combat, ils ont d\u00e9cid\u00e9 de ne pas se battre contre les nazis. \u00c0 cause de \u00e7a, on dit souvent que les Fran\u00e7ais ne sont pas courageux. Heureusement, nous avons nos amis am\u00e9ricains qui sont toujours l\u00e0 pour nous aider quand nous avons des probl\u00e8mes.<\/p>\n\n\n\n<p><a id=\"sonaar_ts-6927ccfbd46c2\" class=\"srmp3_sonaar_ts_shortcode\"  style=\"\" href=\"javascript:sonaar_ts_shortcode({ trackid:'0', time:'00:24:55', ts_id:'6927ccfbd46c2', play_icon:'' }) ;\">[00:24:55]<\/a> \u00c7a, c\u2019\u00e9tait pour les st\u00e9r\u00e9otypes qui concernent les d\u00e9fauts des Fran\u00e7ais. Mais nous avons aussi quelques qualit\u00e9s. Les \u00e9trangers parlent souvent de l\u2019art de vivre \u00e0 la fran\u00e7aise. \u00ab L\u2019art de vivre \u00bb, \u00e7a veut dire le style de vie fran\u00e7ais. Par exemple, vous savez que la cuisine fran\u00e7aise est tr\u00e8s r\u00e9put\u00e9e, que les Fran\u00e7ais aiment passer du temps \u00e0 discuter, \u00e0 boire des caf\u00e9s, \u00e0 passer du temps en terrasse avec leurs amis. Et \u00e7a, c\u2019est quelque chose que les \u00e9trangers nous envient.<\/p>\n\n\n\n<p><a id=\"sonaar_ts-6927ccfbd46c7\" class=\"srmp3_sonaar_ts_shortcode\"  style=\"\" href=\"javascript:sonaar_ts_shortcode({ trackid:'0', time:'00:25:41', ts_id:'6927ccfbd46c7', play_icon:'' }) ;\">[00:25:41]<\/a> Paris est la capitale de la mode, mais on dit aussi parfois que c\u2019est la capitale de l\u2019amour. Il y a beaucoup de films romantiques qui se passent \u00e0 Paris et on pense aussi que les Fran\u00e7ais sont romantiques. Malheureusement, nos Pr\u00e9sidents ne montrent pas l\u2019exemple. Peut-\u00eatre que vous avez entendu que nos anciens Pr\u00e9sidents ne sont pas toujours tr\u00e8s fid\u00e8les et tr\u00e8s romantiques avec leurs compagnes. Mais en fran\u00e7ais quand un homme trompe sa femme, \u00e7a veut dire quand un homme va voir une autre femme que la sienne, on ne dit pas que c\u2019est une \u00ab affaire \u00bb (comme en anglais), mais on dit plut\u00f4t que c\u2019est une \u00ab aventure \u00bb. Donc vous voyez, c\u2019est une vision un peu plus romantique de l\u2019infid\u00e9lit\u00e9.<\/p>\n\n\n\n<p><a id=\"sonaar_ts-6927ccfbd46cb\" class=\"srmp3_sonaar_ts_shortcode\"  style=\"\" href=\"javascript:sonaar_ts_shortcode({ trackid:'0', time:'00:26:42', ts_id:'6927ccfbd46cb', play_icon:'' }) ;\">[00:26:42]<\/a> La France est aussi connue pour \u00eatre le pays des Droits de l\u2019homme. Pendant la R\u00e9volution fran\u00e7aise, nous avons \u00e9crit la D\u00e9claration des droits de l\u2019homme et du citoyen, et \u00e7a, c\u2019est un texte qui plus tard a influenc\u00e9 la D\u00e9claration universelle des droits de l\u2019homme adopt\u00e9e par les Nations unies.<\/p>\n\n\n\n<p><a id=\"sonaar_ts-6927ccfbd46d0\" class=\"srmp3_sonaar_ts_shortcode\"  style=\"\" href=\"javascript:sonaar_ts_shortcode({ trackid:'0', time:'00:27:09', ts_id:'6927ccfbd46d0', play_icon:'' }) ;\">[00:27:09]<\/a> Et pour finir, on dit parfois que les Fran\u00e7ais sont tr\u00e8s tol\u00e9rants. Vous savez qu\u2019en France il y a une grande diversit\u00e9 culturelle. La France a longtemps \u00e9t\u00e9 une terre d\u2019immigration. La cohabitation n\u2019est pas toujours facile, \u00e9videmment, le racisme existe en France. Mais, heureusement, les Fran\u00e7ais sont de plus en plus ouverts d\u2019esprit et de plus en plus tol\u00e9rants. En France, surtout depuis les attentats (les attaques terroristes), il y a un sentiment de fraternit\u00e9 et de solidarit\u00e9. On pense qu\u2019il faut s\u2019aider mutuellement, il faut s\u2019aider les uns les autres. Les Fran\u00e7ais essayent d\u2019\u00eatre solidaires entre eux, peu importe leurs origines ou leurs religions.<\/p>\n\n\n\n<p><a id=\"sonaar_ts-6927ccfbd46d4\" class=\"srmp3_sonaar_ts_shortcode\"  style=\"\" href=\"javascript:sonaar_ts_shortcode({ trackid:'0', time:'00:28:06', ts_id:'6927ccfbd46d4', play_icon:'' }) ;\">[00:28:06]<\/a> Voil\u00e0, c\u2019est la fin de ce podcast. J\u2019esp\u00e8re que vous avez appris des choses int\u00e9ressantes sur les st\u00e9r\u00e9otypes. Si vous avez envie de me parler des st\u00e9r\u00e9otypes dans votre pays, n\u2019h\u00e9sitez pas \u00e0 m\u2019envoyer un e-mail, ou si vous avez des questions, vous pouvez aussi me contacter.<\/p>\n\n\n\n<p><a id=\"sonaar_ts-6927ccfbd46d8\" class=\"srmp3_sonaar_ts_shortcode\"  style=\"\" href=\"javascript:sonaar_ts_shortcode({ trackid:'0', time:'00:28:32', ts_id:'6927ccfbd46d8', play_icon:'' }) ;\">[00:28:32]<\/a> Merci \u00e0 tous de m\u2019avoir \u00e9cout\u00e9. La semaine prochaine, nous parlerons de la d\u00e9croissance. D\u2019ici l\u00e0, essayez de faire un peu de fran\u00e7ais tous les jours et de rester motiv\u00e9s. Merci et \u00e0 bient\u00f4t !<\/p>\n\n\n\n<p><em>Le nom du podcast (Cottongue) a chang\u00e9 \u00e0 l&#8217;\u00e9pisode 20 pour devenir innerFrench.<\/em><\/p>\n","protected":false},"excerpt":{"rendered":"<p>Salut \u00e0 tous, bienvenue, c\u2019est le huiti\u00e8me \u00e9pisode du Cottongue podcast. J\u2019esp\u00e8re que vous allez bien et que vous \u00eates en forme. Comme d\u2019habitude, on va passer une trentaine de minutes ensemble et je vais vous parler d\u2019un sujet pour que vous puissiez \u00e9couter quelque chose d\u2019int\u00e9ressant en fran\u00e7ais. Mais avant de vous parler du&#8230;<\/p>\n","protected":false},"author":1,"featured_media":204334,"comment_status":"open","ping_status":"open","sticky":false,"template":"","format":[189],"meta":{"_acf_changed":false,"_kad_blocks_custom_css":"","_kad_blocks_head_custom_js":"","_kad_blocks_body_custom_js":"","_kad_blocks_footer_custom_js":"","_kad_post_transparent":"","_kad_post_title":"","_kad_post_layout":"","_kad_post_sidebar_id":"","_kad_post_content_style":"","_kad_post_vertical_padding":"","_kad_post_feature":"","_kad_post_feature_position":"","_kad_post_header":false,"_kad_post_footer":false,"_kad_post_classname":"","footnotes":""},"categories":[168],"tags":[177,175],"class_list":["post-505","post","type-post","status-publish","format-standard","has-post-thumbnail","hentry","category-podcast","tag-culture","tag-france","format-solo-hugo"],"acf":[],"taxonomy_info":{"category":[{"value":168,"label":"Podcast"}],"post_tag":[{"value":177,"label":"Culture"},{"value":175,"label":"France"}],"format":[{"value":189,"label":"Solo Hugo"}]},"featured_image_src_large":["https:\/\/innerfrench.com\/wp-content\/uploads\/2024\/01\/grenouille-e1704396418703-750x406.jpg",750,406,true],"author_info":{"display_name":"Hugo","author_link":"https:\/\/innerfrench.com\/author\/innerfrench-2-2-2-2-2-2-2-2-2-2-2-2-2-2-2-2-2-2-2\/"},"comment_info":30,"category_info":[{"term_id":168,"name":"Podcast","slug":"podcast","term_group":0,"term_taxonomy_id":168,"taxonomy":"category","description":"","parent":0,"count":185,"filter":"raw","cat_ID":168,"category_count":185,"category_description":"","cat_name":"Podcast","category_nicename":"podcast","category_parent":0}],"tag_info":[{"term_id":177,"name":"Culture","slug":"culture","term_group":0,"term_taxonomy_id":177,"taxonomy":"post_tag","description":"","parent":0,"count":44,"filter":"raw"},{"term_id":175,"name":"France","slug":"france","term_group":0,"term_taxonomy_id":175,"taxonomy":"post_tag","description":"","parent":0,"count":100,"filter":"raw"}],"_links":{"self":[{"href":"https:\/\/innerfrench.com\/wp-json\/wp\/v2\/posts\/505","targetHints":{"allow":["GET"]}}],"collection":[{"href":"https:\/\/innerfrench.com\/wp-json\/wp\/v2\/posts"}],"about":[{"href":"https:\/\/innerfrench.com\/wp-json\/wp\/v2\/types\/post"}],"author":[{"embeddable":true,"href":"https:\/\/innerfrench.com\/wp-json\/wp\/v2\/users\/1"}],"replies":[{"embeddable":true,"href":"https:\/\/innerfrench.com\/wp-json\/wp\/v2\/comments?post=505"}],"version-history":[{"count":2,"href":"https:\/\/innerfrench.com\/wp-json\/wp\/v2\/posts\/505\/revisions"}],"predecessor-version":[{"id":294474,"href":"https:\/\/innerfrench.com\/wp-json\/wp\/v2\/posts\/505\/revisions\/294474"}],"wp:featuredmedia":[{"embeddable":true,"href":"https:\/\/innerfrench.com\/wp-json\/wp\/v2\/media\/204334"}],"wp:attachment":[{"href":"https:\/\/innerfrench.com\/wp-json\/wp\/v2\/media?parent=505"}],"wp:term":[{"taxonomy":"category","embeddable":true,"href":"https:\/\/innerfrench.com\/wp-json\/wp\/v2\/categories?post=505"},{"taxonomy":"post_tag","embeddable":true,"href":"https:\/\/innerfrench.com\/wp-json\/wp\/v2\/tags?post=505"},{"taxonomy":"format","embeddable":true,"href":"https:\/\/innerfrench.com\/wp-json\/wp\/v2\/format?post=505"}],"curies":[{"name":"wp","href":"https:\/\/api.w.org\/{rel}","templated":true}]}}