{"id":6899,"date":"2020-10-23T09:00:10","date_gmt":"2020-10-23T07:00:10","guid":{"rendered":"https:\/\/innerfrench.com\/?p=6899"},"modified":"2025-09-30T12:30:09","modified_gmt":"2025-09-30T10:30:09","slug":"85-france-legaliser-cannabis","status":"publish","type":"post","link":"https:\/\/innerfrench.com\/85-france-legaliser-cannabis\/","title":{"rendered":"#85 La France va-t-elle l\u00e9galiser le cannabis ?"},"content":{"rendered":"\n<p>Salut \u00e0 toutes et \u00e0 tous ! C\u2019est Hugo et je suis ravi de vous retrouver pour ce nouvel \u00e9pisode. J\u2019esp\u00e8re que vous gardez le moral, que vous n\u2019\u00eates pas trop d\u00e9prim\u00e9s \u00e0 cause des \u00e9v\u00e8nements actuels. J\u2019ai l\u2019impression de commencer tous les \u00e9pisodes comme \u00e7a depuis le d\u00e9but de la pand\u00e9mie, mais bon. Le seul point positif, c\u2019est qu\u2019on est tous dans le m\u00eame bateau. \u00ab\u00catre dans le m\u00eame bateau\u00bb, \u00e7a veut dire qu\u2019on est tous dans la m\u00eame situation, on est tous concern\u00e9s par cette pand\u00e9mie. Parfois, de mani\u00e8re plus famili\u00e8re, on dit aussi \u00ab\u00eatre dans la m\u00eame gal\u00e8re\u00bb. Enfin, c\u2019est pas tout \u00e0 fait vrai parce que certains d\u2019entre vous sont plus affect\u00e9s que d\u2019autres. Peut-\u00eatre que vous ou un de vos proches avez \u00e9t\u00e9 malades. Peut-\u00eatre que vous avez perdu votre travail \u00e0 cause du covid. Mais ce que j\u2019essaye de dire, de mani\u00e8re un peu maladroite, c\u2019est qu\u2019on est tous concern\u00e9s par ce probl\u00e8me de pr\u00e8s ou de loin, et que \u00e7a risque de durer encore plusieurs mois. Alors en attendant, on va essayer de se changer les id\u00e9es, de penser \u00e0 autre chose, au moins pour les 30 minutes qu\u2019on va passer ensemble.<\/p>\n\n\n\n<p><a id=\"sonaar_ts-6927cfe7cb348\" class=\"srmp3_sonaar_ts_shortcode\"  style=\"\" href=\"javascript:sonaar_ts_shortcode({ trackid:'0', time:'00:01:23', ts_id:'6927cfe7cb348', play_icon:'' }) ;\">[00:01:23]<\/a> Quand on pense aux Fran\u00e7ais, on les imagine souvent avec un verre de vin ou un caf\u00e9, mais pas avec un joint. \u00abUn joint\u00bb, c\u2019est le m\u00eame mot qu\u2019en anglais, c\u2019est une sorte de cigarette mais avec du cannabis \u00e0 l\u2019int\u00e9rieur. On dit aussi \u00abun p\u00e9tard\u00bb ou un \u00abpet\u00bb dans la langue informelle. Mais moi, pour simplifier, je vais seulement utiliser le mot \u00abjoint\u00bb. Alors, peut-\u00eatre que je me trompe, mais j\u2019ai l\u2019impression que fumer des joints n\u2019est pas un st\u00e9r\u00e9otype qu\u2019on a sur les Fran\u00e7ais. Pourtant, les Fran\u00e7ais font partie des plus gros consommateurs de cannabis du monde. Par exemple, parmi les Europ\u00e9ens, c\u2019est eux qui en fument le plus.<\/p>\n\n\n\n<p><a id=\"sonaar_ts-6927cfe7cb356\" class=\"srmp3_sonaar_ts_shortcode\"  style=\"\" href=\"javascript:sonaar_ts_shortcode({ trackid:'0', time:'00:02:05', ts_id:'6927cfe7cb356', play_icon:'' }) ;\">[00:02:05]<\/a> D\u2019un autre c\u00f4t\u00e9, il y a de plus en plus d\u2019\u00e9conomistes et d\u2019experts qui recommandent de l\u00e9galiser le cannabis. Ils pensent que \u00e7a permettrait de mieux en contr\u00f4ler la consommation, de faire dispara\u00eetre le march\u00e9 noir (les trafiquants de drogue), mais aussi de faire gagner de l\u2019argent \u00e0 l\u2019\u00c9tat gr\u00e2ce aux taxes.<\/p>\n\n\n\n<p><a id=\"sonaar_ts-6927cfe7cb35d\" class=\"srmp3_sonaar_ts_shortcode\"  style=\"\" href=\"javascript:sonaar_ts_shortcode({ trackid:'0', time:'00:02:26', ts_id:'6927cfe7cb35d', play_icon:'' }) ;\">[00:02:26]<\/a> Bref, vous l\u2019avez compris, c\u2019est un sujet qui fait pol\u00e9mique dans l\u2019hexagone. Donc moi, je vais vous aider \u00e0 mieux comprendre les diff\u00e9rents arguments de ce d\u00e9bat. Et on va se demander si la France compte l\u00e9galiser le cannabis dans un avenir proche.<\/p>\n\n\n\n<p><a id=\"sonaar_ts-6927cfe7cb362\" class=\"srmp3_sonaar_ts_shortcode\"  style=\"\" href=\"javascript:sonaar_ts_shortcode({ trackid:'0', time:'00:02:48', ts_id:'6927cfe7cb362', play_icon:'' }) ;\">[00:02:48]<\/a> Comme je vous l\u2019ai dit, les Fran\u00e7ais sont les champions d\u2019Europe en mati\u00e8re de consommation de cannabis. On peut le voir dans une \u00e9tude publi\u00e9e par l\u2019Observatoire fran\u00e7ais des drogues et des toxicomanies. C\u2019est l\u2019institution de r\u00e9f\u00e9rence en France pour toutes ces questions, donc je vais souvent citer ses \u00e9tudes. Du coup, pour aller plus vite, je dirai \u00abl\u2019OFDT\u00bb au lieu de \u00abl\u2019Observatoire fran\u00e7ais des drogues et des toxicomanies\u00bb.<\/p>\n\n\n\n<p><a id=\"sonaar_ts-6927cfe7cb367\" class=\"srmp3_sonaar_ts_shortcode\"  style=\"\" href=\"javascript:sonaar_ts_shortcode({ trackid:'0', time:'00:03:14', ts_id:'6927cfe7cb367', play_icon:'' }) ;\">[00:03:14]<\/a> Alors, d\u2019apr\u00e8s les chiffres de l\u2019OFDT, en 2017, parmi les Fran\u00e7ais \u00e2g\u00e9s de 15 \u00e0 64 ans, 11% avaient fum\u00e9 du cannabis au cours de l\u2019ann\u00e9e pr\u00e9c\u00e9dente. Oui, \u00e7a fait beaucoup de chiffres. Et je sais que les chiffres, en fran\u00e7ais, c\u2019est pas le plus facile. Les soixante-dix-sept, quatre-vingt-quatorze etc. Mais dans cet \u00e9pisode, il va y en avoir pas mal donc vous allez pouvoir vous entra\u00eener un peu ! Et si vous avez des doutes, comme d\u2019habitude vous pouvez lire la transcription de l\u2019\u00e9pisode sur innerfrench.com<\/p>\n\n\n\n<p><a id=\"sonaar_ts-6927cfe7cb36b\" class=\"srmp3_sonaar_ts_shortcode\"  style=\"\" href=\"javascript:sonaar_ts_shortcode({ trackid:'0', time:'00:03:49', ts_id:'6927cfe7cb36b', play_icon:'' }) ;\">[00:03:49]<\/a> Bref, on reprend. En 2017, parmi les Fran\u00e7ais \u00e2g\u00e9s de 15 \u00e0 64 ans, 11% avaient fum\u00e9 du cannabis au moins une fois pendant l\u2019ann\u00e9e pr\u00e9c\u00e9dente. Et \u00e7a, 11%, c\u2019est la part la plus \u00e9lev\u00e9e parmi les pays europ\u00e9ens. Enfin, en r\u00e9alit\u00e9, on est champions d\u2019Europe ex aequo (\u00abex aequo\u00bb, \u00e7a veut dire \u00ab\u00e0 \u00e9galit\u00e9\u00bb, \u00abavec le m\u00eame score\u00bb, c\u2019est une expression latine). On est ex aequo avec les Espagnols qui sont aussi \u00e0 11% de personnes ayant fum\u00e9 du cannabis pendant l\u2019ann\u00e9e pr\u00e9c\u00e9dente. Et en 3\u00e8me place, juste derri\u00e8re, on trouve les Italiens avec un taux de 10%. Donc seulement des pays latins dans le top 3.<\/p>\n\n\n\n<p><a id=\"sonaar_ts-6927cfe7cb370\" class=\"srmp3_sonaar_ts_shortcode\"  style=\"\" href=\"javascript:sonaar_ts_shortcode({ trackid:'0', time:'00:04:34', ts_id:'6927cfe7cb370', play_icon:'' }) ;\">[00:04:34]<\/a> Dans cette \u00e9tude, il y a un autre indicateur qui s&#8217;int\u00e9resse \u00e0 la consommation de cannabis au cours d&#8217;une vie. Autrement dit, on demande aux gens s\u2019ils ont d\u00e9j\u00e0 fum\u00e9 de la marijuana au moins une fois dans leur vie, s\u2019ils ont d\u00e9j\u00e0 exp\u00e9riment\u00e9. Avec cet indicateur, les Fran\u00e7ais sont encore premiers. Ils sont 45% \u00e0 avoir essay\u00e9 le cannabis dans leur vie. C\u2019est \u00e9norme ! 45%, \u00e7a veut dire que quasiment la moiti\u00e9 des Fran\u00e7ais qui ont entre 15 et 64 ans ont d\u00e9j\u00e0 fum\u00e9 du cannabis. Par contre, cette fois, c\u2019est le Danemark qui est \u00e0 la 2\u00e8me place avec 38% des Danois qui ont d\u00e9j\u00e0 fum\u00e9 de la marijuana, et l\u2019Espagne en 3\u00e8me position avec 35%. Donc l\u00e0, quand on regarde cet indicateur, quand on s\u2019int\u00e9resse plut\u00f4t \u00e0 l\u2019exp\u00e9rimentation, au fait d\u2019essayer, on voit que c\u2019est une pratique plus r\u00e9pandue chez les Fran\u00e7ais que chez leurs voisins europ\u00e9ens.<\/p>\n\n\n\n<p><a id=\"sonaar_ts-6927cfe7cb374\" class=\"srmp3_sonaar_ts_shortcode\"  style=\"\" href=\"javascript:sonaar_ts_shortcode({ trackid:'0', time:'00:05:35', ts_id:'6927cfe7cb374', play_icon:'' }) ;\">[00:05:35]<\/a> Et c\u2019est une tendance qui est encore plus visible chez les jeunes. Chez les personnes de 15 \u00e0 34 ans, 58% ont d\u00e9j\u00e0 essay\u00e9 le cannabis. L\u00e0, c\u2019est plus de la moiti\u00e9 ! Plus d\u2019un jeune sur deux en France a fum\u00e9 du cannabis au moins une fois dans sa vie. L\u00e0 aussi, ils sont \u00e0 la 1\u00e8re place en Europe, devant les jeunes Estoniens pour qui ce chiffre est de \u00abseulement\u00bb 46%. Comme d\u2019habitude, je mettrai les sources sur la page de l\u2019\u00e9pisode si vous voulez v\u00e9rifier tous ces chiffres, ou si vous voulez voir \u00e0 quelle place votre pays se trouve.<\/p>\n\n\n\n<p><a id=\"sonaar_ts-6927cfe7cb37a\" class=\"srmp3_sonaar_ts_shortcode\"  style=\"\" href=\"javascript:sonaar_ts_shortcode({ trackid:'0', time:'00:06:15', ts_id:'6927cfe7cb37a', play_icon:'' }) ;\">[00:06:15]<\/a> Bref, en Europe, les Fran\u00e7ais sont les plus gros fumeurs de cannabis. Mais au niveau mondial, il y a d\u2019autres pays o\u00f9 la consommation de marijuana est encore plus r\u00e9pandue, encore plus populaire, par exemple les \u00c9tats-Unis et le Canada.<\/p>\n\n\n\n<p><a id=\"sonaar_ts-6927cfe7cb37e\" class=\"srmp3_sonaar_ts_shortcode\"  style=\"\" href=\"javascript:sonaar_ts_shortcode({ trackid:'0', time:'00:06:31', ts_id:'6927cfe7cb37e', play_icon:'' }) ;\">[00:06:31]<\/a> Peut-\u00eatre que vous trouvez ces chiffres surprenants. Moi, avant, je pensais que les plus gros consommateurs de cannabis en Europe, c\u2019\u00e9taient les Hollandais vu que l\u00e0-bas, aux Pays-Bas, c\u2019est une drogue l\u00e9gale, comme au Canada depuis 2018 et dans certains \u00c9tats aux \u00c9tats-Unis. Apr\u00e8s tout, \u00e7a semblerait logique qu\u2019il y ait plus d\u2019usagers dans un pays o\u00f9 on peut en acheter l\u00e9galement et facilement. Mais non, ce n\u2019est pas le cas.<\/p>\n\n\n\n<p><a id=\"sonaar_ts-6927cfe7cb383\" class=\"srmp3_sonaar_ts_shortcode\"  style=\"\" href=\"javascript:sonaar_ts_shortcode({ trackid:'0', time:'00:07:00', ts_id:'6927cfe7cb383', play_icon:'' }) ;\">[00:07:00]<\/a> En France, au contraire, la l\u00e9gislation en mati\u00e8re de cannabis est tr\u00e8s r\u00e9pressive, comme je vous l\u2019ai dit. Le cannabis est consid\u00e9r\u00e9 comme un \u00abstup\u00e9fiant\u00bb, autrement dit une drogue, donc il est interdit d\u2019en produire, d\u2019en vendre, d\u2019en acheter et d\u2019en consommer. Ces interdictions, elles sont dict\u00e9es par une loi qui date de 1970, une loi sur la lutte contre les stup\u00e9fiants et la toxicomanie (\u00abla toxicomanie\u00bb, c\u2019est l\u2019addiction aux drogues). Cette loi dit que si vous consommez un stup\u00e9fiant, comme par exemple du cannabis, vous risquez une peine d\u2019un an de prison et une amende de 3 750\u20ac. Un an de prison et presque 4 000 euros d\u2019amende pour avoir fum\u00e9 un joint, \u00e7a semble plut\u00f4t dissuasif, non ?<\/p>\n\n\n\n<p><a id=\"sonaar_ts-6927cfe7cb38f\" class=\"srmp3_sonaar_ts_shortcode\"  style=\"\" href=\"javascript:sonaar_ts_shortcode({ trackid:'0', time:'00:07:52', ts_id:'6927cfe7cb38f', play_icon:'' }) ;\">[00:07:52]<\/a> En fait, pas vraiment. Parce que \u00e7a, c\u2019est seulement la th\u00e9orie. En r\u00e9alit\u00e9, ces sanctions sont rarement appliqu\u00e9es. Rappelez-vous qu\u2019il y a plusieurs millions de Fran\u00e7ais qui fument du cannabis. \u00c7a veut dire qu\u2019il faudrait mettre tous ces gens en prison ! M\u00eame si c\u2019\u00e9tait seulement pour un an comme le pr\u00e9voit la peine, on n\u2019aurait pas la place pour le faire.<\/p>\n\n\n\n<p><a id=\"sonaar_ts-6927cfe7cb395\" class=\"srmp3_sonaar_ts_shortcode\"  style=\"\" href=\"javascript:sonaar_ts_shortcode({ trackid:'0', time:'00:08:14', ts_id:'6927cfe7cb395', play_icon:'' }) ;\">[00:08:14]<\/a> Et pour l\u2019amende de 3 750\u20ac, il faut d\u2019abord faire un proc\u00e8s au tribunal. Un policier ne peut pas distribuer cette amende directement \u00e0 quelqu\u2019un qui fume un joint dans la rue. Il doit arr\u00eater cette personne, remplir tous les documents n\u00e9cessaires, et apr\u00e8s un certain d\u00e9lai, une certaine p\u00e9riode de temps, la personne compara\u00eet \u00e0 un proc\u00e8s et le juge d\u00e9cide de sa peine.<\/p>\n\n\n\n<p><a id=\"sonaar_ts-6927cfe7cb399\" class=\"srmp3_sonaar_ts_shortcode\"  style=\"\" href=\"javascript:sonaar_ts_shortcode({ trackid:'0', time:'00:08:40', ts_id:'6927cfe7cb399', play_icon:'' }) ;\">[00:08:40]<\/a> Or, comme dans beaucoup d\u2019autres pays, le syst\u00e8me judiciaire fran\u00e7ais est d\u00e9j\u00e0 surcharg\u00e9; les juges ont \u00e9norm\u00e9ment de travail, les proc\u00e9dures prennent beaucoup de temps. Donc forc\u00e9ment, s\u2019il fallait arr\u00eater et juger toutes les personnes qui fument du cannabis, \u00e7a cr\u00e9erait un tsunami dans les tribunaux. D\u2019autant plus que ces sanctions, elles semblent compl\u00e8tement disproportionn\u00e9es compte-tenu de la gravit\u00e9 du \u00abcrime\u00bb. Pour d\u2019autres drogues plus fortes comme l\u2019h\u00e9ro\u00efne, \u00e7a pourrait sembler justifi\u00e9, mais pour du cannabis, pas vraiment.<\/p>\n\n\n\n<p><a id=\"sonaar_ts-6927cfe7cb39d\" class=\"srmp3_sonaar_ts_shortcode\"  style=\"\" href=\"javascript:sonaar_ts_shortcode({ trackid:'0', time:'00:09:15', ts_id:'6927cfe7cb39d', play_icon:'' }) ;\">[00:09:15]<\/a> Du coup, le gouvernement actuel a adopt\u00e9 une nouvelle loi en 2018, une loi qui est cens\u00e9e \u00eatre plus efficace. Cette loi, elle permet aux policiers de donner directement une amende sans arr\u00eater la personne ni faire de proc\u00e8s. C\u2019est ce qu\u2019on appelle \u00abune amende forfaitaire\u00bb. Si un policier contr\u00f4le une personne qui poss\u00e8de du cannabis (ou une autre drogue), il peut lui donner directement une amende de 200\u20ac, qui peut monter jusqu\u2019\u00e0 450\u20ac si elle n\u2019est pas pay\u00e9e dans le d\u00e9lai pr\u00e9vu.<\/p>\n\n\n\n<p><a id=\"sonaar_ts-6927cfe7cb3a2\" class=\"srmp3_sonaar_ts_shortcode\"  style=\"\" href=\"javascript:sonaar_ts_shortcode({ trackid:'0', time:'00:09:52', ts_id:'6927cfe7cb3a2', play_icon:'' }) ;\">[00:09:52]<\/a> Le gouvernement a justifi\u00e9 cette loi en affirmant qu\u2019elle va permettre de gagner du temps et de lib\u00e9rer de la place dans les tribunaux. Mais elle est aussi tr\u00e8s critiqu\u00e9e parce qu\u2019elle renforce la \u00abpolitique du chiffre\u00bb. \u00c7a, c\u2019est peut-\u00eatre une expression que vous avez d\u00e9j\u00e0 vue si vous lisez des articles sur la police en France. En France, les policiers sont encourag\u00e9s \u00e0 faire le plus possible de contr\u00f4les, d\u2019arrestations, \u00e0 distribuer des amendes. Ils ont des objectifs chiffr\u00e9s, comme les employ\u00e9s d\u2019une entreprise. Donc parfois, ils contr\u00f4lent une personne non pas parce qu\u2019elle a l\u2019air suspect, mais parce qu\u2019ils ont un quota de contr\u00f4les \u00e0 faire chaque jour ou chaque semaine. C\u2019est \u00e7a, ce qu\u2019on appelle la \u00abpolitique du chiffre\u00bb. Avec cette nouvelle loi, on imagine que les policiers vont \u00eatre encourag\u00e9s \u00e0 contr\u00f4ler un maximum de personnes pour distribuer des amendes. Et forc\u00e9ment, ce genre de politique, \u00e7a d\u00e9grade les relations entre la police et la population.<\/p>\n\n\n\n<p><a id=\"sonaar_ts-6927cfe7cb3a6\" class=\"srmp3_sonaar_ts_shortcode\"  style=\"\" href=\"javascript:sonaar_ts_shortcode({ trackid:'0', time:'00:10:54', ts_id:'6927cfe7cb3a6', play_icon:'' }) ;\">[00:10:54]<\/a> En plus, cette strat\u00e9gie de r\u00e9pression du gouvernement fran\u00e7ais, elle est plut\u00f4t contraire aux tendances qu\u2019on observe ailleurs. Dans beaucoup de pays europ\u00e9ens, les citoyens ont le droit de poss\u00e9der et consommer du cannabis pour leur usage personnel. Dans le reste du monde, il y a m\u00eame des pays qui sont all\u00e9s plus loin en d\u00e9cidant de l\u00e9galiser la production et la vente de cannabis, par exemple le Canada que j\u2019ai d\u00e9j\u00e0 cit\u00e9, l\u2019Uruguay ou certains \u00c9tats nord am\u00e9ricains comme Washington, le Colorado, la Californie etc. Mais, contrairement \u00e0 tous ces pays, la France pr\u00e9f\u00e8re continuer de sanctionner les consommateurs avec une politique de r\u00e9pression.<\/p>\n\n\n\n<p><a id=\"sonaar_ts-6927cfe7cb3b6\" class=\"srmp3_sonaar_ts_shortcode\"  style=\"\" href=\"javascript:sonaar_ts_shortcode({ trackid:'0', time:'00:11:37', ts_id:'6927cfe7cb3b6', play_icon:'' }) ;\">[00:11:37]<\/a> Sauf que, quand on voit le nombre de personnes qui fument du cannabis en France, cette strat\u00e9gie ne semble pas tr\u00e8s efficace. Au contraire, c\u2019est une drogue qui devient de plus en plus populaire ! Par exemple, parmi les gens de mon \u00e2ge, ceux qui ont entre 26 et 34 ans, 60% ont d\u00e9j\u00e0 fum\u00e9 du cannabis, 6 personnes sur 10. Alors que dans la g\u00e9n\u00e9ration de mes parents, les personnes ayant entre 55 et 64 ans, cette part est de seulement 20% donc trois fois moins ! Surtout que quand les gens de ma g\u00e9n\u00e9ration auront l\u2019\u00e2ge de mes parents, il y en aura d\u2019autres qui auront essay\u00e9 le cannabis entre-temps, donc cette part sera encore plus \u00e9lev\u00e9e !<\/p>\n\n\n\n<p><a id=\"sonaar_ts-6927cfe7cb3ba\" class=\"srmp3_sonaar_ts_shortcode\"  style=\"\" href=\"javascript:sonaar_ts_shortcode({ trackid:'0', time:'00:12:24', ts_id:'6927cfe7cb3ba', play_icon:'' }) ;\">[00:12:24]<\/a> Bref, vous voyez que la consommation de cannabis se d\u00e9mocratise de plus en plus malgr\u00e9 la politique r\u00e9pressive du gouvernement. Donc maintenant, on va essayer de comprendre pourquoi.<\/p>\n\n\n\n<p><a id=\"sonaar_ts-6927cfe7cb3be\" class=\"srmp3_sonaar_ts_shortcode\"  style=\"\" href=\"javascript:sonaar_ts_shortcode({ trackid:'0', time:'00:12:41', ts_id:'6927cfe7cb3be', play_icon:'' }) ;\">[00:12:41]<\/a> En France, l\u2019OFDT estime que chaque ann\u00e9e, l\u2019alcool est responsable de 41 000 d\u00e9c\u00e8s, 41 000 morts, et le tabac, 75 000. Pour le cannabis, le chiffre officiel est de seulement&#8230; 28. Alors pourquoi l\u2019alcool et le tabac sont l\u00e9gaux mais pas le cannabis ? Pour comprendre \u00e7a, il faut chercher la r\u00e9ponse dans l\u2019histoire.<\/p>\n\n\n\n<p><a id=\"sonaar_ts-6927cfe7cb3c3\" class=\"srmp3_sonaar_ts_shortcode\"  style=\"\" href=\"javascript:sonaar_ts_shortcode({ trackid:'0', time:'00:13:07', ts_id:'6927cfe7cb3c3', play_icon:'' }) ;\">[00:13:07]<\/a> L\u2019alcool et le tabac sont pr\u00e9sents dans les soci\u00e9t\u00e9s occidentales depuis plusieurs si\u00e8cles. Ils ont toujours \u00e9t\u00e9 socialement accept\u00e9s et on a m\u00eame encourag\u00e9 leur consommation. \u00c7a, j\u2019en ai parl\u00e9 dans ma derni\u00e8re vid\u00e9o YouTube sur les enfants fran\u00e7ais et le vin. Au contraire, le cannabis est arriv\u00e9 chez nous beaucoup plus r\u00e9cemment, au XIX\u00e8me si\u00e8cle. Avec le d\u00e9veloppement du commerce international, et surtout avec les guerres coloniales, les Europ\u00e9ens ont d\u00e9couvert de nouvelles drogues comme l\u2019opium et le haschich, autrement dit le cannabis. Ces drogues ont rapidement \u00e9t\u00e9 adopt\u00e9es dans les milieux artistiques de l\u2019\u00e9poque. Par exemple, dans les po\u00e8mes de Charles Baudelaire, on trouve de nombreuses r\u00e9f\u00e9rences aux hallucinations provoqu\u00e9es par l\u2019opium.<\/p>\n\n\n\n<p><a id=\"sonaar_ts-6927cfe7cb3c7\" class=\"srmp3_sonaar_ts_shortcode\"  style=\"\" href=\"javascript:sonaar_ts_shortcode({ trackid:'0', time:'00:13:56', ts_id:'6927cfe7cb3c7', play_icon:'' }) ;\">[00:13:56]<\/a> En 1844, il y a m\u00eame un docteur, le docteur Moreau de Tours, qui a cr\u00e9\u00e9 un club pour \u00e9tudier les effets du haschich. \u00c7a s\u2019appellait \u00able club des Hashischins\u00bb ! Le docteur organisait des s\u00e9ances avec des personnes tr\u00e8s influentes, des scientifiques, des hommes de lettres, des artistes. On sait par exemple que Flaubert, Balzac et le peintre Delacroix ont particip\u00e9 \u00e0 des s\u00e9ances. Alors, \u00e0 cette \u00e9poque, ils ne fumaient pas le haschich, ils le mangeaient. Et apr\u00e8s, ils discutaient des effets qu\u2019ils ressentaient. Personnellement, j\u2019aurais bien aim\u00e9 assister \u00e0 une de leurs s\u00e9ances pour voir ce qu\u2019ils racontaient. \u00c7a devait \u00eatre vraiment marrant !<\/p>\n\n\n\n<p><a id=\"sonaar_ts-6927cfe7cb3cf\" class=\"srmp3_sonaar_ts_shortcode\"  style=\"\" href=\"javascript:sonaar_ts_shortcode({ trackid:'0', time:'00:14:42', ts_id:'6927cfe7cb3cf', play_icon:'' }) ;\">[00:14:42]<\/a> Quelques d\u00e9cennies plus tard, pendant la 1\u00e8re Guerre mondiale, l\u2019opium, la morphine et m\u00eame la coca\u00efne ont commenc\u00e9 \u00e0 \u00eatre utilis\u00e9s pour calmer la douleur des soldats bless\u00e9s. Comme ce sont des drogues tr\u00e8s addictives, les m\u00e9decins ont vite remarqu\u00e9 que les soldats y devenaient accros. Donc progressivement, les gouvernements ont adopt\u00e9 des lois pour r\u00e9glementer leur production et interdire leur consommation en dehors des h\u00f4pitaux. Et le cannabis a lui aussi \u00e9t\u00e9 ajout\u00e9 \u00e0 la liste de ces narcotiques interdits.<\/p>\n\n\n\n<p><a id=\"sonaar_ts-6927cfe7cb3d4\" class=\"srmp3_sonaar_ts_shortcode\"  style=\"\" href=\"javascript:sonaar_ts_shortcode({ trackid:'0', time:'00:15:18', ts_id:'6927cfe7cb3d4', play_icon:'' }) ;\">[00:15:18]<\/a> Jusqu\u2019aux ann\u00e9es 60, la consommation de cannabis \u00e9tait assez marginale en France. Mais il y a un \u00e9v\u00e8nement qui a chang\u00e9 la donne : mai 68. Mai 1968, \u00e7a a \u00e9t\u00e9 un mois d\u00e9cisif dans l\u2019histoire de la France. D\u2019ailleurs, j\u2019y ai d\u00e9j\u00e0 consacr\u00e9 un \u00e9pisode, l\u2019\u00e9pisode 43 qui s\u2019appelle \u00abLa 2\u00e8me r\u00e9volution fran\u00e7aise\u00bb donc je vous invite \u00e0 l\u2019\u00e9couter si vous voulez mieux comprendre cet \u00e9v\u00e9nement.<\/p>\n\n\n\n<p><a id=\"sonaar_ts-6927cfe7cb3d8\" class=\"srmp3_sonaar_ts_shortcode\"  style=\"\" href=\"javascript:sonaar_ts_shortcode({ trackid:'0', time:'00:15:46', ts_id:'6927cfe7cb3d8', play_icon:'' }) ;\">][00:15:46]<\/a> Pour faire simple, en 1968, il y a eu des gr\u00e8ves ouvri\u00e8res et des manifestations \u00e9tudiantes violentes dans tout le pays. La France \u00e9tait compl\u00e8tement divis\u00e9e. D\u2019un c\u00f4t\u00e9, il y avait les ouvriers et les \u00e9tudiants qui r\u00e9clamaient un changement radical. Ils voulaient une soci\u00e9t\u00e9 nouvelle avec plus de libert\u00e9 et moins d\u2019in\u00e9galit\u00e9s. Ils \u00e9taient contre le gouvernement du G\u00e9n\u00e9ral de Gaulle. Et de l\u2019autre c\u00f4t\u00e9, il y avait les g\u00e9n\u00e9rations plus \u00e2g\u00e9es qui ne voulaient pas de ces changements, les gens qui souhaitaient conserver le mod\u00e8le de soci\u00e9t\u00e9 existant et qui soutenaient le G\u00e9n\u00e9ral De Gaulle.<\/p>\n\n\n\n<p><a id=\"sonaar_ts-6927cfe7cb3dd\" class=\"srmp3_sonaar_ts_shortcode\"  style=\"\" href=\"javascript:sonaar_ts_shortcode({ trackid:'0', time:'00:16:28', ts_id:'6927cfe7cb3dd', play_icon:'' }) ;\">[00:16:28]<\/a> Les \u00e9tudiants qui participaient \u00e0 ces manifestations, ils \u00e9taient tr\u00e8s influenc\u00e9s par le mouvement hippy n\u00e9 aux \u00c9tats-Unis quelques ann\u00e9es plus t\u00f4t. Or, une des revendications du mouvement hippy, c\u2019\u00e9tait la d\u00e9p\u00e9nalisation du cannabis, une drogue qui \u00e9tait tr\u00e8s appr\u00e9ci\u00e9e et consomm\u00e9e. Donc \u00e0 partir de ce moment-l\u00e0, on peut dire que le cannabis est devenu un symbole de libert\u00e9 et de contestation pour les jeunes. Mais pour l\u2019autre camp, les hommes au pouvoir et les g\u00e9n\u00e9rations plus \u00e2g\u00e9es, le cannabis est devenu le signe de la d\u00e9viance de la jeunesse.<\/p>\n\n\n\n<p><a id=\"sonaar_ts-6927cfe7cb3e2\" class=\"srmp3_sonaar_ts_shortcode\"  style=\"\" href=\"javascript:sonaar_ts_shortcode({ trackid:'0', time:'00:17:06', ts_id:'6927cfe7cb3e2', play_icon:'' }) ;\">[00:17:06]<\/a> C&#8217;est dans ce contexte, en 1970, que le gouvernement fran\u00e7ais a approuv\u00e9 la loi sur la lutte contre les stup\u00e9fiants que j\u2019ai mentionn\u00e9e plus t\u00f4t et qui sert encore de r\u00e9f\u00e9rence.<\/p>\n\n\n\n<p><a id=\"sonaar_ts-6927cfe7cb3ea\" class=\"srmp3_sonaar_ts_shortcode\"  style=\"\" href=\"javascript:sonaar_ts_shortcode({ trackid:'0', time:'00:17:19', ts_id:'6927cfe7cb3ea', play_icon:'' }) ;\">[00:17:19]<\/a> De nos jours, le cannabis est un sujet qui divise toujours autant les Fran\u00e7ais et les Fran\u00e7aises.<\/p>\n\n\n\n<p><a id=\"sonaar_ts-6927cfe7cb3ee\" class=\"srmp3_sonaar_ts_shortcode\"  style=\"\" href=\"javascript:sonaar_ts_shortcode({ trackid:'0', time:'00:17:26', ts_id:'6927cfe7cb3ee', play_icon:'' }) ;\">[00:17:26]<\/a> D\u2019un c\u00f4t\u00e9, il y a les parents qui s\u2019inqui\u00e8tent des effets de cette drogue pour la sant\u00e9 de leurs enfants. Les nombreuses \u00e9tudes qui ont \u00e9t\u00e9 faites sur le sujet montrent que la marijuana est dangereuse pour les adolescents parce qu\u2019elle affecte le d\u00e9veloppement de leur cerveau.<\/p>\n\n\n\n<p><a id=\"sonaar_ts-6927cfe7cb3f2\" class=\"srmp3_sonaar_ts_shortcode\"  style=\"\" href=\"javascript:sonaar_ts_shortcode({ trackid:'0', time:'00:17:41', ts_id:'6927cfe7cb3f2', play_icon:'' }) ;\">][00:17:41]<\/a> C\u2019\u00e9tait la conclusion d\u2019une \u00e9tude men\u00e9e en Nouvelle-Z\u00e9lande par des chercheurs de l\u2019universit\u00e9 de Duke et du King\u2019s College de Londres, une \u00e9tude publi\u00e9e en 2012 dans les Actes de l&#8217;Acad\u00e9mie am\u00e9ricaine des sciences. Cette \u00e9tude a dur\u00e9 40 ans et elle a mis en \u00e9vidence que fumer du cannabis r\u00e9guli\u00e8rement \u00e0 l&#8217;adolescence entra\u00eene une baisse des capacit\u00e9s intellectuelles \u00e0 l&#8217;\u00e2ge adulte, notamment parce que \u00e7a cause des probl\u00e8mes de m\u00e9moire et de concentration. Les personnes qui avaient commenc\u00e9 \u00e0 consommer du cannabis \u00e0 l&#8217;adolescence, eh bien ensuite, \u00e0 38 ans, elles avaient 8 points de quotient intellectuel de moins que les personnes qui n\u2019en avaient pas consomm\u00e9. Donc c\u2019est une diff\u00e9rence assez significative. Les r\u00e9sultats de cette \u00e9tude ont \u00e9t\u00e9 largement diffus\u00e9s dans les m\u00e9dias et, logiquement, \u00e7a a beaucoup inqui\u00e9t\u00e9 les parents.<\/p>\n\n\n\n<p><a id=\"sonaar_ts-6927cfe7cb3f7\" class=\"srmp3_sonaar_ts_shortcode\"  style=\"\" href=\"javascript:sonaar_ts_shortcode({ trackid:'0', time:'00:18:40', ts_id:'6927cfe7cb3f7', play_icon:'' }) ;\">[00:18:40]<\/a> En plus, un autre rapport de l\u2019OFDT a montr\u00e9 que les jeunes qui sont dans une situation d\u2019\u00e9chec scolaire, les jeunes qui ne r\u00e9ussissent pas \u00e0 l\u2019\u00e9cole, ils ont statistiquement plus de chance de fumer du cannabis. Donc \u00e7a cr\u00e9e un cercle vicieux.<\/p>\n\n\n\n<p><a id=\"sonaar_ts-6927cfe7cb3fb\" class=\"srmp3_sonaar_ts_shortcode\"  style=\"\" href=\"javascript:sonaar_ts_shortcode({ trackid:'0', time:'00:18:56', ts_id:'6927cfe7cb3fb', play_icon:'' }) ;\">[00:18:56]<\/a> De mani\u00e8re plus g\u00e9n\u00e9rale, on sait aussi que ces probl\u00e8mes ne concernent pas seulement les adolescents. Chez les adultes aussi, le cannabis peut provoquer des troubles de la concentration, de l\u2019anxi\u00e9t\u00e9, des crises de panique ou de parano\u00efa et des \u00e9tats d\u00e9pressifs. Et comme l\u2019alcool, c\u2019est une substance tr\u00e8s dangereuse si elle est consomm\u00e9e avant de prendre le volant, avant de conduire, vu qu\u2019elle provoque une baisse de l\u2019attention et un ralentissement des r\u00e9flexes. On estime que conduire sous l\u2019influence du cannabis multiplie par 1,7 le risque d\u2019\u00eatre responsable d\u2019un accident mortel de la route.<\/p>\n\n\n\n<p><a id=\"sonaar_ts-6927cfe7cb400\" class=\"srmp3_sonaar_ts_shortcode\"  style=\"\" href=\"javascript:sonaar_ts_shortcode({ trackid:'0', time:'00:19:39', ts_id:'6927cfe7cb400', play_icon:'' }) ;\">[00:19:39]<\/a> Tout \u00e7a, ce sont des arguments qu\u2019on retrouve dans le camp des personnes oppos\u00e9es \u00e0 une l\u00e9galisation, ou m\u00eame \u00e0 une simple d\u00e9p\u00e9nalisation de la consommation de cannabis. On peut tr\u00e8s bien comprendre les parents qui ont peur pour leurs enfants.<\/p>\n\n\n\n<p><a id=\"sonaar_ts-6927cfe7cb408\" class=\"srmp3_sonaar_ts_shortcode\"  style=\"\" href=\"javascript:sonaar_ts_shortcode({ trackid:'0', time:'00:19:55', ts_id:'6927cfe7cb408', play_icon:'' }) ;\">[00:19:55]<\/a> Mais d\u2019un autre c\u00f4t\u00e9, personne ne dit qu\u2019il faut autoriser la vente de cannabis aux mineurs. Dans les pays o\u00f9 sa consommation est l\u00e9gale, elle reste interdite aux mineurs, exactement comme les cigarettes ou l\u2019alcool.<\/p>\n\n\n\n<p><a id=\"sonaar_ts-6927cfe7cb40c\" class=\"srmp3_sonaar_ts_shortcode\"  style=\"\" href=\"javascript:sonaar_ts_shortcode({ trackid:'0', time:'00:20:09', ts_id:'6927cfe7cb40c', play_icon:'' }) ;\">[00:20:09]<\/a> Justement, quand on conna\u00eet les effets nocifs de l\u2019alcool, et aujourd\u2019hui, ils sont parfaitement connus, c\u2019est difficile de comprendre pourquoi, en France, c\u2019est un produit qu\u2019on peut acheter et consommer librement un peu partout, tandis que poss\u00e9der quelques grammes de cannabis est puni d\u2019une amende de 200\u20ac. On sait que l\u2019alcool et le tabac sont des drogues plus addictives et dangereuses que le cannabis. Donc d\u2019un point de vue scientifique, autoriser l\u2019un et interdire l\u2019autre, \u00e7a n\u2019a pas vraiment de sens.<\/p>\n\n\n\n<p><a id=\"sonaar_ts-6927cfe7cb411\" class=\"srmp3_sonaar_ts_shortcode\"  style=\"\" href=\"javascript:sonaar_ts_shortcode({ trackid:'0', time:'00:20:39', ts_id:'6927cfe7cb411', play_icon:'' }) ;\">[00:20:39]<\/a> En fait, l\u2019explication est plut\u00f4t d\u2019ordre culturel et historique. Comme on l\u2019a vu, le cannabis est apparu beaucoup plus r\u00e9cemment dans nos soci\u00e9t\u00e9s que l\u2019alcool et le tabac. \u00c7a fait d\u00e9j\u00e0 plusieurs si\u00e8cles que l\u2019alcool et le tabac sont des drogues socialement accept\u00e9es. Mais le cannabis a encore sa mauvaise image li\u00e9e aux mouvements contestataires et aux sous-cultures comme les hippies. Ce sont des choses qui mettent du temps \u00e0 changer dans l\u2019imaginaire collectif.<\/p>\n\n\n\n<p><a id=\"sonaar_ts-6927cfe7cb416\" class=\"srmp3_sonaar_ts_shortcode\"  style=\"\" href=\"javascript:sonaar_ts_shortcode({ trackid:'0', time:'00:21:10', ts_id:'6927cfe7cb416', play_icon:'' }) ;\">[00:21:10]<\/a> Mais comme on l\u2019a vu, l\u2019exp\u00e9rimentation du cannabis se d\u00e9veloppe de plus en plus d\u2019une g\u00e9n\u00e9ration \u00e0 l\u2019autre. Aujourd\u2019hui, ce n\u2019est plus une drogue r\u00e9serv\u00e9e aux marginaux. En France, c\u2019est m\u00eame le contraire. Comme on l\u2019a vu dans l\u2019\u00e9tude que j\u2019ai cit\u00e9e pr\u00e9c\u00e9demment, pour les personnes de mon \u00e2ge, si vous n\u2019avez jamais fum\u00e9 de joint, vous faites partie de la minorit\u00e9, des 40% qui n\u2019ont jamais essay\u00e9.<\/p>\n\n\n\n<p><a id=\"sonaar_ts-6927cfe7cb41e\" class=\"srmp3_sonaar_ts_shortcode\"  style=\"\" href=\"javascript:sonaar_ts_shortcode({ trackid:'0', time:'00:21:35', ts_id:'6927cfe7cb41e', play_icon:'' }) ;\">[00:21:35]<\/a> Comme la consommation de cannabis se d\u00e9mocratise, les opinions \u00e9voluent. Il y a encore une dizaine d\u2019ann\u00e9es, la majorit\u00e9 des Fran\u00e7ais \u00e9tait oppos\u00e9e \u00e0 sa l\u00e9galisation. Mais d\u2019apr\u00e8s des \u00e9tudes d\u2019opinions r\u00e9centes, aujourd\u2019hui, c\u2019est plut\u00f4t 50\/50 : la moiti\u00e9 des Fran\u00e7ais et des Fran\u00e7aises y est favorable, et l\u2019autre moiti\u00e9 y est d\u00e9favorable. Cette division, elle correspond vraiment \u00e0 un clivage g\u00e9n\u00e9rationnel, une diff\u00e9rence d\u2019opinion entre les g\u00e9n\u00e9rations. Mais la tendance va plut\u00f4t dans le sens d\u2019une plus grande tol\u00e9rance de l\u2019opinion publique vis-\u00e0-vis de cette drogue.<\/p>\n\n\n\n<p><a id=\"sonaar_ts-6927cfe7cb422\" class=\"srmp3_sonaar_ts_shortcode\"  style=\"\" href=\"javascript:sonaar_ts_shortcode({ trackid:'0', time:'00:22:14', ts_id:'6927cfe7cb422', play_icon:'' }) ;\">[00:22:14]<\/a> Il y a aussi la question de l\u2019usage th\u00e9rapeutique du cannabis, par exemple pour soulager la douleur des patients atteints de certaines maladies chroniques. L\u00e0, l\u2019opinion publique y est nettement favorable. Dans une enqu\u00eate publi\u00e9e en 2018, 8 Fran\u00e7ais sur 10 \u00e9taient pour une autorisation du cannabis sur ordonnance m\u00e9dicale, autrement dit avec la recommandation du m\u00e9decin. Donc \u00e7a, c\u2019est quelque chose qui est d\u00e9j\u00e0 largement accept\u00e9.<\/p>\n\n\n\n<p><a id=\"sonaar_ts-6927cfe7cb427\" class=\"srmp3_sonaar_ts_shortcode\"  style=\"\" href=\"javascript:sonaar_ts_shortcode({ trackid:'0', time:'00:22:42', ts_id:'6927cfe7cb427', play_icon:'' }) ;\">[00:22:42]<\/a> Alors attention, je ne dis pas que c\u2019est bien ou mal. Je n\u2019encourage personne \u00e0 fumer de l\u2019herbe, surtout pas aux adolescents qui \u00e9coutent ce podcast ! J\u2019essaye simplement de vous d\u00e9crire la position de mes compatriotes quant \u00e0 cette question.<\/p>\n\n\n\n<p><a id=\"sonaar_ts-6927cfe7cb42b\" class=\"srmp3_sonaar_ts_shortcode\"  style=\"\" href=\"javascript:sonaar_ts_shortcode({ trackid:'0', time:'00:22:57', ts_id:'6927cfe7cb42b', play_icon:'' }) ;\">[00:22:57]<\/a> Du c\u00f4t\u00e9 des politiciens, les mentalit\u00e9s \u00e9voluent encore moins vite. Parmi les partis de gauche, il y en a quelques uns qui souhaitent d\u00e9p\u00e9naliser le cannabis, c\u2019est-\u00e0-dire faire en sorte que consommer du cannabis ne soit plus consid\u00e9r\u00e9 comme une infraction. Mais globalement, c\u2019est un sujet qui fait peur aux politiciens parce qu\u2019il est tr\u00e8s risqu\u00e9, surtout pour ceux qui ont un \u00e9lectorat \u00e2g\u00e9. Vous savez que l\u2019opinion publique est tr\u00e8s divis\u00e9e sur cette question. Donc ce n\u2019est pas un sujet qui est souvent d\u00e9battu \u00e0 l\u2019Assembl\u00e9e nationale.<\/p>\n\n\n\n<p><a id=\"sonaar_ts-6927cfe7cb430\" class=\"srmp3_sonaar_ts_shortcode\"  style=\"\" href=\"javascript:sonaar_ts_shortcode({ trackid:'0', time:'00:23:29', ts_id:'6927cfe7cb430', play_icon:'' }) ;\">[00:23:29]<\/a> C\u2019est aussi le cas pour le cannabis th\u00e9rapeutique. Je vous ai dit que 8 Fran\u00e7ais sur 10 y sont favorables, mais pour le moment, ce n\u2019est toujours pas autoris\u00e9 en France. Il devait y avoir une premi\u00e8re exp\u00e9rimentation cette ann\u00e9e pour voir si c\u2019\u00e9tait faisable d\u2019un point de vue logistique, pour prescrire et distribuer les produits aux patients, mais elle a \u00e9t\u00e9 repouss\u00e9e \u00e0 l\u2019ann\u00e9e prochaine \u00e0 cause du covid.<\/p>\n\n\n\n<p><a id=\"sonaar_ts-6927cfe7cb434\" class=\"srmp3_sonaar_ts_shortcode\"  style=\"\" href=\"javascript:sonaar_ts_shortcode({ trackid:'0', time:'00:24:01', ts_id:'6927cfe7cb434', play_icon:'' }) ;\">[00:24:01]<\/a> Maintenant, il y a un dernier point tr\u00e8s important dont on n\u2019a pas encore discut\u00e9, c\u2019est la dimension \u00e9conomique du cannabis. Parce que oui, comme pour les autres produits, le cannabis, c\u2019est un march\u00e9. Il y a des producteurs, des distributeurs et des clients. \u00c9videmment, comme c\u2019est un produit ill\u00e9gal, c\u2019est un peu difficile de conna\u00eetre la taille exacte de ce march\u00e9. Mais la derni\u00e8re \u00e9tude s\u00e9rieuse l\u2019estimait \u00e0 1,1 milliards d\u2019euros, soit la moiti\u00e9 du total du march\u00e9 des drogues en France. Sachant que c\u2019est une \u00e9tude qui date de 2010, on peut imaginer que le march\u00e9 est encore plus grand aujourd\u2019hui. Pour comparer, le march\u00e9 des compl\u00e9ments alimentaires en France, c\u2019est environ 2 milliards d\u2019euros, comme le march\u00e9 des drogues. Donc vous voyez que le poids \u00e9conomique du cannabis est loin d\u2019\u00eatre n\u00e9gligeable.<\/p>\n\n\n\n<p><a id=\"sonaar_ts-6927cfe7cb439\" class=\"srmp3_sonaar_ts_shortcode\"  style=\"\" href=\"javascript:sonaar_ts_shortcode({ trackid:'0', time:'00:24:56', ts_id:'6927cfe7cb439', play_icon:'' }) ;\">[00:24:56]<\/a> Mais le pire, c\u2019est qu\u2019il co\u00fbte aussi de l\u2019argent \u00e0 l\u2019\u00c9tat donc aux contribuables, aux Fran\u00e7ais qui payent leurs imp\u00f4ts. Eh oui ! Pour faire respecter la loi et combattre les trafiquants, les dealers, il faut des policiers. Et puis, il faut aussi arr\u00eater les gens, faire des proc\u00e8s, les garder en prison. On estime que chaque ann\u00e9e, il y a 200 000 arrestations li\u00e9es au trafic ou \u00e0 la consommation de cannabis. Au total, tous ces co\u00fbts, \u00e7a repr\u00e9sente un budget annuel d\u2019environ 570 millions d\u2019euros pour l\u2019\u00c9tat.<\/p>\n\n\n\n<p><a id=\"sonaar_ts-6927cfe7cb43d\" class=\"srmp3_sonaar_ts_shortcode\"  style=\"\" href=\"javascript:sonaar_ts_shortcode({ trackid:'0', time:'00:25:31', ts_id:'6927cfe7cb43d', play_icon:'' }) ;\">[00:25:31]<\/a> En plus, les \u00e9conomistes ont montr\u00e9 que cette politique de prohibition est un \u00e9chec complet ! Au lieu de faire baisser la consommation de cannabis, la strat\u00e9gie r\u00e9pressive du gouvernement l\u2019a favoris\u00e9e. Vous vous souvenez, je vous ai dit que la part des personnes qui exp\u00e9rimentent avec le cannabis augmente d\u2019une g\u00e9n\u00e9ration \u00e0 l\u2019autre, et que la France est le pays europ\u00e9en o\u00f9 cette part est la plus \u00e9lev\u00e9e. Et \u00e7a, \u00e7a s\u2019explique en grande partie par le fait que c\u2019est une drogue que les mineurs peuvent acheter facilement. Bah oui, vous imaginez bien que les dealers ne demandent pas \u00e0 leurs clients de montrer leur carte d\u2019identit\u00e9. Et ils ont bien compris que les coll\u00e8ges et les lyc\u00e9es sont des endroits tr\u00e8s lucratifs pour leur business.<\/p>\n\n\n\n<p><a id=\"sonaar_ts-6927cfe7cb446\" class=\"srmp3_sonaar_ts_shortcode\"  style=\"\" href=\"javascript:sonaar_ts_shortcode({ trackid:'0', time:'00:26:16', ts_id:'6927cfe7cb446', play_icon:'' }) ;\">[00:26:16]<\/a> C\u2019est pour toutes ces raisons que de plus en plus d\u2019\u00e9conomistes recommandent une l\u00e9galisation du cannabis en France. C\u2019\u00e9tait notamment la conclusion d\u2019un rapport publi\u00e9 en 2019 par le Centre d\u2019analyse \u00e9conomique, un institut d\u2019\u00e9tude ind\u00e9pendant. Les auteurs de ce rapport ont estim\u00e9 que la l\u00e9galisation pourrait rapporter au minimum 2 milliards d\u2019euros \u00e0 l\u2019\u00c9tat chaque ann\u00e9e. \u00abRapporter\u00bb, dans ce contexte, \u00e7a veut dire \u00abfaire gagner\u00bb. Par exemple, si vous avez investi et que votre investissement vous fait gagner de l\u2019argent, vous pouvez dire \u00abmon investissement me rapporte X euros\u00bb.<\/p>\n\n\n\n<p><a id=\"sonaar_ts-6927cfe7cb44a\" class=\"srmp3_sonaar_ts_shortcode\"  style=\"\" href=\"javascript:sonaar_ts_shortcode({ trackid:'0', time:'00:26:54', ts_id:'6927cfe7cb44a', play_icon:'' }) ;\">[00:26:54]<\/a> Mais pourquoi la l\u00e9galisation du cannabis rapporterait-elle de l\u2019argent \u00e0 l\u2019\u00c9tat fran\u00e7ais ? Gr\u00e2ce aux taxes, bien s\u00fbr ! Aujourd\u2019hui, c\u2019est un produit ill\u00e9gal donc forc\u00e9ment, l\u2019\u00c9tat ne peut pas le taxer. Mais si \u00e7a changeait, l\u2019\u00c9tat pourrait fixer une taxe assez \u00e9lev\u00e9e, par exemple 40% ou 50%. En tous cas, c\u2019est ce que recommande les \u00e9conomistes du Centre d\u2019analyse \u00e9conomique. Ils pensent qu\u2019avec une taxe aussi \u00e9lev\u00e9e, il serait plus facile de r\u00e9duire progressivement la demande. C\u2019est d\u00e9j\u00e0 cette strat\u00e9gie qui est en place pour les cigarettes dont le prix augmente chaque ann\u00e9e et qui est devenu assez dissuasif. Beaucoup de personnes ont arr\u00eat\u00e9 de fumer parce que les cigarettes co\u00fbtaient trop cher.<\/p>\n\n\n\n<p><a id=\"sonaar_ts-6927cfe7cb44f\" class=\"srmp3_sonaar_ts_shortcode\"  style=\"\" href=\"javascript:sonaar_ts_shortcode({ trackid:'0', time:'00:27:40', ts_id:'6927cfe7cb44f', play_icon:'' }) ;\">][00:27:40]<\/a> Et pour aller encore plus loin, les \u00e9conomistes recommandent que l\u2019\u00c9tat ait le monopole de la production et de la distribution de cannabis. Non seulement, \u00e7a cr\u00e9erait de nouveaux emplois, mais \u00e7a permettrait surtout de mieux contr\u00f4ler la qualit\u00e9 du produit et les clients, par exemple pour interdire aux mineurs d\u2019en acheter. Avec l\u2019argent gagn\u00e9 gr\u00e2ce \u00e0 la vente de cannabis, l\u2019\u00c9tat pourrait financer des campagnes pour la pr\u00e9vention et l\u2019\u00e9ducation des jeunes. Comme la politique de r\u00e9pression qui existe depuis 50 ans n\u2019a pas fonctionn\u00e9, les experts pensent que \u00e7a vaut le coup d\u2019essayer autre chose .<\/p>\n\n\n\n<p><a id=\"sonaar_ts-6927cfe7cb453\" class=\"srmp3_sonaar_ts_shortcode\"  style=\"\" href=\"javascript:sonaar_ts_shortcode({ trackid:'0', time:'00:28:20', ts_id:'6927cfe7cb453', play_icon:'' }) ;\">[00:28:20]<\/a> Pour finir, le dernier avantage de la l\u00e9galisation, et pas des moindres, \u00e7a serait la disparition du march\u00e9 noir, ou en tous cas, une dimunition drastique. Aujourd\u2019hui, il existe des quartiers en France qui sont contr\u00f4l\u00e9s par les trafiquants et o\u00f9 m\u00eame la police n\u2019ose pas aller. Les habitants de ces quartiers vivent un enfer, il y a une violence quotidienne, des crimes et tous les autres probl\u00e8mes li\u00e9s au trafic de drogues. Les \u00e9conomistes pensent que si une alternative existait, la plupart des clients pr\u00e9f\u00e8rerait acheter leur cannabis l\u00e9galement dans une boutique sp\u00e9cialis\u00e9e. Donc progressivement, le march\u00e9 noir diminuerait et les trafiquants perdraient cette source de revenus.<\/p>\n\n\n\n<p><a id=\"sonaar_ts-6927cfe7cb457\" class=\"srmp3_sonaar_ts_shortcode\"  style=\"\" href=\"javascript:sonaar_ts_shortcode({ trackid:'0', time:'00:29:13', ts_id:'6927cfe7cb457', play_icon:'' }) ;\">[00:29:13]<\/a> Pour conclure cet \u00e9pisode, on peut dire qu\u2019aujourd\u2019hui, la relation des Fran\u00e7ais et des Fran\u00e7aises avec le cannabis est plut\u00f4t compliqu\u00e9e. Nous faisons partie des plus gros consommateurs au monde, mais notre l\u00e9gislation est l\u2019une des plus r\u00e9pressives. Fumer son premier joint est devenu une chose banale pour les adolescents, et les parents s\u2019inqui\u00e8tent des dangers de cette drogue pour leur sant\u00e9. Les \u00e9conomistes recommandent de l\u00e9galiser la production et la consommation de cannabis, mais les politiciens refusent d\u2019en entendre parler. Bref, \u00e0 l\u2019heure actuelle, il est difficile de savoir comment les choses vont \u00e9voluer, mais il est certain que le d\u00e9bat sur le cannabis ne fait que commencer.<\/p>\n\n\n\n<p><a id=\"sonaar_ts-6927cfe7cb461\" class=\"srmp3_sonaar_ts_shortcode\"  style=\"\" href=\"javascript:sonaar_ts_shortcode({ trackid:'0', time:'00:29:54', ts_id:'6927cfe7cb461', play_icon:'' }) ;\">[00:29:54]<\/a> Si je me risque \u00e0 faire une pr\u00e9diction pour r\u00e9pondre \u00e0 la question pos\u00e9e en d\u00e9but d\u2019\u00e9pisode, \u00e0 mon avis, il y a peu de chance que la France l\u00e9galise le cannabis dans les prochaines ann\u00e9es.<\/p>\n\n\n\n<p><a id=\"sonaar_ts-6927cfe7cb466\" class=\"srmp3_sonaar_ts_shortcode\"  style=\"\" href=\"javascript:sonaar_ts_shortcode({ trackid:'0', time:'00:30:10', ts_id:'6927cfe7cb466', play_icon:'' }) ;\">[00:30:10]<\/a> Voil\u00e0, on va s\u2019arr\u00eater l\u00e0. C\u2019\u00e9tait un \u00e9pisode assez dense, avec beaucoup de chiffres, donc j\u2019esp\u00e8re que vous n&#8217;avez pas trop mal \u00e0 la t\u00eate ! Merci de m\u2019avoir \u00e9cout\u00e9 jusqu\u2019au bout et on se retrouve dans quelques semaines pour le prochain \u00e9pisode. \u00c0 bient\u00f4t !<\/p>\n","protected":false},"excerpt":{"rendered":"<p>Salut \u00e0 toutes et \u00e0 tous ! C\u2019est Hugo et je suis ravi de vous retrouver pour ce nouvel \u00e9pisode. J\u2019esp\u00e8re que vous gardez le moral, que vous n\u2019\u00eates pas trop d\u00e9prim\u00e9s \u00e0 cause des \u00e9v\u00e8nements actuels. J\u2019ai l\u2019impression de commencer tous les \u00e9pisodes comme \u00e7a depuis le d\u00e9but de la pand\u00e9mie, mais bon. Le&#8230;<\/p>\n","protected":false},"author":1,"featured_media":289653,"comment_status":"open","ping_status":"open","sticky":false,"template":"","format":[189],"meta":{"_acf_changed":false,"_kad_blocks_custom_css":"","_kad_blocks_head_custom_js":"","_kad_blocks_body_custom_js":"","_kad_blocks_footer_custom_js":"","_kad_post_transparent":"","_kad_post_title":"","_kad_post_layout":"","_kad_post_sidebar_id":"","_kad_post_content_style":"","_kad_post_vertical_padding":"","_kad_post_feature":"","_kad_post_feature_position":"","_kad_post_header":false,"_kad_post_footer":false,"_kad_post_classname":"","footnotes":""},"categories":[168],"tags":[196,175,176,172],"class_list":["post-6899","post","type-post","status-publish","format-standard","has-post-thumbnail","hentry","category-podcast","tag-actualite","tag-france","tag-politique","tag-societe","format-solo-hugo"],"acf":[],"taxonomy_info":{"category":[{"value":168,"label":"Podcast"}],"post_tag":[{"value":196,"label":"Actualit\u00e9"},{"value":175,"label":"France"},{"value":176,"label":"Politique"},{"value":172,"label":"Soci\u00e9t\u00e9"}],"format":[{"value":189,"label":"Solo Hugo"}]},"featured_image_src_large":["https:\/\/innerfrench.com\/wp-content\/uploads\/2020\/10\/cannabis-e1718021507111-750x406.jpg",750,406,true],"author_info":{"display_name":"Hugo","author_link":"https:\/\/innerfrench.com\/author\/innerfrench-2-2-2-2-2-2-2-2-2-2-2-2-2-2-2-2-2-2-2\/"},"comment_info":15,"category_info":[{"term_id":168,"name":"Podcast","slug":"podcast","term_group":0,"term_taxonomy_id":168,"taxonomy":"category","description":"","parent":0,"count":185,"filter":"raw","cat_ID":168,"category_count":185,"category_description":"","cat_name":"Podcast","category_nicename":"podcast","category_parent":0}],"tag_info":[{"term_id":196,"name":"Actualit\u00e9","slug":"actualite","term_group":0,"term_taxonomy_id":196,"taxonomy":"post_tag","description":"","parent":0,"count":10,"filter":"raw"},{"term_id":175,"name":"France","slug":"france","term_group":0,"term_taxonomy_id":175,"taxonomy":"post_tag","description":"","parent":0,"count":100,"filter":"raw"},{"term_id":176,"name":"Politique","slug":"politique","term_group":0,"term_taxonomy_id":176,"taxonomy":"post_tag","description":"","parent":0,"count":20,"filter":"raw"},{"term_id":172,"name":"Soci\u00e9t\u00e9","slug":"societe","term_group":0,"term_taxonomy_id":172,"taxonomy":"post_tag","description":"","parent":0,"count":94,"filter":"raw"}],"_links":{"self":[{"href":"https:\/\/innerfrench.com\/wp-json\/wp\/v2\/posts\/6899","targetHints":{"allow":["GET"]}}],"collection":[{"href":"https:\/\/innerfrench.com\/wp-json\/wp\/v2\/posts"}],"about":[{"href":"https:\/\/innerfrench.com\/wp-json\/wp\/v2\/types\/post"}],"author":[{"embeddable":true,"href":"https:\/\/innerfrench.com\/wp-json\/wp\/v2\/users\/1"}],"replies":[{"embeddable":true,"href":"https:\/\/innerfrench.com\/wp-json\/wp\/v2\/comments?post=6899"}],"version-history":[{"count":1,"href":"https:\/\/innerfrench.com\/wp-json\/wp\/v2\/posts\/6899\/revisions"}],"predecessor-version":[{"id":293940,"href":"https:\/\/innerfrench.com\/wp-json\/wp\/v2\/posts\/6899\/revisions\/293940"}],"wp:featuredmedia":[{"embeddable":true,"href":"https:\/\/innerfrench.com\/wp-json\/wp\/v2\/media\/289653"}],"wp:attachment":[{"href":"https:\/\/innerfrench.com\/wp-json\/wp\/v2\/media?parent=6899"}],"wp:term":[{"taxonomy":"category","embeddable":true,"href":"https:\/\/innerfrench.com\/wp-json\/wp\/v2\/categories?post=6899"},{"taxonomy":"post_tag","embeddable":true,"href":"https:\/\/innerfrench.com\/wp-json\/wp\/v2\/tags?post=6899"},{"taxonomy":"format","embeddable":true,"href":"https:\/\/innerfrench.com\/wp-json\/wp\/v2\/format?post=6899"}],"curies":[{"name":"wp","href":"https:\/\/api.w.org\/{rel}","templated":true}]}}