{"id":695,"date":"2017-08-17T16:16:00","date_gmt":"2017-08-17T14:16:00","guid":{"rendered":"https:\/\/innerfrench.com\/?p=695"},"modified":"2025-10-02T10:22:50","modified_gmt":"2025-10-02T08:22:50","slug":"17-xavier-dolan-realisateur-prodige","status":"publish","type":"post","link":"https:\/\/innerfrench.com\/17-xavier-dolan-realisateur-prodige\/","title":{"rendered":"#17 Xavier Dolan, r\u00e9alisateur prodige ?"},"content":{"rendered":"\n<p>Bonjour \u00e0 tous, c&#8217;est Hugo et vous \u00e9coutez le Cottongue Podcast \u00e9pisode 17.<\/p>\n\n\n\n<p><a id=\"sonaar_ts-6927d3901a0b9\" class=\"srmp3_sonaar_ts_shortcode\"  style=\"\" href=\"javascript:sonaar_ts_shortcode({ trackid:'0', time:'00:00:13', ts_id:'6927d3901a0b9', play_icon:'' }) ;\">[00:00:13]<\/a> Bienvenue \u00e0 tous pour ce nouvel \u00e9pisode. J\u2019esp\u00e8re que vous profitez bien des derni\u00e8res semaines de l\u2019\u00e9t\u00e9, si c\u2019est l\u2019\u00e9t\u00e9 chez vous, et peut-\u00eatre aussi de vos derni\u00e8res semaines de vacances. Peut-\u00eatre que vous \u00e9coutez ce podcast \u00e0 la plage et si c\u2019est le cas faites attention aux coups de soleil. Un &#8220;coup de soleil&#8221;, c\u2019est quand on passe trop de temps au soleil et que notre peau commence \u00e0 br\u00fbler et \u00e0 devenir toute rouge. Donc si vous \u00eates \u00e0 la plage en train d\u2019\u00e9couter mon podcast, n\u2019oubliez pas de mettre de la cr\u00e8me solaire !<\/p>\n\n\n\n<p><a id=\"sonaar_ts-6927d3901a0d0\" class=\"srmp3_sonaar_ts_shortcode\"  style=\"\" href=\"javascript:sonaar_ts_shortcode({ trackid:'0', time:'00:01:00', ts_id:'6927d3901a0d0', play_icon:'' }) ;\">[00:01:00]<\/a> Bon, aujourd&#8217;hui on ne va pas parler de plage et de mer, mais plut\u00f4t de cin\u00e9ma et en particulier d&#8217;un jeune r\u00e9alisateur tr\u00e8s talentueux. Et justement, j&#8217;avais envie de commencer ce podcast avec une citation. Une citation, c\u2019est quand on rapporte une chose que quelqu\u2019un d&#8217;autre a dite. Par exemple, si le pr\u00e9sident fait un discours, ensuite les journalistes peuvent faire des citations de ce discours. Ou alors, s&#8217;il y a un livre que vous aimez et en particulier un passage de ce livre, eh bien vous pouvez citer ce passage et \u00e0 ce moment-l\u00e0 vous faites une citation.<\/p>\n\n\n\n<p><a id=\"sonaar_ts-6927d3901a0de\" class=\"srmp3_sonaar_ts_shortcode\"  style=\"\" href=\"javascript:sonaar_ts_shortcode({ trackid:'0', time:'00:02:00', ts_id:'6927d3901a0de', play_icon:'' }) ;\">[00:02:00]<\/a> Donc, moi, la citation que je voulais partager avec vous aujourd&#8217;hui, elle vient d&#8217;une pi\u00e8ce de th\u00e9\u00e2tre qui a \u00e9t\u00e9 \u00e9crite au XVIIe si\u00e8cle par un dramaturge fran\u00e7ais qui s&#8217;appelle Pierre Corneille. Et cette citation elle dit : &#8220;la valeur n&#8217;attend pas le nombre des ann\u00e9es&#8221;. Est-ce que vous comprenez ce que \u00e7a veut dire &#8220;la valeur n&#8217;attend pas le nombre des ann\u00e9es&#8221; ? En fait, \u00e7a signifie que le talent ne d\u00e9pend pas de l&#8217;\u00e2ge. On peut \u00eatre tr\u00e8s talentueux m\u00eame quand on est tr\u00e8s jeune. Et au contraire, m\u00eame si on a aucun talent, le temps ne changera rien \u00e0 \u00e7a. Vous pouvez toujours vous entra\u00eener et pratiquer, mais si vous n&#8217;avez pas de talent pour quelque chose, il y a peu de chance que ce talent vienne avec l&#8217;\u00e2ge.<\/p>\n\n\n\n<p><a id=\"sonaar_ts-6927d3901a0e9\" class=\"srmp3_sonaar_ts_shortcode\"  style=\"\" href=\"javascript:sonaar_ts_shortcode({ trackid:'0', time:'00:03:13', ts_id:'6927d3901a0e9', play_icon:'' }) ;\">[00:03:13]<\/a> Donc celui dont on va parler aujourd&#8217;hui, c&#8217;est justement un jeune homme qui a beaucoup de talent, et en particulier beaucoup de talent pour r\u00e9aliser des films. Il est r\u00e9alisateur, producteur et acteur, et il vient du Canada, plus pr\u00e9cis\u00e9ment de Montr\u00e9al. Il est tellement talentueux qu&#8217;il a r\u00e9alis\u00e9 son premier film quand il avait seulement 19 ans, et \u00e7a c&#8217;est quelque chose d&#8217;assez exceptionnel. \u00c7a n&#8217;est pas quelque chose que l&#8217;on peut voir tous les jours, un r\u00e9alisateur de 19 ans !<\/p>\n\n\n\n<p><a id=\"sonaar_ts-6927d3901a0f2\" class=\"srmp3_sonaar_ts_shortcode\"  style=\"\" href=\"javascript:sonaar_ts_shortcode({ trackid:'0', time:'00:04:03', ts_id:'6927d3901a0f2', play_icon:'' }) ;\">[00:04:03]<\/a> Aujourd&#8217;hui, il est un peu plus \u00e2g\u00e9 parce qu&#8217;il a 28 ans, donc \u00e7a fera bient\u00f4t 10 ans que ce r\u00e9alisateur a commenc\u00e9 \u00e0 faire des films. En l&#8217;espace de cette courte carri\u00e8re, il a d\u00e9j\u00e0 gagn\u00e9 beaucoup de r\u00e9compenses, notamment au Festival de Cannes. D&#8217;ailleurs, il est tr\u00e8s populaire en France et aussi au Canada, dans son pays d&#8217;origine.<\/p>\n\n\n\n<p><a id=\"sonaar_ts-6927d3901a0fb\" class=\"srmp3_sonaar_ts_shortcode\"  style=\"\" href=\"javascript:sonaar_ts_shortcode({ trackid:'0', time:'00:04:35', ts_id:'6927d3901a0fb', play_icon:'' }) ;\">[00:04:35]<\/a> Peut-\u00eatre que vous avez devin\u00e9 de qui je parle. Peut-\u00eatre m\u00eame que vous avez d\u00e9j\u00e0 vu certains de ses films. Il s&#8217;agit de Xavier Dolan. Donc aujourd&#8217;hui je vais vous parler de la carri\u00e8re et de la personnalit\u00e9 de Xavier Dolan et bien \u00e9videmment de ses films. Si vous n&#8217;en avez jamais vu, j&#8217;esp\u00e8re que \u00e7a va vous donner envie d&#8217;en regarder quelques-uns.<\/p>\n\n\n\n<p><a id=\"sonaar_ts-6927d3901a103\" class=\"srmp3_sonaar_ts_shortcode\"  style=\"\" href=\"javascript:sonaar_ts_shortcode({ trackid:'0', time:'00:05:05', ts_id:'6927d3901a103', play_icon:'' }) ;\">[00:05:05]<\/a> Ok, vous \u00eates pr\u00eats ? Alors, c&#8217;est parti !<\/p>\n\n\n\n<p><a id=\"sonaar_ts-6927d3901a10c\" class=\"srmp3_sonaar_ts_shortcode\"  style=\"\" href=\"javascript:sonaar_ts_shortcode({ trackid:'0', time:'00:05:17', ts_id:'6927d3901a10c', play_icon:'' }) ;\">[00:05:17]<\/a> Xavier Dolan est n\u00e9 le 20 mars 1989 \u00e0 Montr\u00e9al au Qu\u00e9bec. Donc lui et moi nous sommes de la m\u00eame ann\u00e9e, parce que moi aussi je suis n\u00e9 en 1989. Autrement dit, Xavier Dolan et moi nous avons le m\u00eame \u00e2ge. Mais malheureusement je n\u2019ai pas fait la m\u00eame carri\u00e8re que lui. Le p\u00e8re de Xavier \u00e9tait d\u2019origine \u00e9gyptienne et il a \u00e9migr\u00e9 au Canada quand il \u00e9tait jeune. Ensuite son p\u00e8re est devenu un com\u00e9dien et chanteur assez populaire au Qu\u00e9bec. Vous savez peut-\u00eatre que le Qu\u00e9bec c\u2019est une r\u00e9gion du Canada. Une r\u00e9gion d\u2019ailleurs dans laquelle la langue officielle est le fran\u00e7ais. Comme son p\u00e8re faisait d\u00e9j\u00e0 partie du show-business, tr\u00e8s jeune Xavier Dolan a commenc\u00e9 \u00e0 faire des publicit\u00e9s \u00e0 la t\u00e9l\u00e9vision. Les publicit\u00e9s, ce sont des annonces qui sont faites par les entreprises pour vendre des produits ou des services. Donc on peut voir des publicit\u00e9s \u00e0 la t\u00e9l\u00e9vision, au cin\u00e9ma, on peut en entendre \u00e0 la radio et on en re\u00e7oit tous les jours dans nos boites mails sur Internet. Donc quand il avait 4 ans, Xavier Dolan a fait ses d\u00e9buts \u00e0 la t\u00e9l\u00e9vision en tant qu\u2019acteur dans des publicit\u00e9s pour des pharmacies. Ensuite, apr\u00e8s ses premi\u00e8res publicit\u00e9s, il a commenc\u00e9 a jou\u00e9 dans des films Qu\u00e9b\u00e9cois quand il \u00e9tait encore enfant.<\/p>\n\n\n\n<p><a id=\"sonaar_ts-6927d3901a114\" class=\"srmp3_sonaar_ts_shortcode\"  style=\"\" href=\"javascript:sonaar_ts_shortcode({ trackid:'0', time:'00:07:18', ts_id:'6927d3901a114', play_icon:'' }) ;\">[00:07:18]<\/a> Quand il avait 8 ans, le jeune Xavier Dolan a envoy\u00e9 une lettre \u00e0 son acteur pr\u00e9f\u00e9r\u00e9, un acteur am\u00e9ricain que vous connaissez s\u00fbrement et qui s\u2019appelle Leonardo Dicaprio. Donc c\u2019est assez dr\u00f4le parce que r\u00e9cemment un magazine fran\u00e7ais a retrouv\u00e9 cette lettre et il l\u2019ont publi\u00e9, donc je vais vous la lire pour que vous vous fassiez une id\u00e9e du caract\u00e8re du jeune Xavier Dolan.<\/p>\n\n\n\n<p><a id=\"sonaar_ts-6927d3901a11e\" class=\"srmp3_sonaar_ts_shortcode\"  style=\"\" href=\"javascript:sonaar_ts_shortcode({ trackid:'0', time:'00:07:54', ts_id:'6927d3901a11e', play_icon:'' }) ;\">[00:07:54]<\/a><br>&#8220;Bonjour Leonardo,<br>Je m\u2019appelle Xavier Dolan. Je vais \u00e0 l\u2019\u00e9cole, j&#8217;adore l\u2019\u00e9cole. J\u2019ai 8 ans. Le 20 mars j\u2019aurai 9 ans. Je suis un de vos fans. J\u2019ai vu Titanic 5 fois. Vous jouez tr\u00e8s bien. Vous \u00eates un grand acteur et je vous admire. Moi aussi je suis acteur. J\u2019ai tourn\u00e9 dans quelques pubs pour une cha\u00eene de magasins pharmaceutiques tr\u00e8s connue et j\u2019ai eu de bons r\u00f4les dans 4 films en fran\u00e7ais. J\u2019aimerais pouvoir jouer dans un de vos films un jour. Je sais qu\u2019un jour vous viendrez \u00e0 Montr\u00e9al. Montr\u00e9al est un lieu de tournage tr\u00e8s populaire. L\u2019ann\u00e9e derni\u00e8re, 100 films am\u00e9ricains ont \u00e9t\u00e9 tourn\u00e9s ici. J\u2019essaierai de vous rencontrer \u00e0 cette occasion. Quand vous viendrez \u00e0 Montr\u00e9al tourner un film, soyez s\u00fbr que je viendrai <strong>passer <\/strong>des auditions au cas o\u00f9 vous avez besoin d\u2019un jeune gar\u00e7on dans le casting.&#8221;<\/p>\n\n\n\n<p><a id=\"sonaar_ts-6927d3901a127\" class=\"srmp3_sonaar_ts_shortcode\"  style=\"\" href=\"javascript:sonaar_ts_shortcode({ trackid:'0', time:'00:09:08', ts_id:'6927d3901a127', play_icon:'' }) ;\">[00:09:08]<\/a> Alors d\u00e9j\u00e0 dans cette lettre, on voit que Xavier Dolan, m\u00eame s&#8217;il est encore jeune (parce qu\u2019il a 8 ans quand il \u00e9crit cette lettre), on voit que Xavier Dolan conna\u00eet tr\u00e8s bien l\u2019industrie du cin\u00e9ma et qu\u2019il est tr\u00e8s d\u00e9termin\u00e9. &#8220;\u00catre d\u00e9termin\u00e9&#8221;, \u00e7a veut dire qu&#8217;on sait ce qu&#8217;on veut et on fait tout pour y arriver. \u00c0 cette \u00e9poque, Xavier Dolan est plut\u00f4t int\u00e9ress\u00e9 par le m\u00e9tier d\u2019acteur. \u00c0 cette \u00e9poque il n&#8217;a pas encore envie de devenir r\u00e9alisateur. Pourtant, c\u2019est quand il deviendra r\u00e9alisateur qu\u2019il sera c\u00e9l\u00e8bre. Un peu plus tard, apr\u00e8s le lyc\u00e9e, il fait des \u00e9tudes d\u2019art et de litt\u00e9rature option cin\u00e9ma, mais il abandonne rapidement. Il trouve que dans cette universit\u00e9 il n\u2019y a pas assez de libert\u00e9, il y a trop de contraintes, et il ne peut pas exprimer son talent. Donc, assez rapidement il abandonne ses \u00e9tudes.<\/p>\n\n\n\n<p><a id=\"sonaar_ts-6927d3901a12f\" class=\"srmp3_sonaar_ts_shortcode\"  style=\"\" href=\"javascript:sonaar_ts_shortcode({ trackid:'0', time:'00:10:25', ts_id:'6927d3901a12f', play_icon:'' }) ;\">[00:10:25]<\/a> \u00c0 ce moment-l\u00e0, son ambition est toujours de faire carri\u00e8re en tant qu\u2019acteur. Mais malheureusement, il n\u2019obtient pas de propositions de r\u00f4le. Alors, il prend la d\u00e9cision de r\u00e9aliser lui-m\u00eame son film et de jouer le r\u00f4le principal dedans. On comprend que Dolan est un autodidacte. Un autodidacte, c\u2019est une personne qui a appris seule, sans professeur. Donc Xavier Dolan a appris le m\u00e9tier de r\u00e9alisateur tout seul en regardant beaucoup de films et en s\u2019inspirant des choses qu\u2019il voyait.<\/p>\n\n\n\n<p><a id=\"sonaar_ts-6927d3901a138\" class=\"srmp3_sonaar_ts_shortcode\"  style=\"\" href=\"javascript:sonaar_ts_shortcode({ trackid:'0', time:'00:11:18', ts_id:'6927d3901a138', play_icon:'' }) ;\">[00:11:18]<\/a> En 2008, quand il a 19 ans, Xavier Dolan r\u00e9alise son premier film seul et il le produit gr\u00e2ce \u00e0 des financements publics. Au Canada, il y a diff\u00e9rentes institutions pour aider les artistes, notamment les r\u00e9alisateurs, \u00e0 produire leurs \u0153uvres et Xavier Dolan a b\u00e9n\u00e9fici\u00e9 de ces aides pour r\u00e9aliser son premier film.<\/p>\n\n\n\n<p><a id=\"sonaar_ts-6927d3901a140\" class=\"srmp3_sonaar_ts_shortcode\"  style=\"\" href=\"javascript:sonaar_ts_shortcode({ trackid:'0', time:'00:11:54', ts_id:'6927d3901a140', play_icon:'' }) ;\">[00:11:54]<\/a> Le titre de son premier film c\u2019est : J\u2019ai tu\u00e9 ma m\u00e8re. Alors l\u00e0, vous imaginez peut-\u00eatre un film d\u2019horreur ou alors un thriller psychologique parce que ce titre est assez sombre. En fait, ce film n\u2019est pas vraiment un film d\u2019horreur mais plut\u00f4t un film sur la relation m\u00e8re-fils. C\u2019est l\u2019histoire d\u2019un jeune m\u2019a nomm\u00e9 Hubert qui a 16 ans et dont la relation avec sa m\u00e8re est tr\u00e8s difficile. Il la d\u00e9teste. Il hait ses go\u00fbts, sa fa\u00e7on de s\u2019habiller, sa mani\u00e8re d\u2019\u00eatre; il d\u00e9teste absolument tout chez sa m\u00e8re. Malheureusement pour lui, il vit seul avec elle car son p\u00e8re les a abandonn\u00e9s, son p\u00e8re est parti. Alors Hubert et sa m\u00e8re passent leurs journ\u00e9es \u00e0 se disputer, \u00e0 crier, \u00e0 s\u2019insulter, c\u2019est assez violent. Pas forc\u00e9ment de la violence physique, mais plut\u00f4t une forme de violence verbale. Le plus gros probl\u00e8me de Hubert, c\u2019est qu\u2019il doit cacher son homosexualit\u00e9 car il pense que sa m\u00e8re ne pourrait pas l\u2019accepter.<\/p>\n\n\n\n<p><a id=\"sonaar_ts-6927d3901a149\" class=\"srmp3_sonaar_ts_shortcode\"  style=\"\" href=\"javascript:sonaar_ts_shortcode({ trackid:'0', time:'00:13:29', ts_id:'6927d3901a149', play_icon:'' }) ;\">[00:13:29]<\/a> Ce film a une forte dimension autobiographique. \u00c7a veut dire que Dolan s\u2019est beaucoup inspir\u00e9 de sa vie pour \u00e9crire le sc\u00e9nario de ce film. D\u2019ailleurs, il a \u00e9crit ce sc\u00e9nario quand il avait 16 ans, autrement dit le m\u00eame \u00e2ge que le h\u00e9ros Hubert. Et, vous l\u2019avez devin\u00e9, c\u2019est Xavier Dolan lui-m\u00eame qui joue le r\u00f4le principal, qui joue le r\u00f4le d\u2019Hubert.<\/p>\n\n\n\n<p><a id=\"sonaar_ts-6927d3901a151\" class=\"srmp3_sonaar_ts_shortcode\"  style=\"\" href=\"javascript:sonaar_ts_shortcode({ trackid:'0', time:'00:14:01', ts_id:'6927d3901a151', play_icon:'' }) ;\">[00:14:01]<\/a> Ce premier film est pr\u00e9sent\u00e9 dans un festival parall\u00e8le au festival de Cannes qui s\u2019appelle &#8220;la Quinzaine des r\u00e9alisateurs&#8221;. C\u2019est un festival qui est plut\u00f4t pour les films ind\u00e9pendants, les films avec des petits budgets, et quand il est pr\u00e9sent\u00e9, il impressionne beaucoup les critiques. D\u2019ailleurs, \u00e0 ce festival, il obtient trois r\u00e9compenses. \u00c0 ce moment-l\u00e0, les m\u00e9dias commencent \u00e0 s\u2019int\u00e9resser \u00e0 ce petit g\u00e9nie, \u00e0 celui qu\u2019ils appellent d\u00e9j\u00e0 &#8220;l\u2019enfant prodige&#8221;. Certaines critiques se demandent comment un r\u00e9alisateur qui a seulement 20 ans peut montrer une telle maturit\u00e9, une telle ma\u00eetrise. Surtout que c\u2019est seulement son premier film. Donc, \u00e0 ce moment-l\u00e0, avec la sortie de J\u2019ai tu\u00e9 ma m\u00e8re, Xavier Dolan commence \u00e0 attirer l\u2019attention des m\u00e9dias sur lui.<\/p>\n\n\n\n<p><a id=\"sonaar_ts-6927d3901a15a\" class=\"srmp3_sonaar_ts_shortcode\"  style=\"\" href=\"javascript:sonaar_ts_shortcode({ trackid:'0', time:'00:15:15', ts_id:'6927d3901a15a', play_icon:'' }) ;\">[00:15:15]<\/a> Le film sortira en France et au Canada mais il ne fera pas beaucoup d\u2019entr\u00e9es. \u00c7a reste un film assez ind\u00e9pendant. Et, apr\u00e8s ce film, Xavier Dolan en sortira un nouveau presque chaque ann\u00e9e. Un peu comme le r\u00e9alisateur Woody Allen, chaque ann\u00e9e Xavier Dolan r\u00e9alise un nouveau film. Il a une r\u00e9putation de bourreau de travail. Un bourreau de travail, c\u2019est une personne qui travaille \u00e9norm\u00e9ment, qui a une forme d\u2019addiction au travail. Et quand on lit des interviews de Xavier Dolan, on se rend compte qu\u2019il passe sa vie \u00e0 travailler, \u00e0 faire diff\u00e9rents projets, \u00e0 r\u00e9fl\u00e9chir \u00e0 ses sc\u00e9narios et que c\u2019est une chose qui l&#8217;obs\u00e8de. Il a beaucoup de films en t\u00eate qu\u2019il a envie de r\u00e9aliser, donc presque chaque ann\u00e9e il sort un nouveau film. D\u2019ailleurs, les personnes qui travaillent avec lui disent qu\u2019il a des id\u00e9es tr\u00e8s pr\u00e9cises. Il sait exactement ce qu\u2019il veut et il donne beaucoup d\u2019indications aux acteurs et aux actrices sur leur fa\u00e7on de jouer. Parfois, il leur demande de dire une r\u00e9plique de 10 ou 12 fa\u00e7ons diff\u00e9rentes. Donc pour certains acteurs c\u2019est int\u00e9ressant de travailler avec Xavier Dolan, mais \u00e7a peut \u00eatre aussi un peu compliqu\u00e9 parce qu\u2019il est tr\u00e8s exigeant. Et en m\u00eame temps, c\u2019est assez bizarre de voir un si jeune r\u00e9alisateur avec une telle maturit\u00e9.<\/p>\n\n\n\n<p><a id=\"sonaar_ts-6927d3901a16c\" class=\"srmp3_sonaar_ts_shortcode\"  style=\"\" href=\"javascript:sonaar_ts_shortcode({ trackid:'0', time:'00:17:27', ts_id:'6927d3901a16c', play_icon:'' }) ;\">[00:17:27]<\/a> Le deuxi\u00e8me film de Xavier Dolan sort en 2010 et il s\u2019appelle Les amours imaginaires.<\/p>\n\n\n\n<p><a id=\"sonaar_ts-6927d3901a175\" class=\"srmp3_sonaar_ts_shortcode\"  style=\"\" href=\"javascript:sonaar_ts_shortcode({ trackid:'0', time:'00:17:36', ts_id:'6927d3901a175', play_icon:'' }) ;\">[00:17:36]<\/a> C\u2019est un film qui parle d\u2019une amiti\u00e9 entre un jeune homme et une jeune fille qui se transforme en trio amoureux avec l\u2019arriv\u00e9e d\u2019un troisi\u00e8me jeune homme dans leur relation. Donc en fait il y a une forme de concurrence entre les deux amis qui veulent tous les deux s\u00e9duire ce nouveau jeune homme. C\u2019est un film qui a \u00e9t\u00e9 tourn\u00e9 \u00e0 Montr\u00e9al et qui est assez int\u00e9ressant au niveau esth\u00e9tique, et dont la bande son est \u00e9galement super. La bande-son, c\u2019est les musiques qu\u2019on utilise dans un film.<\/p>\n\n\n\n<p><a id=\"sonaar_ts-6927d3901a17d\" class=\"srmp3_sonaar_ts_shortcode\"  style=\"\" href=\"javascript:sonaar_ts_shortcode({ trackid:'0', time:'00:18:29', ts_id:'6927d3901a17d', play_icon:'' }) ;\">[00:18:29]<\/a> Le troisi\u00e8me film de Xavier Dolan sort deux ans plus tard, en 2012, et il s\u2019appelle Laurence Anyways. C\u2019est un film qui se passe dans les ann\u00e9es 90 et qui parle d\u2019un couple dont le mari a d\u00e9cid\u00e9 de devenir une femme, il a d\u00e9cid\u00e9 de changer de sexe. Ce film montre les obstacles que le couple doit d\u00e9passer, les probl\u00e8mes qu\u2019ils ont avec leurs entourages, avec le regard des autres, et comment ils font pour affronter tous ces obstacles.<\/p>\n\n\n\n<p><a id=\"sonaar_ts-6927d3901a186\" class=\"srmp3_sonaar_ts_shortcode\"  style=\"\" href=\"javascript:sonaar_ts_shortcode({ trackid:'0', time:'00:19:15', ts_id:'6927d3901a186', play_icon:'' }) ;\">[00:19:15]<\/a> Un an plus tard, en 2013, sort Tom \u00e0 la ferme. L\u00e0, c\u2019est un film assez diff\u00e9rent des trois premiers r\u00e9alis\u00e9s par Dolan, puisqu\u2019il s\u2019agit d\u2019un thriller un peu \u00e0 la mani\u00e8re d\u2019Hitchcock. Vous connaissez s\u00fbrement le c\u00e9l\u00e8bre r\u00e9alisateur am\u00e9ricain [correction : britannique] Alfred Hitchcock. Tom \u00e0 la ferme, c\u2019est donc un thriller psychologique entre un jeune homme homosexuel et le fr\u00e8re de son petit ami qui est d\u00e9c\u00e9d\u00e9. Donc ce jeune homme, Tom, il va rendre visite \u00e0 la famille de son petit ami qui est mort et il rencontre pour la premi\u00e8re fois son fr\u00e8re qui a une mentalit\u00e9 compl\u00e8tement diff\u00e9rente de la sienne. Et dans le film progressivement Tom devient un prisonnier de cette ferme, et il doit faire face \u00e0 la pression psychologique du fr\u00e8re de son petit ami. C\u2019est un film avec beaucoup de tension qui est aussi tr\u00e8s int\u00e9ressant et qui a \u00e9t\u00e9 tr\u00e8s appr\u00e9ci\u00e9 par les critiques.<\/p>\n\n\n\n<p><a id=\"sonaar_ts-6927d3901a18f\" class=\"srmp3_sonaar_ts_shortcode\"  style=\"\" href=\"javascript:sonaar_ts_shortcode({ trackid:'0', time:'00:20:48', ts_id:'6927d3901a18f', play_icon:'' }) ;\">[00:20:48]<\/a> Mais le film qui a vraiment rendu Xavier Dolan c\u00e9l\u00e8bre, c\u2019est celui qui est sorti en 2014 et qui s\u2019appelle Mommy. C\u2019est son film le plus connu, et celui qui a eu le plus de succ\u00e8s. Pour la premi\u00e8re fois, il a \u00e9t\u00e9 pr\u00e9sent\u00e9 au festival de Cannes et il a obtenu le Prix du jury. Encore une fois c\u2019est un film sur la relation m\u00e8re-fils car c\u2019est un sujet qui int\u00e9resse beaucoup Xavier Dolan et qu\u2019il explore de diff\u00e9rentes fa\u00e7ons dans ses diff\u00e9rents films. Cette fois le fils, c\u2019est un enfant qui souffre de troubles psychiques. Il est souvent violent dans ses paroles mais aussi dans ses actes. Et la m\u00e8re de Steve (parce que cet enfant s\u2019appelle Steve) a beaucoup de difficult\u00e9s \u00e0 s\u2019occuper de lui. Elle est seule parce que son mari est mort et elle ne sait pas comment g\u00e9rer la violence de son fils qu\u2019elle aime \u00e9norm\u00e9ment mais face auquel elle ne trouve pas vraiment de solution. Le film explore leur relation entre amour, violence, tendresse et insultes. Il montre qu\u2019il y a un \u00e9quilibre tr\u00e8s fragile qu\u2019ils arrivent \u00e0 trouver avec l\u2019aide de leur nouvelle voisine, mais qui malheureusement ne va pas durer.<\/p>\n\n\n\n<p><a id=\"sonaar_ts-6927d3901a198\" class=\"srmp3_sonaar_ts_shortcode\"  style=\"\" href=\"javascript:sonaar_ts_shortcode({ trackid:'0', time:'00:22:41', ts_id:'6927d3901a198', play_icon:'' }) ;\">[00:22:41]<\/a> C&#8217;est un film qui a \u00e9t\u00e9 tr\u00e8s appr\u00e9ci\u00e9 par le public et par la critique parce qu&#8217;il y a vraiment beaucoup d&#8217;\u00e9motions qui passent \u00e0 travers ce film. C&#8217;est extr\u00eamement int\u00e9ressant de le regarder et je pense qu&#8217;une fois qu&#8217;on a vu ce film on n&#8217;est plus exactement la m\u00eame personne. Et \u00e0 mon avis, c\u2019est \u00e7a qui montre que c\u2019est un grand film. Il est tr\u00e8s beau et tr\u00e8s \u00e9mouvant et, comme je l&#8217;ai dit, c\u2019est le premier vrai succ\u00e8s populaire de Dolan. Donc si vous n\u2019avez jamais vu de film de Xavier Dolan, je vous conseille de commencer par celui-ci. Je vous conseille de regarder en premier Mommy. Si vous le regardez, essayez de trouver des sous-titres fran\u00e7ais parce que le qu\u00e9b\u00e9cois ce n\u2019est pas toujours facile \u00e0 comprendre. D\u2019ailleurs, quand des films qu\u00e9b\u00e9cois sortent dans les cin\u00e9mas en France, il y a souvent des sous-titres parce que m\u00eame pour les Fran\u00e7ais c\u2019est assez difficile de comprendre un film en qu\u00e9b\u00e9cois.<\/p>\n\n\n\n<p><a id=\"sonaar_ts-6927d3901a1a0\" class=\"srmp3_sonaar_ts_shortcode\"  style=\"\" href=\"javascript:sonaar_ts_shortcode({ trackid:'0', time:'00:23:58', ts_id:'6927d3901a1a0', play_icon:'' }) ;\">[00:23:58]<\/a> Le dernier film de Xavier Dolan est sorti en 2016 et il s\u2019appelle Juste la fin du monde. C\u2019est le premier film qu\u2019il a r\u00e9alis\u00e9 en France avec des acteurs et actrices fran\u00e7ais tr\u00e8s connus, dont par exemple Marion Cotillard, Vincent Cassel et L\u00e9a Seydoux. Ce film, c\u2019est une adaptation d\u2019une pi\u00e8ce de th\u00e9\u00e2tre est c&#8217;est l&#8217;histoire d\u2019un \u00e9crivain qui revient voir sa famille dans son village natal apr\u00e8s 12 ann\u00e9es d\u2019absence. Et s\u2019il revient dans son village natal pour voir sa famille, c\u2019est parce qu\u2019il veut leur annoncer qu\u2019il va bient\u00f4t mourir. Ces retrouvailles, &#8220;des retrouvailles&#8221; c\u2019est quand on retrouve une personne qu\u2019on avait pas vue depuis longtemps, ces retrouvailles ravivent des souvenirs mais elles cr\u00e9ent aussi des tensions entre les membres de la famille. Je vous propose donc d\u2019\u00e9couter une sc\u00e8ne de ce film qui se passe \u00e0 table pendant le d\u00e9jeuner avec les diff\u00e9rents membres de la famille.<\/p>\n\n\n\n<p><a id=\"sonaar_ts-6927d3901a1a9\" class=\"srmp3_sonaar_ts_shortcode\"  style=\"\" href=\"javascript:sonaar_ts_shortcode({ trackid:'0', time:'00:25:22', ts_id:'6927d3901a1a9', play_icon:'' }) ;\">[00:25:22]<\/a><br>&#8220;- Quoi ? L&#8217;ancienne maison ?<br>&#8211; Oui<br>&#8211; Quoi ?<br>&#8211; Bah, il veut revoir l&#8217;ancienne maison. Moi \u00e7a me d\u00e9range pas, j&#8217;veux bien te conduire si tu veux.<br>&#8211; Mais, pourquoi tu veux te retrouver l\u00e0-bas ? T&#8217;es b\u00eate ou quoi ?<br>&#8211; Mais il est pas b\u00eate \u00e9coute, s&#8217;il a envie. T&#8217;es&#8230;t&#8217;es b\u00eate, toi, peut-\u00eatre ?<br>&#8211; Et toi, t&#8217;es conne ?<br>&#8211; Et pourquoi Louis, s\u00e9rieusement ? Pourquoi tu veux retourner l\u00e0-bas ? T&#8217;as oubli\u00e9 un truc dans ta chambre ?<br>&#8211; Non, je&#8230; Je sais pas&#8230;comme \u00e7a. J&#8217;suis curieux de savoir&#8230; voil\u00e0, de revoir les lieux, de voir comment ils ont \u00e9volu\u00e9, comment le temps les a modifi\u00e9s, malmen\u00e9s.&#8221;<\/p>\n\n\n\n<p><a id=\"sonaar_ts-6927d3901a1b1\" class=\"srmp3_sonaar_ts_shortcode\"  style=\"\" href=\"javascript:sonaar_ts_shortcode({ trackid:'0', time:'00:26:08', ts_id:'6927d3901a1b1', play_icon:'' }) ;\">[00:26:08]<\/a> Vous voyez, dans cette sc\u00e8ne, on comprend qu\u2019il y a un probl\u00e8me de communication. D\u2019un c\u00f4t\u00e9, il y a cet \u00e9crivain, Louis, qui revient voir sa famille mais il est un peu comme un \u00e9tranger. Sa famille ne le comprend pas et lui il ne ne la comprend pas non plus. Il n\u2019arrive pas \u00e0 communiquer ouvertement, il y a une forme d\u2019incompr\u00e9hension. Ce qui est tr\u00e8s int\u00e9ressant dans ce film, c\u2019est qu\u2019on peut tous retrouver des choses famili\u00e8res, des choses qui nous rappellent notre propre famille. Je pense que les probl\u00e8mes de communication au sein d\u2019une famille, c\u2019est une chose qui est assez universelle, et dans ce film a on voit bien comment ces probl\u00e8mes s\u2019installent, et \u00e0 quel point il est difficile de les r\u00e9soudre.<\/p>\n\n\n\n<p><a id=\"sonaar_ts-6927d3901a1ba\" class=\"srmp3_sonaar_ts_shortcode\"  style=\"\" href=\"javascript:sonaar_ts_shortcode({ trackid:'0', time:'00:27:23', ts_id:'6927d3901a1ba', play_icon:'' }) ;\">[00:27:23]<\/a> Donc \u00e7a aussi, c\u2019est un film que je vous conseille de regarder, et en plus \u00e7a sera pour un bon exercice pour am\u00e9liorer votre compr\u00e9hension du fran\u00e7ais.<\/p>\n\n\n\n<p><a id=\"sonaar_ts-6927d3901a1c2\" class=\"srmp3_sonaar_ts_shortcode\"  style=\"\" href=\"javascript:sonaar_ts_shortcode({ trackid:'0', time:'00:27:43', ts_id:'6927d3901a1c2', play_icon:'' }) ;\">[00:27:43]<\/a> Cette ann\u00e9e, Xavier Dolan doit sortir son premier film r\u00e9alis\u00e9 en anglais. On peut se demander s\u2019il va r\u00e9ussir \u00e0 devenir un r\u00e9alisateur c\u00e9l\u00e8bre en dehors du cin\u00e9ma francophone. Est-ce que Xavier Dolan va s\u2019imposer parmi. les grands r\u00e9alisateurs dans le cin\u00e9ma anglophone ?<\/p>\n\n\n\n<p><a id=\"sonaar_ts-6927d3901a1ca\" class=\"srmp3_sonaar_ts_shortcode\"  style=\"\" href=\"javascript:sonaar_ts_shortcode({ trackid:'0', time:'00:28:11', ts_id:'6927d3901a1ca', play_icon:'' }) ;\">[00:28:11]<\/a> En tout cas, qu\u2019il r\u00e9ussisse ou non, \u00e0 28 ans Xavier Dolan a d\u00e9j\u00e0 accompli plus de choses que beaucoup de r\u00e9alisateurs plus \u00e2g\u00e9s que lui. Il a d\u00e9j\u00e0 une carri\u00e8re ph\u00e9nom\u00e9nale et beaucoup de r\u00e9compenses gr\u00e2ce aux tr\u00e8s beaux films qu\u2019il a r\u00e9alis\u00e9s. J\u2019esp\u00e8re qu\u2019il va garder son \u00e9nergie et qu\u2019il va pouvoir explorer d\u2019autres sujets \u00e0 travers ses prochains films.<\/p>\n\n\n\n<p><a id=\"sonaar_ts-6927d3901a1d8\" class=\"srmp3_sonaar_ts_shortcode\"  style=\"\" href=\"javascript:sonaar_ts_shortcode({ trackid:'0', time:'00:28:54', ts_id:'6927d3901a1d8', play_icon:'' }) ;\">[00:28:54]<\/a> Voil\u00e0, c\u2019est la fin de ce podcast. Merci beaucoup de m\u2019avoir \u00e9cout\u00e9. J\u2019esp\u00e8re que \u00e7a vous a int\u00e9ress\u00e9 et surtout que \u00e7a vous a donn\u00e9 envie de regarder des films de Xavier Dolan. Peut-\u00eatre que vous \u00eates d\u00e9j\u00e0 fans de Xavier Dolan, et si c\u2019est le cas j\u2019aimerais bien savoir quel est votre film pr\u00e9f\u00e9r\u00e9 et pourquoi. Donc si vous avez vu des films de Xavier Dolan, n&#8217;h\u00e9sitez pas \u00e0 m\u2019\u00e9crire pour me dire quel est votre film pr\u00e9f\u00e9r\u00e9 et celui que vous pouvez recommander aux autres.<\/p>\n\n\n\n<p><a id=\"sonaar_ts-6927d3901a1e1\" class=\"srmp3_sonaar_ts_shortcode\"  style=\"\" href=\"javascript:sonaar_ts_shortcode({ trackid:'0', time:'00:29:40', ts_id:'6927d3901a1e1', play_icon:'' }) ;\">[00:29:40]<\/a> Comme d\u2019habitude je vous rappelle que si vous appr\u00e9ciez ce podcast et si vous voulez m&#8217;aider, vous pouvez laisser une \u00e9valuation sur iTunes (si vous \u00e9coutez ce podcast sur iTunes) ou bien sur les autres applications que vous utilisez. Comme \u00e7a, moi \u00e7a me permet d\u2019avoir de plus en plus d\u2019auditeurs et de pouvoir aider de plus en plus de personnes.<\/p>\n\n\n\n<p><a id=\"sonaar_ts-6927d3901a1f4\" class=\"srmp3_sonaar_ts_shortcode\"  style=\"\" href=\"javascript:sonaar_ts_shortcode({ trackid:'0', time:'00:30:11', ts_id:'6927d3901a1f4', play_icon:'' }) ;\">[00:30:11]<\/a> La semaine prochaine \u00e9videmment il aura un nouveau podcast, et cette fois on parlera de l\u2019ub\u00e9risation de l\u2019\u00e9conomie. Un sujet un petit peu diff\u00e9rent mais qui je pense pourra vous int\u00e9resser. J\u2019esp\u00e8re que vous serez au rendez-vous la semaine prochaine pour ce nouveau podcast. Merci et \u00e0 bient\u00f4t !<\/p>\n\n\n\n<p><em>Le nom du podcast (Cottongue) a chang\u00e9 \u00e0 l&#8217;\u00e9pisode 20 pour devenir innerFrench.<\/em><\/p>\n","protected":false},"excerpt":{"rendered":"<p>Bonjour \u00e0 tous, c&#8217;est Hugo et vous \u00e9coutez le Cottongue Podcast \u00e9pisode 17. Bienvenue \u00e0 tous pour ce nouvel \u00e9pisode. J\u2019esp\u00e8re que vous profitez bien des derni\u00e8res semaines de l\u2019\u00e9t\u00e9, si c\u2019est l\u2019\u00e9t\u00e9 chez vous, et peut-\u00eatre aussi de vos derni\u00e8res semaines de vacances. Peut-\u00eatre que vous \u00e9coutez ce podcast \u00e0 la plage et si&#8230;<\/p>\n","protected":false},"author":1,"featured_media":289624,"comment_status":"open","ping_status":"open","sticky":false,"template":"","format":[189],"meta":{"_acf_changed":false,"_kad_blocks_custom_css":"","_kad_blocks_head_custom_js":"","_kad_blocks_body_custom_js":"","_kad_blocks_footer_custom_js":"","_kad_post_transparent":"","_kad_post_title":"","_kad_post_layout":"","_kad_post_sidebar_id":"","_kad_post_content_style":"","_kad_post_vertical_padding":"","_kad_post_feature":"","_kad_post_feature_position":"","_kad_post_header":false,"_kad_post_footer":false,"_kad_post_classname":"","footnotes":""},"categories":[168],"tags":[177,181],"class_list":["post-695","post","type-post","status-publish","format-standard","has-post-thumbnail","hentry","category-podcast","tag-culture","tag-francophonie","format-solo-hugo"],"acf":[],"taxonomy_info":{"category":[{"value":168,"label":"Podcast"}],"post_tag":[{"value":177,"label":"Culture"},{"value":181,"label":"Francophonie"}],"format":[{"value":189,"label":"Solo Hugo"}]},"featured_image_src_large":["https:\/\/innerfrench.com\/wp-content\/uploads\/2017\/08\/E17-Xavier-Dolan-750x406.jpeg",750,406,true],"author_info":{"display_name":"Hugo","author_link":"https:\/\/innerfrench.com\/author\/innerfrench-2-2-2-2-2-2-2-2-2-2-2-2-2-2-2-2-2-2-2\/"},"comment_info":17,"category_info":[{"term_id":168,"name":"Podcast","slug":"podcast","term_group":0,"term_taxonomy_id":168,"taxonomy":"category","description":"","parent":0,"count":185,"filter":"raw","cat_ID":168,"category_count":185,"category_description":"","cat_name":"Podcast","category_nicename":"podcast","category_parent":0}],"tag_info":[{"term_id":177,"name":"Culture","slug":"culture","term_group":0,"term_taxonomy_id":177,"taxonomy":"post_tag","description":"","parent":0,"count":44,"filter":"raw"},{"term_id":181,"name":"Francophonie","slug":"francophonie","term_group":0,"term_taxonomy_id":181,"taxonomy":"post_tag","description":"","parent":0,"count":10,"filter":"raw"}],"_links":{"self":[{"href":"https:\/\/innerfrench.com\/wp-json\/wp\/v2\/posts\/695","targetHints":{"allow":["GET"]}}],"collection":[{"href":"https:\/\/innerfrench.com\/wp-json\/wp\/v2\/posts"}],"about":[{"href":"https:\/\/innerfrench.com\/wp-json\/wp\/v2\/types\/post"}],"author":[{"embeddable":true,"href":"https:\/\/innerfrench.com\/wp-json\/wp\/v2\/users\/1"}],"replies":[{"embeddable":true,"href":"https:\/\/innerfrench.com\/wp-json\/wp\/v2\/comments?post=695"}],"version-history":[{"count":1,"href":"https:\/\/innerfrench.com\/wp-json\/wp\/v2\/posts\/695\/revisions"}],"predecessor-version":[{"id":294396,"href":"https:\/\/innerfrench.com\/wp-json\/wp\/v2\/posts\/695\/revisions\/294396"}],"wp:featuredmedia":[{"embeddable":true,"href":"https:\/\/innerfrench.com\/wp-json\/wp\/v2\/media\/289624"}],"wp:attachment":[{"href":"https:\/\/innerfrench.com\/wp-json\/wp\/v2\/media?parent=695"}],"wp:term":[{"taxonomy":"category","embeddable":true,"href":"https:\/\/innerfrench.com\/wp-json\/wp\/v2\/categories?post=695"},{"taxonomy":"post_tag","embeddable":true,"href":"https:\/\/innerfrench.com\/wp-json\/wp\/v2\/tags?post=695"},{"taxonomy":"format","embeddable":true,"href":"https:\/\/innerfrench.com\/wp-json\/wp\/v2\/format?post=695"}],"curies":[{"name":"wp","href":"https:\/\/api.w.org\/{rel}","templated":true}]}}