{"id":742,"date":"2017-09-21T15:42:00","date_gmt":"2017-09-21T13:42:00","guid":{"rendered":"https:\/\/innerfrench.com\/?p=742"},"modified":"2025-10-02T12:24:24","modified_gmt":"2025-10-02T10:24:24","slug":"22-histoire-surnaturelle-horla-maupassant","status":"publish","type":"post","link":"https:\/\/innerfrench.com\/22-histoire-surnaturelle-horla-maupassant\/","title":{"rendered":"#22 Une histoire surnaturelle : le Horla de Maupassant"},"content":{"rendered":"\n<p>Bienvenue dans l\u2019\u00e9pisode 22. Aujourd\u2019hui je vous raconte une histoire surnaturelle.<\/p>\n\n\n\n<p><a id=\"sonaar_ts-6927d3803a723\" class=\"srmp3_sonaar_ts_shortcode\"  style=\"\" href=\"javascript:sonaar_ts_shortcode({ trackid:'0', time:'00:00:12', ts_id:'6927d3803a723', play_icon:'' }) ;\">[00:00:12]<\/a> Salut \u00e0 tous et bienvenue pour ce nouveau podcast. Comme d\u2019habitude j\u2019esp\u00e8re que vous allez bien et que la rentr\u00e9e n\u2019est pas trop dure. J\u2019imagine que vous avez beaucoup de travail, ou si vous \u00eates \u00e9tudiants j\u2019imagine que vous vous pr\u00e9parez \u00e0 retourner en cours.<\/p>\n\n\n\n<p><a id=\"sonaar_ts-6927d3803a730\" class=\"srmp3_sonaar_ts_shortcode\"  style=\"\" href=\"javascript:sonaar_ts_shortcode({ trackid:'0', time:'00:00:30', ts_id:'6927d3803a730', play_icon:'' }) ;\">[00:00:30]<\/a> C\u2019est pour \u00e7a qu\u2019aujourd\u2019hui, j\u2019ai d\u00e9cid\u00e9 de faire un podcast un peu diff\u00e9rent. Je ne vais pas vous parler d\u2019un sujet particulier, mais je vais plut\u00f4t vous lire une histoire. Comme \u00e7a, \u00e7a va vous changer un peu. Je n\u2019ai pas envie que vous vous ennuyiez avec moi ! Donc je pense que c\u2019est bien de casser la routine, d\u2019essayer des choses diff\u00e9rentes. D\u2019ailleurs si vous avez des suggestions de sujets, vous pouvez m\u2019envoyer un mail. \u00c7a me donnera s\u00fbrement de nouvelles id\u00e9es !<\/p>\n\n\n\n<p><a id=\"sonaar_ts-6927d3803a746\" class=\"srmp3_sonaar_ts_shortcode\"  style=\"\" href=\"javascript:sonaar_ts_shortcode({ trackid:'0', time:'00:01:04', ts_id:'6927d3803a746', play_icon:'' }) ;\">[00:01:04]<\/a> L\u2019histoire que je vais vous raconter, \u00e7a n\u2019est pas moi qui l\u2019ai \u00e9crite. C\u2019est Guy de Maupassant, un des auteurs fran\u00e7ais les plus c\u00e9l\u00e8bres. Il est n\u00e9 en 1850 en Normandie. Sa m\u00e8re \u00e9tait une amie de Gustave Flaubert, un autre grand \u00e9crivain fran\u00e7ais de l\u2019\u00e9poque. Maupassant a commenc\u00e9 sa carri\u00e8re d\u2019\u00e9crivain gr\u00e2ce \u00e0 lui. Il a rapidement obtenu du succ\u00e8s avec ses \u0153uvres, ce qui lui a permis de quitter son emploi dans l\u2019administration. Mais \u00e0 l\u2019\u00e2ge de 41 ans, Maupassant s\u2019est mis \u00e0 avoir des hallucinations, des visions. Il a m\u00eame essay\u00e9 de se suicider. Autrement dit, il est devenu fou. Alors il a \u00e9t\u00e9 enferm\u00e9 dans un h\u00f4pital psychiatrique (\u00e0 l\u2019\u00e9poque, on appelait ces endroits des \u00ab maisons de sant\u00e9 \u00bb). Il est mort dans cette maison de sant\u00e9 un an plus tard, en 1893.<\/p>\n\n\n\n<p><a id=\"sonaar_ts-6927d3803a74c\" class=\"srmp3_sonaar_ts_shortcode\"  style=\"\" href=\"javascript:sonaar_ts_shortcode({ trackid:'0', time:'00:02:18', ts_id:'6927d3803a74c', play_icon:'' }) ;\">[00:02:18]<\/a> Maupassant a \u00e9crit 6 romans qui ont marqu\u00e9 la litt\u00e9rature fran\u00e7aise. \u00c0 cette \u00e9poque, \u00e0 la fin du XIX\u00e8me si\u00e8cle, le surnaturel est tr\u00e8s \u00e0 la mode. Autrement dit les ph\u00e9nom\u00e8nes paranormaux, les choses qu\u2019on ne peut pas expliquer scientifiquement. Souvent ce sont des choses qui nous font peur. Par exemple les fant\u00f4mes, les cr\u00e9atures comme les monstres, etc. Les gens de cette \u00e9poque adoraient ce genre d\u2019histoire. Justement, dans celle que je vais vous raconter aujourd\u2019hui, il est question d\u2019une cr\u00e9ature surnaturelle.<\/p>\n\n\n\n<p><a id=\"sonaar_ts-6927d3803a752\" class=\"srmp3_sonaar_ts_shortcode\"  style=\"\" href=\"javascript:sonaar_ts_shortcode({ trackid:'0', time:'00:03:05', ts_id:'6927d3803a752', play_icon:'' }) ;\">[00:03:05]<\/a> Cette histoire est une adaptation de la nouvelle de Maupassant qui s\u2019appelle Le Horla. C\u2019est une de ses nouvelles les plus connues. Une nouvelle, c\u2019est une histoire assez courte, plus courte que dans un roman. Il y a moins de personnages et l\u2019auteur se concentre sur l\u2019histoire principale. Comme cette nouvelle date de 1887, il y a beaucoup de mots qu\u2019on n\u2019utilise plus vraiment maintenant. \u00c7a serait peut-\u00eatre un peu difficile pour vous de comprendre le texte original, donc je l\u2019ai r\u00e9\u00e9crit de fa\u00e7on simplifi\u00e9e avec des mots plus modernes.<\/p>\n\n\n\n<p><a id=\"sonaar_ts-6927d3803a757\" class=\"srmp3_sonaar_ts_shortcode\"  style=\"\" href=\"javascript:sonaar_ts_shortcode({ trackid:'0', time:'00:03:52', ts_id:'6927d3803a757', play_icon:'' }) ;\">[00:03:52]<\/a> Dans cette nouvelle, le narrateur (celui qui raconte l\u2019histoire) parle \u00e0 travers un journal intime. Un journal intime vous savez, c\u2019est un document o\u00f9 on \u00e9crit chaque jour les choses qu\u2019on pense et les \u00e9v\u00e9nements qui nous sont arriv\u00e9s. Donc dans cette histoire, je vais utiliser \u00ab je \u00bb comme le narrateur. Et au d\u00e9but de chaque partie, je dirai la date qui est dans le journal. L\u2019histoire commence le 8 mai.<\/p>\n\n\n\n<p><a id=\"sonaar_ts-6927d3803a75c\" class=\"srmp3_sonaar_ts_shortcode\"  style=\"\" href=\"javascript:sonaar_ts_shortcode({ trackid:'0', time:'00:00:00', ts_id:'6927d3803a75c', play_icon:'' }) ;\">[00:04:29]<\/a> J\u2019esp\u00e8re que \u00e7a va vous plaire. Mettez-vous \u00e0 l\u2019aise, installez-vous confortablement, et \u00e9coutez l\u2019histoire du Horla de Maupassant.<\/p>\n\n\n\n<p><a id=\"sonaar_ts-6927d3803a760\" class=\"srmp3_sonaar_ts_shortcode\"  style=\"\" href=\"javascript:sonaar_ts_shortcode({ trackid:'0', time:'00:04:50', ts_id:'6927d3803a760', play_icon:'' }) ;\">[00:04:50]<\/a> 8 mai. \u2013 Quelle journ\u00e9e magnifique ! J\u2019ai pass\u00e9 toute la matin\u00e9e allong\u00e9 sur l\u2019herbe, devant ma maison. J\u2019aime cette r\u00e9gion, et j\u2019aime y vivre. De ma maison, je vois la Seine qui coule, ce fleuve qui va de Rouen au Havre, couverte de bateaux. D\u2019ailleurs, cet apr\u00e8s-midi, j\u2019ai vu passer un magnifique bateau blanc br\u00e9silien.<\/p>\n\n\n\n<p><a id=\"sonaar_ts-6927d3803a764\" class=\"srmp3_sonaar_ts_shortcode\"  style=\"\" href=\"javascript:sonaar_ts_shortcode({ trackid:'0', time:'00:05:18', ts_id:'6927d3803a764', play_icon:'' }) ;\">[00:05:18]<\/a> 12 mai. \u2013 J\u2019ai un peu de fi\u00e8vre depuis quelques jours ; je me sens mal, ou plut\u00f4t je me sens triste. D\u2019o\u00f9 viennent ces influences myst\u00e9rieuses qui changent notre bonheur en d\u00e9couragement et notre confiance en d\u00e9tresse ? On dirait que dans l\u2019air, dans l\u2019air invisible que je respire, il y a des Puissances myst\u00e9rieuses.<\/p>\n\n\n\n<p><a id=\"sonaar_ts-6927d3803a769\" class=\"srmp3_sonaar_ts_shortcode\"  style=\"\" href=\"javascript:sonaar_ts_shortcode({ trackid:'0', time:'00:05:45', ts_id:'6927d3803a769', play_icon:'' }) ;\">[00:05:45]<\/a> Quand je me r\u00e9veille, je suis heureux et j\u2019ai envie de chanter. Pourquoi ? Ensuite je me prom\u00e8ne le long de la rivi\u00e8re, et en rentrant je deviens triste, comme si un malheur m\u2019attendait chez moi. Pourquoi ? Est-ce que c\u2019est \u00e0 cause d\u2019une sensation d\u00e9sagr\u00e9able ? Est-ce que c\u2019est \u00e0 cause de la forme des nuages ou de la couleur du ciel ? Difficile \u00e0 dire.<\/p>\n\n\n\n<p><a id=\"sonaar_ts-6927d3803a76e\" class=\"srmp3_sonaar_ts_shortcode\"  style=\"\" href=\"javascript:sonaar_ts_shortcode({ trackid:'0', time:'00:06:18', ts_id:'6927d3803a76e', play_icon:'' }) ;\">[00:06:18]<\/a> Tout ce qui nous entoure, tout ce que nous voyons sans le regarder, tout ce que nous touchons, a sur nous des effets rapides, surprenants et inexplicables.<\/p>\n\n\n\n<p><a id=\"sonaar_ts-6927d3803a772\" class=\"srmp3_sonaar_ts_shortcode\"  style=\"\" href=\"javascript:sonaar_ts_shortcode({ trackid:'0', time:'00:06:32', ts_id:'6927d3803a772', play_icon:'' }) ;\">[00:06:32]<\/a> Comme il est profond, ce myst\u00e8re de l\u2019Invisible !<\/p>\n\n\n\n<p><a id=\"sonaar_ts-6927d3803a776\" class=\"srmp3_sonaar_ts_shortcode\"  style=\"\" href=\"javascript:sonaar_ts_shortcode({ trackid:'0', time:'00:06:37', ts_id:'6927d3803a776', play_icon:'' }) ;\">[00:06:37]<\/a> Nous ne pouvons pas faire confiance \u00e0 nos sens, \u00e0 nos yeux qui ne peuvent pas voir les choses trop grandes ou trop petites, ni \u00e0 nos oreilles qui transforment les bruits en musique ! Il nous faudrait d\u2019autres organes pour d\u00e9couvrir les miracles qui sont autour de nous !<\/p>\n\n\n\n<p><a id=\"sonaar_ts-6927d3803a77b\" class=\"srmp3_sonaar_ts_shortcode\"  style=\"\" href=\"javascript:sonaar_ts_shortcode({ trackid:'0', time:'00:06:59', ts_id:'6927d3803a77b', play_icon:'' }) ;\">[00:06:59]<\/a> 16 mai. \u2013 Je suis malade ! Je me sentais si bien le mois dernier ! J\u2019ai de la fi\u00e8vre, une fi\u00e8vre horrible, qui fait souffrir mon \u00e2me autant que mon corps ! J\u2019ai toujours la sensation d\u2019un danger qui me menace, la peur d\u2019un malheur ou de la mort qui approchent.<\/p>\n\n\n\n<p><a id=\"sonaar_ts-6927d3803a77f\" class=\"srmp3_sonaar_ts_shortcode\"  style=\"\" href=\"javascript:sonaar_ts_shortcode({ trackid:'0', time:'00:07:28', ts_id:'6927d3803a77f', play_icon:'' }) ;\">[00:07:28]<\/a> 18 mai. \u2013 Je viens d\u2019aller chez le docteur, car je ne pouvais plus dormir. Il m\u2019a trouv\u00e9 agit\u00e9 mais sans aucun sympt\u00f4me alarmant. Il m\u2019a prescrit quelques m\u00e9dicaments.<\/p>\n\n\n\n<p><a id=\"sonaar_ts-6927d3803a783\" class=\"srmp3_sonaar_ts_shortcode\"  style=\"\" href=\"javascript:sonaar_ts_shortcode({ trackid:'0', time:'00:07:44', ts_id:'6927d3803a783', play_icon:'' }) ;\">[00:07:44]<\/a> 25 mai. \u2013 Aucun changement ! Mon \u00e9tat est vraiment bizarre. Plus le soir approche, plus je deviens inquiet, comme si la nuit cachait pour moi une menace terrible. Je d\u00eene vite, puis j\u2019essaie de lire ; mais je ne comprends pas les mots ; je ne vois pas bien les lettres. Je marche alors dans mon salon de long en large, avec la peur du sommeil et la peur du lit.<\/p>\n\n\n\n<p><a id=\"sonaar_ts-6927d3803a787\" class=\"srmp3_sonaar_ts_shortcode\"  style=\"\" href=\"javascript:sonaar_ts_shortcode({ trackid:'0', time:'00:08:18', ts_id:'6927d3803a787', play_icon:'' }) ;\">[00:08:18]<\/a> Vers dix heures, je monte dans ma chambre. D\u00e8s que j\u2019entre, je ferme la porte \u00e0 cl\u00e9. J&#8217;ai peur&#8230; de quoi ? Avant je n\u2019avais peur de rien. J\u2019ouvre mes armoires, je regarde sous mon lit ; j\u2019\u00e9coute&#8230; j\u2019\u00e9coute&#8230; quoi ?&#8230; Puis, je me couche, et j\u2019attends le sommeil. Je l\u2019attends mais j\u2019ai peur qu\u2019il arrive, mon c\u0153ur bat et mes jambes tremblent, jusqu\u2019au moment o\u00f9 soudainement je m\u2019endors. Quand je m\u2019endors, c\u2019est comme si je me noyais, comme si je tombais dans l\u2019eau sans pouvoir nager.<\/p>\n\n\n\n<p><a id=\"sonaar_ts-6927d3803a78c\" class=\"srmp3_sonaar_ts_shortcode\"  style=\"\" href=\"javascript:sonaar_ts_shortcode({ trackid:'0', time:'00:09:03', ts_id:'6927d3803a78c', play_icon:'' }) ;\">[00:09:03]<\/a> Je dors \u2013 longtemps \u2013 deux ou trois heures \u2013 puis je fais un r\u00eave \u2013 non \u2013 un cauchemar. Je sens bien que je suis couch\u00e9 et que je dors&#8230; je le sens et je le sais&#8230; et je sens aussi que quelqu\u2019un s\u2019approche de moi, me regarde, me touche, monte sur mon lit, me prend le cou entre ses mains et serre&#8230; serre&#8230; de toute sa force pour m\u2019\u00e9trangler. Moi j\u2019essaye de le repousser mais je suis comme paralys\u00e9.<\/p>\n\n\n\n<p><a id=\"sonaar_ts-6927d3803a790\" class=\"srmp3_sonaar_ts_shortcode\"  style=\"\" href=\"javascript:sonaar_ts_shortcode({ trackid:'0', time:'00:09:45', ts_id:'6927d3803a790', play_icon:'' }) ;\">[00:09:45]<\/a> Je veux crier, \u2013 je ne peux pas ; \u2013 je veux bouger, \u2013 je ne peux pas ; \u2013 malgr\u00e9 tous mes efforts, je ne peux rien faire.<\/p>\n\n\n\n<p><a id=\"sonaar_ts-6927d3803a794\" class=\"srmp3_sonaar_ts_shortcode\"  style=\"\" href=\"javascript:sonaar_ts_shortcode({ trackid:'0', time:'00:09:55', ts_id:'6927d3803a794', play_icon:'' }) ;\">[00:09:55]<\/a> Et soudain, je me r\u00e9veille, horrifi\u00e9, couvert de sueur. J\u2019allume la lumi\u00e8re. Je suis seul.<\/p>\n\n\n\n<p><a id=\"sonaar_ts-6927d3803a799\" class=\"srmp3_sonaar_ts_shortcode\"  style=\"\" href=\"javascript:sonaar_ts_shortcode({ trackid:'0', time:'00:10:05', ts_id:'6927d3803a799', play_icon:'' }) ;\">[00:10:05]<\/a> Apr\u00e8s cette crise, qui recommence toutes les nuits, je dors enfin, avec calme, jusqu\u2019au matin.<\/p>\n\n\n\n<p><a id=\"sonaar_ts-6927d3803a7a7\" class=\"srmp3_sonaar_ts_shortcode\"  style=\"\" href=\"javascript:sonaar_ts_shortcode({ trackid:'0', time:'00:10:16', ts_id:'6927d3803a7a7', play_icon:'' }) ;\">[00:10:16]<\/a> 2 juin. \u2013 Mon \u00e9tat s\u2019est encore aggrav\u00e9. Mais qu\u2019est-ce que j\u2019ai ? Les m\u00e9dicaments ne marchent pas. Pour me fatiguer, j\u2019ai d\u00e9cid\u00e9 d\u2019aller faire un tour dans la for\u00eat. Je pensais que \u00e7a me ferait du bien. Je marchais dans la for\u00eat quand soudain je me suis mis \u00e0 avoir tr\u00e8s peur. Alors j\u2019ai commenc\u00e9 \u00e0 marcher plus vite, j\u2019avais peur d\u2019\u00eatre tout seul dans la for\u00eat. J\u2019avais l\u2019impression d\u2019\u00eatre suivi, que quelqu\u2019un marchait derri\u00e8re moi, tout pr\u00e8s de moi. Je me suis retourn\u00e9, mais j\u2019\u00e9tais seul. Il n\u2019y avait personne d\u2019autre que moi.<\/p>\n\n\n\n<p><a id=\"sonaar_ts-6927d3803a7ac\" class=\"srmp3_sonaar_ts_shortcode\"  style=\"\" href=\"javascript:sonaar_ts_shortcode({ trackid:'0', time:'00:11:00', ts_id:'6927d3803a7ac', play_icon:'' }) ;\">[00:11:00]<\/a> 3 juin. \u2013 La nuit a \u00e9t\u00e9 horrible. Je vais partir pour quelques semaines. Un petit voyage, sans doute, me fera du bien.<\/p>\n\n\n\n<p><a id=\"sonaar_ts-6927d3803a7b5\" class=\"srmp3_sonaar_ts_shortcode\"  style=\"\" href=\"javascript:sonaar_ts_shortcode({ trackid:'0', time:'00:11:11', ts_id:'6927d3803a7b5', play_icon:'' }) ;\">[00:11:11]<\/a> 2 juillet. \u2013 Je rentre. Je suis gu\u00e9ri. Ce voyage \u00e9tait tr\u00e8s agr\u00e9able. J\u2019ai visit\u00e9 le mont Saint-Michel que je ne connaissais pas. La ville est sur une colline et la vue y est magnifique, surtout pendant le coucher de soleil.<\/p>\n\n\n\n<p><a id=\"sonaar_ts-6927d3803a7b9\" class=\"srmp3_sonaar_ts_shortcode\"  style=\"\" href=\"javascript:sonaar_ts_shortcode({ trackid:'0', time:'00:11:34', ts_id:'6927d3803a7b9', play_icon:'' }) ;\">[00:11:34]<\/a> 4 juillet. \u2013 J\u2019ai mal dormi. Mes anciens cauchemars reviennent. Cette nuit, j\u2019ai senti quelqu\u2019un assis sur moi, et qui avait sa bouche sur la mienne, il buvait ma vie entre mes l\u00e8vres. Oui, il la prenait dans ma gorge, comme un parasite. Puis il s\u2019est lev\u00e9 et moi je me suis r\u00e9veill\u00e9, tellement faible que je ne pouvais plus bouger. Si \u00e7a continue encore quelques jours, je repartirai s\u00fbrement.<\/p>\n\n\n\n<p><a id=\"sonaar_ts-6927d3803a7be\" class=\"srmp3_sonaar_ts_shortcode\"  style=\"\" href=\"javascript:sonaar_ts_shortcode({ trackid:'0', time:'00:12:13', ts_id:'6927d3803a7be', play_icon:'' }) ;\">[00:12:13]<\/a> 5 juillet. \u2013 Est-ce que je suis devenu fou ? Ce qui s\u2019est pass\u00e9 la nuit derni\u00e8re est tellement bizarre, que je me sens perdu quand j\u2019y pense ! Comme je le fais maintenant chaque soir, j\u2019avais ferm\u00e9 ma porte \u00e0 clef. J\u2019avais soif alors j\u2019ai bu un verre d\u2019eau. J\u2019ai remarqu\u00e9 par hasard que ma bouteille d\u2019eau \u00e9tait quasiment pleine. Ensuite je me suis endormi. Deux heures plus tard, je me suis r\u00e9veill\u00e9 avec l\u2019impression de ne plus pouvoir respirer. J\u2019ai voulu boire de l\u2019eau alors j\u2019ai allum\u00e9 la lumi\u00e8re et j\u2019ai pris ma bouteille. Elle \u00e9tait vide ! Elle \u00e9tait compl\u00e8tement vide ! D\u2019abord, je n\u2019ai rien compris. Mais soudain, j\u2019ai ressenti une \u00e9motion si terrible, que je suis tomb\u00e9 de mon lit. J\u2019ai regard\u00e9 autour de moi, j\u2019\u00e9tais terrifi\u00e9 devant cette bouteille vide. Mes mains tremblaient. Je regardais cette bouteille pour essayer de comprendre. Qui avait bu cette eau ? Qui ? Moi ? Moi, sans doute ? Ce ne pouvait \u00eatre que moi ? Alors, j\u2019\u00e9tais somnambule, je vivais, sans le savoir, une double vie myst\u00e9rieuse, comme si j\u2019\u00e9tais deux personnes \u00e0 la fois.<\/p>\n\n\n\n<p><a id=\"sonaar_ts-6927d3803a7c2\" class=\"srmp3_sonaar_ts_shortcode\"  style=\"\" href=\"javascript:sonaar_ts_shortcode({ trackid:'0', time:'00:13:45', ts_id:'6927d3803a7c2', play_icon:'' }) ;\">[00:13:45]<\/a> 6 juillet. \u2013 Je deviens fou. Quelqu\u2019un a encore bu toute ma bouteille d\u2019eau cette nuit ; \u2013 ou plut\u00f4t, je l\u2019ai bue ! Mais, est-ce que c\u2019est moi ? Est-ce que c\u2019est moi ? Qui d\u2019autre ? Qui ? Oh ! mon Dieu ! Je deviens fou ! Qui pourra me sauver ?<\/p>\n\n\n\n<p><a id=\"sonaar_ts-6927d3803a7c6\" class=\"srmp3_sonaar_ts_shortcode\"  style=\"\" href=\"javascript:sonaar_ts_shortcode({ trackid:'0', time:'00:14:10', ts_id:'6927d3803a7c6', play_icon:'' }) ;\">[00:14:10]<\/a> 10 juillet. \u2013 J\u2019ai d\u00e9cid\u00e9 de faire un test. Le 6 juillet, avant de me coucher, j\u2019ai mis sur la table \u00e0 c\u00f4t\u00e9 de mon lit du vin, du lait, de l\u2019eau, du pain et des fraises. Quelqu\u2019un a bu \u2013 j\u2019ai bu \u2013 toute l\u2019eau, et un peu de lait. On n\u2019a touch\u00e9 ni au vin, ni au pain, ni aux fraises.<\/p>\n\n\n\n<p><a id=\"sonaar_ts-6927d3803a7cb\" class=\"srmp3_sonaar_ts_shortcode\"  style=\"\" href=\"javascript:sonaar_ts_shortcode({ trackid:'0', time:'00:14:39', ts_id:'6927d3803a7cb', play_icon:'' }) ;\">[00:14:39]<\/a> Le 7 juillet, j\u2019ai refait la m\u00eame exp\u00e9rience, qui a donn\u00e9 le m\u00eame r\u00e9sultat. Le 8 juillet, j\u2019ai enlev\u00e9 l\u2019eau et le lait. On n\u2019a touch\u00e9 \u00e0 rien. Enfin le 9 juillet, j\u2019ai remis sur ma table seulement l\u2019eau et le lait, en fermant bien les bouteilles. Quand je me suis r\u00e9veill\u00e9, on avait bu toute l\u2019eau ! On avait bu tout le lait ! Je vais partir tout \u00e0 l\u2019heure pour Paris.<\/p>\n\n\n\n<p><a id=\"sonaar_ts-6927d3803a7cf\" class=\"srmp3_sonaar_ts_shortcode\"  style=\"\" href=\"javascript:sonaar_ts_shortcode({ trackid:'0', time:'00:15:14', ts_id:'6927d3803a7cf', play_icon:'' }) ;\">[00:15:14]<\/a> 12 juillet. \u2013 Paris. Je pense que j\u2019avais perdu la t\u00eate ces derniers temps ! J\u2019ai d\u00fb \u00eatre victime de mon imagination \u00e9nerv\u00e9e, \u00e0 moins que je ne sois vraiment somnambule. En tout cas, une journ\u00e9e \u00e0 Paris a suffit \u00e0 me faire oublier ma peur. Hier, apr\u00e8s des courses et des visites, j\u2019ai fini ma soir\u00e9e au Th\u00e9\u00e2tre-Fran\u00e7ais. On y jouait une pi\u00e8ce d\u2019Alexandre Dumas fils ; et cette pi\u00e8ce a fini de me gu\u00e9rir.<\/p>\n\n\n\n<p><a id=\"sonaar_ts-6927d3803a7d8\" class=\"srmp3_sonaar_ts_shortcode\"  style=\"\" href=\"javascript:sonaar_ts_shortcode({ trackid:'0', time:'00:15:52', ts_id:'6927d3803a7d8', play_icon:'' }) ;\">[00:15:52]<\/a> La solitude est dangereuse pour les intellectuels qui travaillent. Il nous faut autour de nous, des hommes qui pensent et qui parlent. Quand nous sommes seuls longtemps, nous inventons des fant\u00f4mes. Je suis rentr\u00e9 \u00e0 l\u2019h\u00f4tel tr\u00e8s heureux, par les boulevards. J\u2019ai repens\u00e9 \u00e0 mes peurs en souriant. Notre t\u00eate est faible et elle se perd vite, d\u00e8s qu\u2019on ne comprend pas quelque chose! Au lieu de conclure en se disant : \u00ab Je ne comprends pas parce que je ne connais pas la cause \u00bb, nous imaginons des myst\u00e8res terrifiants et des puissances surnaturelles.<\/p>\n\n\n\n<p><a id=\"sonaar_ts-6927d3803a7dc\" class=\"srmp3_sonaar_ts_shortcode\"  style=\"\" href=\"javascript:sonaar_ts_shortcode({ trackid:'0', time:'00:16:36', ts_id:'6927d3803a7dc', play_icon:'' }) ;\">[00:16:36]<\/a> 14 juillet. \u2013 F\u00eate nationale. Je me suis promen\u00e9 dans la rue. Les feux d\u2019artifice m\u2019ont amus\u00e9 comme un enfant. C\u2019est b\u00eate d\u2019\u00eatre joyeux, \u00e0 date fixe, quand le gouvernement le d\u00e9cide. Les gens sont stupides. On leur dit : \u00ab amusez-vous \u00bb, ils s\u2019amusent. On leur dit : \u00ab allez vous battre avec votre voisin \u00bb, ils vont se battre avec leur voisin. On leur dit : \u00ab votez pour le candidat de gauche \u00bb, ils votent pour le candidat de gauche. Ensuite on leur dit : \u00ab votez pour le candidat de droite \u00bb, ils votent pour le candidat de droite.<\/p>\n\n\n\n<p><a id=\"sonaar_ts-6927d3803a7e0\" class=\"srmp3_sonaar_ts_shortcode\"  style=\"\" href=\"javascript:sonaar_ts_shortcode({ trackid:'0', time:'00:17:18', ts_id:'6927d3803a7e0', play_icon:'' }) ;\">[00:17:18]<\/a> 16 juillet. \u2013 J\u2019ai vu hier des choses qui m\u2019ont beaucoup troubl\u00e9. Je d\u00eenais chez ma cousine. Parmi les autres invit\u00e9s, il y avait le docteur Parent, qui s\u2019occupe des maladies nerveuses et de l\u2019hypnose. Ma cousine ne croit pas \u00e0 l\u2019hypnose, alors le docteur lui a propos\u00e9 de l\u2019endormir. Elle a accept\u00e9 et elle s\u2019est assise dans un fauteuil. Le docteur l\u2019a regard\u00e9e fixement et au bout de 10 minutes elle s\u2019est endormie. Pendant qu\u2019elle dormait, il lui a dit de venir me voir le lendemain matin \u00e0 mon h\u00f4tel pour me demander de lui pr\u00eater de l\u2019argent. Enfin, il l\u2019a r\u00e9veill\u00e9e. J\u2019\u00e9tais assez surpris, mais je ne pensais pas que \u00e7a marcherait.<\/p>\n\n\n\n<p><a id=\"sonaar_ts-6927d3803a7e5\" class=\"srmp3_sonaar_ts_shortcode\"  style=\"\" href=\"javascript:sonaar_ts_shortcode({ trackid:'0', time:'00:18:16', ts_id:'6927d3803a7e5', play_icon:'' }) ;\">[00:18:16]<\/a> Mais le lendemain matin, ma cousine est venue me voir \u00e0 l\u2019h\u00f4tel pour me demander de lui pr\u00eater de l\u2019argent. J\u2019\u00e9tais tellement surpris que je ne savais pas quoi lui r\u00e9pondre. Je me demandais si elle ne me mentait pas, si \u00e7a n\u2019\u00e9tait pas une fa\u00e7on de se moquer de moi avec le docteur. Mais elle avait l\u2019air vraiment s\u00e9rieuse, le docteur l\u2019avait vraiment hypnotis\u00e9e. J\u2019ai essay\u00e9 de lui expliquer qu\u2019elle n\u2019avait pas besoin d\u2019argent, que c\u2019\u00e9tait seulement le m\u00e9decin qui l\u2019avait hypnotis\u00e9e. Mais elle refusait de me croire.<\/p>\n\n\n\n<p><a id=\"sonaar_ts-6927d3803a7e9\" class=\"srmp3_sonaar_ts_shortcode\"  style=\"\" href=\"javascript:sonaar_ts_shortcode({ trackid:'0', time:'00:18:59', ts_id:'6927d3803a7e9', play_icon:'' }) ;\">[00:18:59]<\/a> Je suis all\u00e9 chercher le m\u00e9decin, et il a \u00e0 nouveau hypnotis\u00e9 ma cousine. Il lui a dit qu\u2019elle n\u2019avait plus besoin de m\u2019emprunter de l\u2019argent. Quand il l\u2019a r\u00e9veill\u00e9e, elle avait tout oubli\u00e9.<\/p>\n\n\n\n<p><a id=\"sonaar_ts-6927d3803a7f1\" class=\"srmp3_sonaar_ts_shortcode\"  style=\"\" href=\"javascript:sonaar_ts_shortcode({ trackid:'0', time:'00:19:14', ts_id:'6927d3803a7f1', play_icon:'' }) ;\">[00:19:14]<\/a> 19 juillet \u2013 Beaucoup de personnes \u00e0 qui j\u2019ai racont\u00e9 cette aventure se sont moqu\u00e9es de moi. Je ne sais plus quoi penser.<\/p>\n\n\n\n<p><a id=\"sonaar_ts-6927d3803a7f5\" class=\"srmp3_sonaar_ts_shortcode\"  style=\"\" href=\"javascript:sonaar_ts_shortcode({ trackid:'0', time:'00:19:24', ts_id:'6927d3803a7f5', play_icon:'' }) ;\">[00:19:24]<\/a> 30 juillet. \u2013 Je suis rentr\u00e9 chez moi hier. Tout va bien.<\/p>\n\n\n\n<p><a id=\"sonaar_ts-6927d3803a7fa\" class=\"srmp3_sonaar_ts_shortcode\"  style=\"\" href=\"javascript:sonaar_ts_shortcode({ trackid:'0', time:'00:19:29', ts_id:'6927d3803a7fa', play_icon:'' }) ;\">[00:19:29]<\/a> 6 ao\u00fbt. \u2013 Cette fois, je ne suis pas fou. J\u2019ai vu&#8230; j\u2019ai vu&#8230; j\u2019ai vu !&#8230; Je ne peux plus douter&#8230; j\u2019ai vu !<\/p>\n\n\n\n<p><a id=\"sonaar_ts-6927d3803a7fe\" class=\"srmp3_sonaar_ts_shortcode\"  style=\"\" href=\"javascript:sonaar_ts_shortcode({ trackid:'0', time:'00:19:42', ts_id:'6927d3803a7fe', play_icon:'' }) ;\">[00:19:42]<\/a> Je me promenais \u00e0 deux heures, dans mon jardin, pr\u00e8s des rosiers. Soudain, une rose s\u2019est coup\u00e9e et elle est mont\u00e9e dans les airs, comme si elle \u00e9tait tenue par une main invisible. J\u2019ai essay\u00e9 de l\u2019attraper, mais elle a disparu ! Alors je me suis \u00e9nerv\u00e9. \u00c7a n\u2019est pas possible pour un homme intelligent comme moi d\u2019avoir des hallucinations comme \u00e7a ! Mais \u00e9tait-ce c\u2019\u00e9tait vraiment une hallucination ? Je me suis approch\u00e9 de l\u2019endroit o\u00f9 la rose \u00e9tait, et j\u2019ai vu la tige coup\u00e9e.<\/p>\n\n\n\n<p><a id=\"sonaar_ts-6927d3803a802\" class=\"srmp3_sonaar_ts_shortcode\"  style=\"\" href=\"javascript:sonaar_ts_shortcode({ trackid:'0', time:'00:20:28', ts_id:'6927d3803a802', play_icon:'' }) ;\">[00:20:28]<\/a> Quel choc ! Maintenant j\u2019en suis s\u00fbr ! Je suis s\u00fbr qu\u2019il existe un \u00eatre invisible qui se nourrit de lait et d\u2019eau et qui habite chez moi.<\/p>\n\n\n\n<p><a id=\"sonaar_ts-6927d3803a80b\" class=\"srmp3_sonaar_ts_shortcode\"  style=\"\" href=\"javascript:sonaar_ts_shortcode({ trackid:'0', time:'00:20:43', ts_id:'6927d3803a80b', play_icon:'' }) ;\">[00:20:43]<\/a> 7 ao\u00fbt. \u2013 J\u2019ai dormi tranquillement. Il a bu l\u2019eau de ma bouteille, mais il ne m\u2019a pas r\u00e9veill\u00e9. Je me demande si je suis fou. J\u2019ai des doutes. J\u2019ai vu des fous ; j\u2019en ai connu qui restaient intelligents, lucides sur tout sauf sur un point particulier. Avec tout le reste, ils n\u2019avaient aucun probl\u00e8me. C\u2019est la m\u00eame chose avec moi.<br><a id=\"sonaar_ts-6927d3803a80f\" class=\"srmp3_sonaar_ts_shortcode\"  style=\"\" href=\"javascript:sonaar_ts_shortcode({ trackid:'0', time:'00:21:10', ts_id:'6927d3803a80f', play_icon:'' }) ;\">[00:21:10]<\/a> 8 ao\u00fbt. \u2013 J\u2019ai pass\u00e9 hier une soir\u00e9e horrible. Il ne se montre plus, mais je le sens pr\u00e8s de moi. Il me regardait en se cachant. Je sens sa pr\u00e9sence invisible et permanente. Mais j\u2019ai r\u00e9ussi \u00e0 dormir.<\/p>\n\n\n\n<p><a id=\"sonaar_ts-6927d3803a814\" class=\"srmp3_sonaar_ts_shortcode\"  style=\"\" href=\"javascript:sonaar_ts_shortcode({ trackid:'0', time:'00:21:31', ts_id:'6927d3803a814', play_icon:'' }) ;\">[00:21:31]<\/a> 9 ao\u00fbt. \u2013 Rien, mais j\u2019ai peur.<\/p>\n\n\n\n<p><a id=\"sonaar_ts-6927d3803a818\" class=\"srmp3_sonaar_ts_shortcode\"  style=\"\" href=\"javascript:sonaar_ts_shortcode({ trackid:'0', time:'00:21:36', ts_id:'6927d3803a818', play_icon:'' }) ;\">[00:21:36]<\/a> 10 ao\u00fbt. \u2013 Rien ; que va-t-il se passer demain ?<\/p>\n\n\n\n<p><a id=\"sonaar_ts-6927d3803a81c\" class=\"srmp3_sonaar_ts_shortcode\"  style=\"\" href=\"javascript:sonaar_ts_shortcode({ trackid:'0', time:'00:21:42', ts_id:'6927d3803a81c', play_icon:'' }) ;\">[00:21:42]<\/a> 11 ao\u00fbt. \u2013 Toujours rien ; je ne peux plus rester chez moi avec cette peur et ces pens\u00e9es ; je vais partir.<\/p>\n\n\n\n<p><a id=\"sonaar_ts-6927d3803a821\" class=\"srmp3_sonaar_ts_shortcode\"  style=\"\" href=\"javascript:sonaar_ts_shortcode({ trackid:'0', time:'00:21:51', ts_id:'6927d3803a821', play_icon:'' }) ;\">[00:21:51]<\/a> 12 ao\u00fbt, 10 heures du soir. \u2013 Toute la journ\u00e9e, j\u2019ai voulu m\u2019en aller ; je n\u2019ai pas pu. J\u2019ai voulu accomplir cet acte de libert\u00e9 si facile, si simple, \u2013 sortir \u2013 monter dans ma voiture pour aller \u00e0 Rouen \u2013 je n\u2019ai pas pu. Pourquoi ?<\/p>\n\n\n\n<p><a id=\"sonaar_ts-6927d3803a825\" class=\"srmp3_sonaar_ts_shortcode\"  style=\"\" href=\"javascript:sonaar_ts_shortcode({ trackid:'0', time:'00:22:14', ts_id:'6927d3803a825', play_icon:'' }) ;\">[00:22:14]<\/a> 13 ao\u00fbt. \u2013 Quand on est atteint par certaines maladies, on perd toute notre force, nos muscles ne fonctionnent plus. Moi, c\u2019est la force mentale que j\u2019ai perdue. Je n\u2019ai plus aucun courage. Je ne peux plus vouloir ; mais quelqu\u2019un veut pour moi ; et j\u2019ob\u00e9is.<\/p>\n\n\n\n<p><a id=\"sonaar_ts-6927d3803a829\" class=\"srmp3_sonaar_ts_shortcode\"  style=\"\" href=\"javascript:sonaar_ts_shortcode({ trackid:'0', time:'00:22:38', ts_id:'6927d3803a829', play_icon:'' }) ;\">[00:22:38]<\/a> 14 ao\u00fbt. \u2013 Je suis perdu ! Quelqu\u2019un poss\u00e8de mon \u00e2me et la dirige ! Quelqu\u2019un ordonne tous mes actes, tous mes mouvements, toutes mes pens\u00e9es. Je ne suis plus rien en moi, seulement un spectateur esclave et terrifi\u00e9 de toutes les choses que je fais. Je d\u00e9sire sortir. Je ne peux pas. Il ne veut pas ; et je reste, tremblant, dans le fauteuil o\u00f9 il me tient assis. Puis, tout d\u2019un coup , il faut, il faut, il faut que j\u2019aille au fond de mon jardin cueillir des fraises et les manger. Et j\u2019y vais. Je cueille des fraises et je les mange ! Oh ! quelle souffrance ! quelle torture ! quelle horreur !<\/p>\n\n\n\n<p><a id=\"sonaar_ts-6927d3803a82d\" class=\"srmp3_sonaar_ts_shortcode\"  style=\"\" href=\"javascript:sonaar_ts_shortcode({ trackid:'0', time:'00:23:35', ts_id:'6927d3803a82d', play_icon:'' }) ;\">[00:23:35]<\/a> 15 ao\u00fbt. \u2013 Voil\u00e0, je comprends ce que ressentait ma cousine quand le docteur l\u2019a hypnotis\u00e9e. Une autre volont\u00e9 la contr\u00f4lait, la dominait. Mais qui est celui qui me contr\u00f4le, moi ? Quel est cet invisible ? Cette cr\u00e9ature d\u2019une race surnaturelle ?<\/p>\n\n\n\n<p><a id=\"sonaar_ts-6927d3803a832\" class=\"srmp3_sonaar_ts_shortcode\"  style=\"\" href=\"javascript:sonaar_ts_shortcode({ trackid:'0', time:'00:23:59', ts_id:'6927d3803a832', play_icon:'' }) ;\">[00:23:59]<\/a> Donc les Invisibles existent ! Alors, pourquoi ne sont-ils jamais apparus avant comme ils le font si clairement avec moi ? Je n\u2019ai jamais entendu d\u2019histoire comme la mienne avant. Si je pouvais quitter ma maison, partir. Mais je ne peux pas.<\/p>\n\n\n\n<p><a id=\"sonaar_ts-6927d3803a836\" class=\"srmp3_sonaar_ts_shortcode\"  style=\"\" href=\"javascript:sonaar_ts_shortcode({ trackid:'0', time:'00:24:22', ts_id:'6927d3803a836', play_icon:'' }) ;\">[00:24:22]<\/a> 16 ao\u00fbt. \u2013 J\u2019ai pu m\u2019\u00e9chapper aujourd\u2019hui pendant deux heures, comme un prisonnier qui trouve la porte de sa cellule ouverte par hasard. J\u2019ai senti que j\u2019\u00e9tais libre tout \u00e0 coup et qu\u2019il \u00e9tait loin. Je suis all\u00e9 \u00e0 Rouen puis \u00e0 la biblioth\u00e8que o\u00f9 j\u2019ai emprunt\u00e9 un livre du docteur Hermann Herestauss sur les habitants inconnus du monde antique et moderne.<\/p>\n\n\n\n<p><a id=\"sonaar_ts-6927d3803a83a\" class=\"srmp3_sonaar_ts_shortcode\"  style=\"\" href=\"javascript:sonaar_ts_shortcode({ trackid:'0', time:'00:24:51', ts_id:'6927d3803a83a', play_icon:'' }) ;\">[00:24:51]<\/a> Ensuite, j\u2019ai voulu prendre le train pour aller \u00e0 Paris mais une force int\u00e9rieure m\u2019a ordonn\u00e9 de rentrer \u00e0 la maison. Il m\u2019avait retrouv\u00e9 et repris.<\/p>\n\n\n\n<p><a id=\"sonaar_ts-6927d3803a83e\" class=\"srmp3_sonaar_ts_shortcode\"  style=\"\" href=\"javascript:sonaar_ts_shortcode({ trackid:'0', time:'00:25:06', ts_id:'6927d3803a83e', play_icon:'' }) ;\">[00:25:06]<\/a> 17 ao\u00fbt. \u2013 Quelle nuit horrible ! Pourtant, j\u2019ai lu jusqu\u2019\u00e0 une heure du matin le livre d\u2019Hermann Herestauss, docteur en philosophie, qui raconte l\u2019histoire de tous les \u00eatres invisibles qui ont tourn\u00e9 autour des hommes. Mais aucun d\u2019entre eux ne ressemble \u00e0 celui qui me hante. Je me suis endormi puis je me suis r\u00e9veill\u00e9 40 minutes plus tard. J\u2019ai aper\u00e7u le livre sur le fauteuil \u00e0 c\u00f4t\u00e9 de mon lit. Et l\u00e0, j\u2019ai clairement vu une page se tourner toute seule, puis une autre. Il \u00e9tait l\u00e0, assis sur mon fauteuil, en train de lire mon livre. J\u2019ai saut\u00e9 sur lui mais le fauteuil est tomb\u00e9 et je n\u2019ai pas pu l\u2019attraper. Mais \u00e7a signifie qu\u2019un jour peut-\u00eatre, je pourrai le tuer .<\/p>\n\n\n\n<p><a id=\"sonaar_ts-6927d3803a847\" class=\"srmp3_sonaar_ts_shortcode\"  style=\"\" href=\"javascript:sonaar_ts_shortcode({ trackid:'0', time:'00:26:10', ts_id:'6927d3803a847', play_icon:'' }) ;\">[00:26:10]<\/a> 18 ao\u00fbt. \u2013 J\u2019ai r\u00e9fl\u00e9chi toute la journ\u00e9e. J\u2019ai d\u00e9cid\u00e9 de lui ob\u00e9ir compl\u00e8tement, sans r\u00e9sister.<\/p>\n\n\n\n<p><a id=\"sonaar_ts-6927d3803a84b\" class=\"srmp3_sonaar_ts_shortcode\"  style=\"\" href=\"javascript:sonaar_ts_shortcode({ trackid:'0', time:'00:26:20', ts_id:'6927d3803a84b', play_icon:'' }) ;\">[00:26:20]<\/a> 19 ao\u00fbt. \u2013 Je sais&#8230; je sais&#8230; je sais tout ! Je viens de lire \u00e7a dans la Revue du Monde scientifique : \u00ab Une nouvelle assez curieuse nous arrive de Rio de Janeiro. Une folie, une \u00e9pid\u00e9mie de folie, a lieu en ce moment dans cette r\u00e9gion. Les habitants quittent leurs maisons. Ils disent qu\u2019ils sont poss\u00e9d\u00e9s par des \u00eatres invisibles, comme des vampires qui se nourrissent de leur vie, pendant leur sommeil, et qui boivent de l\u2019eau et du lait.<\/p>\n\n\n\n<p><a id=\"sonaar_ts-6927d3803a850\" class=\"srmp3_sonaar_ts_shortcode\"  style=\"\" href=\"javascript:sonaar_ts_shortcode({ trackid:'0', time:'00:27:00', ts_id:'6927d3803a850', play_icon:'' }) ;\">[00:27:00]<\/a> Et je me rappelle du bateau br\u00e9silien que j\u2019ai vu sur la rivi\u00e8re le 8 mai dernier. Il \u00e9tait sur ce bateau, il m\u2019a vu et il m\u2019a saut\u00e9 dessus. Voil\u00e0, c\u2019est la fin de l\u2019esp\u00e8ce humaine. Il est arriv\u00e9 le&#8230; le&#8230; comment s\u2019appelle-t-il&#8230; le&#8230; il me semble qu\u2019il me crie son nom&#8230; oui&#8230; il le crie&#8230; le&#8230; Horla&#8230; J\u2019ai entendu&#8230; le Horla&#8230; c\u2019est lui&#8230; le Horla&#8230; il est venu !&#8230; Le Horla va faire de l\u2019homme ce que nous avons fait des animaux : sa chose, son esclave et sa nourriture. Il repr\u00e9sente une nouvelle esp\u00e8ce, plus forte que nous, une puissance que nous ne comprenons pas. Mais je ne vais pas me laisser faire, je dois me r\u00e9volter. Je le tuerai !<\/p>\n\n\n\n<p><a id=\"sonaar_ts-6927d3803a854\" class=\"srmp3_sonaar_ts_shortcode\"  style=\"\" href=\"javascript:sonaar_ts_shortcode({ trackid:'0', time:'00:28:10', ts_id:'6927d3803a854', play_icon:'' }) ;\">[00:28:10]<\/a> Je le tuerai. Je l\u2019ai vu ! Hier soir, je me suis assis \u00e0 mon bureau pour \u00e9crire. Je savais qu\u2019il viendrait, qu\u2019il tournerait autour de moi. \u00c0 un moment, je l\u2019ai senti derri\u00e8re moi, j\u2019ai senti qu\u2019il lisait ce que j\u2019\u00e9crivais. Alors je me suis retourn\u00e9 pour l\u2019attraper mais je n\u2019ai pas r\u00e9ussi. Et l\u00e0, je me suis retrouv\u00e9 face \u00e0 mon miroir. Mais il n\u2019y avait pas de reflet, je ne pouvais pas me voir dans le miroir. Petit \u00e0 petit, une autre image est apparue, la sienne, je l\u2019ai vu !<\/p>\n\n\n\n<p><a id=\"sonaar_ts-6927d3803a858\" class=\"srmp3_sonaar_ts_shortcode\"  style=\"\" href=\"javascript:sonaar_ts_shortcode({ trackid:'0', time:'00:28:55', ts_id:'6927d3803a858', play_icon:'' }) ;\">[00:28:55]<\/a> 20 ao\u00fbt. \u2013 Comment le tuer puisque je ne peux pas l\u2019atteindre ? Le poison ? Non, il me verrait le mettre dans l\u2019eau. Non&#8230; non&#8230; je dois trouver une autre solution.<\/p>\n\n\n\n<p><a id=\"sonaar_ts-6927d3803a85d\" class=\"srmp3_sonaar_ts_shortcode\"  style=\"\" href=\"javascript:sonaar_ts_shortcode({ trackid:'0', time:'00:29:12', ts_id:'6927d3803a85d', play_icon:'' }) ;\">[00:29:12]<\/a> 10 septembre. \u2013 Rouen, h\u00f4tel Continental. C\u2019est fait&#8230; c\u2019est fait&#8230; mais est-il mort ? Hier, j\u2019ai attendu que le Horla vienne dans ma chambre. Puis, quand j\u2019ai senti qu\u2019il \u00e9tait l\u00e0, je suis sorti tr\u00e8s vite et je l\u2019ai enferm\u00e9 \u00e0 l\u2019int\u00e9rieur. Ensuite, je suis all\u00e9 dans mon salon et j\u2019y ai mis le feu. Quand l\u2019incendie a commenc\u00e9, je me suis cach\u00e9 dans mon jardin pour regarder ma maison br\u00fbler. \u00c7a a dur\u00e9 longtemps. Tout \u00e0 coup, j\u2019ai entendu un cri, un cri de femme venant de l\u2019int\u00e9rieur de la maison. J\u2019avais oubli\u00e9 mes domestiques ! Alors j\u2019ai couru au village en criant : \u00ab Au secours ! au secours ! au feu ! au feu ! \u00bb. Mais la maison avait d\u00e9j\u00e0 compl\u00e8tement br\u00fbl\u00e9. \u00c9tait-il mort ? Peut-\u00eatre ? Mais peut-\u00eatre que son corps n\u2019est pas comme le n\u00f4tre. Peut-\u00eatre que ce qui peut tuer un homme n\u2019a aucun effet sur le Horla.<\/p>\n\n\n\n<p><a id=\"sonaar_ts-6927d3803a861\" class=\"srmp3_sonaar_ts_shortcode\"  style=\"\" href=\"javascript:sonaar_ts_shortcode({ trackid:'0', time:'00:30:29', ts_id:'6927d3803a861', play_icon:'' }) ;\">[00:30:29]<\/a> \u00ab Non&#8230; non&#8230; sans aucun doute, sans aucun doute&#8230; il n\u2019est pas mort&#8230; Alors&#8230; alors&#8230; il va donc falloir que je me tue, moi !&#8230; \u00bb<\/p>\n\n\n\n<p><a id=\"sonaar_ts-6927d3803a869\" class=\"srmp3_sonaar_ts_shortcode\"  style=\"\" href=\"javascript:sonaar_ts_shortcode({ trackid:'0', time:'00:30:54', ts_id:'6927d3803a869', play_icon:'' }) ;\">[00:30:54]<\/a> Ainsi se finit l\u2019histoire du Horla de Maupassant. J\u2019esp\u00e8re que \u00e7a vous a plu et que, peut-\u00eatre, \u00e7a vous a donn\u00e9 envie de lire d&#8217;autres nouvelles de Maupassant. Vous pouvez les trouver gratuitement sur internet, c&#8217;est tr\u00e8s facile. Si vous voulez, vous pouvez m&#8217;envoyer un mail et je vous donnerai <a href=\"https:\/\/beq.ebooksgratuits.com\/vents\/Maupassant.htm\">un site<\/a> sur lequel vous pouvez trouver les nouvelles de Maupassant. Pour moi, c\u2019\u00e9tait vraiment tr\u00e8s amusant de pr\u00e9parer cet \u00e9pisode pour vous. Si vous aimez ce genre d\u2019histoires, dites-le moi et j\u2019en ferai plus souvent.<\/p>\n\n\n\n<p><a id=\"sonaar_ts-6927d3803a86d\" class=\"srmp3_sonaar_ts_shortcode\"  style=\"\" href=\"javascript:sonaar_ts_shortcode({ trackid:'0', time:'00:31:38', ts_id:'6927d3803a86d', play_icon:'' }) ;\">[00:31:38]<\/a> Si vous voulez m\u2019aider, vous pouvez laisser une \u00e9valuation du podcast innerFrench sur iTunes. \u00c7a serait tr\u00e8s gentil de votre part !<\/p>\n\n\n\n<p><a id=\"sonaar_ts-6927d3803a872\" class=\"srmp3_sonaar_ts_shortcode\"  style=\"\" href=\"javascript:sonaar_ts_shortcode({ trackid:'0', time:'00:31:48', ts_id:'6927d3803a872', play_icon:'' }) ;\">[00:31:48]<\/a> En tout cas, merci de m\u2019avoir \u00e9cout\u00e9 et \u00e0 la semaine prochaine pour un nouvel \u00e9pisode !<\/p>\n","protected":false},"excerpt":{"rendered":"<p>Bienvenue dans l\u2019\u00e9pisode 22. Aujourd\u2019hui je vous raconte une histoire surnaturelle. Salut \u00e0 tous et bienvenue pour ce nouveau podcast. Comme d\u2019habitude j\u2019esp\u00e8re que vous allez bien et que la rentr\u00e9e n\u2019est pas trop dure. J\u2019imagine que vous avez beaucoup de travail, ou si vous \u00eates \u00e9tudiants j\u2019imagine que vous vous pr\u00e9parez \u00e0 retourner en&#8230;<\/p>\n","protected":false},"author":1,"featured_media":744,"comment_status":"open","ping_status":"open","sticky":false,"template":"","format":[189],"meta":{"_acf_changed":false,"_kad_blocks_custom_css":"","_kad_blocks_head_custom_js":"","_kad_blocks_body_custom_js":"","_kad_blocks_footer_custom_js":"","_kad_post_transparent":"","_kad_post_title":"","_kad_post_layout":"","_kad_post_sidebar_id":"","_kad_post_content_style":"","_kad_post_vertical_padding":"","_kad_post_feature":"","_kad_post_feature_position":"","_kad_post_header":false,"_kad_post_footer":false,"_kad_post_classname":"","footnotes":""},"categories":[168],"tags":[177,182],"class_list":["post-742","post","type-post","status-publish","format-standard","has-post-thumbnail","hentry","category-podcast","tag-culture","tag-litterature","format-solo-hugo"],"acf":[],"taxonomy_info":{"category":[{"value":168,"label":"Podcast"}],"post_tag":[{"value":177,"label":"Culture"},{"value":182,"label":"Litt\u00e9rature"}],"format":[{"value":189,"label":"Solo Hugo"}]},"featured_image_src_large":["https:\/\/innerfrench.com\/wp-content\/uploads\/2019\/02\/E22-Horla-Gustave-Courbet-desespere-750x406.jpg",750,406,true],"author_info":{"display_name":"Hugo","author_link":"https:\/\/innerfrench.com\/author\/innerfrench-2-2-2-2-2-2-2-2-2-2-2-2-2-2-2-2-2-2-2\/"},"comment_info":39,"category_info":[{"term_id":168,"name":"Podcast","slug":"podcast","term_group":0,"term_taxonomy_id":168,"taxonomy":"category","description":"","parent":0,"count":185,"filter":"raw","cat_ID":168,"category_count":185,"category_description":"","cat_name":"Podcast","category_nicename":"podcast","category_parent":0}],"tag_info":[{"term_id":177,"name":"Culture","slug":"culture","term_group":0,"term_taxonomy_id":177,"taxonomy":"post_tag","description":"","parent":0,"count":44,"filter":"raw"},{"term_id":182,"name":"Litt\u00e9rature","slug":"litterature","term_group":0,"term_taxonomy_id":182,"taxonomy":"post_tag","description":"","parent":0,"count":6,"filter":"raw"}],"_links":{"self":[{"href":"https:\/\/innerfrench.com\/wp-json\/wp\/v2\/posts\/742","targetHints":{"allow":["GET"]}}],"collection":[{"href":"https:\/\/innerfrench.com\/wp-json\/wp\/v2\/posts"}],"about":[{"href":"https:\/\/innerfrench.com\/wp-json\/wp\/v2\/types\/post"}],"author":[{"embeddable":true,"href":"https:\/\/innerfrench.com\/wp-json\/wp\/v2\/users\/1"}],"replies":[{"embeddable":true,"href":"https:\/\/innerfrench.com\/wp-json\/wp\/v2\/comments?post=742"}],"version-history":[{"count":2,"href":"https:\/\/innerfrench.com\/wp-json\/wp\/v2\/posts\/742\/revisions"}],"predecessor-version":[{"id":294465,"href":"https:\/\/innerfrench.com\/wp-json\/wp\/v2\/posts\/742\/revisions\/294465"}],"wp:featuredmedia":[{"embeddable":true,"href":"https:\/\/innerfrench.com\/wp-json\/wp\/v2\/media\/744"}],"wp:attachment":[{"href":"https:\/\/innerfrench.com\/wp-json\/wp\/v2\/media?parent=742"}],"wp:term":[{"taxonomy":"category","embeddable":true,"href":"https:\/\/innerfrench.com\/wp-json\/wp\/v2\/categories?post=742"},{"taxonomy":"post_tag","embeddable":true,"href":"https:\/\/innerfrench.com\/wp-json\/wp\/v2\/tags?post=742"},{"taxonomy":"format","embeddable":true,"href":"https:\/\/innerfrench.com\/wp-json\/wp\/v2\/format?post=742"}],"curies":[{"name":"wp","href":"https:\/\/api.w.org\/{rel}","templated":true}]}}