{"id":7779,"date":"2020-12-29T16:23:36","date_gmt":"2020-12-29T15:23:36","guid":{"rendered":"https:\/\/innerfrench.com\/?p=7779"},"modified":"2025-09-30T10:50:53","modified_gmt":"2025-09-30T08:50:53","slug":"87-2020-drole-annee","status":"publish","type":"post","link":"https:\/\/innerfrench.com\/87-2020-drole-annee\/","title":{"rendered":"#87 2020 : une dr\u00f4le d&#8217;ann\u00e9e"},"content":{"rendered":"\n<p>Salut \u00e0 toutes et \u00e0 tous, bienvenue ! Je suis ravi de vous retrouver pour ce dernier \u00e9pisode de l&#8217;ann\u00e9e. \u00c7a y est, on va enfin pouvoir dire au revoir \u00e0 2020.<\/p>\n\n\n\n<p><a id=\"sonaar_ts-6927d5e5a35d9\" class=\"srmp3_sonaar_ts_shortcode\"  style=\"\" href=\"javascript:sonaar_ts_shortcode({ trackid:'0', time:'00:00:22', ts_id:'6927d5e5a35d9', play_icon:'' }) ;\">[00:00:22]<\/a> Peut-\u00eatre que vous trouvez le titre de cet \u00e9pisode un peu surprenant : une dr\u00f4le d&#8217;ann\u00e9e. En fait, en fran\u00e7ais, vous savez que normalement, les adjectifs se placent apr\u00e8s les noms, mais certains adjectifs peuvent se placer soit apr\u00e8s le nom, soit avant et ce qui est int\u00e9ressant, c&#8217;est que leur sens change en fonction de leur position. Par exemple, avec l&#8217;adjectif \u00abdr\u00f4le\u00bb, normalement, quand on dit que quelque chose est dr\u00f4le, \u00e7a veut dire que c&#8217;est amusant. Par exemple, une histoire dr\u00f4le, c&#8217;est une histoire amusante. \u00c7a, c&#8217;est le sens propre de l&#8217;adjectif dr\u00f4le, le sens premier. Mais quand on place cet adjectif avant le nom, \u00e0 ce moment-l\u00e0, \u00e7a veut dire \u00abbizarre\u00bb, \u00ab\u00e9trange\u00bb. Par exemple, une dr\u00f4le d&#8217;histoire, c&#8217;est une histoire bizarre. Donc, quand on place cet adjectif avant le nom, il a un sens plut\u00f4t figur\u00e9.<\/p>\n\n\n\n<p><a id=\"sonaar_ts-6927d5e5a35e8\" class=\"srmp3_sonaar_ts_shortcode\"  style=\"\" href=\"javascript:sonaar_ts_shortcode({ trackid:'0', time:'00:01:20', ts_id:'6927d5e5a35e8', play_icon:'' }) ;\">[00:01:20]<\/a> Un autre exemple qu&#8217;on utilise souvent pour illustrer \u00e7a, c&#8217;est avec l&#8217;adjectif \u00abgrand\u00bb. Un homme grand ici, \u00e7a fait r\u00e9f\u00e9rence \u00e0 la taille de cet homme, c&#8217;est comme l&#8217;adjectif \u00abtall\u00bb en anglais, un homme grand. Mais un \u00abgrand homme\u00bb, quand on le place avant, \u00e7a veut dire un homme qui a fait des grandes choses, un homme accompli. Et l\u00e0, c&#8217;est plut\u00f4t le sens de l&#8217;adjectif \u00abgreat\u00bb en anglais.<\/p>\n\n\n\n<p><a id=\"sonaar_ts-6927d5e5a35ef\" class=\"srmp3_sonaar_ts_shortcode\"  style=\"\" href=\"javascript:sonaar_ts_shortcode({ trackid:'0', time:'00:01:46', ts_id:'6927d5e5a35ef', play_icon:'' }) ;\">[00:01:46]<\/a> Alors \u00e9videmment, je voulais pas dire que 2020 a \u00e9t\u00e9 une ann\u00e9e amusante parce qu&#8217;elle ne l&#8217;a pas \u00e9t\u00e9. Au contraire, \u00e7a a \u00e9t\u00e9 une ann\u00e9e plut\u00f4t \u00e9trange (\u00e0 d\u00e9faut d&#8217;utiliser d&#8217;autres adjectifs un peu moins&#8230; polis).<\/p>\n\n\n\n<p><a id=\"sonaar_ts-6927d5e5a35f4\" class=\"srmp3_sonaar_ts_shortcode\"  style=\"\" href=\"javascript:sonaar_ts_shortcode({ trackid:'0', time:'00:02:02', ts_id:'6927d5e5a35f4', play_icon:'' }) ;\">[00:02:02]<\/a> Bref, comme 2020 touche \u00e0 sa fin, comme 2020 se termine, on va en profiter pour faire le bilan. Vous savez que c&#8217;est un exercice que j&#8217;aime bien faire. Je l&#8217;avais fait en 2017 et en 2018. \u00c0 la fin de l&#8217;ann\u00e9e, je r\u00e9fl\u00e9chis \u00e0 ce qui s&#8217;est bien pass\u00e9, ce qui s&#8217;est moins bien pass\u00e9, quelles sont mes bonnes r\u00e9solutions pour l&#8217;ann\u00e9e prochaine, les projets que j&#8217;aimerais mener. Je ne l&#8217;avais pas fait l&#8217;ann\u00e9e derni\u00e8re, en 2019, parce que j&#8217;\u00e9tais en plein lancement de mon deuxi\u00e8me cours. C&#8217;\u00e9tait au moment o\u00f9 je lan\u00e7ais Raconte ton histoire, donc voil\u00e0, je n&#8217;avais pas eu le temps. Mais cette ann\u00e9e, on va essayer de reprendre nos bonnes habitudes, justement parce que pour moi, en 2020, il y a plein de choses qui ne se sont pas pass\u00e9es comme je l&#8217;aurais aim\u00e9ou en tout cas, comme je l&#8217;avais pr\u00e9vu. Alors, je pense que c&#8217;est une bonne occasion de r\u00e9fl\u00e9chir \u00e0 tout \u00e7a et de partager avec vous quels sont mes projets pour l&#8217;ann\u00e9e prochaine, pour 2021.<\/p>\n\n\n\n<p><a id=\"sonaar_ts-6927d5e5a35f9\" class=\"srmp3_sonaar_ts_shortcode\"  style=\"\" href=\"javascript:sonaar_ts_shortcode({ trackid:'0', time:'00:03:03', ts_id:'6927d5e5a35f9', play_icon:'' }) ;\">[00:03:03]<\/a> Pour pr\u00e9parer cet \u00e9pisode, j&#8217;ai jet\u00e9 un \u0153il aux transcriptions de mes bilans 2017 et 2018, et c&#8217;est dr\u00f4le parce que je ne me suis pas reconnu. C&#8217;est comme quand vous voyez une vieille photo de vous; parfois, vous avez du mal \u00e0 vous reconna\u00eetre. Vous avez tellement chang\u00e9 physiquement que vous avez l&#8217;impression que sur cette photo, c&#8217;est une autre personne, ce n&#8217;est pas vous. Et moi, en \u00e9coutant ces anciens \u00e9pisodes de 2017 et 2018, j&#8217;ai eu un peu la m\u00eame impression. \u00c0 l&#8217;\u00e9poque, je vous parlais beaucoup de productivit\u00e9, de sortir de sa zone de confort, de comment mener vos projets \u00e0 bien&#8230; Et moi, cette ann\u00e9e, j&#8217;ai eu beaucoup de mal \u00e0 suivre tous ces conseils. En fait, j&#8217;\u00e9tais \u00e0 l&#8217;oppos\u00e9 total de ce genre de conseils. Cette ann\u00e9e, je n&#8217;ai pas \u00e9t\u00e9 productif du tout.<\/p>\n\n\n\n<p><a id=\"sonaar_ts-6927d5e5a35fe\" class=\"srmp3_sonaar_ts_shortcode\"  style=\"\" href=\"javascript:sonaar_ts_shortcode({ trackid:'0', time:'00:04:00', ts_id:'6927d5e5a35fe', play_icon:'' }) ;\">[00:04:00]<\/a> Alors, je ne sais pas si 2020, c&#8217;est l&#8217;ann\u00e9e de la maturit\u00e9 pour moi, mais en tout cas, c&#8217;est l&#8217;ann\u00e9e de l&#8217;humilit\u00e9. J&#8217;ai appris \u00e0 \u00eatre un peu plus humble et que m\u00eame avec les meilleures intentions du monde, m\u00eame en faisant des projets et en appliquant les meilleures m\u00e9thodes de productivit\u00e9, les choses ne se passent pas toujours comme on le souhaiterait.<\/p>\n\n\n\n<p><a id=\"sonaar_ts-6927d5e5a3603\" class=\"srmp3_sonaar_ts_shortcode\"  style=\"\" href=\"javascript:sonaar_ts_shortcode({ trackid:'0', time:'00:04:22', ts_id:'6927d5e5a3603', play_icon:'' }) ;\">[00:04:22]<\/a> Du coup, dans cet \u00e9pisode, mon objectif ce n&#8217;est pas de vous dire comment vivre votre vie, comment prendre des bonnes r\u00e9solutions, mais simplement de partager avec vous mes exp\u00e9riences, aussi bien les r\u00e9ussites que les \u00e9checs. Et j&#8217;esp\u00e8re que \u00e7a va vous permettre d&#8217;\u00e9viter peut-\u00eatre certaines erreurs ou en tout cas vous divertir pendant une trentaine de minutes.<\/p>\n\n\n\n<p><a id=\"sonaar_ts-6927d5e5a3607\" class=\"srmp3_sonaar_ts_shortcode\"  style=\"\" href=\"javascript:sonaar_ts_shortcode({ trackid:'0', time:'00:04:50', ts_id:'6927d5e5a3607', play_icon:'' }) ;\">[00:04:50]<\/a> J&#8217;ai toujours quelques doutes quand je fais ce genre d&#8217;\u00e9pisodes un peu plus personnels parce que je me dis que ma vie n&#8217;est pas si int\u00e9ressante que \u00e7a. Mais d&#8217;un autre c\u00f4t\u00e9, quand moi, j&#8217;\u00e9coute des podcasteurs ou que je regarde des YouTubeurs, je sais que j&#8217;aime bien savoir ce qu&#8217;ils font quand ils ne sont pas face \u00e0 une cam\u00e9ra ou un micro. Je suis un peu curieux et c&#8217;est bien normal d&#8217;avoir cette curiosit\u00e9. Donc je me dis que c&#8217;est peut \u00eatre la m\u00eame chose pour vous. D&#8217;ailleurs, vous m&#8217;envoyez souvent des questions par email. Donc voil\u00e0, je ne sais pas si \u00e7a va int\u00e9resser tout le monde, mais j&#8217;esp\u00e8re que \u00e7a va int\u00e9resser certains d&#8217;entre vous.<\/p>\n\n\n\n<p><a id=\"sonaar_ts-6927d5e5a360c\" class=\"srmp3_sonaar_ts_shortcode\"  style=\"\" href=\"javascript:sonaar_ts_shortcode({ trackid:'0', time:'00:05:29', ts_id:'6927d5e5a360c', play_icon:'' }) ;\">[00:05:29]<\/a> Pour moi, c&#8217;est un peu particulier parce que j&#8217;ai un public assez large, dans le sens o\u00f9 il y a des personnes de tous les pays du monde qui \u00e9coutent ce podcast et vous n&#8217;avez pas le m\u00eame \u00e2ge. Donc quand je donne des conseils, \u00e7a peut sembler utile pour les plus jeunes, les \u00e9tudiants ou m\u00eame ceux qui sont encore au lyc\u00e9e, \u00e0 l&#8217;\u00e9cole. Peut-\u00eatre que vous, vous me voyez un peu comme un vieux m\u00eame si moi, dans ma t\u00eate, j&#8217;ai toujours l&#8217;impression d&#8217;\u00eatre jeune et d&#8217;avoir 20 ans. Au contraire, je sais qu&#8217;il y a aussi beaucoup de personnes \u00e2g\u00e9es qui m&#8217;\u00e9coutent, des gens qui sont \u00e0 la retraite, par exemple et j&#8217;imagine que quand vous entendez certaines de mes r\u00e9flexions, vous vous dites : \u00abAh mais quelle na\u00efvet\u00e9 ! Il a vraiment besoin de vivre encore un peu pour apprendre plus de choses et ne plus dire&#8230; ne plus faire de d\u00e9clarations aussi na\u00efves.\u00bb D&#8217;ailleurs, moi m\u00eame, je pense \u00e7a quand je lis ou que j&#8217;entends des choses que je disais il y a quelques ann\u00e9es, comme avec cette histoire de d\u00e9veloppement personnel.<\/p>\n\n\n\n<p><a id=\"sonaar_ts-6927d5e5a3611\" class=\"srmp3_sonaar_ts_shortcode\"  style=\"\" href=\"javascript:sonaar_ts_shortcode({ trackid:'0', time:'00:06:34', ts_id:'6927d5e5a3611', play_icon:'' }) ;\">[00:06:34]<\/a> Bref, j&#8217;essaye toujours de trouver le juste milieu pour vous raconter des choses qui puissent \u00eatre utiles au plus grand nombre. En tout cas, ces \u00e9pisodes, je sais qu&#8217;ils me sont utiles parce que \u00e7a me permet de faire un peu mon auto th\u00e9rapie, de raconter ce que j&#8217;ai dans la t\u00eate et parfois, \u00e7a me permet de prendre du recul, de relativiser.<\/p>\n\n\n\n<p><a id=\"sonaar_ts-6927d5e5a3617\" class=\"srmp3_sonaar_ts_shortcode\"  style=\"\" href=\"javascript:sonaar_ts_shortcode({ trackid:'0', time:'00:06:59', ts_id:'6927d5e5a3617', play_icon:'' }) ;\">[00:06:59]<\/a> Il y a une podcasteuse polonaise dont le podcast s&#8217;appelle Tu Okuniewska, qui fait \u00e7a depuis quelques ann\u00e9es. Elle a un podcast dans lequel elle raconte chaque semaine ce qui lui est arriv\u00e9, elle partage ses r\u00e9flexions et moi, je trouve \u00e7a vraiment int\u00e9ressant. D&#8217;ailleurs, c&#8217;est son th\u00e9rapeute qui lui a conseill\u00e9 de commencer un podcast pour le faire. Donc voil\u00e0, moi, malheureusement, je suis pas aussi int\u00e9ressant et divertissant qu&#8217;Okuniewska, mais j&#8217;esp\u00e8re que vous allez quand m\u00eame trouver deux ou trois trucs utiles dans cet \u00e9pisode.<\/p>\n\n\n\n<p><a id=\"sonaar_ts-6927d5e5a361c\" class=\"srmp3_sonaar_ts_shortcode\"  style=\"\" href=\"javascript:sonaar_ts_shortcode({ trackid:'0', time:'00:07:36', ts_id:'6927d5e5a361c', play_icon:'' }) ;\">[00:07:36]<\/a> Pour commencer, je vais faire mon bilan personnel. Je vais vous parler de ce qui s&#8217;est pass\u00e9 dans ma vie cette ann\u00e9e. Et puis, dans un deuxi\u00e8me temps, on parlera plut\u00f4t du c\u00f4t\u00e9 professionnel, de l&#8217;entreprise innerFrench et des projets pour 2021.<\/p>\n\n\n\n<p><a id=\"sonaar_ts-6927d5e5a3621\" class=\"srmp3_sonaar_ts_shortcode\"  style=\"\" href=\"javascript:sonaar_ts_shortcode({ trackid:'0', time:'00:08:00', ts_id:'6927d5e5a3621', play_icon:'' }) ;\">[00:08:00]<\/a> Cette ann\u00e9e, j&#8217;ai r\u00e9alis\u00e9 un r\u00eave d&#8217;enfant. Enfin, je l&#8217;ai pas encore r\u00e9alis\u00e9, mais on peut dire que j&#8217;ai lanc\u00e9 le processus. Ce r\u00eave, c&#8217;est d&#8217;apprendre \u00e0 jouer du piano.<\/p>\n\n\n\n<p><a id=\"sonaar_ts-6927d5e5a3626\" class=\"srmp3_sonaar_ts_shortcode\"  style=\"\" href=\"javascript:sonaar_ts_shortcode({ trackid:'0', time:'00:08:13', ts_id:'6927d5e5a3626', play_icon:'' }) ;\">[00:08:13]<\/a> Alors, \u00e7a faisait longtemps que j&#8217;y pensais, mais je me disais toujours : \u00abnon, c&#8217;est trop tard, si on commence pas \u00e0 apprendre \u00e0 jouer d&#8217;un instrument quand on est enfant, ensuite, \u00e0 l&#8217;\u00e2ge adulte, c&#8217;est beaucoup trop difficile.\u00bb Et je me suis rendu compte que c&#8217;\u00e9taient un peu les m\u00eames excuses que les gens utilisent pour ne pas apprendre une langue. Souvent, les gens disent que si on n&#8217;apprend pas une langue quand on est enfant, ensuite, c&#8217;est trop tard et qu&#8217;on ne sera jamais capable de la parler couramment. Mais en y r\u00e9fl\u00e9chissant un peu plus, je me suis dit : \u00abok, quand je serai vraiment tr\u00e8s vieux, est-ce que je regretterai de n&#8217;avoir jamais appris \u00e0 jouer du piano ? Est-ce que \u00e7a fera partie des grands regrets de ma vie ?\u00bb Et la r\u00e9ponse \u00e9tait \u00e9vidente pour moi, c&#8217;\u00e9tait \u00aboui.\u00bb Donc je me suis dit : \u00abil faut que j&#8217;essaye.\u00bb M\u00eame si je ne serai jamais un Fr\u00e9d\u00e9ric Chopin, je pense qu&#8217;en m&#8217;y mettant s\u00e9rieusement, en ayant une bonne m\u00e9thode et en \u00e9tant r\u00e9gulier, \u00e0 un moment, je serai capable de jouer quelques morceaux.<\/p>\n\n\n\n<p><a id=\"sonaar_ts-6927d5e5a362b\" class=\"srmp3_sonaar_ts_shortcode\"  style=\"\" href=\"javascript:sonaar_ts_shortcode({ trackid:'0', time:'00:09:23', ts_id:'6927d5e5a362b', play_icon:'' }) ;\">[00:09:23]<\/a> Bref, en f\u00e9vrier, j&#8217;ai saut\u00e9 le pas et j&#8217;ai achet\u00e9 un piano. \u00abSauter le pas\u00bb, c&#8217;est une expression pour dire \u00abse lancer dans un projet qui nous fait peur, quelque chose qui nous semble difficile.\u00bb Voil\u00e0, \u00absauter le pas\u00bb. Moi, j&#8217;ai saut\u00e9 le pas : j&#8217;ai achet\u00e9 un piano. Ensuite, j&#8217;ai commenc\u00e9 par regarder quelques vid\u00e9os sur YouTube pour essayer d&#8217;apprendre un peu les bases, comment faire les gammes par exemple, comment jouer les gammes. Mais rapidement, c&#8217;est devenu un peu limit\u00e9 parce que je passais plus de temps \u00e0 chercher des vid\u00e9os qu&#8217;\u00e0 jouer. Alors, pour \u00eatre plus structur\u00e9 j&#8217;ai t\u00e9l\u00e9charg\u00e9 une application qui s&#8217;appelle Flowkey. C&#8217;est une tr\u00e8s bonne application parce que gr\u00e2ce \u00e0 \u00e7a, vous pouvez apprendre tr\u00e8s rapidement \u00e0 jouer quelques morceaux.<\/p>\n\n\n\n<p><a id=\"sonaar_ts-6927d5e5a3630\" class=\"srmp3_sonaar_ts_shortcode\"  style=\"\" href=\"javascript:sonaar_ts_shortcode({ trackid:'0', time:'00:10:18', ts_id:'6927d5e5a3630', play_icon:'' }) ;\">[00:10:18]<\/a> Mais l\u00e0 encore, apr\u00e8s quelques semaines, je me suis rendu compte que je n&#8217;avais aucune technique, que je n&#8217;\u00e9tais pas capable de lire une partition. Simplement, avec cette application, je pouvais choisir un morceau et voir une vid\u00e9o avec les doigt\u00e9s de quelqu&#8217;un qui jouait le morceau et voir les doigts de cette personne sur les touches du piano, et d&#8217;imiter cette personne. Donc voil\u00e0, j&#8217;\u00e9tais plut\u00f4t un singe savant qui imitait quelqu&#8217;un qui jouait du piano, mais j&#8217;avais pas de technique et j&#8217;\u00e9tais pas capable de lire une partition.<\/p>\n\n\n\n<p><a id=\"sonaar_ts-6927d5e5a3635\" class=\"srmp3_sonaar_ts_shortcode\"  style=\"\" href=\"javascript:sonaar_ts_shortcode({ trackid:'0', time:'00:10:55', ts_id:'6927d5e5a3635', play_icon:'' }) ;\">[00:10:55]<\/a> Donc l\u00e0, j&#8217;ai d\u00e9cid\u00e9 de changer un peu de strat\u00e9gie et de travailler avec une prof. Donc, j&#8217;ai trouv\u00e9 une prof \u00e0 Varsovie qui est japonaise, qui s&#8217;appelle Kanako, qui est vraiment tr\u00e8s, tr\u00e8s talentueuse et surtout tr\u00e8s patiente. \u00c7a, c&#8217;est une qualit\u00e9 essentielle pour un professeur, la patience. Et j&#8217;ai commenc\u00e9 \u00e0 prendre des cours avec elle. Malheureusement, avec le covid, on a d\u00fb interrompre nos cours pendant plusieurs semaines. Donc voil\u00e0, je n&#8217;ai pas eu des progr\u00e8s tr\u00e8s r\u00e9guliers. Mais quand m\u00eame, l\u00e0, l&#8217;ann\u00e9e se termine et aujourd&#8217;hui, je suis capable de lire une partition, enfin une partition assez simple&#8230; Ah oui, je n&#8217;ai pas expliqu\u00e9, mais \u00abune partition\u00bb en musique, c&#8217;est un document avec les notes que vous devez jouer pour jouer une chanson, une partition. Aujourd&#8217;hui, apr\u00e8s seulement une dizaine de mois, je suis d\u00e9j\u00e0 capable de lire une partition basique et de jouer quelques morceaux tr\u00e8s simples. Bon, bien s\u00fbr, je vais pas faire de concertos, mais c&#8217;est quelque chose qui me donne \u00e9norm\u00e9ment de plaisir.<\/p>\n\n\n\n<p><a id=\"sonaar_ts-6927d5e5a3639\" class=\"srmp3_sonaar_ts_shortcode\"  style=\"\" href=\"javascript:sonaar_ts_shortcode({ trackid:'0', time:'00:12:05', ts_id:'6927d5e5a3639', play_icon:'' }) ;\">[00:12:05]<\/a> Alors, le conseil, c&#8217;est : \u00aballez-y, r\u00e9alisez vos r\u00eaves !\u00bb Non, je plaisante. \u00c7a aussi, c&#8217;est un conseil un peu bateau. Mais simplement, de temps en temps, je pense que \u00e7a vaut la peine de se demander si on va regretter de ne pas avoir fait quelque chose. \u00c7a, \u00e7a peut \u00eatre une bonne source de motivation : essayer de se projeter dans le futur et se dire : \u00abest-ce que dans 10, 20 ou 30 ans, je vais regretter de ne pas avoir commenc\u00e9 ce projet ?\u00bb<\/p>\n\n\n\n<p><a id=\"sonaar_ts-6927d5e5a363e\" class=\"srmp3_sonaar_ts_shortcode\"  style=\"\" href=\"javascript:sonaar_ts_shortcode({ trackid:'0', time:'00:12:34', ts_id:'6927d5e5a363e', play_icon:'' }) ;\">[00:12:34]<\/a> Alors, malgr\u00e9 le covid, le piano, \u00e7a a \u00e9t\u00e9 plut\u00f4t une r\u00e9ussite, je dirais, cette ann\u00e9e. Par contre, le polonais, \u00e7a, \u00e7a a \u00e9t\u00e9 mon gros \u00e9chec. Vous savez que j&#8217;apprends le polonais comme j&#8217;habite en Pologne. Et cette ann\u00e9e, j&#8217;ai \u00e9t\u00e9 vraiment tr\u00e8s irr\u00e9gulier. Je pense que c&#8217;est li\u00e9 au fait que j&#8217;ai atteint un plateau. Je vous parle souvent du plateau interm\u00e9diaire, mais moi aussi, j&#8217;en suis parfois victime et je suis un peu coinc\u00e9 \u00e0 ce niveau interm\u00e9diaire-avanc\u00e9, je dirais. Je suis capable de comprendre ce qu&#8217;on me dit, d&#8217;\u00e9couter des podcasts en polonais, de communiquer. Mais c&#8217;est loin d&#8217;\u00eatre parfait et j&#8217;aimerais bien pouvoir parler avec un vocabulaire un peu plus riche, \u00eatre encore plus \u00e0 l&#8217;aise quand je discute.<\/p>\n\n\n\n<p><a id=\"sonaar_ts-6927d5e5a3643\" class=\"srmp3_sonaar_ts_shortcode\"  style=\"\" href=\"javascript:sonaar_ts_shortcode({ trackid:'0', time:'00:13:23', ts_id:'6927d5e5a3643', play_icon:'' }) ;\">[00:13:23]<\/a> Malheureusement, cette ann\u00e9e, voil\u00e0, la r\u00e9gularit\u00e9 n&#8217;\u00e9tait pas au rendez-vous. Le polonais, ce n&#8217;\u00e9tait pas vraiment ma priorit\u00e9. Donc j&#8217;ai seulement \u00e9cout\u00e9 des podcasts de temps en temps, j&#8217;ai pris quelques cours de conversation sur Italki, mais j&#8217;ai pas vraiment fait de progr\u00e8s. Je dirais plut\u00f4t que mon objectif, c&#8217;\u00e9tait un peu de maintenir mon niveau.<\/p>\n\n\n\n<p><a id=\"sonaar_ts-6927d5e5a3655\" class=\"srmp3_sonaar_ts_shortcode\"  style=\"\" href=\"javascript:sonaar_ts_shortcode({ trackid:'0', time:'00:13:44', ts_id:'6927d5e5a3655', play_icon:'' }) ;\">[00:13:44]<\/a> Je sais que vous me posez souvent des questions, d&#8217;ailleurs, sur mon apprentissage du polonais et je pense y consacrer un \u00e9pisode l&#8217;ann\u00e9e prochaine. Donc voil\u00e0, je vous ferai un \u00e9pisode pour vous dire un peu comment j&#8217;apprends le polonais, quelles sont mes difficult\u00e9s, quelle a \u00e9t\u00e9 mon \u00e9volution, combien de temps \u00e7a m&#8217;a pris, etc., etc.<\/p>\n\n\n\n<p><a id=\"sonaar_ts-6927d5e5a365a\" class=\"srmp3_sonaar_ts_shortcode\"  style=\"\" href=\"javascript:sonaar_ts_shortcode({ trackid:'0', time:'00:14:07', ts_id:'6927d5e5a365a', play_icon:'' }) ;\">[00:14:07]<\/a> Cette ann\u00e9e, pour me changer les id\u00e9es, j&#8217;ai aussi d\u00e9cid\u00e9 de lire un peu moins d&#8217;essais et plus de litt\u00e9rature, autrement dit de la fiction. En fran\u00e7ais, on n&#8217;utilise pas trop cette distinction \u00abfiction\u00bb et \u00abnon-fiction\u00bb. D&#8217;ailleurs, on ne dit pas \u00e7a, \u00abnon-fiction\u00bb. On parle plut\u00f4t de \u00ablitt\u00e9rature\u00bb et d&#8217;\u00abessais\u00bb : des essais de philosophie, d&#8217;\u00e9conomie, etc. Ces derni\u00e8res ann\u00e9es, j&#8217;avais tendance \u00e0 plut\u00f4t lire des essais parce que je me disais qu&#8217;il fallait que j&#8217;utilise ce temps de lecture pour me d\u00e9velopper, pour apprendre de nouvelles choses. Mais l\u00e0, en 2020, avec le covid, j&#8217;avais plut\u00f4t besoin de me changer les id\u00e9es, de m&#8217;\u00e9vader, donc, j&#8217;ai recommenc\u00e9 \u00e0 lire plut\u00f4t de la litt\u00e9rature.<\/p>\n\n\n\n<p><a id=\"sonaar_ts-6927d5e5a365e\" class=\"srmp3_sonaar_ts_shortcode\"  style=\"\" href=\"javascript:sonaar_ts_shortcode({ trackid:'0', time:'00:14:55', ts_id:'6927d5e5a365e', play_icon:'' }) ;\">[00:14:55]<\/a> C&#8217;est quelque chose que je faisais, d&#8217;ailleurs, quand j&#8217;\u00e9tais plus jeune. Je suis un grand fan de litt\u00e9rature du 19\u00e8me si\u00e8cle, aussi bien Victor Hugo que Flaubert, mais aussi Dosto\u00efevski, Oscar Wilde, etc. Et cette ann\u00e9e, l&#8217;auteur, qui m&#8217;a vraiment aid\u00e9 \u00e0 me changer les id\u00e9es, c&#8217;est \u00c9mile Zola. \u00c9videmment, j&#8217;avais d\u00e9j\u00e0 lu des romans de Zola \u00e0 l&#8217;\u00e9cole, parce que c&#8217;est obligatoire en France (au coll\u00e8ge, il me semble). Mais \u00e0 cette \u00e9poque, \u00e7a ne m&#8217;avait pas vraiment convaincu. Je me souvenais surtout des longues descriptions, je trouvais que les sujets n&#8217;\u00e9taient pas super int\u00e9ressants. Et maintenant, en relisant Zola \u00e0 l&#8217;\u00e2ge adulte, j&#8217;ai d\u00e9couvert des choses compl\u00e8tement diff\u00e9rentes. Et vraiment, cette ann\u00e9e, j&#8217;ai ador\u00e9 lire les livres d&#8217;\u00c9mile Zola, en particulier Nana, par exemple, qui est g\u00e9nial, mais aussi L&#8217;Assommoir, Au bonheur des dames.<\/p>\n\n\n\n<p><a id=\"sonaar_ts-6927d5e5a3663\" class=\"srmp3_sonaar_ts_shortcode\"  style=\"\" href=\"javascript:sonaar_ts_shortcode({ trackid:'0', time:'00:16:00', ts_id:'6927d5e5a3663', play_icon:'' }) ;\">[00:16:00]<\/a> Ce qui est g\u00e9nial dans les romans de Zola, c&#8217;est qu&#8217;il d\u00e9crit vraiment la France du 19\u00e8me si\u00e8cle, de la seconde moiti\u00e9 du 19\u00e8me si\u00e8cle, avec une analyse sociologique, mais aussi avec le contexte politique. Et les personnages qu&#8217;il invente sont tr\u00e8s r\u00e9alistes, mais en m\u00eame temps, il y a toujours une touche d&#8217;humour. Donc c&#8217;est vraiment un auteur que j&#8217;adore aujourd&#8217;hui et comme il \u00e9tait tr\u00e8s prolifique, j&#8217;ai pas encore lu tous ses romans, il m&#8217;en reste pour l&#8217;ann\u00e9e prochaine. Je vais continuer de les d\u00e9vorer avec grand plaisir.<\/p>\n\n\n\n<p><a id=\"sonaar_ts-6927d5e5a366b\" class=\"srmp3_sonaar_ts_shortcode\"  style=\"\" href=\"javascript:sonaar_ts_shortcode({ trackid:'0', time:'00:16:37', ts_id:'6927d5e5a366b', play_icon:'' }) ;\">[00:16:37]<\/a> Malheureusement, c&#8217;est pas un auteur que je vous recommande \u00e0 vous qui apprenez le fran\u00e7ais parce que dans ses romans, il y a de longues descriptions avec du vocabulaire qui n&#8217;est pas forc\u00e9ment tr\u00e8s utile \u00e0 l&#8217;\u00e9poque actuelle. Le style de vie a chang\u00e9, les objets qu&#8217;on utilise ont beaucoup chang\u00e9. La langue a \u00e9volu\u00e9, elle aussi. Les Fran\u00e7ais ne parlent pas de la m\u00eame fa\u00e7on maintenant que dans les romans d&#8217;\u00c9mile Zola. C&#8217;est pareil pour l&#8217;anglais, les gens ne parlent pas comme dans les romans de Mark Twain. Je sais qu&#8217;il existe des versions simplifi\u00e9es des romans classiques fran\u00e7ais et j&#8217;imagine qu&#8217;il y en a aussi pour Flaubert [correction : Zola]. Mais \u00e0 mon avis, si vous voulez vraiment lire des romans, c&#8217;est plus int\u00e9ressant de lire des choses contemporaines parce que ces versions simplifi\u00e9es des classiques, elles restituent l&#8217;histoire, mais elles d\u00e9naturent un peu le style et elles ne restituent pas forc\u00e9ment tous les \u00e9l\u00e9ments qui faisaient la qualit\u00e9 d&#8217;une \u0153uvre.<\/p>\n\n\n\n<p><a id=\"sonaar_ts-6927d5e5a3670\" class=\"srmp3_sonaar_ts_shortcode\"  style=\"\" href=\"javascript:sonaar_ts_shortcode({ trackid:'0', time:'00:17:43', ts_id:'6927d5e5a3670', play_icon:'' }) ;\">[00:17:43]<\/a> En plus du piano et d&#8217;\u00c9mile Zola, ce qui a sauv\u00e9 ma sant\u00e9 mentale cette ann\u00e9e, c&#8217;est la m\u00e9ditation. \u00c7a fait un certain temps que je vous parle de m\u00e9ditation. Je vous ai dit aussi que j&#8217;utilise une application qui s&#8217;appelle Waking Up. J&#8217;ai continu\u00e9 de l&#8217;utiliser cette ann\u00e9e. Je vous avoue que \u00e7a a \u00e9t\u00e9 difficile certains jours de m&#8217;asseoir pour m\u00e9diter parce que j&#8217;avais pas la t\u00eate \u00e0 \u00e7a. \u00abNe pas avoir la t\u00eate \u00e0 quelque chose\u00bb, \u00e7a veut dire que vous n&#8217;avez pas envie de faire quelque chose, vous n&#8217;\u00eates pas dans le bon \u00e9tat d&#8217;esprit pour faire quelque chose. Cette ann\u00e9e, avec tout ce qui se passait autour de nous, \u00e7a pouvait sembler difficile et un peu absurde de simplement s&#8217;asseoir pour m\u00e9diter. Au contraire, on avait envie d&#8217;agir, de faire quelque chose. Mais la m\u00e9ditation, \u00e7a m&#8217;a vraiment permis de prendre du recul, de ne pas trop m&#8217;engager dans des \u00e9motions n\u00e9gatives, par exemple, et d&#8217;avoir un peu de distance par rapport aux histoires que mon cerveau produisait.<\/p>\n\n\n\n<p><a id=\"sonaar_ts-6927d5e5a3675\" class=\"srmp3_sonaar_ts_shortcode\"  style=\"\" href=\"javascript:sonaar_ts_shortcode({ trackid:'0', time:'00:18:53', ts_id:'6927d5e5a3675', play_icon:'' }) ;\">[00:18:53]<\/a> \u00c7a fait environ deux ans, il me semble, que j&#8217;ai commenc\u00e9 la m\u00e9ditation et j&#8217;ai encore l&#8217;impression d&#8217;\u00eatre au tout d\u00e9but du chemin. J&#8217;ai encore beaucoup de chemin \u00e0 parcourir. Mais comme pour le piano, j&#8217;appr\u00e9cie le processus, la pratique. Donc c&#8217;est quelque chose que je fais avec plaisir et j&#8217;esp\u00e8re continuer \u00e0 le faire jusqu&#8217;\u00e0 la fin de mes jours.<\/p>\n\n\n\n<p><a id=\"sonaar_ts-6927d5e5a3679\" class=\"srmp3_sonaar_ts_shortcode\"  style=\"\" href=\"javascript:sonaar_ts_shortcode({ trackid:'0', time:'00:19:16', ts_id:'6927d5e5a3679', play_icon:'' }) ;\">[00:19:16]<\/a> Cette ann\u00e9e, j&#8217;ai aussi pris une d\u00e9cision qui peut sembler assez \u00e9trange compte tenu du contexte actuel : j&#8217;ai d\u00e9cid\u00e9 d&#8217;acheter un appartement avec ma copine \u00e0 Varsovie. Alors \u00e7a peut sembler \u00e9trange parce qu&#8217;une pand\u00e9mie mondiale, c&#8217;est peut-\u00eatre pas le meilleur moment pour acheter un appartement. Mais on a ressenti ce besoin d&#8217;avoir \u00abnotre chez nous\u00bb, comme on dit, d&#8217;avoir notre propre logement qui nous appartient. On avait envie de se sentir chez nous. Et comme on sait qu&#8217;on va rester encore quelques ann\u00e9es en Pologne, malgr\u00e9 le climat politique actuel qui est plut\u00f4t d\u00e9courageant, on s&#8217;est dit que \u00e7a serait une bonne id\u00e9e d&#8217;acheter un appartement. En plus Varsovie, c&#8217;est une ville qui est tr\u00e8s dynamique, qui se d\u00e9veloppe rapidement, donc je pense que c&#8217;est un bon investissement et que si on veut vendre cet appartement d&#8217;ici quelques ann\u00e9es, par exemple pour rentrer en France, \u00e7a ne sera pas trop difficile.<\/p>\n\n\n\n<p><a id=\"sonaar_ts-6927d5e5a3682\" class=\"srmp3_sonaar_ts_shortcode\"  style=\"\" href=\"javascript:sonaar_ts_shortcode({ trackid:'0', time:'00:20:21', ts_id:'6927d5e5a3682', play_icon:'' }) ;\">[00:20:21]<\/a> Donc on a achet\u00e9 cet appartement fin octobre, et un mois plus tard, on a d\u00e9m\u00e9nag\u00e9&#8230; \u00e0 Cracovie. Donc oui, \u00e7a, \u00e7a peut sembler encore plus bizarre. Je vous ai dit qu&#8217;on a achet\u00e9 un appartement \u00e0 Varsovie et que l\u00e0, on vient de d\u00e9m\u00e9nager \u00e0 Cracovie. Donc vous pensez peut-\u00eatre que je perds la t\u00eate, mais non ! En fait, l&#8217;histoire, c&#8217;est que ma copine a trouv\u00e9 un nouveau travail qu&#8217;elle doit commencer \u00e0 Cracovie, et l&#8217;appartement qu&#8217;on a achet\u00e9 a besoin d&#8217;\u00eatre r\u00e9nov\u00e9. Donc on va vivre \u00e0 Cracovie quelques mois, le temps que l&#8217;appartement soit r\u00e9nov\u00e9 et ensuite on va rentrer \u00e0 Varsovie. D&#8217;ailleurs, si vous avez regard\u00e9 la derni\u00e8re vid\u00e9o sur la cha\u00eene YouTube, vous avez d\u00e9j\u00e0 vu \u00e0 quoi ressemble un peu l&#8217;appartement qu&#8217;on loue \u00e0 Cracovie. Vous avez vu mon nouveau d\u00e9cor pour les vid\u00e9os et maintenant vous savez pourquoi.<\/p>\n\n\n\n<p><a id=\"sonaar_ts-6927d5e5a3687\" class=\"srmp3_sonaar_ts_shortcode\"  style=\"\" href=\"javascript:sonaar_ts_shortcode({ trackid:'0', time:'00:21:17', ts_id:'6927d5e5a3687', play_icon:'' }) ;\">[00:21:17]<\/a> C&#8217;est cool parce que Cracovie, c&#8217;est une tr\u00e8s belle ville. Contrairement \u00e0 Varsovie, elle n&#8217;a pas \u00e9t\u00e9 compl\u00e8tement d\u00e9truite pendant la Seconde Guerre mondiale. Il y a beaucoup de b\u00e2timents magnifiques. L\u00e0, avec le covid, c&#8217;est un peu compliqu\u00e9 de faire des vlogs, mais j&#8217;esp\u00e8re que quand les mesures de confinement seront lev\u00e9es, j&#8217;aurai l&#8217;occasion de sortir pour vous faire visiter un peu la ville, faire quelques vid\u00e9os \u00e0 Cracovie, et voil\u00e0, partager toutes ces images avec vous.<\/p>\n\n\n\n<p><a id=\"sonaar_ts-6927d5e5a368c\" class=\"srmp3_sonaar_ts_shortcode\"  style=\"\" href=\"javascript:sonaar_ts_shortcode({ trackid:'0', time:'00:21:56', ts_id:'6927d5e5a368c', play_icon:'' }) ;\">[00:21:56]<\/a> Maintenant, on va passer \u00e0 mon bilan professionnel de 2020. J&#8217;ai commenc\u00e9 2020 sur les rotules. \u00c7a, c&#8217;est une expression \u00ab\u00eatre sur les rotules\u00bb ou \u00abfinir sur les rotules\u00bb. La rotule, c&#8217;est un os qui se trouve dans le genou, le genou, c&#8217;est cette articulation, pardon, au milieu de la jambe. Et quand on dit qu&#8217;on est sur les rotules, \u00e7a veut dire qu&#8217;on est tr\u00e8s fatigu\u00e9. En g\u00e9n\u00e9ral, c&#8217;est plut\u00f4t une fatigue physique, mais on peut aussi l&#8217;utiliser, par extension pour dire qu&#8217;on est fatigu\u00e9 mentalement.<\/p>\n\n\n\n<p><a id=\"sonaar_ts-6927d5e5a3690\" class=\"srmp3_sonaar_ts_shortcode\"  style=\"\" href=\"javascript:sonaar_ts_shortcode({ trackid:'0', time:'00:22:32', ts_id:'6927d5e5a3690', play_icon:'' }) ;\">[00:22:32]<\/a> Moi, j&#8217;\u00e9tais sur les rotules en commen\u00e7ant 2020 parce qu&#8217;en d\u00e9cembre 2019, j&#8217;ai fini mon cours Raconte ton histoire que j&#8217;ai mis en vente. Il y a eu beaucoup d&#8217;inscriptions donc ensuite il fallait que j&#8217;accompagne tous ces \u00e9l\u00e8ves, que je r\u00e9ponde \u00e0 leurs questions. Il y avait plusieurs centaines d&#8217;\u00e9l\u00e8ves \u00e0 g\u00e9rer. A c\u00f4t\u00e9 de \u00e7a, j&#8217;avais aussi toujours mon premier cours Build a Strong Core, avec l\u00e0 aussi des \u00e9l\u00e8ves \u00e0 aider, le podcast, la cha\u00eene YouTube. Donc, \u00e7a a commenc\u00e9 \u00e0 faire beaucoup.<\/p>\n\n\n\n<p><a id=\"sonaar_ts-6927d5e5a3694\" class=\"srmp3_sonaar_ts_shortcode\"  style=\"\" href=\"javascript:sonaar_ts_shortcode({ trackid:'0', time:'00:23:10', ts_id:'6927d5e5a3694', play_icon:'' }) ;\">[00:23:10]<\/a> Et on peut dire que 2020, pour moi, c&#8217;est l&#8217;ann\u00e9e de la ran\u00e7on de la gloire. \u00c7a, c&#8217;est une autre bonne expression, \u00abla ran\u00e7on de la gloire\u00bb. \u00abUne ran\u00e7on\u00bb, c&#8217;est un prix \u00e0 payer pour quelque chose. Donc \u00abla ran\u00e7on de la gloire\u00bb, c&#8217;est le prix que vous devez payer pour la gloire, pour la c\u00e9l\u00e9brit\u00e9. On dit aussi souvent \u00able revers de la m\u00e9daille\u00bb. Alors \u00e9videmment, je plaisante, j&#8217;exag\u00e8re un peu. Je suis tr\u00e8s content de payer cette ran\u00e7on.<\/p>\n\n\n\n<p><a id=\"sonaar_ts-6927d5e5a369d\" class=\"srmp3_sonaar_ts_shortcode\"  style=\"\" href=\"javascript:sonaar_ts_shortcode({ trackid:'0', time:'00:23:41', ts_id:'6927d5e5a369d', play_icon:'' }) ;\">[00:23:41]<\/a> J&#8217;ai la chance d&#8217;avoir trouv\u00e9 un public, de vous avoir trouv\u00e9 avec innerFrench. Et cette ann\u00e9e, avec le covid, vous avez \u00e9t\u00e9 encore plus nombreux \u00e0 me d\u00e9couvrir. Je sais que vous m&#8217;avez envoy\u00e9 des emails pour me dire que vous aviez d\u00e9couvert la cha\u00eene ou le podcast pendant le confinement. Ce qui fait que cette ann\u00e9e, j&#8217;ai re\u00e7u encore plus d&#8217;emails et de commentaires que les ann\u00e9es pr\u00e9c\u00e9dentes. Donc, j&#8217;ai commenc\u00e9 \u00e0 ressentir de la culpabilit\u00e9. Bon, c&#8217;est pas quelque chose de nouveau, ce sentiment de culpabilit\u00e9&#8230; Mais je me sens coupable parce que je trouve \u00e7a malpoli de ne pas pouvoir r\u00e9pondre \u00e0 tous vos emails et tous vos commentaires. J&#8217;ai un peu l&#8217;impression de vous laisser tomber. J&#8217;ai l&#8217;impression de ne pas pouvoir vous aider. De temps en temps, quand cette culpabilit\u00e9 est trop forte, je commence \u00e0 essayer de r\u00e9pondre \u00e0 tous les emails que j&#8217;ai re\u00e7us dans les derni\u00e8res semaines. Et puis, au bout d&#8217;une heure ou deux, je me rends compte que j&#8217;ai seulement r\u00e9pondu \u00e0 une petite dizaine ou une vingtaine d&#8217;emails et que si je devais r\u00e9pondre \u00e0 tout le monde, eh bien je n&#8217;aurais plus le temps de faire quoi que ce soit d&#8217;autre. Je n&#8217;aurais plus le temps de faire le podcast ni des vid\u00e9os sur la cha\u00eene YouTube, donc je me sens coupable.<\/p>\n\n\n\n<p><a id=\"sonaar_ts-6927d5e5a36a1\" class=\"srmp3_sonaar_ts_shortcode\"  style=\"\" href=\"javascript:sonaar_ts_shortcode({ trackid:'0', time:'00:25:01', ts_id:'6927d5e5a36a1', play_icon:'' }) ;\">[00:25:01]<\/a> Je sais que ce n&#8217;est pas une question de vie ou de mort, que souvent vous m&#8217;\u00e9crivez juste pour me remercier ou pour me demander un petit conseil. Je sais aussi que s&#8217;il n&#8217;y a pas de nouvelles vid\u00e9os ou de nouveaux podcasts, vous n&#8217;allez pas mourir non plus, que vous avez toutes et tous des choses beaucoup plus importantes \u00e0 faire dans la vie que d&#8217;\u00e9couter innerFrench. Mais moi, j&#8217;y pense un peu toute la journ\u00e9e, j&#8217;ai toujours \u00e7a dans le fond de ma t\u00eate. J&#8217;aimerais bien pouvoir vous r\u00e9pondre \u00e0 toutes et \u00e0 tous. Mais voil\u00e0, malheureusement, ce n&#8217;est pas possible. Heureusement, j&#8217;ai de la chance parce que vous \u00eates tr\u00e8s patients et compr\u00e9hensifs. Parfois, vous m&#8217;\u00e9crivez m\u00eame en me disant que je ne suis pas oblig\u00e9 de r\u00e9pondre \u00e0 votre email, donc c&#8217;est tr\u00e8s gentil. Et si je ne vous ai pas r\u00e9pondu, si je n&#8217;ai pas r\u00e9pondu \u00e0 votre email et que vous \u00e9coutez ce podcast, sachez que je suis d\u00e9sol\u00e9 mais voil\u00e0, c&#8217;est devenu physiquement impossible de r\u00e9pondre \u00e0 tout le monde.<\/p>\n\n\n\n<p><a id=\"sonaar_ts-6927d5e5a36a6\" class=\"srmp3_sonaar_ts_shortcode\"  style=\"\" href=\"javascript:sonaar_ts_shortcode({ trackid:'0', time:'00:26:00', ts_id:'6927d5e5a36a6', play_icon:'' }) ;\">[00:26:00]<\/a> \u00c0 c\u00f4t\u00e9 de \u00e7a, il y a aussi les \u00e9l\u00e8ves qui ont achet\u00e9 mes cours, donc des personnes qui ont vraiment pay\u00e9 pour recevoir mon aide. L\u00e0 aussi, je vous ai dit qu&#8217;il y a de plus en plus d&#8217;\u00e9tudiants dans mes cours. Donc, \u00e7a repr\u00e9sente une charge de travail de plus en plus importante pour les aider dans les exercices, r\u00e9pondre \u00e0 leurs questions, \u00e0 leurs doutes, les encourager, etc.<\/p>\n\n\n\n<p><a id=\"sonaar_ts-6927d5e5a36ae\" class=\"srmp3_sonaar_ts_shortcode\"  style=\"\" href=\"javascript:sonaar_ts_shortcode({ trackid:'0', time:'00:26:28', ts_id:'6927d5e5a36ae', play_icon:'' }) ;\">[00:26:28]<\/a> Bref, cette ann\u00e9e, j&#8217;ai vraiment eu ce dilemme entre aider les personnes qui me contactent directement et qui ont besoin de moi, ou alors continuer \u00e0 cr\u00e9er du contenu qui peut b\u00e9n\u00e9ficier au plus grand nombre. Et \u00e7a peut vous sembler un peu \u00e9trange parce que je vous dis que j&#8217;ai d\u00e9cid\u00e9 de ne plus r\u00e9pondre \u00e0 tous les emails mais d&#8217;un autre c\u00f4t\u00e9, il n&#8217;y a pas eu beaucoup de nouveaux contenus sur innerFrench cette ann\u00e9e.<\/p>\n\n\n\n<p><a id=\"sonaar_ts-6927d5e5a36b3\" class=\"srmp3_sonaar_ts_shortcode\"  style=\"\" href=\"javascript:sonaar_ts_shortcode({ trackid:'0', time:'00:26:56', ts_id:'6927d5e5a36b3', play_icon:'' }) ;\">[00:26:56]<\/a> En fait, \u00e7a, c&#8217;est la deuxi\u00e8me ran\u00e7on de la gloire, on pourrait dire. Parce que comme je sais que vous \u00eates de plus en plus nombreux \u00e0 \u00e9couter le podcast ou \u00e0 regarder les vid\u00e9os, eh bien, j&#8217;ai une sorte de pression. La pression augmente parce que j&#8217;ai envie de vous proposer les meilleurs contenus possibles. Donc, quand je pr\u00e9pare une vid\u00e9o ou un \u00e9pisode du podcast, je fais beaucoup de recherches, j&#8217;essaye vraiment de me pr\u00e9parer au maximum. Et \u00e7a, c&#8217;est aussi parce que j&#8217;ai un c\u00f4t\u00e9 un peu perfectionniste. Mais en fait, ce d\u00e9sir de perfection est devenu une excuse pour procrastiner. Je me dis que quelque chose n&#8217;est pas assez parfait pour \u00eatre publi\u00e9 donc, au lieu de le publier quand m\u00eame, j&#8217;arr\u00eate en cours de route, je me d\u00e9courage, je procrastine et je ne publie rien. Vous ne pouvez pas savoir le nombre d&#8217;\u00e9pisodes \u00e0 moiti\u00e9 pr\u00e9par\u00e9s ou \u00e0 moiti\u00e9 \u00e9crits que j&#8217;ai sur mon ordinateur. Il y en a vraiment pas mal et \u00e7a, c&#8217;est vraiment un probl\u00e8me qui est apparu cette ann\u00e9e : la pression, ce d\u00e9sir de perfection qui me conduisent \u00e0 procrastiner.<\/p>\n\n\n\n<p><a id=\"sonaar_ts-6927d5e5a36b7\" class=\"srmp3_sonaar_ts_shortcode\"  style=\"\" href=\"javascript:sonaar_ts_shortcode({ trackid:'0', time:'00:28:19', ts_id:'6927d5e5a36b7', play_icon:'' }) ;\">[00:28:19]<\/a> Et puis, je pense que le covid a aussi eu quelques effets \u00e0 ce niveau-l\u00e0. Par exemple, avec le covid, j&#8217;ai vraiment d\u00e9velopp\u00e9 ma capacit\u00e9 de d\u00e9concentration, pas ma capacit\u00e9 de concentration, mais de d\u00e9concentration. J&#8217;avais vraiment du mal, cette ann\u00e9e, \u00e0 me concentrer sur quelque chose pendant plus d&#8217;une heure. Tr\u00e8s souvent, j&#8217;arr\u00eatais pour aller lire un article, pour regarder un peu l&#8217;\u00e9volution du nombre de cas, etc., lire comment les recherches avan\u00e7aient concernant le vaccin. Bref, j&#8217;avais du mal \u00e0 me concentrer pour pr\u00e9parer une vid\u00e9o ou un \u00e9pisode du podcast. L\u00e0 encore, je n&#8217;avais pas vraiment la t\u00eate \u00e0 \u00e7a.<\/p>\n\n\n\n<p><a id=\"sonaar_ts-6927d5e5a36d2\" class=\"srmp3_sonaar_ts_shortcode\"  style=\"\" href=\"javascript:sonaar_ts_shortcode({ trackid:'0', time:'00:29:02', ts_id:'6927d5e5a36d2', play_icon:'' }) ;\">[00:29:02]<\/a> Et tout \u00e7a, c&#8217;est devenu \u00e9videmment un cercle vicieux. Moins je faisais de vid\u00e9os, d&#8217;\u00e9pisodes pour le podcast, plus \u00e7a devenait difficile, plus j&#8217;avais de doutes, de questions existentielles sur ce que j&#8217;\u00e9tais en train d&#8217;essayer de faire. En plus, je recevais quelques emails de personnes qui s&#8217;inqui\u00e9taient parce qu&#8217;elles voyaient qu&#8217;il n&#8217;y avait pas de nouvel \u00e9pisode du podcast. Donc ces gens se demandaient si j&#8217;\u00e9tais tomb\u00e9 malade, ils voulaient savoir comment \u00e7a allait, etc. Et c&#8217;\u00e9tait plut\u00f4t&#8230; \u00e7a partait d&#8217;une bonne intention, \u00e9videmment, mais moi, \u00e7a m&#8217;ajoutait encore une forme de pression. Donc voil\u00e0, c&#8217;est pour \u00e7a que cette ann\u00e9e, \u00e7a a \u00e9t\u00e9 un peu difficile de faire de nouveaux podcasts, de nouvelles vid\u00e9os.<\/p>\n\n\n\n<p><a id=\"sonaar_ts-6927d5e5a36d7\" class=\"srmp3_sonaar_ts_shortcode\"  style=\"\" href=\"javascript:sonaar_ts_shortcode({ trackid:'0', time:'00:29:54', ts_id:'6927d5e5a36d7', play_icon:'' }) ;\">[00:29:54]<\/a> Si je vous raconte tout \u00e7a, ce n&#8217;est pas pour que vous pensiez : \u00aboh l\u00e0 l\u00e0, le pauvre Hugo, il a trop de travail, il faut arr\u00eater de lui envoyer des emails !\u00bb C&#8217;est vrai que je dois beaucoup me plaindre dans les podcasts sans m&#8217;en rendre compte, parce que souvent, quand vous m&#8217;\u00e9crivez, vous me dites que vous savez que j&#8217;ai beaucoup de travail, etc. alors que moi, j&#8217;ai l&#8217;impression d&#8217;essayer de vous cacher ces choses-l\u00e0 pour ne pas vous inqui\u00e9ter. Mais a priori, vous le savez quand m\u00eame donc je pense qu&#8217;inconsciemment, j&#8217;ai tendance \u00e0 beaucoup vous parler de mes probl\u00e8mes, mes questions existentielles et \u00e0 me plaindre. \u00c7a, c&#8217;est aussi mon c\u00f4t\u00e9 fran\u00e7ais parce que se plaindre, c&#8217;est un peu le sport national en France. Les Polonais aussi aiment beaucoup se plaindre donc voil\u00e0, c&#8217;est un peu la double dose. Et dans cet \u00e9pisode, je suis encore en train de le faire, mais de mani\u00e8re un peu plus consciente.<\/p>\n\n\n\n<p><a id=\"sonaar_ts-6927d5e5a36e0\" class=\"srmp3_sonaar_ts_shortcode\"  style=\"\" href=\"javascript:sonaar_ts_shortcode({ trackid:'0', time:'00:30:49', ts_id:'6927d5e5a36e0', play_icon:'' }) ;\">[00:30:49]<\/a> Je sais que parmi vous, il y en a qui travaillent s\u00fbrement dix fois, cent fois plus que moi et qui ont des professions beaucoup plus difficiles, beaucoup plus exigeantes que la mienne. Je pense que si je me plains beaucoup, c&#8217;est parce que j&#8217;\u00e9tais pas vraiment pr\u00e9par\u00e9 \u00e0 avoir une entreprise. C&#8217;est un peu paradoxal parce que, comme vous le savez, j&#8217;ai fait des \u00e9tudes dans une \u00e9cole de commerce. \u00c0 la base, je suis pas prof de fran\u00e7ais, j&#8217;ai \u00e9t\u00e9 plut\u00f4t form\u00e9 pour devenir manager dans une entreprise.<\/p>\n\n\n\n<p><a id=\"sonaar_ts-6927d5e5a36e5\" class=\"srmp3_sonaar_ts_shortcode\"  style=\"\" href=\"javascript:sonaar_ts_shortcode({ trackid:'0', time:'00:31:24', ts_id:'6927d5e5a36e5', play_icon:'' }) ;\">[00:31:24]<\/a> Mais au fur et \u00e0 mesure qu&#8217;innerFrench se d\u00e9veloppait, je me suis retrouv\u00e9 \u00e0 jouer de moins en moins le r\u00f4le de professeur et de plus en plus celui de chef d&#8217;entreprise. J&#8217;ai eu de plus en plus de formalit\u00e9s \u00e0 r\u00e9gler, des choses administratives pour la comptabilit\u00e9, pour le marketing, le c\u00f4t\u00e9 technique aussi, avec la gestion du site Internet, du podcast, etc. Et toutes ces formalit\u00e9s ont commenc\u00e9 \u00e0 prendre de plus en plus de temps au d\u00e9triment du temps que je pouvais passer sur les choses que j&#8217;aime vraiment faire, \u00e0 savoir la cr\u00e9ation de podcasts, de vid\u00e9os, et vraiment l&#8217;enseignement pur. Au bout d&#8217;un moment, la liste de choses \u00e0 faire la liste de formalit\u00e9s est devenue tellement longue que j&#8217;\u00e9tais un peu d\u00e9courag\u00e9 et \u00e7a aussi, \u00e9videmment, \u00e7a a favoris\u00e9 la procrastination.<\/p>\n\n\n\n<p><a id=\"sonaar_ts-6927d5e5a36ea\" class=\"srmp3_sonaar_ts_shortcode\"  style=\"\" href=\"javascript:sonaar_ts_shortcode({ trackid:'0', time:'00:32:19', ts_id:'6927d5e5a36ea', play_icon:'' }) ;\">[00:32:19]<\/a> Maintenant que je vous raconte tout \u00e7a \u00e0 voix haute, je me rends compte que la solution \u00e9tait \u00e9vidente depuis le d\u00e9but. La solution, c&#8217;\u00e9tait de recruter quelqu&#8217;un. \u00c9videmment, j&#8217;y avais pens\u00e9, mais j&#8217;avais pas mal de r\u00e9ticences. InnerFrench, c&#8217;est mon b\u00e9b\u00e9, je l&#8217;ai cr\u00e9\u00e9 tout seul et j&#8217;\u00e9tais fier, justement, de g\u00e9rer toutes ces choses moi-m\u00eame, de g\u00e9rer le podcast, la cha\u00eene YouTube, le site Internet, les cours, etc. Et je me consid\u00e9rais un peu comme un homme orchestre, je n&#8217;avais pas envie de partager ces responsabilit\u00e9s avec quelqu&#8217;un.<\/p>\n\n\n\n<p><a id=\"sonaar_ts-6927d5e5a36ee\" class=\"srmp3_sonaar_ts_shortcode\"  style=\"\" href=\"javascript:sonaar_ts_shortcode({ trackid:'0', time:'00:32:57', ts_id:'6927d5e5a36ee', play_icon:'' }) ;\">[00:32:57]<\/a> L&#8217;\u00e9t\u00e9 dernier, je me suis rendu compte que la charge de travail \u00e9tait vraiment trop importante et qu&#8217;il fallait absolument que je recrute quelqu&#8217;un. Je m&#8217;en suis rendu compte parce que j&#8217;ai vu que je ne pouvais pas partir en vacances sans mon ordinateur. J&#8217;avais tellement d&#8217;obligations, de choses \u00e0 faire pour que l&#8217;entreprise continue de fonctionner que c&#8217;\u00e9tait devenu impossible pour moi de partir en vacances sans pouvoir r\u00e9pondre aux emails, etc.<\/p>\n\n\n\n<p><a id=\"sonaar_ts-6927d5e5a36f7\" class=\"srmp3_sonaar_ts_shortcode\"  style=\"\" href=\"javascript:sonaar_ts_shortcode({ trackid:'0', time:'00:33:27', ts_id:'6927d5e5a36f7', play_icon:'' }) ;\">[00:33:27]<\/a> Le probl\u00e8me, c&#8217;est que j&#8217;avais d\u00e9j\u00e0 tellement de travail que je n&#8217;avais pas le temps, justement, de recruter quelqu&#8217;un. \u00c7a, c&#8217;est le sc\u00e9nario typique du serpent qui se mord la queue. Le serpent, vous savez, c&#8217;est ce reptile. \u00abUn serpent qui se mord la queue\u00bb, c&#8217;est une expression pour d\u00e9crire un cercle vicieux. Donc, moi, c&#8217;\u00e9tait le serpent qui se mord la queue parce que j&#8217;avais besoin de recruter quelqu&#8217;un pour me lib\u00e9rer du temps, mais je n&#8217;avais pas le temps de recruter cette personne.<\/p>\n\n\n\n<p><a id=\"sonaar_ts-6927d5e5a36fb\" class=\"srmp3_sonaar_ts_shortcode\"  style=\"\" href=\"javascript:sonaar_ts_shortcode({ trackid:'0', time:'00:34:01', ts_id:'6927d5e5a36fb', play_icon:'' }) ;\">[00:34:01]<\/a> \u00c0 c\u00f4t\u00e9 de \u00e7a, j&#8217;avais aussi beaucoup de doutes concernant le recrutement : comment trouver la bonne personne ? Comment former la bonne personne ? La responsabilit\u00e9 que \u00e7a repr\u00e9sentait : si l&#8217;entreprise n&#8217;a pas assez d&#8217;activit\u00e9, comment je serai capable de continuer de payer cette personne ? Bref, j&#8217;avais beaucoup de doutes et de blocages et j&#8217;ai attendu d&#8217;\u00eatre dos au mur pour prendre la d\u00e9cision de recruter quelqu&#8217;un. C&#8217;est vraiment l&#8217;\u00e9t\u00e9 dernier que je me suis rendu \u00e0 l&#8217;\u00e9vidence et j&#8217;ai accept\u00e9 que j&#8217;avais besoin d&#8217;aide, qu&#8217;il fallait que je recrute du renfort.<\/p>\n\n\n\n<p><a id=\"sonaar_ts-6927d5e5a3700\" class=\"srmp3_sonaar_ts_shortcode\"  style=\"\" href=\"javascript:sonaar_ts_shortcode({ trackid:'0', time:'00:34:39', ts_id:'6927d5e5a3700', play_icon:'' }) ;\">[00:34:39]<\/a> Ce recrutement, il m&#8217;a occup\u00e9 pendant une bonne partie de l&#8217;\u00e9t\u00e9. J&#8217;ai lanc\u00e9 tout un processus avec plusieurs \u00e9tapes et j&#8217;ai re\u00e7u plus de 250 candidatures, des candidatures qu&#8217;il a fallu que j&#8217;\u00e9tudie attentivement. Je pensais recruter un ou une Fran\u00e7aise, mais finalement, j&#8217;ai recrut\u00e9 une Polonaise, Anna, parce que pendant l&#8217;entretien, elle a fait une tr\u00e8s bonne impression. Elle parle parfaitement fran\u00e7ais et en plus d&#8217;avoir de l&#8217;exp\u00e9rience en tant que professeur, elle a aussi travaill\u00e9 avec diff\u00e9rentes entreprises fran\u00e7aises. Elle a travaill\u00e9 pendant quelques mois au service clients d&#8217;une autre entreprise, une entreprise am\u00e9ricaine, Airbnb. Donc je savais qu&#8217;elle avait aussi une expertise un peu plus technique et ce sens du service client qui est pour moi tr\u00e8s important.<\/p>\n\n\n\n<p><a id=\"sonaar_ts-6927d5e5a3704\" class=\"srmp3_sonaar_ts_shortcode\"  style=\"\" href=\"javascript:sonaar_ts_shortcode({ trackid:'0', time:'00:35:36', ts_id:'6927d5e5a3704', play_icon:'' }) ;\">[00:35:36]<\/a> Anna a commenc\u00e9 \u00e0 travailler pour innerFrench en septembre et elle fait du super boulot. C&#8217;est vraiment un plaisir de travailler avec elle. Elle m&#8217;a aid\u00e9 \u00e0 mettre \u00e0 jour notre cours interm\u00e9diaire Build a Strong Core. Elle aide beaucoup les \u00e9l\u00e8ves de ce cours, elle r\u00e9pond \u00e0 leurs questions, elle pr\u00e9pare des exercices. Et si vous m&#8217;avez envoy\u00e9 un email depuis septembre, vous avez peut-\u00eatre re\u00e7u une r\u00e9ponse d&#8217;Anna. Par exemple, si vous avez des probl\u00e8mes avec vos mots de passe, etc. en g\u00e9n\u00e9ral, maintenant, c&#8217;est Anna qui s&#8217;occupe de r\u00e9pondre \u00e0 ces emails.<\/p>\n\n\n\n<p><a id=\"sonaar_ts-6927d5e5a3709\" class=\"srmp3_sonaar_ts_shortcode\"  style=\"\" href=\"javascript:sonaar_ts_shortcode({ trackid:'0', time:'00:36:17', ts_id:'6927d5e5a3709', play_icon:'' }) ;\">[00:36:17]<\/a> Donc voil\u00e0 \u00e7a, \u00e7a a \u00e9t\u00e9 une \u00e9tape importante dans le d\u00e9veloppement de l&#8217;entreprise. J&#8217;ai beaucoup de chance parce qu&#8217;innerFrench continue de se d\u00e9velopper dans un contexte \u00e9conomique qui est tr\u00e8s difficile pour beaucoup d&#8217;entreprises. Donc, l\u00e0 aussi, comme \u00e0 chaque \u00e9pisode, je touche du bois. Le podcast, aujourd&#8217;hui, a \u00e9t\u00e9 t\u00e9l\u00e9charg\u00e9 plus de 6 millions de fois, dont quasiment 4 millions cette ann\u00e9e. C&#8217;est \u00e9norme. Je suis extr\u00eamement chanceux : je fais un m\u00e9tier que j&#8217;adore, \u00e7a peut aider des milliers de personnes, vous m&#8217;envoyez des emails pour me remercier, etc. Et en plus, cerise sur le g\u00e2teau, je gagne assez d&#8217;argent pour bien en vivre. Donc voil\u00e0, je suis vraiment privil\u00e9gi\u00e9, j&#8217;ai conscience de \u00e7a, donc \u00e7a m&#8217;aide \u00e0 relativiser un peu tous les probl\u00e8mes techniques et administratifs qui me prennent la t\u00eate au quotidien.<\/p>\n\n\n\n<p><a id=\"sonaar_ts-6927d5e5a3711\" class=\"srmp3_sonaar_ts_shortcode\"  style=\"\" href=\"javascript:sonaar_ts_shortcode({ trackid:'0', time:'00:37:15', ts_id:'6927d5e5a3711', play_icon:'' }) ;\">[00:37:15]<\/a> Pour finir cet \u00e9pisode, je vais vous parler un peu des projets pour 2021. L&#8217;objectif num\u00e9ro un, c&#8217;est la r\u00e9gularit\u00e9. La r\u00e9gularit\u00e9, \u00e7a va \u00eatre mon ma\u00eetre-mot pour l&#8217;ann\u00e9e prochaine. Je me suis rendu compte que pour pouvoir \u00eatre r\u00e9gulier, j&#8217;ai besoin de mettre en place un syst\u00e8me au lieu d&#8217;attendre simplement d&#8217;\u00eatre motiv\u00e9. Et \u00e7a, c&#8217;est quelque chose qui vaut pour les langues aussi. C&#8217;est un peu la m\u00eame chose que quand je vous parlais de cr\u00e9er une habitude. Vous ne pouvez pas \u00eatre seulement d\u00e9pendants de votre motivation parce qu&#8217;il y a toujours des bons et des mauvais jours. Et malheureusement, s&#8217;il y a trop de mauvais jours, \u00e7a devient un cercle vicieux. Donc moi, mon objectif, c&#8217;est de mettre en place un syst\u00e8me pour \u00eatre plus r\u00e9gulier dans la publication de vid\u00e9os, de podcasts et \u00e7a, \u00e7a va impliquer de continuer d&#8217;agrandir l&#8217;\u00e9quipe. Donc je pense recruter encore une ou deux personnes l&#8217;ann\u00e9e prochaine pour m&#8217;aider dans la pr\u00e9paration de contenus. (par exemple pour monter les vid\u00e9os, pour pr\u00e9parer certains sujets, faire les recherches, etc.). \u00c7a va \u00eatre un peu la priorit\u00e9 l&#8217;ann\u00e9e prochaine.<\/p>\n\n\n\n<p><a id=\"sonaar_ts-6927d5e5a3716\" class=\"srmp3_sonaar_ts_shortcode\"  style=\"\" href=\"javascript:sonaar_ts_shortcode({ trackid:'0', time:'00:38:36', ts_id:'6927d5e5a3716', play_icon:'' }) ;\">[00:38:36]<\/a> Il y a quelques mois, je vous avais envoy\u00e9 un sondage pour vous demander ce que vous attendiez du podcast, quelles am\u00e9liorations vous aimeriez voir, etc. Et une des conclusions de ce sondage, c&#8217;\u00e9tait que vous voudriez plus de diversit\u00e9. \u00c7a tombe bien parce que je suis d&#8217;accord avec vous. Je pense qu&#8217;il faut plus de diversit\u00e9 dans ce podcast. Donc normalement, l&#8217;ann\u00e9e prochaine, il va y avoir plus d&#8217;interviews. \u00c7a sera pas seulement moi qui traiterai des sujets, mais je vais essayer de faire davantage d&#8217;interviews pour que vous entendiez d&#8217;autres personnes parler avec un autre style, un autre vocabulaire, etc.<\/p>\n\n\n\n<p><a id=\"sonaar_ts-6927d5e5a371a\" class=\"srmp3_sonaar_ts_shortcode\"  style=\"\" href=\"javascript:sonaar_ts_shortcode({ trackid:'0', time:'00:39:16', ts_id:'6927d5e5a371a', play_icon:'' }) ;\">[00:39:16]<\/a> Le grand probl\u00e8me avec les interviews, c&#8217;est la qualit\u00e9 du son (comme vous l&#8217;avez vu, par exemple dans les interviews que j&#8217;avais faites avec mon amie Laure ou avec mon amie Fanny). Comme je n&#8217;habite pas en France et comme en ce moment, il y a toutes les mesures li\u00e9es au covid, on est oblig\u00e9 de faire ces interviews par Internet. Donc voil\u00e0, la qualit\u00e9 est pas toujours g\u00e9niale. Et \u00e7a, quand c&#8217;est pour un podcast dans une langue \u00e9trang\u00e8re, je sais que \u00e7a peut \u00eatre assez probl\u00e9matique. Donc je vais essayer de r\u00e9fl\u00e9chir \u00e0 \u00e7a pour trouver une solution convenable.<\/p>\n\n\n\n<p><a id=\"sonaar_ts-6927d5e5a3723\" class=\"srmp3_sonaar_ts_shortcode\"  style=\"\" href=\"javascript:sonaar_ts_shortcode({ trackid:'0', time:'00:39:54', ts_id:'6927d5e5a3723', play_icon:'' }) ;\">[00:39:54]<\/a> J&#8217;ai aussi pour projet de faire un nouveau cours, un cours qui s&#8217;adressera plut\u00f4t aux d\u00e9butants parce que je re\u00e7ois beaucoup d&#8217;emails de personnes qui comprennent un petit peu le podcast, mais qui auraient besoin d&#8217;un cours un peu moins avanc\u00e9 pour couvrir les bases. On va essayer de travailler sur \u00e7a avec Anna l&#8217;ann\u00e9e prochaine et si tout se passe bien, bon c&#8217;est peut-\u00eatre un peu trop ambitieux, mais j&#8217;aimerais bien aussi faire un autre cours, plus avanc\u00e9 cette fois, un cours qui sera la suite de Raconte ton histoire.<\/p>\n\n\n\n<p><a id=\"sonaar_ts-6927d5e5a3728\" class=\"srmp3_sonaar_ts_shortcode\"  style=\"\" href=\"javascript:sonaar_ts_shortcode({ trackid:'0', time:'00:40:27', ts_id:'6927d5e5a3728', play_icon:'' }) ;\">[00:40:27]<\/a> Voil\u00e0, maintenant, vous savez quels sont les projets pour 2021. Si vous avez envie de continuer d&#8217;apprendre le fran\u00e7ais avec moi, normalement, vous pourrez me voir et m&#8217;entendre un peu plus souvent que cette ann\u00e9e. On va pouvoir enfin tourner la page de 2020 et passer \u00e0 autre chose.<\/p>\n\n\n\n<p><a id=\"sonaar_ts-6927d5e5a372c\" class=\"srmp3_sonaar_ts_shortcode\"  style=\"\" href=\"javascript:sonaar_ts_shortcode({ trackid:'0', time:'00:40:48', ts_id:'6927d5e5a372c', play_icon:'' }) ;\">[00:40:48]<\/a> Pour conclure cet \u00e9pisode, je vous souhaite \u00e0 toutes et \u00e0 tous d&#8217;excellentes f\u00eates de fin d&#8217;ann\u00e9e en esp\u00e9rant que vous puissiez les passer en famille. Et je vous donne rendez-vous en 2021 pour continuer ensemble notre aventure avec le fran\u00e7ais.<\/p>\n","protected":false},"excerpt":{"rendered":"<p>Salut \u00e0 toutes et \u00e0 tous, bienvenue ! Je suis ravi de vous retrouver pour ce dernier \u00e9pisode de l&#8217;ann\u00e9e. \u00c7a y est, on va enfin pouvoir dire au revoir \u00e0 2020. Peut-\u00eatre que vous trouvez le titre de cet \u00e9pisode un peu surprenant : une dr\u00f4le d&#8217;ann\u00e9e. En fait, en fran\u00e7ais, vous savez que&#8230;<\/p>\n","protected":false},"author":1,"featured_media":7785,"comment_status":"open","ping_status":"open","sticky":false,"template":"","format":[189],"meta":{"_acf_changed":false,"_kad_blocks_custom_css":"","_kad_blocks_head_custom_js":"","_kad_blocks_body_custom_js":"","_kad_blocks_footer_custom_js":"","_kad_post_transparent":"","_kad_post_title":"","_kad_post_layout":"","_kad_post_sidebar_id":"","_kad_post_content_style":"","_kad_post_vertical_padding":"","_kad_post_feature":"","_kad_post_feature_position":"","_kad_post_header":false,"_kad_post_footer":false,"_kad_post_classname":"","footnotes":""},"categories":[168],"tags":[195],"class_list":["post-7779","post","type-post","status-publish","format-standard","has-post-thumbnail","hentry","category-podcast","tag-coulisses","format-solo-hugo"],"acf":[],"taxonomy_info":{"category":[{"value":168,"label":"Podcast"}],"post_tag":[{"value":195,"label":"Coulisses"}],"format":[{"value":189,"label":"Solo Hugo"}]},"featured_image_src_large":["https:\/\/innerfrench.com\/wp-content\/uploads\/2020\/12\/E87-2020-drole-dannee-750x406.jpg",750,406,true],"author_info":{"display_name":"Hugo","author_link":"https:\/\/innerfrench.com\/author\/innerfrench-2-2-2-2-2-2-2-2-2-2-2-2-2-2-2-2-2-2-2\/"},"comment_info":15,"category_info":[{"term_id":168,"name":"Podcast","slug":"podcast","term_group":0,"term_taxonomy_id":168,"taxonomy":"category","description":"","parent":0,"count":185,"filter":"raw","cat_ID":168,"category_count":185,"category_description":"","cat_name":"Podcast","category_nicename":"podcast","category_parent":0}],"tag_info":[{"term_id":195,"name":"Coulisses","slug":"coulisses","term_group":0,"term_taxonomy_id":195,"taxonomy":"post_tag","description":"","parent":0,"count":10,"filter":"raw"}],"_links":{"self":[{"href":"https:\/\/innerfrench.com\/wp-json\/wp\/v2\/posts\/7779","targetHints":{"allow":["GET"]}}],"collection":[{"href":"https:\/\/innerfrench.com\/wp-json\/wp\/v2\/posts"}],"about":[{"href":"https:\/\/innerfrench.com\/wp-json\/wp\/v2\/types\/post"}],"author":[{"embeddable":true,"href":"https:\/\/innerfrench.com\/wp-json\/wp\/v2\/users\/1"}],"replies":[{"embeddable":true,"href":"https:\/\/innerfrench.com\/wp-json\/wp\/v2\/comments?post=7779"}],"version-history":[{"count":1,"href":"https:\/\/innerfrench.com\/wp-json\/wp\/v2\/posts\/7779\/revisions"}],"predecessor-version":[{"id":293931,"href":"https:\/\/innerfrench.com\/wp-json\/wp\/v2\/posts\/7779\/revisions\/293931"}],"wp:featuredmedia":[{"embeddable":true,"href":"https:\/\/innerfrench.com\/wp-json\/wp\/v2\/media\/7785"}],"wp:attachment":[{"href":"https:\/\/innerfrench.com\/wp-json\/wp\/v2\/media?parent=7779"}],"wp:term":[{"taxonomy":"category","embeddable":true,"href":"https:\/\/innerfrench.com\/wp-json\/wp\/v2\/categories?post=7779"},{"taxonomy":"post_tag","embeddable":true,"href":"https:\/\/innerfrench.com\/wp-json\/wp\/v2\/tags?post=7779"},{"taxonomy":"format","embeddable":true,"href":"https:\/\/innerfrench.com\/wp-json\/wp\/v2\/format?post=7779"}],"curies":[{"name":"wp","href":"https:\/\/api.w.org\/{rel}","templated":true}]}}