{"id":792,"date":"2017-10-26T15:39:00","date_gmt":"2017-10-26T13:39:00","guid":{"rendered":"https:\/\/innerfrench.com\/?p=792"},"modified":"2025-10-02T09:46:42","modified_gmt":"2025-10-02T07:46:42","slug":"27-transhumanisme","status":"publish","type":"post","link":"https:\/\/innerfrench.com\/27-transhumanisme\/","title":{"rendered":"#27 Le transhumanisme"},"content":{"rendered":"\n<p>Salut \u00e0 tous, c&#8217;est l&#8217;\u00e9pisode 27 et aujourd&#8217;hui on va parler de transhumanisme.<\/p>\n\n\n\n<p><a id=\"sonaar_ts-6927ceca4ebd8\" class=\"srmp3_sonaar_ts_shortcode\"  style=\"\" href=\"javascript:sonaar_ts_shortcode({ trackid:'0', time:'00:00:12', ts_id:'6927ceca4ebd8', play_icon:'' }) ;\">[00:00:12]<\/a> Bienvenue pour ce nouvel \u00e9pisode. Je suis tr\u00e8s content de vous retrouver comme chaque semaine. On va passer un petit moment ensemble et \u00e7a sera l&#8217;occasion pour vous de pratiquer votre fran\u00e7ais, plus particuli\u00e8rement d&#8217;am\u00e9liorer votre compr\u00e9hension orale du fran\u00e7ais. Je sais que pour beaucoup de personnes, c&#8217;est assez compliqu\u00e9 de comprendre quand les Fran\u00e7ais parlent. Ils parlent tr\u00e8s vite et on a un peu l&#8217;impression qu&#8217;il s&#8217;agit d&#8217;une autre langue parfois. Donc moi je vous propose un podcast en fran\u00e7ais, bien entendu, mais dans lequel je fais des efforts pour parler un peu plus clairement, un peu plus distinctement. D&#8217;apr\u00e8s les commentaires que j&#8217;ai pu lire, les commentaires que vous laissez sur iTunes, sur Facebook, par exemple, j&#8217;ai l&#8217;impression que vous arrivez plut\u00f4t bien \u00e0 comprendre ce que je raconte, donc j&#8217;imagine que je ne parle pas trop vite pour vous. Il y a m\u00eame certaines personnes qui trouvent que je parle un peu trop lentement. Mais voil\u00e0, il faut trouver le juste milieu -c&#8217;est-\u00e0-dire trouver l&#8217;\u00e9quilibre- entre parler trop vite et parler trop lentement.<\/p>\n\n\n\n<p><a id=\"sonaar_ts-6927ceca4ebe6\" class=\"srmp3_sonaar_ts_shortcode\"  style=\"\" href=\"javascript:sonaar_ts_shortcode({ trackid:'0', time:'00:01:43', ts_id:'6927ceca4ebe6', play_icon:'' }) ;\">[00:01:43]<\/a> La deuxi\u00e8me chose importante, c&#8217;est de trouver des sujets qui vous int\u00e9ressent. Donc pour \u00e7a je vous rappelle que vous pouvez m&#8217;\u00e9crire, m&#8217;envoyer des messages, pour partager avec moi vos suggestions. La semaine derni\u00e8re, j&#8217;ai re\u00e7u un message d&#8217;une personne qui me demandait de parler des m\u00e9dias fran\u00e7ais. Je pense que c&#8217;est un sujet tr\u00e8s int\u00e9ressant et que je vais vous en parler dans un prochain podcast. Mais pas aujourd&#8217;hui. Aujourd&#8217;hui, on va parler de quelque chose d&#8217;un peu diff\u00e9rent.<\/p>\n\n\n\n<p><a id=\"sonaar_ts-6927ceca4ebed\" class=\"srmp3_sonaar_ts_shortcode\"  style=\"\" href=\"javascript:sonaar_ts_shortcode({ trackid:'0', time:'00:02:22', ts_id:'6927ceca4ebed', play_icon:'' }) ;\">[00:02:22]<\/a> Avant \u00e7a, j&#8217;ai envie de vous lire un message tr\u00e8s gentil que j&#8217;ai re\u00e7u la semaine derni\u00e8re sur la fan page d&#8217;innerFrench sur Facebook. Voil\u00e0 j&#8217;esp\u00e8re que \u00e7a va vous donner envie \u00e0 vous aussi de m&#8217;\u00e9crire, de partager vos commentaires et vos suggestions parce que pour moi c&#8217;est toujours tr\u00e8s utile, et \u00e7a me fait vraiment plaisir de parler avec vous. Ce message, il m&#8217;a \u00e9t\u00e9 envoy\u00e9 par Aleah qui est am\u00e9ricaine.<\/p>\n\n\n\n<p><a id=\"sonaar_ts-6927ceca4ebf2\" class=\"srmp3_sonaar_ts_shortcode\"  style=\"\" href=\"javascript:sonaar_ts_shortcode({ trackid:'0', time:'00:02:58', ts_id:'6927ceca4ebf2', play_icon:'' }) ;\">[00:02:58]<\/a><br>&#8220;Bonjour,<br>Je m&#8217;appelle Aleah. J&#8217;adore ton podcast et \u00e7a m&#8217;aide beaucoup pour apprendre le fran\u00e7ais. En ce moment je fais une ann\u00e9e sabbatique en France pr\u00e8s de Paris, et au d\u00e9but c&#8217;\u00e9tait difficile de comprendre la langue autour de moi. Mais quand j&#8217;ai trouv\u00e9 ton podcast, ma compr\u00e9hension et ma capacit\u00e9 \u00e0 parler ont \u00e9norm\u00e9ment augment\u00e9, m\u00eame le jour d&#8217;apr\u00e8s ! Il y a trois semaines que j&#8217;ai trouv\u00e9 ton podcast et j&#8217;ai \u00e9cout\u00e9 tous les \u00e9pisodes.<br>Merci beaucoup !&#8221;<\/p>\n\n\n\n<p><a id=\"sonaar_ts-6927ceca4ebf7\" class=\"srmp3_sonaar_ts_shortcode\"  style=\"\" href=\"javascript:sonaar_ts_shortcode({ trackid:'0', time:'00:03:36', ts_id:'6927ceca4ebf7', play_icon:'' }) ;\">[00:03:36]<\/a> Eh bien merci \u00e0 toi Aleah pour ce tr\u00e8s gentil message. Pour ceux qui ne connaissent pas l&#8217;expression &#8220;ann\u00e9e sabbatique&#8221;, c&#8217;est une ann\u00e9e qu&#8217;on prend, pendant laquelle on d\u00e9cide de faire une pause. Par exemple, on d\u00e9cide d&#8217;arr\u00eater son travail pendant un an pour faire le tour du monde ou bien pour se consacrer \u00e0 un projet personnel. C&#8217;est quelque chose qui est de plus en plus populaire en France parce que certaines personnes ont envie de passer du temps pour elles-m\u00eames, pour faire des choses qui les int\u00e9ressent, pour mener des projets. Donc elles d\u00e9cident de prendre une ann\u00e9e sabbatique. Quand on est \u00e9tudiant, on appelle plut\u00f4t \u00e7a une &#8220;ann\u00e9e de c\u00e9sure&#8221;. Quand vous faites une pause pendant vos \u00e9tudes, par exemple pour faire un stage ou pour voyager, \u00e7a s&#8217;appelle une &#8220;ann\u00e9e de c\u00e9sure&#8221;.<\/p>\n\n\n\n<p><a id=\"sonaar_ts-6927ceca4ebfb\" class=\"srmp3_sonaar_ts_shortcode\"  style=\"\" href=\"javascript:sonaar_ts_shortcode({ trackid:'0', time:'00:04:44', ts_id:'6927ceca4ebfb', play_icon:'' }) ;\">[00:04:44]<\/a> C&#8217;est vrai que quand on est entour\u00e9 de Fran\u00e7ais, quand on voit les Fran\u00e7ais dans leur milieu naturel, au d\u00e9but \u00e7a peut \u00eatre un peu d\u00e9stabilisant. Il faut du temps pour que notre oreille s&#8217;habitue aux choses qu&#8217;on entend autour de nous. Il n&#8217;y a pas vraiment de solution miracle, il faut beaucoup s&#8217;entra\u00eener et beaucoup pratiquer. Le probl\u00e8me, si votre niveau de fran\u00e7ais n&#8217;est pas assez \u00e9lev\u00e9 c&#8217;est que si vous comprenez rien \u00e0 ce qu&#8217;on dit autour de vous, aux personnes qui parlent autour de vous, eh bien vous allez tout simplement vous d\u00e9connecter. Vous n&#8217;allez pas essayer de comprendre, vous n&#8217;allez pas faire d&#8217;efforts et dans ce cas-l\u00e0 vous n&#8217;allez pas pouvoir progresser. C&#8217;est pour \u00e7a que je pense que mon podcast est une bonne solution interm\u00e9diaire, parce que gr\u00e2ce \u00e0 \u00e7a vous pouvez progressivement, petit \u00e0 petit, vous habituer \u00e0 \u00e9couter un Fran\u00e7ais parler -en l&#8217;occurrence, moi- et ensuite, une fois que \u00e7a devient trop facile pour vous d&#8217;\u00e9couter ce podcast, vous pouvez passer \u00e0 des contenus, \u00e0 des ressources, qui s&#8217;adressent directement aux Fran\u00e7ais. Et ensuite, apr\u00e8s quelques temps, par exemple si vous \u00e9coutez la radio fran\u00e7aise ou si vous regardez des s\u00e9ries fran\u00e7aises, votre oreille va s&#8217;habituer, vous allez vous habituer aux structures et aux expressions fran\u00e7aises, et voil\u00e0 \u00e7a va devenir quelque chose de plus facile pour vous et de plus naturel.<\/p>\n\n\n\n<p><a id=\"sonaar_ts-6927ceca4ec00\" class=\"srmp3_sonaar_ts_shortcode\"  style=\"\" href=\"javascript:sonaar_ts_shortcode({ trackid:'0', time:'00:06:48', ts_id:'6927ceca4ec00', play_icon:'' }) ;\">[00:06:48]<\/a> Le sujet que j&#8217;ai choisi pour aujourd&#8217;hui c&#8217;est le sujet du transhumanisme. Bon, quand on entend ce mot ou quand on le lit, \u00e7a peut para\u00eetre un peu compliqu\u00e9, un peu savant, mais je pense que ce n&#8217;est pas un concept si difficile que \u00e7a \u00e0 comprendre, et comme d&#8217;habitude je vais essayer de vous l&#8217;expliquer simplement.<\/p>\n\n\n\n<p><a id=\"sonaar_ts-6927ceca4ec04\" class=\"srmp3_sonaar_ts_shortcode\"  style=\"\" href=\"javascript:sonaar_ts_shortcode({ trackid:'0', time:'00:07:15', ts_id:'6927ceca4ec04', play_icon:'' }) ;\">[00:07:15]<\/a> Peut-\u00eatre que vous avez vu le film tr\u00e8s c\u00e9l\u00e8bre de Stanley Kubrick qui s&#8217;appelle 2001 : l&#8217;odyss\u00e9e de l&#8217;espace. Au d\u00e9but de ce film, il y a un passage tr\u00e8s int\u00e9ressant dans lequel on voit deux groupes de singes qui s&#8217;affrontent. Le singe, vous savez, c&#8217;est un animal et en particulier c&#8217;est l&#8217;animal le plus proche de l&#8217;Homme. On dit que l&#8217;Homme descend du singe. Donc au d\u00e9but de ce film, il y a un combat entre deux groupes de singes. Et le groupe qui gagne ce combat, c&#8217;est celui dans lequel les singes ont utilis\u00e9 des objets comme des armes. Ils ont pris les os d&#8217;un animal mort et ils s&#8217;en sont servis comme des armes. Gr\u00e2ce \u00e0 cet outil, eh bien ils ont pu dominer, ils ont pu vaincre, le deuxi\u00e8me groupe. C&#8217;est tr\u00e8s int\u00e9ressant que le r\u00e9alisateur montre \u00e7a au d\u00e9but de son film parce que c&#8217;est une \u00e9tape qui a \u00e9t\u00e9 tr\u00e8s importante dans l&#8217;\u00e9volution de l&#8217;Homme, quand l&#8217;Homme a commenc\u00e9 \u00e0 utiliser des outils pour faire des choses dont il n&#8217;\u00e9tait pas capable simplement avec son corps. On peut penser aux outils pour faire le feu, par exemple, une chose qui a \u00e9t\u00e9 essentielle dans le d\u00e9veloppement de l&#8217;Homme et de la civilisation. Des outils pour couper les aliments par exemple, pour pr\u00e9parer la nourriture, etc. etc.<\/p>\n\n\n\n<p><a id=\"sonaar_ts-6927ceca4ec09\" class=\"srmp3_sonaar_ts_shortcode\"  style=\"\" href=\"javascript:sonaar_ts_shortcode({ trackid:'0', time:'00:09:10', ts_id:'6927ceca4ec09', play_icon:'' }) ;\">[00:09:10]<\/a> Mais depuis quelques ann\u00e9es, depuis un peu moins d&#8217;un si\u00e8cle, ces outils commencent \u00e0 faire partie de nous. Maintenant, ils sont presque int\u00e9gr\u00e9 \u00e0 notre corps. Par exemple certains chercheurs disent que les t\u00e9l\u00e9phones portables sont devenus une extension naturelle de notre corps. C&#8217;est vrai quand on y pense, on a toujours notre t\u00e9l\u00e9phone portable sur nous; soit dans la main soit dans notre poche. Donc c&#8217;est quasiment comme s&#8217;il faisait partie de nous. Pour le transhumanisme, la technologie c&#8217;est une chose qu&#8217;on doit utiliser pour am\u00e9liorer notre corps. Pour eux, le processus naturel de l&#8217;Homme, c&#8217;est d&#8217;int\u00e9grer cette technologie, de fusionner le corps avec les nouvelles technologies, pour l&#8217;am\u00e9liorer. Et l&#8217;objectif ultime, c&#8217;est de devenir immortel, que le corps ne vieillisse plus et que l&#8217;Homme puisse vivre \u00e9ternellement. Pour certaines personnes, c&#8217;est une vision qui peut \u00eatre tr\u00e8s attirante, \u00e7a peut nous faire r\u00eaver. Mais d&#8217;un autre c\u00f4t\u00e9, il y a beaucoup de chercheurs et de scientifiques qui alertent sur les risques d&#8217;une telle \u00e9volution. Ils voient le transhumanisme comme une menace, comme quelque chose de tr\u00e8s risqu\u00e9 pour l&#8217;Homme et ils appellent \u00e0 davantage de contr\u00f4le.<\/p>\n\n\n\n<p><a id=\"sonaar_ts-6927ceca4ec18\" class=\"srmp3_sonaar_ts_shortcode\"  style=\"\" href=\"javascript:sonaar_ts_shortcode({ trackid:'0', time:'00:11:01', ts_id:'6927ceca4ec18', play_icon:'' }) ;\">[00:11:01]<\/a> Donc dans ce podcast, je vais vous pr\u00e9senter plus en d\u00e9tail l&#8217;id\u00e9ologie et la naissance de ce mouvement, son histoire. Puis je vous parlerai des d\u00e9veloppements actuels pour savoir o\u00f9 nous en sommes exactement avec le transhumanisme. Et dans la derni\u00e8re partie, je vous parlerai plut\u00f4t des questions \u00e9thiques, des probl\u00e8mes moraux qui sont li\u00e9s aux transhumanisme. Comme \u00e7a, apr\u00e8s ce podcast, vous pourrez vous faire votre propre opinion, votre propre avis, pour savoir si le transhumanisme est une opportunit\u00e9 pour l&#8217;Homme ou plut\u00f4t une menace. Sans plus attendre on va commencer. C&#8217;est parti !<\/p>\n\n\n\n<p><a id=\"sonaar_ts-6927ceca4ec1d\" class=\"srmp3_sonaar_ts_shortcode\"  style=\"\" href=\"javascript:sonaar_ts_shortcode({ trackid:'0', time:'00:12:00', ts_id:'6927ceca4ec1d', play_icon:'' }) ;\">[00:12:00]<\/a> Pour commencer, comme je vous l&#8217;ai dit, on va parler un peu plus en d\u00e9tail de l&#8217;id\u00e9ologie derri\u00e8re le transhumanisme, et de son histoire. Le transhumanisme, c&#8217;est un mouvement culturel et intellectuel international qui est n\u00e9 dans les ann\u00e9es 80 aux \u00c9tats-Unis. Il recommande l&#8217;usage des sciences et des techniques afin d&#8217;am\u00e9liorer les caract\u00e9ristiques physiques et mentales des \u00eatres humains. Il consid\u00e8re que certains aspects de la condition humaine comme le handicap, la souffrance, la maladie, le vieillissement ou la mort sont inutiles et ind\u00e9sirables.<\/p>\n\n\n\n<p><a id=\"sonaar_ts-6927ceca4ec22\" class=\"srmp3_sonaar_ts_shortcode\"  style=\"\" href=\"javascript:sonaar_ts_shortcode({ trackid:'0', time:'00:12:53', ts_id:'6927ceca4ec22', play_icon:'' }) ;\">[00:12:53]<\/a> Donc vous comprenez, ici il y a l&#8217;id\u00e9e que l&#8217;Homme est mortel et que cette mortalit\u00e9 est quelque chose que l&#8217;on peut maintenant d\u00e9passer gr\u00e2ce aux technologies et aux innovations. Les transhumanistes pensent que la mort, c&#8217;est une chose du pass\u00e9 et que maintenant l&#8217;Homme est capable de devenir immortel en int\u00e9grant les technologies \u00e0 son propre corps. \u00c7a peut vous sembler \u00eatre de la science-fiction ce que je raconte, mais il y a des entreprises et des chercheurs tr\u00e8s s\u00e9rieux avec beaucoup de moyens qui travaillent sur ces questions. Le transhumanisme, \u00e7a n&#8217;est pas simplement un fantasme de personnes fans de science-fiction, mais c&#8217;est une chose qui est vraiment s\u00e9rieuse et qui est en plein d\u00e9veloppement.<\/p>\n\n\n\n<p><a id=\"sonaar_ts-6927ceca4ec26\" class=\"srmp3_sonaar_ts_shortcode\"  style=\"\" href=\"javascript:sonaar_ts_shortcode({ trackid:'0', time:'00:13:59', ts_id:'6927ceca4ec26', play_icon:'' }) ;\">[00:13:59]<\/a> Si on s&#8217;int\u00e9resse un peu aux origines philosophiques du transhumanisme, sachez qu&#8217;elles remontent \u00e0 la Renaissance. Ce progr\u00e8s de l&#8217;Homme, de l&#8217;humanit\u00e9, c&#8217;est une notion qui \u00e9tait centrale au moment de la Renaissance (donc aux XVe et XVIe si\u00e8cles en Europe). Au moment de la Renaissance, il y avait cette id\u00e9e de sculpter notre propre statut, d&#8217;\u00eatre la meilleure version de nous-m\u00eames possible. \u00c7a concernait la beaut\u00e9 physique \u00e9videmment, il y avait les standards de l&#8217;antiquit\u00e9 grecque, donc on s&#8217;inspirait beaucoup des statuts et de la repr\u00e9sentation des corps \u00e0 cette \u00e9poque, c&#8217;\u00e9tait tr\u00e8s \u00e0 la mode. Mais il y avait aussi la question de la connaissance, autrement dit de notre intelligence. Il fallait \u00eatre bien dans son corps mais aussi bien dans sa t\u00eate. Il y avait un peu ce fantasme d&#8217;accumuler un maximum de connaissances possibles. C&#8217;est vrai qu&#8217;\u00e0 cette \u00e9poque les intellectuels \u00e9taient un peu moins sp\u00e9cialis\u00e9s. On valorisait plut\u00f4t le fait d&#8217;avoir une tr\u00e8s tr\u00e8s large connaissance g\u00e9n\u00e9rale, une tr\u00e8s grande culture g\u00e9n\u00e9rale (comme on dit en fran\u00e7ais). Donc \u00e7a c&#8217;\u00e9tait pour les origines philosophiques du transhumanisme.<\/p>\n\n\n\n<p><a id=\"sonaar_ts-6927ceca4ec2f\" class=\"srmp3_sonaar_ts_shortcode\"  style=\"\" href=\"javascript:sonaar_ts_shortcode({ trackid:'0', time:'00:15:43', ts_id:'6927ceca4ec2f', play_icon:'' }) ;\">[00:15:43]<\/a> Mais la vraie naissance du mouvement, je vous l&#8217;ai dit c&#8217;\u00e9tait dans les ann\u00e9es 80 et c&#8217;\u00e9tait \u00e0 l&#8217;universit\u00e9 de Californie. \u00c0 ce moment-l\u00e0, il y a plusieurs chercheurs et des \u00e9tudiants, des futurologues (donc des scientifiques qui s&#8217;int\u00e9ressent au progr\u00e8s et au futur) qui se sont r\u00e9unis et qui ont d\u00e9cid\u00e9 de former ce mouvement, ce mouvement du transhumanisme. Il y avait diff\u00e9rentes disciplines qui \u00e9tait r\u00e9unies, des disciplines scientifiques mais aussi d&#8217;autres qui concernaient plut\u00f4t les sciences humaines. Donc pas simplement les math\u00e9matiques, la physique et l&#8217;informatique mais il y avait aussi une dimension plus philosophique sur le progr\u00e8s humain. Qu&#8217;est-ce que \u00e7a signifie pour l&#8217;Homme de progresser, d&#8217;\u00e9voluer ? Et surtout, quels sont les diff\u00e9rents sc\u00e9narios possibles de l&#8217;\u00e9volution humaine ?<\/p>\n\n\n\n<p><a id=\"sonaar_ts-6927ceca4ec33\" class=\"srmp3_sonaar_ts_shortcode\"  style=\"\" href=\"javascript:sonaar_ts_shortcode({ trackid:'0', time:'00:16:56', ts_id:'6927ceca4ec33', play_icon:'' }) ;\">[00:16:56]<\/a> Le transhumanisme, c&#8217;est une classe de philosophie qui a pour but de guider vers une condition poste humaine. Le transhumanisme partage de nombreuses valeurs avec l&#8217;humanisme. L&#8217;humanisme, je l&#8217;ai d\u00e9j\u00e0 dit, c&#8217;est ce mouvement qui est n\u00e9 plus t\u00f4t \u00e0 la Renaissance. Les valeurs qu&#8217;ils partagent ensemble, que ces deux philosophies partagent ensemble, ce sont le respect de la raison et de la science, un attachement tr\u00e8s fort au progr\u00e8s et une grande consid\u00e9ration pour l&#8217;existence humaine dans cette vie. On consid\u00e8re l&#8217;existence humaine comme une chose centrale, c&#8217;est \u00e7a qui est le plus important pour les humanistes et pour les transhumanistes, l&#8217;existence humaine.<\/p>\n\n\n\n<p><a id=\"sonaar_ts-6927ceca4ec38\" class=\"srmp3_sonaar_ts_shortcode\"  style=\"\" href=\"javascript:sonaar_ts_shortcode({ trackid:'0', time:'00:18:00', ts_id:'6927ceca4ec38', play_icon:'' }) ;\">[00:18:00]<\/a> Je vous l&#8217;ai dit, c&#8217;est aussi un mouvement qui est li\u00e9 \u00e0 l&#8217;intelligence artificielle. Et, \u00e0 ce sujet, il y a une hypoth\u00e8se tr\u00e8s int\u00e9ressante qui s&#8217;appelle l&#8217;hypoth\u00e8se de la singularit\u00e9 technologique. La singularit\u00e9 technologique, c&#8217;est un moment dans le futur o\u00f9 l&#8217;intelligence artificielle va d\u00e9passer l&#8217;intelligence humaine. Autrement dit, l&#8217;intelligence artificielle sera devenue tellement puissante et tellement autonome, que le rythme de ses \u00e9volutions va d\u00e9passer celui des \u00e9volutions humaines. \u00c7a, \u00e7a a donn\u00e9 lieu \u00e0 beaucoup d&#8217;\u0153uvres de science-fiction. Il y a des personnes qui voient \u00e7a comme une chose positive, comme une chance que nous allons avoir, et d&#8217;autres au contraire qui pensent que c&#8217;est tr\u00e8s dangereux, parce que d&#8217;une certaine mani\u00e8re l&#8217;Homme va perdre le contr\u00f4le de sa cr\u00e9ation. C&#8217;est un peu comme avec le mythe de Frankenstein, quand le scientifique perd le contr\u00f4le de sa cr\u00e9ature.<\/p>\n\n\n\n<p><a id=\"sonaar_ts-6927ceca4ec40\" class=\"srmp3_sonaar_ts_shortcode\"  style=\"\" href=\"javascript:sonaar_ts_shortcode({ trackid:'0', time:'00:19:29', ts_id:'6927ceca4ec40', play_icon:'' }) ;\">[00:19:29]<\/a> Maintenant que vous connaissez un peu mieux les origines philosophiques du transhumanisme et surtout ses valeurs, ses ambitions, on va se demander o\u00f9 en est le transhumanisme actuellement. Est-ce que c&#8217;est quelque chose de bizarre, est-ce que c&#8217;est un fantasme qui n&#8217;existe pas encore, ou bien est-ce qu&#8217;il fait d\u00e9j\u00e0 partie de notre vie ?<\/p>\n\n\n\n<p><a id=\"sonaar_ts-6927ceca4ec49\" class=\"srmp3_sonaar_ts_shortcode\"  style=\"\" href=\"javascript:sonaar_ts_shortcode({ trackid:'0', time:'00:20:02', ts_id:'6927ceca4ec49', play_icon:'' }) ;\">[00:20:02]<\/a> On peut consid\u00e9rer que les pacemakers, les proth\u00e8ses, les vaccins sont d\u00e9j\u00e0 des formes de transhumanisme. On utilise la technologie, on l&#8217;int\u00e8gre \u00e0 notre corps, pour lutter contre la maladie, contre les probl\u00e8mes de sant\u00e9 et pour survivre, pour pouvoir vivre plus longtemps. Donc d&#8217;un c\u00f4t\u00e9, toutes ces innovations m\u00e9dicales ce sont des formes de transhumanisme, en tout cas d&#8217;apr\u00e8s les transhumanistes, c&#8217;est un peu comme \u00e7a qu&#8217;ils les per\u00e7oivent. Mais ils pensent que tout \u00e7a, c&#8217;est seulement le d\u00e9but et que bient\u00f4t \u00e7a va devenir de plus en plus courant d&#8217;int\u00e9grer la technologie \u00e0 notre corps.<\/p>\n\n\n\n<p><a id=\"sonaar_ts-6927ceca4ec4e\" class=\"srmp3_sonaar_ts_shortcode\"  style=\"\" href=\"javascript:sonaar_ts_shortcode({ trackid:'0', time:'00:20:58', ts_id:'6927ceca4ec4e', play_icon:'' }) ;\">[00:20:58]<\/a> Pour les personnes handicap\u00e9es, \u00e9videmment c&#8217;est quelque chose de tr\u00e8s int\u00e9ressant car gr\u00e2ce aux proth\u00e8ses, par exemple, elles peuvent d\u00e9passer leur handicap et vivre normalement. Il y a des innovations maintenant qui peuvent \u00eatre directement reli\u00e9es au cerveau et des personnes handicap\u00e9es peuvent contr\u00f4ler, par exemple une main artificielle, directement avec leur cerveau.<\/p>\n\n\n\n<p><a id=\"sonaar_ts-6927ceca4ec5a\" class=\"srmp3_sonaar_ts_shortcode\"  style=\"\" href=\"javascript:sonaar_ts_shortcode({ trackid:'0', time:'00:21:33', ts_id:'6927ceca4ec5a', play_icon:'' }) ;\">[00:21:33]<\/a> Il y a un autre exemple qui est passionnant \u00e0 mon avis, c&#8217;est celui d&#8217;un artiste qui s&#8217;appelle Neil Harbisson et qui est n\u00e9 avec un daltonisme absolu. Le daltonisme, vous savez, c&#8217;est cette maladie qui fait que l&#8217;on est incapable de voir les couleurs. Tout ce qu&#8217;on voit, c&#8217;est en noir et blanc, un peu comme dans les vieux films. Donc cet artiste est n\u00e9 avec ce probl\u00e8me, il n&#8217;a jamais vu de couleur de sa vie. Mais depuis quelques ann\u00e9es, il a reli\u00e9 une petite cam\u00e9ra install\u00e9e sur sa t\u00eate, directement \u00e0 son cerveau. Cette cam\u00e9ra, elle d\u00e9tecte les couleurs et elle les associe \u00e0 des notes de musique dans sa t\u00eate. Autrement dit, quand Neil Harbisson voit un arbre, par exemple, et la couleur verte, eh bien la cam\u00e9ra associe cette couleur \u00e0 une note de musique et lui gr\u00e2ce \u00e0 \u00e7a, il est capable de voir les couleurs. \u00c9videmment, il a d\u00fb apprendre les noms pour savoir \u00e0 quelle note de musique correspond quelle couleur, mais gr\u00e2ce \u00e0 cette technologie, gr\u00e2ce \u00e0 cette innovation, il a d&#8217;une certaine mani\u00e8re a d\u00e9pass\u00e9 son handicap.<\/p>\n\n\n\n<p><a id=\"sonaar_ts-6927ceca4ec60\" class=\"srmp3_sonaar_ts_shortcode\"  style=\"\" href=\"javascript:sonaar_ts_shortcode({ trackid:'0', time:'00:23:07', ts_id:'6927ceca4ec60', play_icon:'' }) ;\">[00:23:07]<\/a> Je vous ai dit qu&#8217;il y a des entreprises tr\u00e8s importantes qui s&#8217;int\u00e9ressent \u00e0 ce sujet, et l&#8217;une d&#8217;entre elles c&#8217;est Google. Il faut savoir que Google est tr\u00e8s engag\u00e9e sur le sujet du transhumanisme. Il y a quelques ann\u00e9es, ils ont cr\u00e9\u00e9 une deuxi\u00e8me entreprise qui s&#8217;appelle Calico, plus pr\u00e9cis\u00e9ment en 2013. Calico, \u00e7a veut dire California Life Company, et le but de cette entreprise c&#8217;est de tuer la mort, de lutter contre le vieillissement du corps humain. Ils ont un site internet, vous pouvez aller le visiter vous allez voir tr\u00e8s clairement leurs ambitions. Mais malheureusement, il n&#8217;y a pas de description pr\u00e9cise de leurs activit\u00e9s et ils ne partagent pas non plus vraiment les r\u00e9sultats de leurs recherches. Donc c&#8217;est assez obscur et on ne sait pas exactement ce qu&#8217;ils font.<\/p>\n\n\n\n<p><a id=\"sonaar_ts-6927ceca4ec64\" class=\"srmp3_sonaar_ts_shortcode\"  style=\"\" href=\"javascript:sonaar_ts_shortcode({ trackid:'0', time:'00:24:21', ts_id:'6927ceca4ec64', play_icon:'' }) ;\">[00:24:21]<\/a> On arrive \u00e0 la troisi\u00e8me et derni\u00e8re partie de ce podcast dans laquelle on va parler des questions \u00e9thiques et des menaces que pr\u00e9sente le transhumanisme. Donc je vous ai dit que Google menait ses propres recherches sur le sujet et on peut s&#8217;inqui\u00e9ter car on ne sait pas exactement ce qu&#8217;ils sont en train de faire. Plus g\u00e9n\u00e9ralement, dans la Silicon Valley en Californie, il y a une certaine forme d&#8217;\u00e9gocentrisme des chefs d&#8217;entreprise. G\u00e9n\u00e9ralement ce sont des personnes assez jeunes qui ont r\u00e9ussi \u00e0 cr\u00e9er des entreprises qui maintenant valent des milliards de dollars. Donc c&#8217;est un peu normal pour ces personnes de penser qu&#8217;elles sont les ma\u00eetres du monde. Mais c&#8217;est aussi dangereux. C&#8217;est dangereux parce que, quand on a tellement d&#8217;ambition, on a l&#8217;impression d&#8217;\u00eatre tout-puissant et de pouvoir jouer \u00e0 Dieu.<\/p>\n\n\n\n<p><a id=\"sonaar_ts-6927ceca4ec68\" class=\"srmp3_sonaar_ts_shortcode\"  style=\"\" href=\"javascript:sonaar_ts_shortcode({ trackid:'0', time:'00:25:32', ts_id:'6927ceca4ec68', play_icon:'' }) ;\">[00:25:32]<\/a> Ce qui est surtout dangereux aussi, c&#8217;est la concentration du pouvoir entre les mains de quelques individus.<\/p>\n\n\n\n<p><a id=\"sonaar_ts-6927ceca4ec6c\" class=\"srmp3_sonaar_ts_shortcode\"  style=\"\" href=\"javascript:sonaar_ts_shortcode({ trackid:'0', time:'00:25:42', ts_id:'6927ceca4ec6c', play_icon:'' }) ;\">[00:25:42]<\/a> Vous savez s\u00fbrement que l&#8217;entreprise Apple gagne autant d&#8217;argent que certains petits pays. Autrement dit, c&#8217;est une entreprise qui a \u00e9norm\u00e9ment de pouvoir et face \u00e0 laquelle l&#8217;autorit\u00e9 des gouvernements est de plus en plus faible. Comme ce sont ces entreprises, ces g\u00e9ants de l&#8217;informatique, comme Apple ou Google qui innovent, qui font ces recherches dans le transhumanisme, on peut penser qu&#8217;elles vont avoir le monopole de la sant\u00e9 dans quelques ann\u00e9es. \u00c7a veut aussi dire que tout le monde n&#8217;aura pas le m\u00eame acc\u00e8s \u00e0 ces technologies. Comme ce sont des entreprises priv\u00e9es qui veulent cr\u00e9er des b\u00e9n\u00e9fices, eh bien elles vont vendre ces technologies \u00e0 un certain prix et certaines personnes ne pourront s\u00fbrement pas se les permettre. Dans le sc\u00e9nario le plus sombre, on peut imaginer qu&#8217;il y aura un groupe de personnes tr\u00e8s riches un petit groupe qui vivra tr\u00e8s tr\u00e8s bien, qui peut-\u00eatre sera immortel, et de l&#8217;autre c\u00f4t\u00e9 un groupe avec le reste de la population qui n&#8217;aura pas acc\u00e8s \u00e0 ces technologies et qui vivra dans des conditions beaucoup plus difficiles. Autrement dit, ces recherches li\u00e9es au transhumanisme vont s\u00fbrement augmenter les in\u00e9galit\u00e9s.<\/p>\n\n\n\n<p><a id=\"sonaar_ts-6927ceca4ec71\" class=\"srmp3_sonaar_ts_shortcode\"  style=\"\" href=\"javascript:sonaar_ts_shortcode({ trackid:'0', time:'00:27:24', ts_id:'6927ceca4ec71', play_icon:'' }) ;\">[00:27:24]<\/a> \u00c0 c\u00f4t\u00e9 de \u00e7a, il y a aussi le risque pour l&#8217;environnement. Vous savez que le rythme d&#8217;augmentation de la population mondiale ne cesse d&#8217;acc\u00e9l\u00e9rer, il y a de plus en plus de gens sur la terre, et on va s\u00fbrement avoir dans quelques ann\u00e9es un probl\u00e8me de surpopulation. Donc si en plus de \u00e7a, certaines personnes deviennent immortelles, \u00e9videmment \u00e7a va aggraver encore ce probl\u00e8me.<\/p>\n\n\n\n<p><a id=\"sonaar_ts-6927ceca4ec79\" class=\"srmp3_sonaar_ts_shortcode\"  style=\"\" href=\"javascript:sonaar_ts_shortcode({ trackid:'0', time:'00:27:57', ts_id:'6927ceca4ec79', play_icon:'' }) ;\">[00:27:57]<\/a> La derni\u00e8re menace dont je voulais vous parler, c&#8217;est celle qui concerne l&#8217;intelligence artificielle. En 2015, il y a un groupe de chercheurs dont Stuart Russell, qui ont publi\u00e9 une lettre pour avertir, pour mettre en garde contre les dangers de l&#8217;intelligence artificielle. Ce collectif de chercheurs pense que l&#8217;intelligence artificielle est aussi dangereuse que la bombe atomique. C&#8217;est en danger aussi important que l&#8217;arme nucl\u00e9aire, que la bombe atomique. Autrement dit, c&#8217;est une technologie qu&#8217;on ne ma\u00eetrise pas compl\u00e8tement et dont on va s\u00fbrement perdre le contr\u00f4le \u00e0 un moment.<\/p>\n\n\n\n<p><a id=\"sonaar_ts-6927ceca4ec7e\" class=\"srmp3_sonaar_ts_shortcode\"  style=\"\" href=\"javascript:sonaar_ts_shortcode({ trackid:'0', time:'00:28:59', ts_id:'6927ceca4ec7e', play_icon:'' }) ;\">[00:28:59]<\/a> Ok, c&#8217;est la fin de ce podcast. Comme d&#8217;habitude j&#8217;esp\u00e8re que \u00e7a vous a plu, que \u00e7a vous a int\u00e9ress\u00e9, que vous avez appris des choses int\u00e9ressantes (en fran\u00e7ais mais pas seulement). Et si vous voulez chercher plus d&#8217;informations sur le transhumanisme, je vais partager quelques liens d&#8217;\u00e9mission fran\u00e7aise que vous pouvez regarder sur Internet qui \u00e0 mon avis sont vraiment passionnantes. Comme \u00e7a, \u00e7a vous permettra d&#8217;en apprendre plus sur le sujet et aussi de regarder des vid\u00e9os en fran\u00e7ais.<\/p>\n\n\n\n<p><a id=\"sonaar_ts-6927ceca4ec82\" class=\"srmp3_sonaar_ts_shortcode\"  style=\"\" href=\"javascript:sonaar_ts_shortcode({ trackid:'0', time:'00:29:41', ts_id:'6927ceca4ec82', play_icon:'' }) ;\">[00:29:41]<\/a> C&#8217;est tout pour aujourd&#8217;hui, si vous aimez ce podcast je vous invite \u00e0 laisser une \u00e9valuation sur iTunes, ou sur l&#8217;application de podcast que vous utilisez, comme \u00e7a moi \u00e7a m&#8217;aide \u00e0 avoir plus de visibilit\u00e9 et \u00e0 pouvoir aider de plus en plus de gens \u00e0 apprendre le fran\u00e7ais. Merci pour votre attention et on se retrouve la semaine prochaine. \u00c0 bient\u00f4t !<\/p>\n","protected":false},"excerpt":{"rendered":"<p>Salut \u00e0 tous, c&#8217;est l&#8217;\u00e9pisode 27 et aujourd&#8217;hui on va parler de transhumanisme. Bienvenue pour ce nouvel \u00e9pisode. Je suis tr\u00e8s content de vous retrouver comme chaque semaine. On va passer un petit moment ensemble et \u00e7a sera l&#8217;occasion pour vous de pratiquer votre fran\u00e7ais, plus particuli\u00e8rement d&#8217;am\u00e9liorer votre compr\u00e9hension orale du fran\u00e7ais. Je sais&#8230;<\/p>\n","protected":false},"author":1,"featured_media":289644,"comment_status":"open","ping_status":"open","sticky":false,"template":"","format":[189],"meta":{"_acf_changed":false,"_kad_blocks_custom_css":"","_kad_blocks_head_custom_js":"","_kad_blocks_body_custom_js":"","_kad_blocks_footer_custom_js":"","_kad_post_transparent":"","_kad_post_title":"","_kad_post_layout":"","_kad_post_sidebar_id":"","_kad_post_content_style":"","_kad_post_vertical_padding":"","_kad_post_feature":"","_kad_post_feature_position":"","_kad_post_header":false,"_kad_post_footer":false,"_kad_post_classname":"","footnotes":""},"categories":[168],"tags":[178,171],"class_list":["post-792","post","type-post","status-publish","format-standard","has-post-thumbnail","hentry","category-podcast","tag-ecologie","tag-sciences-technologie","format-solo-hugo"],"acf":[],"taxonomy_info":{"category":[{"value":168,"label":"Podcast"}],"post_tag":[{"value":178,"label":"Ecologie"},{"value":171,"label":"Sciences &amp; technologies"}],"format":[{"value":189,"label":"Solo Hugo"}]},"featured_image_src_large":["https:\/\/innerfrench.com\/wp-content\/uploads\/2024\/01\/transhumanisme-1-750x406.jpg",750,406,true],"author_info":{"display_name":"Hugo","author_link":"https:\/\/innerfrench.com\/author\/innerfrench-2-2-2-2-2-2-2-2-2-2-2-2-2-2-2-2-2-2-2\/"},"comment_info":14,"category_info":[{"term_id":168,"name":"Podcast","slug":"podcast","term_group":0,"term_taxonomy_id":168,"taxonomy":"category","description":"","parent":0,"count":185,"filter":"raw","cat_ID":168,"category_count":185,"category_description":"","cat_name":"Podcast","category_nicename":"podcast","category_parent":0}],"tag_info":[{"term_id":178,"name":"Ecologie","slug":"ecologie","term_group":0,"term_taxonomy_id":178,"taxonomy":"post_tag","description":"","parent":0,"count":7,"filter":"raw"},{"term_id":171,"name":"Sciences &amp; technologies","slug":"sciences-technologie","term_group":0,"term_taxonomy_id":171,"taxonomy":"post_tag","description":"","parent":0,"count":17,"filter":"raw"}],"_links":{"self":[{"href":"https:\/\/innerfrench.com\/wp-json\/wp\/v2\/posts\/792","targetHints":{"allow":["GET"]}}],"collection":[{"href":"https:\/\/innerfrench.com\/wp-json\/wp\/v2\/posts"}],"about":[{"href":"https:\/\/innerfrench.com\/wp-json\/wp\/v2\/types\/post"}],"author":[{"embeddable":true,"href":"https:\/\/innerfrench.com\/wp-json\/wp\/v2\/users\/1"}],"replies":[{"embeddable":true,"href":"https:\/\/innerfrench.com\/wp-json\/wp\/v2\/comments?post=792"}],"version-history":[{"count":1,"href":"https:\/\/innerfrench.com\/wp-json\/wp\/v2\/posts\/792\/revisions"}],"predecessor-version":[{"id":294374,"href":"https:\/\/innerfrench.com\/wp-json\/wp\/v2\/posts\/792\/revisions\/294374"}],"wp:featuredmedia":[{"embeddable":true,"href":"https:\/\/innerfrench.com\/wp-json\/wp\/v2\/media\/289644"}],"wp:attachment":[{"href":"https:\/\/innerfrench.com\/wp-json\/wp\/v2\/media?parent=792"}],"wp:term":[{"taxonomy":"category","embeddable":true,"href":"https:\/\/innerfrench.com\/wp-json\/wp\/v2\/categories?post=792"},{"taxonomy":"post_tag","embeddable":true,"href":"https:\/\/innerfrench.com\/wp-json\/wp\/v2\/tags?post=792"},{"taxonomy":"format","embeddable":true,"href":"https:\/\/innerfrench.com\/wp-json\/wp\/v2\/format?post=792"}],"curies":[{"name":"wp","href":"https:\/\/api.w.org\/{rel}","templated":true}]}}