{"id":799,"date":"2017-11-02T15:48:00","date_gmt":"2017-11-02T14:48:00","guid":{"rendered":"https:\/\/innerfrench.com\/?p=799"},"modified":"2025-10-02T09:44:06","modified_gmt":"2025-10-02T07:44:06","slug":"28-avoir-peur","status":"publish","type":"post","link":"https:\/\/innerfrench.com\/28-avoir-peur\/","title":{"rendered":"#28 Pourquoi aimons-nous avoir peur ?"},"content":{"rendered":"\n<p>Salut \u00e0 tous, c\u2019est l\u2019\u00e9pisode 28. Aujourd\u2019hui, on va parler d\u2019un sentiment bien particulier : la peur.<\/p>\n\n\n\n<p><a id=\"sonaar_ts-6927d58beef2c\" class=\"srmp3_sonaar_ts_shortcode\"  style=\"\" href=\"javascript:sonaar_ts_shortcode({ trackid:'0', time:'00:00:19', ts_id:'6927d58beef2c', play_icon:'' }) ;\"><\/a>[00:00:19] Je suis tr\u00e8s content de vous accueillir pour ce 28\u00e8me \u00e9pisode. Si c\u2019est la premi\u00e8re fois que vous m\u2019\u00e9coutez, sachez que je m\u2019appelle Hugo et que je fais ce podcast pour vous aider \u00e0 apprendre le fran\u00e7ais. C\u2019est pour \u00e7a que je parle un peu plus lentement et clairement que les Fran\u00e7ais que vous entendez d\u2019habitude. Moi aussi j\u2019apprends des langues \u00e9trang\u00e8res, en particulier le polonais, et je sais qu\u2019au d\u00e9but c\u2019est vraiment difficile de trouver des choses int\u00e9ressantes \u00e0 \u00e9couter. Dans les m\u00e9thodes traditionnelles, on trouve souvent des histoires ennuyeuses parce que les professeurs qui \u00e9crivent ces livres pensent que le plus important, c\u2019est la grammaire ! Au contraire, moi je pense que le plus important, c\u2019est le contenu. Si le contenu vous int\u00e9resse, alors vous aurez envie de continuer d\u2019apprendre, vous resterez motiv\u00e9s !<\/p>\n\n\n\n<p><a id=\"sonaar_ts-6927d58beef44\" class=\"srmp3_sonaar_ts_shortcode\"  style=\"\" href=\"javascript:sonaar_ts_shortcode({ trackid:'0', time:'00:01:25', ts_id:'6927d58beef44', play_icon:'' }) ;\"><\/a>[00:01:25] Et justement, la semaine derni\u00e8re j\u2019ai re\u00e7u un message d\u2019une auditrice, autrement dit d\u2019une dame qui \u00e9coute le podcast. Laissez-moi vous lire ce qu\u2019elle a \u00e9crit :<\/p>\n\n\n\n<p><a id=\"sonaar_ts-6927d58beef55\" class=\"srmp3_sonaar_ts_shortcode\"  style=\"\" href=\"javascript:sonaar_ts_shortcode({ trackid:'0', time:'00:01:40', ts_id:'6927d58beef55', play_icon:'' }) ;\"><\/a>[00:01:40]<\/p>\n\n\n\n<p>&#8220;Salut Hugo,<br>Merci beaucoup pour tes merveilleux podcasts ! Je les adore ! Je m\u2019appelle Lynne, je suis anglaise et j\u2019habite en Angleterre. J\u2019ai appris le fran\u00e7ais quand j\u2019\u00e9tais \u00e0 l\u2019\u00e9cole&#8230;&#8230;.il y a 35ans !Toutefois, j\u2019aime beaucoup la langue fran\u00e7aise et, au cours des ann\u00e9es, j\u2019avais l\u2019occasion de la parler de temps en temps&#8230;&#8230;pas assez, malheureusement, et il est tr\u00e8s facile d\u2019oublier les mots et les phrases. Aussi, il est tr\u00e8s difficile pour moi de comprendre le fran\u00e7ais quand les personnes le parlent \u00e0 une vitesse normale.<br>Et puis&#8230;&#8230;. j\u2019ai trouv\u00e9 tes podcasts ! Tu parles lentement et clairement pour me permettre de comprendre et s\u2019il y a des mots ou phrases difficiles, tu les expliques. En plus, les sujets dont tu parles sont tr\u00e8s int\u00e9ressants et amusants!<br>\u00c7a m\u2019a donn\u00e9 envie de rejoindre un groupe fran\u00e7ais de conversation afin d\u2019utiliser la langue et pas seulement de l\u2019\u00e9couter.&#8221;<\/p>\n\n\n\n<p><a id=\"sonaar_ts-6927d58beef64\" class=\"srmp3_sonaar_ts_shortcode\"  style=\"\" href=\"javascript:sonaar_ts_shortcode({ trackid:'0', time:'00:02:54', ts_id:'6927d58beef64', play_icon:'' }) ;\"><\/a>[00:02:54] Merci Lynne pour ton message. Si j\u2019ai d\u00e9cid\u00e9 de vous le lire, c\u2019est parce que \u00e7a me fait tr\u00e8s plaisir de recevoir ce genre d\u2019email. Donc n\u2019h\u00e9sitez pas \u00e0 m\u2019\u00e9crire vous aussi si vous voulez me faire plaisir ! En plus, je pense que c\u2019est un tr\u00e8s bon exercice. Quand on essaye d\u2019\u00e9crire, on se pose plein de questions sur la fa\u00e7on de dire ceci ou cela, donc \u00e7a nous oblige \u00e0 chercher du vocabulaire et de nouvelles structures.<\/p>\n\n\n\n<p><a id=\"sonaar_ts-6927d58beef72\" class=\"srmp3_sonaar_ts_shortcode\"  style=\"\" href=\"javascript:sonaar_ts_shortcode({ trackid:'0', time:'00:03:31', ts_id:'6927d58beef72', play_icon:'' }) ;\"><\/a>[00:03:31] Ce qui me pla\u00eet aussi dans l\u2019email de Lynne, c\u2019est qu\u2019elle utilise beaucoup de connecteurs logiques. Les connecteurs logiques, ce sont des mots qu\u2019on utilise pour structurer un texte, pour en montrer la logique et la progression. Les Fran\u00e7ais pensent qu\u2019ils sont tr\u00e8s rationnels. Personnellement, je ne sais pas si c\u2019est vrai mais en tout cas c\u2019est ce que nous croyons. Vous avez peut-\u00eatre entendu parler d\u2019un des p\u00e8res du rationalisme moderne, Ren\u00e9 Descartes, et si oui vous savez s\u00fbrement qu\u2019il \u00e9tait fran\u00e7ais. Bref, tout \u00e7a pour dire qu\u2019en fran\u00e7ais la structure d\u2019un texte est tr\u00e8s importante, elle est essentielle. Donc pour la rendre plus visible, pour montrer comment les arguments s\u2019encha\u00eenent, on utilise ces mots qu\u2019on appelle des connecteurs logiques. Par exemple, dans le mail de Lynne il y avait : toutefois, et puis, aussi, en plus, etc. Gr\u00e2ce \u00e0 ces mots, le texte est beaucoup plus clair ; on comprend bien les id\u00e9es de Lynne et sa logique.<\/p>\n\n\n\n<p><a id=\"sonaar_ts-6927d58beef80\" class=\"srmp3_sonaar_ts_shortcode\"  style=\"\" href=\"javascript:sonaar_ts_shortcode({ trackid:'0', time:'00:04:57', ts_id:'6927d58beef80', play_icon:'' }) ;\"><\/a>[00:04:57] \u00c0 l\u2019oral, on n\u2019utilise pas vraiment de connecteurs logiques, sauf si on fait un discours ou une pr\u00e9sentation. Donc si un jour vous passez un examen de fran\u00e7ais, n\u2019oubliez pas d\u2019utiliser des connecteurs logiques. \u00c7a fera plaisir aux examinateurs et \u00e7a vous fera gagner des points ! Mais n\u2019en abusez pas non plus, utilisez-les raisonnablement !<\/p>\n\n\n\n<p><a id=\"sonaar_ts-6927d58beef8e\" class=\"srmp3_sonaar_ts_shortcode\"  style=\"\" href=\"javascript:sonaar_ts_shortcode({ trackid:'0', time:'00:05:29', ts_id:'6927d58beef8e', play_icon:'' }) ;\"><\/a>[00:05:29] Mais finalement, le plus important dans cet email, c\u2019est la motivation de Lynne. Vous avez entendu, \u00e7a fait 35 ans qu\u2019elle a appris le fran\u00e7ais ! Je sais qu\u2019il y a beaucoup de personnes dans son cas, dans sa situation. Peut-\u00eatre que vous aussi, vous avez appris le fran\u00e7ais il y a longtemps et que vous l\u2019avez un peu oubli\u00e9. C\u2019est dommage ! Quand on a fait l\u2019effort d\u2019apprendre une langue, il faut essayer de l\u2019utiliser pour la maintenir, sinon on a perdu notre temps ! Et c\u2019est vrai que l\u2019utilisation passive n\u2019est pas suffisante. C\u2019est tr\u00e8s bien de lire des romans ou de regarder des films en fran\u00e7ais, mais il faut aussi utiliser la langue pour communiquer ! Je sais que \u00e7a n\u2019est pas toujours facile \u00e0 faire, surtout si on ne vit pas dans un pays francophone. Mais c\u2019est possible ! Comme Lynne, vous pouvez rejoindre un cours de conversation. Dans toutes les grandes villes il existe des \u00e9coles de fran\u00e7ais avec ce genre de cours. Le probl\u00e8me, c\u2019est qu\u2019il y a parfois trop de personnes dans le groupe donc on n\u2019a pas beaucoup de temps pour s\u2019exprimer. Et puis on risque aussi de r\u00e9p\u00e9ter les erreurs des autres si le professeur ne les corrige pas. Personnellement, je pense que les cours individuels sont une m\u00e9thode beaucoup plus efficace. Vous pouvez facilement trouver un prof sur des sites comme italki par exemple. Ou vous pouvez aussi m\u2019envoyer un email, car moi aussi je donne des cours de conversation et de coaching via Skype. Quoi qu\u2019il en soit, je vous encourage vraiment \u00e0 trouver quelqu\u2019un avec qui vous vous sentez \u00e0 l&#8217;aise et avec qui vous pourrez parler fran\u00e7ais r\u00e9guli\u00e8rement.<\/p>\n\n\n\n<p><a id=\"sonaar_ts-6927d58beef9a\" class=\"srmp3_sonaar_ts_shortcode\"  style=\"\" href=\"javascript:sonaar_ts_shortcode({ trackid:'0', time:'00:07:42', ts_id:'6927d58beef9a', play_icon:'' }) ;\"><\/a>[00:07:42] Il y a deux jours, c\u2019\u00e9tait Halloween. Je sais que la prononciation fran\u00e7aise est un peu bizarre, mais j\u2019esp\u00e8re que vous comprenez de quoi il s\u2019agit&#8230; Halloween, c\u2019est cette f\u00eate qui a lieu le 31 octobre et o\u00f9 on se d\u00e9guise, o\u00f9 on porte des costumes de monstres ou de personnages c\u00e9l\u00e8bres. Les enfants en profitent aussi pour aller demander des bonbons aux voisins.<\/p>\n\n\n\n<p><a id=\"sonaar_ts-6927d58beefa8\" class=\"srmp3_sonaar_ts_shortcode\"  style=\"\" href=\"javascript:sonaar_ts_shortcode({ trackid:'0', time:'00:08:13', ts_id:'6927d58beefa8', play_icon:'' }) ;\"><\/a>[00:08:13] Bon, en France, Halloween n\u2019est pas une f\u00eate tr\u00e8s populaire. Les magasins ont essay\u00e9 de l\u2019importer dans les ann\u00e9es 90 pour vendre plus de produits, mais les Fran\u00e7ais n\u2019y participent pas vraiment. Bien s\u00fbr il y a quelques personnes qui organisent des f\u00eates costum\u00e9es, mais largement moins que dans les pays anglophones. Je le sais car quand je vivais \u00e0 Londres en Angleterre, j\u2019ai vu \u00e0 quel point c\u2019est une f\u00eate importante.<\/p>\n\n\n\n<p><a id=\"sonaar_ts-6927d58beefb4\" class=\"srmp3_sonaar_ts_shortcode\"  style=\"\" href=\"javascript:sonaar_ts_shortcode({ trackid:'0', time:'00:08:50', ts_id:'6927d58beefb4', play_icon:'' }) ;\"><\/a>[00:08:50] Ce que je trouve int\u00e9ressant avec Halloween, c\u2019est cette c\u00e9l\u00e9bration de personnages effrayants et sa dimension morbide. L\u2019adjectif \u00ab morbide \u00bb signifie quelque chose de malsain, autrement dit de mal, de n\u00e9gatif. Pour Halloween, les gens veulent avoir peur. Ils veulent voir des monstres, des mauvaises actions, du sang, etc. Comme dans les films d\u2019horreur. Halloween, c\u2019est comme un film d\u2019horreur grandeur nature avec nos amis et nos voisins.<\/p>\n\n\n\n<p><a id=\"sonaar_ts-6927d58beefc0\" class=\"srmp3_sonaar_ts_shortcode\"  style=\"\" href=\"javascript:sonaar_ts_shortcode({ trackid:'0', time:'00:09:32', ts_id:'6927d58beefc0', play_icon:'' }) ;\"><\/a>[00:09:32] Personnellement, je d\u00e9teste les films d\u2019horreur ! Mais j\u2019avais envie de comprendre pourquoi tellement de personnes sont fascin\u00e9es par \u00e7a. Pourquoi aimons-nous avoir peur et voir des choses morbides ? Pour trouver la r\u00e9ponse, j\u2019ai d\u00e9cid\u00e9 de faire quelques recherches et de vous pr\u00e9parer un podcast. J\u2019esp\u00e8re que \u00e7a va vous plaire. Et rassurez-vous, \u00e7a ne devrait pas vous faire peur&#8230; Sauf peut-\u00eatre certaines histoires&#8230;<\/p>\n\n\n\n<p><a id=\"sonaar_ts-6927d58beefcb\" class=\"srmp3_sonaar_ts_shortcode\"  style=\"\" href=\"javascript:sonaar_ts_shortcode({ trackid:'0', time:'00:10:08', ts_id:'6927d58beefcb', play_icon:'' }) ;\"><\/a>[00:10:08] Mais je ne vous en dis pas plus. Allez, c\u2019est parti !<\/p>\n\n\n\n<p><a id=\"sonaar_ts-6927d58beefd7\" class=\"srmp3_sonaar_ts_shortcode\"  style=\"\" href=\"javascript:sonaar_ts_shortcode({ trackid:'0', time:'00:10:18', ts_id:'6927d58beefd7', play_icon:'' }) ;\"><\/a>[00:10:18] Notre fascination pour les choses effrayantes, les choses qui font peur, commence tr\u00e8s t\u00f4t.<\/p>\n\n\n\n<p><a id=\"sonaar_ts-6927d58beefe3\" class=\"srmp3_sonaar_ts_shortcode\"  style=\"\" href=\"javascript:sonaar_ts_shortcode({ trackid:'0', time:'00:10:26', ts_id:'6927d58beefe3', play_icon:'' }) ;\"><\/a>[00:10:26] Pendant l\u2019enfance, nos parents nous lisent parfois des histoires fantastiques avec des princesses, des chevaliers, des dragons, des aventures. Ces histoires s\u2019appellent en fran\u00e7ais des contes de f\u00e9es. Je me rappelle bien d\u2019un de ces contes, un conte qui s\u2019appelle Barbe Bleue. C\u2019est l\u2019histoire d\u2019un homme tr\u00e8s riche qui a une barbe bleue et qui vit dans un ch\u00e2teau. Il s\u2019est mari\u00e9 avec plusieurs femmes, mais elles ont toutes disparues. Il en cherche donc une nouvelle, mais \u00e0 cause de la couleur de sa barbe, il ne trouve personne. Oui, il faut savoir qu\u2019\u00e0 cette \u00e9poque les gens n\u2019\u00e9taient peut-\u00eatre pas aussi ouverts d\u2019esprit que maintenant. Donc avoir une barbe bleue, c\u2019\u00e9tait un vrai handicap ! Bref, il finit par trouver une femme qui accepte de se marier avec lui. Elle s\u2019installe dans son ch\u00e2teau. Un jour, Barbe Bleue part en voyage et il laisse les cl\u00e9s du ch\u00e2teau \u00e0 sa femme. Ces cl\u00e9s ouvrent toutes les portes du ch\u00e2teau, mais il y a une pi\u00e8ce qu\u2019il lui interdit de visiter. \u00c9videmment, d\u00e8s qu\u2019il part sa femme d\u00e9cide d\u2019aller dans la pi\u00e8ce interdite. L\u00e0, elle d\u00e9couvre les cadavres des pr\u00e9c\u00e9dentes femmes de Barbe Bleue. Un cadavre, c\u2019est le corps d\u2019une personne morte. L\u00e0 vous imaginez facilement sa r\u00e9action : elle panique un peu&#8230; Barbe Bleue rentre au ch\u00e2teau et il d\u00e9couvre que sa femme est all\u00e9e dans la pi\u00e8ce interdite donc il d\u00e9cide de la tuer. Heureusement, les deux fr\u00e8res de cette femme arrivent pour la sauver et ils tuent Barbe Bleue. La femme h\u00e9rite de sa fortune, et tout est bien qui finit bien (comme on dit en fran\u00e7ais).<\/p>\n\n\n\n<p><a id=\"sonaar_ts-6927d58beefed\" class=\"srmp3_sonaar_ts_shortcode\"  style=\"\" href=\"javascript:sonaar_ts_shortcode({ trackid:'0', time:'00:12:40', ts_id:'6927d58beefed', play_icon:'' }) ;\"><\/a>[00:12:40] \u00c7a vous dit quelque chose ? Est-ce que vous avez d\u00e9j\u00e0 entendu cette histoire ? Elle n\u2019a rien d\u2019extraordinaire. Mais c\u2019est un peu choquant qu\u2019on la raconte aux enfants, non ? Il y a ce personnage de Barbe Bleue qui est un vrai serial killer ! \u00c0 mon avis, \u00e7a n\u2019est pas le genre d\u2019histoire qu\u2019on devrait lire aux enfants&#8230; Mais on le fait peut-\u00eatre seulement en France. En France, on consid\u00e8re que les enfants sont de petits adultes et qu\u2019on ne doit rien leur cacher. Je ne sais pas si c\u2019est une bonne id\u00e9e, et surtout je me demande comment \u00e7a se passe dans les autres pays.<\/p>\n\n\n\n<p><a id=\"sonaar_ts-6927d58beeff8\" class=\"srmp3_sonaar_ts_shortcode\"  style=\"\" href=\"javascript:sonaar_ts_shortcode({ trackid:'0', time:'00:13:26', ts_id:'6927d58beeff8', play_icon:'' }) ;\"><\/a>[00:13:26] Bref, vous voyez que d\u00e8s l\u2019enfance, on est expos\u00e9 \u00e0 la peur \u00e0 travers des histoires ou des dessins anim\u00e9s. Les enfants sont d\u2019ailleurs tr\u00e8s curieux, ils se posent beaucoup de questions sur ce sujet. Ils veulent comprendre ce qu\u2019est la mort.<\/p>\n\n\n\n<p><a id=\"sonaar_ts-6927d58bef002\" class=\"srmp3_sonaar_ts_shortcode\"  style=\"\" href=\"javascript:sonaar_ts_shortcode({ trackid:'0', time:'00:13:46', ts_id:'6927d58bef002', play_icon:'' }) ;\"><\/a>[00:13:46] Ces questions sont \u00e9videmment toujours pr\u00e9sentes quand on grandit. On continue de chercher des r\u00e9ponses \u00e0 ce qu\u2019on a vu ou entendu pendant l\u2019enfance. Quelques ann\u00e9es plus tard, \u00e0 l\u2019adolescence, on regarde nos premiers films d\u2019horreur avec des amis, soit \u00e0 la maison soit au cin\u00e9ma. Vous savez que les adolescents adorent les films d\u2019horreur, c\u2019est un genre tr\u00e8s populaire parmi eux. En regardant des personnes se faire tuer dans un film, ils peuvent d\u00e9mystifier la mort, lui enlever son c\u00f4t\u00e9 myst\u00e9rieux et inconnu. Quand vous voyez des dizaines de personnes mourir dans un film, forc\u00e9ment \u00e7a semble un peu moins dramatique. On peut quasiment s\u2019habituer \u00e0 l\u2019id\u00e9e de la mort.<\/p>\n\n\n\n<p><a id=\"sonaar_ts-6927d58bef00c\" class=\"srmp3_sonaar_ts_shortcode\"  style=\"\" href=\"javascript:sonaar_ts_shortcode({ trackid:'0', time:'00:14:47', ts_id:'6927d58bef00c', play_icon:'' }) ;\"><\/a>[00:14:47] On peut aussi consid\u00e9rer ces films d\u2019horreur comme un rite de passage, autrement dit une \u00e9preuve pour devenir adulte. Avant, il existait beaucoup de ces rites. On testait le courage des jeunes pour voir s\u2019ils \u00e9taient capables d\u2019\u00eatre enfin des adultes. Le service militaire par exemple, quand les jeunes passent du temps dans l\u2019arm\u00e9e, c\u2019est aussi un rite de passage. Maintenant, il y a de moins en moins d\u2019\u00e9preuves comme \u00e7a. Mais avec les films d\u2019horreur, les adolescents combattent leur peur, ils quittent l\u2019enfance et passent \u00e0 l\u2019\u00e2ge adulte.<\/p>\n\n\n\n<p><a id=\"sonaar_ts-6927d58bef016\" class=\"srmp3_sonaar_ts_shortcode\"  style=\"\" href=\"javascript:sonaar_ts_shortcode({ trackid:'0', time:'00:15:40', ts_id:'6927d58bef016', play_icon:'' }) ;\"><\/a>[00:15:40] Si on veut comprendre pourquoi la peur nous fascine tellement, il faut bien s\u00fbr observer notre cerveau. Vous savez le cerveau, c\u2019est cet organe qui est \u00e0 l\u2019int\u00e9rieur de notre t\u00eate et qui contr\u00f4le tout : notre corps, nos \u00e9motions, etc.<\/p>\n\n\n\n<p><a id=\"sonaar_ts-6927d58bef030\" class=\"srmp3_sonaar_ts_shortcode\"  style=\"\" href=\"javascript:sonaar_ts_shortcode({ trackid:'0', time:'00:16:00', ts_id:'6927d58bef030', play_icon:'' }) ;\"><\/a>[00:16:00] Donc c\u2019est aussi lui qui nous pousse \u00e0 nous confronter \u00e0 des choses qui nous font peur. Certaines personnes ne peuvent pas s\u2019emp\u00eacher d\u2019avoir peur. Ah, \u00e7a c\u2019est une expression int\u00e9ressante : ne pas s\u2019emp\u00eacher de. Quand vous dites \u00ab je ne peux pas m\u2019emp\u00eacher de penser \u00e0 mon ex \u00bb par exemple, \u00e7a signifie que c\u2019est plus fort que vous : vous \u00eates obs\u00e9d\u00e9 par votre ex et que vous pensez \u00e0 elle ou lui tout le temps ! C\u2019est pareil avec les films d\u2019horreur : il y a des gens qui d\u00e9testent \u00e7a mais qui ne peuvent pas s\u2019emp\u00eacher d\u2019en regarder.<\/p>\n\n\n\n<p><a id=\"sonaar_ts-6927d58bef03a\" class=\"srmp3_sonaar_ts_shortcode\"  style=\"\" href=\"javascript:sonaar_ts_shortcode({ trackid:'0', time:'00:16:47', ts_id:'6927d58bef03a', play_icon:'' }) ;\"><\/a>[00:16:47] Pour comprendre ce qui se passe dans notre cerveau quand nous voyons une sc\u00e8ne morbide, des psychologues am\u00e9ricains ont cr\u00e9\u00e9 une exp\u00e9rience. Ils ont choisi des volontaires, et ils leur ont inflig\u00e9 une petite douleur. Ils les ont l\u00e9g\u00e8rement br\u00fbl\u00e9 pour leur faire un peu mal. \u00c7a peut vous sembler cruel, mais c\u2019est pour la science ! \u00c9videmment, les volontaires \u00e9taient d\u2019accord, les psychologues ne les ont pas forc\u00e9.<\/p>\n\n\n\n<p><a id=\"sonaar_ts-6927d58bef048\" class=\"srmp3_sonaar_ts_shortcode\"  style=\"\" href=\"javascript:sonaar_ts_shortcode({ trackid:'0', time:'00:17:23', ts_id:'6927d58bef048', play_icon:'' }) ;\"><\/a>[00:17:23] Pendant qu\u2019ils faisaient \u00e7a, ils ont utilis\u00e9 un scanner pour voir ce qui se passait dans leur cerveau. Et ils ont remarqu\u00e9 deux choses. La premi\u00e8re, c\u2019est que les zones du cerveau li\u00e9es \u00e0 la sensation douloureuse \u00e9taient activ\u00e9es. L\u00e0 vous me direz que c\u2019est plut\u00f4t normal. Mais la deuxi\u00e8me chose, plus int\u00e9ressante, c\u2019est qu\u2019une autre zone, une zone li\u00e9e au plaisir, \u00e9tait elle aussi activ\u00e9e ! Autrement dit, la douleur procurait une forme de plaisir. En fait, les chercheurs consid\u00e8rent que le plaisir et la douleur fonctionnent ensemble et qu\u2019il n\u2019est pas possible de les s\u00e9parer. Finalement, quand nous voyons ou lisons quelque chose de morbide ou d\u2019effrayant, nous ressentons un sentiment ambigu&#8230; D\u2019un c\u00f4t\u00e9 nous partageons la douleur que l\u2019on voit, et de l\u2019autre nous \u00e9prouvons aussi du plaisir.<\/p>\n\n\n\n<p><a id=\"sonaar_ts-6927d58bef050\" class=\"srmp3_sonaar_ts_shortcode\"  style=\"\" href=\"javascript:sonaar_ts_shortcode({ trackid:'0', time:'00:18:39', ts_id:'6927d58bef050', play_icon:'' }) ;\"><\/a>[00:18:39] Ces explications des neurosciences nous aident \u00e0 mieux comprendre pourquoi nous sommes fascin\u00e9s par la peur et le morbide. En fait, quand nous regardons un film d\u2019horreur, nous vivons par procuration. Par procuration, \u00e7a signifie \u00e0 travers quelqu\u2019un d\u2019autre. Les personnages du film vivent des \u00e9v\u00e8nements horribles et traumatisants, mais nous, nous sommes assis confortablement derri\u00e8re l\u2019\u00e9cran, en s\u00e9curit\u00e9. Leur malheur n\u2019est pas le n\u00f4tre.<\/p>\n\n\n\n<p><a id=\"sonaar_ts-6927d58bef059\" class=\"srmp3_sonaar_ts_shortcode\"  style=\"\" href=\"javascript:sonaar_ts_shortcode({ trackid:'0', time:'00:19:17', ts_id:'6927d58bef059', play_icon:'' }) ;\"><\/a>[00:19:17] C\u2019est un peu le m\u00eame ph\u00e9nom\u00e8ne quand nous voyons un accident de voiture sur la route. En g\u00e9n\u00e9ral, on essaye de ne pas regarder. Mais souvent, on ne peut pas s\u2019emp\u00eacher de le faire. Cet accident nous rappelle la chance que nous avons de ne pas \u00eatre \u00e0 la place des victimes. Nous sommes \u00e0 l\u2019abri de cet accident-l\u00e0, et c\u2019est rassurant\u2026 En fin de compte, la curiosit\u00e9 morbide permet de ressentir une \u00e9motion, la peur, sans prendre de risque. Dans ce genre de situations, nous savons que notre vie \u00e0 nous n\u2019est pas en jeu.<\/p>\n\n\n\n<p><a id=\"sonaar_ts-6927d58bef061\" class=\"srmp3_sonaar_ts_shortcode\"  style=\"\" href=\"javascript:sonaar_ts_shortcode({ trackid:'0', time:'00:20:04', ts_id:'6927d58bef061', play_icon:'' }) ;\"><\/a>[00:20:04] Il y a un auteur am\u00e9ricain qui a \u00e9crit un livre sur ce sujet. Il s\u2019appelle Eric Wilson. Dans son livre, Wilson souligne que \u00ab notre attirance pour le morbide est d\u2019une certaine mani\u00e8re un d\u00e9sir d\u2019exp\u00e9rimenter la souffrance de quelqu\u2019un d\u2019autre \u00bb, le d\u00e9sir d\u2019avoir de l\u2019empathie, de ressentir. Selon l\u2019auteur, notre \u00ab compulsion \u00bb envers les \u00e9v\u00e8nements sinistres pourrait nous aider \u00e0 contr\u00f4ler nos peurs et \u00e0 comprendre ce qui est essentiel \u00e0 nos vies et ce qui ne l\u2019est pas. Encore une fois, il s\u2019agit du besoin de comprendre l\u2019un des myst\u00e8res les plus profonds de l\u2019existence : la mort.<\/p>\n\n\n\n<p><a id=\"sonaar_ts-6927d58bef068\" class=\"srmp3_sonaar_ts_shortcode\"  style=\"\" href=\"javascript:sonaar_ts_shortcode({ trackid:'0', time:'00:20:59', ts_id:'6927d58bef068', play_icon:'' }) ;\"><\/a>[00:20:59] Ce qui est aussi int\u00e9ressant, c\u2019est que nous n\u2019avons pas tous peur des m\u00eames choses. Et de la m\u00eame fa\u00e7on, nous ne sommes pas tous attir\u00e9s par les m\u00eames peurs. Notre attirance d\u00e9pend de nos angoisses personnelles. Certains sont attir\u00e9s par les histoires paranormales parce qu\u2019ils ont peur de ce genre de ph\u00e9nom\u00e8nes. D\u2019autres pr\u00e9f\u00e8rent les films sur les serial killers parce qu\u2019ils sont fascin\u00e9s par ces personnages et leur psychologie. Il y a aussi des personnes qui aiment les sports extr\u00eames car elles risquent leur vie et elles aiment l\u2019adr\u00e9naline que \u00e7a leur donne.<\/p>\n\n\n\n<p><a id=\"sonaar_ts-6927d58bef074\" class=\"srmp3_sonaar_ts_shortcode\"  style=\"\" href=\"javascript:sonaar_ts_shortcode({ trackid:'0', time:'00:21:45', ts_id:'6927d58bef074', play_icon:'' }) ;\"><\/a>[00:21:45] Vous savez qu\u2019en France, il y a eu des attaques terroristes en 2015 et 2016 qui ont fait beaucoup de victimes. Des attentats terribles. Mais le plus bizarre, c\u2019est que les m\u00e9dias les ont d\u00e9crits avec beaucoup de pr\u00e9cision. Ils expliquaient comment tout s\u2019\u00e9tait pass\u00e9, minute par minute, dans le d\u00e9tail : les armes des terroristes, les cris des victimes\u2026 Comme s\u2019il s\u2019agissait d\u2019un film, d\u2019un spectacle. On peut se demander s\u2019il \u00e9tait vraiment n\u00e9cessaire de conna\u00eetre tous ces d\u00e9tails. Pour le public, oui. Le sociologue Luc Boltanski explique que voir la fragilit\u00e9 de l\u2019existence nous donne le sentiment d\u2019\u00eatre encore en vie. On imagine qu\u2019on aurait pu \u00eatre \u00e0 la place des victimes, au mauvais endroit au mauvais moment. Alors imaginer ce sc\u00e9nario est une fa\u00e7on de confronter nos peurs.<\/p>\n\n\n\n<p><a id=\"sonaar_ts-6927d58bef07b\" class=\"srmp3_sonaar_ts_shortcode\"  style=\"\" href=\"javascript:sonaar_ts_shortcode({ trackid:'0', time:'00:23:02', ts_id:'6927d58bef07b', play_icon:'' }) ;\"><\/a>[00:23:02] Il y a une autre dimension dont je voudrais parler pour finir : la dimension sociale. Vous savez que nous vivons dans des soci\u00e9t\u00e9s de moins en moins violentes. Globalement il y a moins de crimes, moins d\u2019agressions, dans beaucoup de pays la peine de mort (autrement dit la possibilit\u00e9 d\u2019ex\u00e9cuter un criminel) a \u00e9t\u00e9 interdite.<\/p>\n\n\n\n<p><a id=\"sonaar_ts-6927d58bef082\" class=\"srmp3_sonaar_ts_shortcode\"  style=\"\" href=\"javascript:sonaar_ts_shortcode({ trackid:'0', time:'00:23:26', ts_id:'6927d58bef082', play_icon:'' }) ;\"><\/a>[00:23:26] Mais \u00e7a n\u2019emp\u00eache pas que nous ayons en nous des pulsions violentes. Les progr\u00e8s de la civilisation n\u2019ont pas pu les faire compl\u00e8tement dispara\u00eetre.<\/p>\n\n\n\n<p><a id=\"sonaar_ts-6927d58bef088\" class=\"srmp3_sonaar_ts_shortcode\"  style=\"\" href=\"javascript:sonaar_ts_shortcode({ trackid:'0', time:'00:23:40', ts_id:'6927d58bef088', play_icon:'' }) ;\"><\/a>[00:23:40] Alors, nous avons besoin de pouvoir les exprimer d\u2019une fa\u00e7on ou d\u2019une autre. Dans l\u2019antiquit\u00e9 grecque par exemple, il y avait les trag\u00e9dies. Les citoyens grecs allaient voir une trag\u00e9die comme Antigone ou \u0152dipe pour obtenir leur dose de violence et de malheur. C\u2019est ce que le philosophe Aristote appelait la catharsis : une pi\u00e8ce de th\u00e9\u00e2tre pour se lib\u00e9rer de nos passions et de nos pulsions.<\/p>\n\n\n\n<p><a id=\"sonaar_ts-6927d58bef096\" class=\"srmp3_sonaar_ts_shortcode\"  style=\"\" href=\"javascript:sonaar_ts_shortcode({ trackid:'0', time:'00:24:16', ts_id:'6927d58bef096', play_icon:'' }) ;\"><\/a>[00:24:16] Maintenant, nous avons plein d\u2019autres mani\u00e8res de le faire. Il y a les films d\u2019horreur, dont j\u2019ai d\u00e9j\u00e0 beaucoup parl\u00e9, mais aussi les faits divers. Un fait divers, c\u2019est un \u00e9v\u00e9nement peu important mais qui est rapport\u00e9 dans le journal parce qu\u2019il est tr\u00e8s choquant. En g\u00e9n\u00e9ral, ce sont des meurtres tr\u00e8s violents. Quand on y pense, on peut se demander \u00e0 quoi \u00e7a sert de publier ce genre d\u2019histoire. Il y a s\u00fbrement des informations plus importantes. Mais en r\u00e9alit\u00e9, le fait divers nous permet de partager nos peurs avec d\u2019autres, parce qu\u2019on parle de ces histoires \u00e0 nos amis ou nos coll\u00e8gues de travail. Comme \u00e7a, nous ne restons pas seuls face \u00e0 l\u2019angoisse, nous la partageons collectivement.<\/p>\n\n\n\n<p><a id=\"sonaar_ts-6927d58bef09b\" class=\"srmp3_sonaar_ts_shortcode\"  style=\"\" href=\"javascript:sonaar_ts_shortcode({ trackid:'0', time:'00:25:13', ts_id:'6927d58bef09b', play_icon:'' }) ;\"><\/a>[00:25:13] C\u2019est un peu la m\u00eame chose avec les tueurs en s\u00e9rie. En ce moment je regarde une s\u00e9rie sur Netflix qui s\u2019appelle Mindhunter. Elle se passe dans les ann\u00e9es 70, au moment o\u00f9 le FBI commence \u00e0 s\u2019int\u00e9resser aux serial killers et \u00e0 essayer de les comprendre. Le public adore ce genre de s\u00e9rie parce que nous sommes fascin\u00e9s par ces personnages. Pour les adultes, les tueurs en s\u00e9rie sont plus int\u00e9ressants que les vampires ou les autres monstres. Pourquoi ? Eh bien parce qu\u2019ils sont une source de danger pour la communaut\u00e9. Et cette peur renforce la communaut\u00e9 justement. Elle lui donne une identit\u00e9 commune, nous nous disons que nous ne sommes pas comme lui. Le tueur en s\u00e9rie est \u00ab l\u2019anormal \u00bb et cela nous rassure sur notre propre \u00ab normalit\u00e9 \u00bb. Mais ses crimes sont aussi parfois le reflet de ce qui ne va pas dans notre soci\u00e9t\u00e9, de nos vices les plus secrets.<\/p>\n\n\n\n<p><a id=\"sonaar_ts-6927d58bef0a5\" class=\"srmp3_sonaar_ts_shortcode\"  style=\"\" href=\"javascript:sonaar_ts_shortcode({ trackid:'0', time:'00:26:37', ts_id:'6927d58bef0a5', play_icon:'' }) ;\"><\/a>[00:26:37] Nous arrivons \u00e0 la fin de cet \u00e9pisode. Un grand merci de m\u2019avoir \u00e9cout\u00e9. J\u2019esp\u00e8re qu\u2019il vous a plu et que vous n\u2019allez pas faire de cauchemars ce soir !<\/p>\n\n\n\n<p><a id=\"sonaar_ts-6927d58bef0aa\" class=\"srmp3_sonaar_ts_shortcode\"  style=\"\" href=\"javascript:sonaar_ts_shortcode({ trackid:'0', time:'00:26:51', ts_id:'6927d58bef0aa', play_icon:'' }) ;\"><\/a>[00:26:51] Si vous n\u2019avez pas tout compris, je vous rappelle que la transcription est disponible sur mon site internet innerfrench.com Il suffit de vous inscrire, et vous pourrez lire la transcription gratuitement.<\/p>\n\n\n\n<p><a id=\"sonaar_ts-6927d58bef0af\" class=\"srmp3_sonaar_ts_shortcode\"  style=\"\" href=\"javascript:sonaar_ts_shortcode({ trackid:'0', time:'00:27:08', ts_id:'6927d58bef0af', play_icon:'' }) ;\"><\/a>[00:27:08] Pour finir, si vous aimez ce podcast et si vous trouvez qu\u2019il est utile, laissez une \u00e9valuation sur iTunes ou sur l\u2019application que vous utilisez. \u00c7a me donnera plus de visibilit\u00e9 et \u00e7a pourra aider d\u2019autres personnes \u00e0 me trouver. Si vous avez des critiques ou des suggestions, vous pouvez aussi m\u2019envoyer un email ! \u00c7a m\u2019aidera \u00e0 l\u2019am\u00e9liorer.<\/p>\n\n\n\n<p><a id=\"sonaar_ts-6927d58bef0b4\" class=\"srmp3_sonaar_ts_shortcode\"  style=\"\" href=\"javascript:sonaar_ts_shortcode({ trackid:'0', time:'00:27:37', ts_id:'6927d58bef0b4', play_icon:'' }) ;\"><\/a>[00:27:37] N\u2019oubliez pas de faire un peu de fran\u00e7ais chaque jour et on se retrouve la semaine prochaine pour un nouvel \u00e9pisode. Bye bye !<\/p>\n","protected":false},"excerpt":{"rendered":"<p>Salut \u00e0 tous, c\u2019est l\u2019\u00e9pisode 28. Aujourd\u2019hui, on va parler d\u2019un sentiment bien particulier : la peur. [00:00:19] Je suis tr\u00e8s content de vous accueillir pour ce 28\u00e8me \u00e9pisode. Si c\u2019est la premi\u00e8re fois que vous m\u2019\u00e9coutez, sachez que je m\u2019appelle Hugo et que je fais ce podcast pour vous aider \u00e0 apprendre le fran\u00e7ais&#8230;.<\/p>\n","protected":false},"author":1,"featured_media":289634,"comment_status":"open","ping_status":"open","sticky":false,"template":"","format":[189],"meta":{"_acf_changed":false,"_kad_blocks_custom_css":"","_kad_blocks_head_custom_js":"","_kad_blocks_body_custom_js":"","_kad_blocks_footer_custom_js":"","_kad_post_transparent":"","_kad_post_title":"","_kad_post_layout":"","_kad_post_sidebar_id":"","_kad_post_content_style":"","_kad_post_vertical_padding":"","_kad_post_feature":"","_kad_post_feature_position":"","_kad_post_header":false,"_kad_post_footer":false,"_kad_post_classname":"","footnotes":""},"categories":[168],"tags":[174],"class_list":["post-799","post","type-post","status-publish","format-standard","has-post-thumbnail","hentry","category-podcast","tag-psychologie","format-solo-hugo"],"acf":[],"taxonomy_info":{"category":[{"value":168,"label":"Podcast"}],"post_tag":[{"value":174,"label":"Psychologie"}],"format":[{"value":189,"label":"Solo Hugo"}]},"featured_image_src_large":["https:\/\/innerfrench.com\/wp-content\/uploads\/2017\/11\/peur-e1718019578766-750x406.jpg",750,406,true],"author_info":{"display_name":"Hugo","author_link":"https:\/\/innerfrench.com\/author\/innerfrench-2-2-2-2-2-2-2-2-2-2-2-2-2-2-2-2-2-2-2\/"},"comment_info":9,"category_info":[{"term_id":168,"name":"Podcast","slug":"podcast","term_group":0,"term_taxonomy_id":168,"taxonomy":"category","description":"","parent":0,"count":185,"filter":"raw","cat_ID":168,"category_count":185,"category_description":"","cat_name":"Podcast","category_nicename":"podcast","category_parent":0}],"tag_info":[{"term_id":174,"name":"Psychologie","slug":"psychologie","term_group":0,"term_taxonomy_id":174,"taxonomy":"post_tag","description":"","parent":0,"count":19,"filter":"raw"}],"_links":{"self":[{"href":"https:\/\/innerfrench.com\/wp-json\/wp\/v2\/posts\/799","targetHints":{"allow":["GET"]}}],"collection":[{"href":"https:\/\/innerfrench.com\/wp-json\/wp\/v2\/posts"}],"about":[{"href":"https:\/\/innerfrench.com\/wp-json\/wp\/v2\/types\/post"}],"author":[{"embeddable":true,"href":"https:\/\/innerfrench.com\/wp-json\/wp\/v2\/users\/1"}],"replies":[{"embeddable":true,"href":"https:\/\/innerfrench.com\/wp-json\/wp\/v2\/comments?post=799"}],"version-history":[{"count":1,"href":"https:\/\/innerfrench.com\/wp-json\/wp\/v2\/posts\/799\/revisions"}],"predecessor-version":[{"id":294372,"href":"https:\/\/innerfrench.com\/wp-json\/wp\/v2\/posts\/799\/revisions\/294372"}],"wp:featuredmedia":[{"embeddable":true,"href":"https:\/\/innerfrench.com\/wp-json\/wp\/v2\/media\/289634"}],"wp:attachment":[{"href":"https:\/\/innerfrench.com\/wp-json\/wp\/v2\/media?parent=799"}],"wp:term":[{"taxonomy":"category","embeddable":true,"href":"https:\/\/innerfrench.com\/wp-json\/wp\/v2\/categories?post=799"},{"taxonomy":"post_tag","embeddable":true,"href":"https:\/\/innerfrench.com\/wp-json\/wp\/v2\/tags?post=799"},{"taxonomy":"format","embeddable":true,"href":"https:\/\/innerfrench.com\/wp-json\/wp\/v2\/format?post=799"}],"curies":[{"name":"wp","href":"https:\/\/api.w.org\/{rel}","templated":true}]}}