{"id":871,"date":"2018-02-08T15:16:00","date_gmt":"2018-02-08T14:16:00","guid":{"rendered":"https:\/\/innerfrench.com\/?p=871"},"modified":"2025-10-01T16:21:54","modified_gmt":"2025-10-01T14:21:54","slug":"36-etranger-albert-camus-2","status":"publish","type":"post","link":"https:\/\/innerfrench.com\/36-etranger-albert-camus-2\/","title":{"rendered":"#36 L&#8217;\u00c9tranger d&#8217;Albert Camus [2\/2]"},"content":{"rendered":"\n<p>Bienvenue dans l\u2019\u00e9pisode 36. Aujourd\u2019hui, je vous raconte la 2\u00e8me partie de L\u2019Etranger, d\u2019Albert Camus.<\/p>\n\n\n\n<p><a id=\"sonaar_ts-6927d60e3b7cd\" class=\"srmp3_sonaar_ts_shortcode\"  style=\"\" href=\"javascript:sonaar_ts_shortcode({ trackid:'0', time:'00:00:17', ts_id:'6927d60e3b7cd', play_icon:'' }) ;\">[00:00:17]<\/a> Salut \u00e0 tous ! J\u2019esp\u00e8re que vous allez bien. Je suis ravi de vous retrouver pour la suite de notre histoire. Je suis s\u00fbr que vous \u00eates impatients de savoir ce qui va se passer. Peut-\u00eatre que vous avez lu le roman ou \u00e9cout\u00e9 la lecture de Camus sur Youtube que j\u2019avais post\u00e9e dans la description du dernier \u00e9pisode. Dans ce cas, il n\u2019y a pas de suspense pour vous. Mais \u00e7a peut quand m\u00eame \u00eatre int\u00e9ressant. Surtout que je raconte cette histoire d\u2019une fa\u00e7on simplifi\u00e9e, donc si jamais le texte original \u00e9tait trop difficile pour vous, aujourd\u2019hui \u00e7a devrait aller.<\/p>\n\n\n\n<p><a id=\"sonaar_ts-6927d60e3b7db\" class=\"srmp3_sonaar_ts_shortcode\"  style=\"\" href=\"javascript:sonaar_ts_shortcode({ trackid:'0', time:'00:01:01', ts_id:'6927d60e3b7db', play_icon:'' }) ;\">[00:01:01]<\/a> Je vous conseille aussi d\u2019utiliser la transcription sur mon site (innerfrench.com) pour vous aider. D\u2019ailleurs j\u2019en profite pour vous dire que j\u2019ai chang\u00e9 le format des transcriptions. Maintenant c\u2019est plus facile de naviguer sur la page et d\u2019\u00e9couter en m\u00eame temps. Donc si vous avez le temps, allez voir sur le site et dites-moi ce que vous en pensez !<\/p>\n\n\n\n<p><a id=\"sonaar_ts-6927d60e3b7e2\" class=\"srmp3_sonaar_ts_shortcode\"  style=\"\" href=\"javascript:sonaar_ts_shortcode({ trackid:'0', time:'00:01:26', ts_id:'6927d60e3b7e2', play_icon:'' }) ;\">[00:01:26]<\/a> Mais pour le moment, je vais vous rappeler rapidement ce qui s\u2019est pass\u00e9. Notre h\u00e9ros s\u2019appelle Meursault et c\u2019est lui qui nous raconte son histoire. Au d\u00e9but du roman, sa m\u00e8re meurt mais \u00e7a ne semble pas beaucoup l\u2019affecter. Le jour apr\u00e8s l\u2019enterrement de sa m\u00e8re, le lendemain, il rencontre une jeune femme, Marie, et commence une relation avec elle. Tout va bien jusqu\u2019\u00e0 ce que le voisin de Meursault, Raymond, l\u2019entra\u00eene dans une histoire de r\u00e8glement de compte avec un groupe d\u2019Arabes (car les \u00e9v\u00e8nements se passent en Alg\u00e9rie, quand ce pays \u00e9tait une colonie fran\u00e7aise). Raymond a frapp\u00e9 la s\u0153ur d\u2019un Arabe et celui-ci veut se venger. \u00c0 cause de cette histoire, Meursault tue cet homme avec un revolver un apr\u00e8s-midi sur une plage. Mais on ne comprend pas vraiment pourquoi il le fait. Lui-m\u00eame ne comprend pas vraiment son acte. C\u2019est au moment de ce meurtre que nous nous sommes arr\u00eat\u00e9s la derni\u00e8re fois.<\/p>\n\n\n\n<p><a id=\"sonaar_ts-6927d60e3b7e7\" class=\"srmp3_sonaar_ts_shortcode\"  style=\"\" href=\"javascript:sonaar_ts_shortcode({ trackid:'0', time:'00:02:37', ts_id:'6927d60e3b7e7', play_icon:'' }) ;\">[00:02:37]<\/a> Aujourd\u2019hui, nous allons vivre le proc\u00e8s de Meursault qui doit \u00eatre jug\u00e9 pour son crime.<\/p>\n\n\n\n<p><a id=\"sonaar_ts-6927d60e3b7ed\" class=\"srmp3_sonaar_ts_shortcode\"  style=\"\" href=\"javascript:sonaar_ts_shortcode({ trackid:'0', time:'00:02:51', ts_id:'6927d60e3b7ed', play_icon:'' }) ;\">[00:02:51]<\/a> Huit jours apr\u00e8s mon arrestation, j\u2019ai \u00e9t\u00e9 interrog\u00e9 par le juge d&#8217;instruction. Il m&#8217;a regard\u00e9 avec curiosit\u00e9. Il a voulu savoir si j&#8217;avais choisi un avocat.<\/p>\n\n\n\n<p><a id=\"sonaar_ts-6927d60e3b7f1\" class=\"srmp3_sonaar_ts_shortcode\"  style=\"\" href=\"javascript:sonaar_ts_shortcode({ trackid:'0', time:'00:03:04', ts_id:'6927d60e3b7f1', play_icon:'' }) ;\">[00:03:04]<\/a> J&#8217;ai reconnu que non et que je n\u2019en avais pas besoin car je trouvais mon affaire tr\u00e8s simple. Il a souri en disant : \u00ab C&#8217;est un avis. Pourtant, la loi est l\u00e0. Si vous ne choisissez pas d&#8217;avocat, nous en choisirons un pour vous. \u00bb J&#8217;ai trouv\u00e9 \u00e7a tr\u00e8s pratique. Tout cela me semblait \u00eatre un jeu.<\/p>\n\n\n\n<p><a id=\"sonaar_ts-6927d60e3b7f5\" class=\"srmp3_sonaar_ts_shortcode\"  style=\"\" href=\"javascript:sonaar_ts_shortcode({ trackid:'0', time:'00:03:26', ts_id:'6927d60e3b7f5', play_icon:'' }) ;\">[00:03:26]<\/a> Le lendemain, un avocat est venu me voir \u00e0 la prison. Il m\u2019a dit que mon affaire \u00e9tait d\u00e9licate, mais qu\u2019il ne doutait pas du succ\u00e8s, si je lui faisais confiance. Je l&#8217;ai remerci\u00e9 et il m&#8217;a dit : \u00ab Entrons dans le vif du sujet. \u00bb<\/p>\n\n\n\n<p><a id=\"sonaar_ts-6927d60e3b7fa\" class=\"srmp3_sonaar_ts_shortcode\"  style=\"\" href=\"javascript:sonaar_ts_shortcode({ trackid:'0', time:'00:03:43', ts_id:'6927d60e3b7fa', play_icon:'' }) ;\">[00:03:43]<\/a> Il m&#8217;a expliqu\u00e9 qu&#8217;on avait pris des renseignements sur ma vie priv\u00e9e. On avait su que ma m\u00e8re \u00e9tait morte r\u00e9cemment \u00e0 l&#8217;asile et que \u00ab j&#8217;avais fait preuve d&#8217;insensibilit\u00e9 \u00bb le jour de l&#8217;enterrement de maman. \u00ab Vous comprenez, m&#8217;a dit mon avocat, \u00e7a me g\u00eane un peu de vous demander cela. Mais c&#8217;est tr\u00e8s important.<\/p>\n\n\n\n<p><a id=\"sonaar_ts-6927d60e3b7fe\" class=\"srmp3_sonaar_ts_shortcode\"  style=\"\" href=\"javascript:sonaar_ts_shortcode({ trackid:'0', time:'00:04:06', ts_id:'6927d60e3b7fe', play_icon:'' }) ;\">[00:04:06]<\/a> Et ce sera un gros argument pour l&#8217;accusation, si je ne trouve rien \u00e0 r\u00e9pondre. \u00bb Il voulait que je l&#8217;aide. Il m&#8217;a demand\u00e9 si j&#8217;avais \u00e9t\u00e9 triste ce jour-l\u00e0. Cette question m&#8217;a beaucoup \u00e9tonn\u00e9. J&#8217;ai r\u00e9pondu cependant que j&#8217;avais un peu perdu l&#8217;habitude de m&#8217;interroger et qu&#8217;il m&#8217;\u00e9tait difficile de r\u00e9pondre. Sans doute, j&#8217;aimais bien maman, mais cela ne voulait rien dire. Tous les \u00eatres sains avaient plus ou moins souhait\u00e9 la mort de ceux qu&#8217;ils aimaient. Ici, l&#8217;avocat m&#8217;a coup\u00e9 et a paru tr\u00e8s agit\u00e9. Il m&#8217;a fait promettre de ne pas dire cela pendant le proc\u00e8s.<\/p>\n\n\n\n<p><a id=\"sonaar_ts-6927d60e3b803\" class=\"srmp3_sonaar_ts_shortcode\"  style=\"\" href=\"javascript:sonaar_ts_shortcode({ trackid:'0', time:'00:04:50', ts_id:'6927d60e3b803', play_icon:'' }) ;\">[00:04:50]<\/a> Il a r\u00e9fl\u00e9chi. Il m&#8217;a demand\u00e9 s&#8217;il pouvait dire que ce jour-l\u00e0 j&#8217;avais domin\u00e9 mes sentiments naturels. Je lui ai dit : \u00ab Non, parce que c&#8217;est faux. \u00bb Il m&#8217;a regard\u00e9 d&#8217;une fa\u00e7on bizarre, comme si je lui inspirais un peu de d\u00e9go\u00fbt.<\/p>\n\n\n\n<p><a id=\"sonaar_ts-6927d60e3b808\" class=\"srmp3_sonaar_ts_shortcode\"  style=\"\" href=\"javascript:sonaar_ts_shortcode({ trackid:'0', time:'00:05:08', ts_id:'6927d60e3b808', play_icon:'' }) ;\">[00:05:08]<\/a> Il est parti avec un air f\u00e2ch\u00e9. J&#8217;aurais voulu le retenir, lui expliquer que j\u2019\u00e9tais comme tout le monde, absolument comme tout le monde. Mais tout cela, au fond, n&#8217;avait pas grande utilit\u00e9 et j&#8217;y ai renonc\u00e9 par paresse.<\/p>\n\n\n\n<p><a id=\"sonaar_ts-6927d60e3b80d\" class=\"srmp3_sonaar_ts_shortcode\"  style=\"\" href=\"javascript:sonaar_ts_shortcode({ trackid:'0', time:'00:05:26', ts_id:'6927d60e3b80d', play_icon:'' }) ;\">[00:05:26]<\/a> Peu de temps apr\u00e8s, j\u2019ai \u00e0 nouveau \u00e9t\u00e9 interrog\u00e9 par le juge d\u2019instruction. Mon avocat n\u2019avait pas pu venir, mais j\u2019ai dit que je pouvais r\u00e9pondre seul.<\/p>\n\n\n\n<p><a id=\"sonaar_ts-6927d60e3b811\" class=\"srmp3_sonaar_ts_shortcode\"  style=\"\" href=\"javascript:sonaar_ts_shortcode({ trackid:'0', time:'00:05:37', ts_id:'6927d60e3b811', play_icon:'' }) ;\">[00:05:37]<\/a> Alors le juge a d\u00e9clar\u00e9 : \u00ab Ce qui m&#8217;int\u00e9resse, c&#8217;est vous. \u00bb Je n&#8217;ai pas bien compris ce qu&#8217;il entendait par l\u00e0 et je n&#8217;ai rien r\u00e9pondu. \u00ab Il y a des choses, a-t-il ajout\u00e9, qui m&#8217;\u00e9chappent dans votre geste. Je suis s\u00fbr que vous allez m&#8217;aider \u00e0 les comprendre. \u00bb J&#8217;ai dit que tout \u00e9tait tr\u00e8s simple. Il m&#8217;a demand\u00e9 de lui raconter \u00e0 nouveau la journ\u00e9e o\u00f9 j\u2019ai commis mon crime.<\/p>\n\n\n\n<p><a id=\"sonaar_ts-6927d60e3b815\" class=\"srmp3_sonaar_ts_shortcode\"  style=\"\" href=\"javascript:sonaar_ts_shortcode({ trackid:'0', time:'00:06:07', ts_id:'6927d60e3b815', play_icon:'' }) ;\">[00:06:07]<\/a> Je lui ai tout r\u00e9p\u00e9t\u00e9 : Raymond, la plage, la dispute, encore la plage, le soleil et les cinq coups de revolver. Apr\u00e8s un silence, il s&#8217;est lev\u00e9 et m&#8217;a dit qu&#8217;il voulait m&#8217;aider, que je l&#8217;int\u00e9ressais et qu&#8217;avec l&#8217;aide de Dieu, il ferait quelque chose pour moi.<\/p>\n\n\n\n<p><a id=\"sonaar_ts-6927d60e3b81a\" class=\"srmp3_sonaar_ts_shortcode\"  style=\"\" href=\"javascript:sonaar_ts_shortcode({ trackid:'0', time:'00:06:28', ts_id:'6927d60e3b81a', play_icon:'' }) ;\">[00:06:28]<\/a> Mais avant, il voulait me poser encore quelques questions. Sans transition, il m&#8217;a demand\u00e9 si j&#8217;aimais maman. J&#8217;ai dit : \u00ab Oui, comme tout le monde \u00bb.<\/p>\n\n\n\n<p><a id=\"sonaar_ts-6927d60e3b81f\" class=\"srmp3_sonaar_ts_shortcode\"  style=\"\" href=\"javascript:sonaar_ts_shortcode({ trackid:'0', time:'00:06:41', ts_id:'6927d60e3b81f', play_icon:'' }) ;\">[00:06:41]<\/a> Toujours sans logique apparente, le juge m&#8217;a alors demand\u00e9 si j&#8217;avais tir\u00e9 les cinq coups de revolver \u00e0 la suite. J&#8217;ai r\u00e9fl\u00e9chi et pr\u00e9cis\u00e9 que j&#8217;avais tir\u00e9 une seule fois d&#8217;abord et, apr\u00e8s quelques secondes, les quatre autres coups. \u00ab Pourquoi avez-vous attendu entre le premier et le second coup ? \u00bb a-t-il alors demand\u00e9. Je n&#8217;ai rien r\u00e9pondu.<\/p>\n\n\n\n<p><a id=\"sonaar_ts-6927d60e3b823\" class=\"srmp3_sonaar_ts_shortcode\"  style=\"\" href=\"javascript:sonaar_ts_shortcode({ trackid:'0', time:'00:07:09', ts_id:'6927d60e3b823', play_icon:'' }) ;\">[00:07:09]<\/a> \u00ab Pourquoi, pourquoi avez-vous tir\u00e9 sur un corps \u00e0 terre ? \u00bb L\u00e0 encore, je n&#8217;ai pas su r\u00e9pondre. \u00ab Pourquoi ? Il faut que vous me le disiez. Pourquoi ? \u00bb Je me taisais toujours.<\/p>\n\n\n\n<p><a id=\"sonaar_ts-6927d60e3b828\" class=\"srmp3_sonaar_ts_shortcode\"  style=\"\" href=\"javascript:sonaar_ts_shortcode({ trackid:'0', time:'00:07:24', ts_id:'6927d60e3b828', play_icon:'' }) ;\">[00:07:24]<\/a> Alors le juge a pris un crucifix dans son bureau et il l\u2019a brandi face \u00e0 moi. Il m&#8217;a dit tr\u00e8s vite et d&#8217;une fa\u00e7on passionn\u00e9e que lui croyait en Dieu, que sa conviction \u00e9tait qu&#8217;aucun homme n&#8217;\u00e9tait assez coupable pour que Dieu ne lui pardonne pas, mais qu&#8217;il fallait pour cela que l&#8217;homme reconnaisse sa faute. Il me faisait un peu peur. Il m\u2019a demand\u00e9 si je croyais en Dieu. J&#8217;ai r\u00e9pondu que non. Le juge a eu l\u2019air tr\u00e8s d\u00e9\u00e7u et fatigu\u00e9. Il m\u2019a demand\u00e9 si je regrettais mon acte, et j\u2019ai dit que j&#8217;\u00e9prouvais plut\u00f4t un certain ennui. J&#8217;ai eu l&#8217;impression qu&#8217;il ne me comprenait pas.<\/p>\n\n\n\n<p><a id=\"sonaar_ts-6927d60e3b82c\" class=\"srmp3_sonaar_ts_shortcode\"  style=\"\" href=\"javascript:sonaar_ts_shortcode({ trackid:'0', time:'00:08:12', ts_id:'6927d60e3b82c', play_icon:'' }) ;\">[00:08:12]<\/a> Par la suite, j&#8217;ai souvent revu le juge d&#8217;instruction. Mais j&#8217;\u00e9tais accompagn\u00e9 de mon avocat \u00e0 chaque fois. On ne s\u2019occupait pas vraiment de moi, on me demandait juste de pr\u00e9ciser certains points de mes d\u00e9clarations pr\u00e9c\u00e9dentes.<\/p>\n\n\n\n<p><a id=\"sonaar_ts-6927d60e3b831\" class=\"srmp3_sonaar_ts_shortcode\"  style=\"\" href=\"javascript:sonaar_ts_shortcode({ trackid:'0', time:'00:08:28', ts_id:'6927d60e3b831', play_icon:'' }) ;\">[00:08:28]<\/a> Personne n\u2019\u00e9tait m\u00e9chant avec moi, tout semblait naturel et bien r\u00e9gl\u00e9. J\u2019avais l\u2019impression ridicule de \u00ab faire partie de la famille \u00bb.<\/p>\n\n\n\n<p><a id=\"sonaar_ts-6927d60e3b836\" class=\"srmp3_sonaar_ts_shortcode\"  style=\"\" href=\"javascript:sonaar_ts_shortcode({ trackid:'0', time:'00:08:39', ts_id:'6927d60e3b836', play_icon:'' }) ;\">[00:08:39]<\/a> En prison, j\u2019ai d\u2019abord \u00e9t\u00e9 avec d\u2019autres d\u00e9tenus, puis on m\u2019a mis seul dans une cellule. Un jour, on m\u2019a annonc\u00e9 que j\u2019avais une visite. J\u2019ai pens\u00e9 que c\u2019\u00e9tait Marie et oui, c\u2019\u00e9tait bien elle. Nous nous sommes retrouv\u00e9s au parloir. Il y avait beaucoup de d\u00e9tenus et leur famille. Tout le monde parlait tr\u00e8s fort. Marie m\u2019a demand\u00e9 si j\u2019\u00e9tais bien et si j\u2019avais tout ce que je voulais, j\u2019ai r\u00e9pondu que oui.<\/p>\n\n\n\n<p><a id=\"sonaar_ts-6927d60e3b83a\" class=\"srmp3_sonaar_ts_shortcode\"  style=\"\" href=\"javascript:sonaar_ts_shortcode({ trackid:'0', time:'00:09:11', ts_id:'6927d60e3b83a', play_icon:'' }) ;\">[00:09:11]<\/a> Elle m\u2019a dit qu\u2019il fallait esp\u00e9rer, que je serais lib\u00e9r\u00e9 et qu\u2019on se marierait. J&#8217;ai r\u00e9pondu : \u00ab Tu crois ? \u00bb. Mais c\u2019\u00e9tait difficile de l\u2019entendre \u00e0 cause des autres conversations autour de nous. Au bout d\u2019un moment, des gardiens sont venus me chercher pour me ramener dans ma cellule. J\u2019ai regard\u00e9 Marie une derni\u00e8re fois ; elle souriait mais elle avait l\u2019air tendue.<\/p>\n\n\n\n<p><a id=\"sonaar_ts-6927d60e3b84a\" class=\"srmp3_sonaar_ts_shortcode\"  style=\"\" href=\"javascript:sonaar_ts_shortcode({ trackid:'0', time:'00:09:38', ts_id:'6927d60e3b84a', play_icon:'' }) ;\">[00:09:38]<\/a> Pour moi, le plus difficile en prison, c\u2019est que j\u2019avais des pens\u00e9es d\u2019homme libre.<\/p>\n\n\n\n<p><a id=\"sonaar_ts-6927d60e3b84f\" class=\"srmp3_sonaar_ts_shortcode\"  style=\"\" href=\"javascript:sonaar_ts_shortcode({ trackid:'0', time:'00:09:44', ts_id:'6927d60e3b84f', play_icon:'' }) ;\">[00:09:44]<\/a> Par exemple, j\u2019avais envie d\u2019aller \u00e0 la plage ou de fumer des cigarettes. Je pensais aussi beaucoup aux femmes. Pas \u00e0 Marie ni \u00e0 une femme en particulier, mais \u00e0 toutes les femmes avec lesquelles j\u2019avais couch\u00e9.<\/p>\n\n\n\n<p><a id=\"sonaar_ts-6927d60e3b853\" class=\"srmp3_sonaar_ts_shortcode\"  style=\"\" href=\"javascript:sonaar_ts_shortcode({ trackid:'0', time:'00:10:01', ts_id:'6927d60e3b853', play_icon:'' }) ;\">[00:10:01]<\/a> Petit \u00e0 petit, je me suis habitu\u00e9 \u00e0 la vie en prison. J\u2019attendais la promenade quotidienne ou la visite de mon avocat. J\u2019ai pens\u00e9 que finalement, on pouvait s\u2019habituer \u00e0 tout.<\/p>\n\n\n\n<p><a id=\"sonaar_ts-6927d60e3b857\" class=\"srmp3_sonaar_ts_shortcode\"  style=\"\" href=\"javascript:sonaar_ts_shortcode({ trackid:'0', time:'00:10:14', ts_id:'6927d60e3b857', play_icon:'' }) ;\">[00:10:14]<\/a> En fait, je n&#8217;\u00e9tais pas trop malheureux. Toute la question, encore une fois, \u00e9tait de tuer le temps. Je passais mon temps \u00e0 me souvenir de mon ancienne vie et \u00e0 dormir. Je dormais de seize \u00e0 dix-huit heures par jour. C\u2019\u00e9tait la m\u00eame journ\u00e9e qui se r\u00e9p\u00e9tait encore et encore. Ainsi, le temps a pass\u00e9.<\/p>\n\n\n\n<p><a id=\"sonaar_ts-6927d60e3b85c\" class=\"srmp3_sonaar_ts_shortcode\"  style=\"\" href=\"javascript:sonaar_ts_shortcode({ trackid:'0', time:'00:10:48', ts_id:'6927d60e3b85c', play_icon:'' }) ;\">[00:10:48]<\/a> Apr\u00e8s onze mois d\u2019instruction, mon proc\u00e8s est arriv\u00e9. \u00c7a m\u2019int\u00e9ressait de voir un proc\u00e8s, je n\u2019avais jamais eu l\u2019occasion d\u2019en voir dans ma vie.<\/p>\n\n\n\n<p><a id=\"sonaar_ts-6927d60e3b860\" class=\"srmp3_sonaar_ts_shortcode\"  style=\"\" href=\"javascript:sonaar_ts_shortcode({ trackid:'0', time:'00:10:59', ts_id:'6927d60e3b860', play_icon:'' }) ;\">[00:10:59]<\/a> La salle \u00e9tait remplie. J\u2019ai vu les jur\u00e9s assis en face de moi qui m\u2019observaient. Il y avait aussi beaucoup de journalistes. Tout le monde se parlait comme dans un club o\u00f9 l\u2019on est heureux de se retrouver. J\u2019avais l\u2019impression d\u2019 \u00eatre de trop, comme un intrus.<\/p>\n\n\n\n<p><a id=\"sonaar_ts-6927d60e3b864\" class=\"srmp3_sonaar_ts_shortcode\"  style=\"\" href=\"javascript:sonaar_ts_shortcode({ trackid:'0', time:'00:11:18', ts_id:'6927d60e3b864', play_icon:'' }) ;\">[00:11:18]<\/a> Mon avocat est arriv\u00e9. Il est all\u00e9 vers les journalistes, a serr\u00e9 des mains. Ils ont plaisant\u00e9, ri et avaient l&#8217;air tout \u00e0 fait \u00e0 l\u2019aise.<\/p>\n\n\n\n<p><a id=\"sonaar_ts-6927d60e3b869\" class=\"srmp3_sonaar_ts_shortcode\"  style=\"\" href=\"javascript:sonaar_ts_shortcode({ trackid:'0', time:'00:11:29', ts_id:'6927d60e3b869', play_icon:'' }) ;\">[00:11:29]<\/a> Les trois juges sont entr\u00e9s et le proc\u00e8s a commenc\u00e9. Comme je ne connaissais pas les r\u00e8gles d\u2019un proc\u00e8s, je n&#8217;ai pas tr\u00e8s bien compris tout ce qui s&#8217;est pass\u00e9 ensuite.<\/p>\n\n\n\n<p><a id=\"sonaar_ts-6927d60e3b86d\" class=\"srmp3_sonaar_ts_shortcode\"  style=\"\" href=\"javascript:sonaar_ts_shortcode({ trackid:'0', time:'00:11:40', ts_id:'6927d60e3b86d', play_icon:'' }) ;\">[00:11:40]<\/a> Le pr\u00e9sident m\u2019a questionn\u00e9 avec calme. Il a racont\u00e9 ce qui s\u2019\u00e9tait pass\u00e9 le jour de l\u2019incident en me demandant de confirmer les faits. C\u2019\u00e9tait assez long car il racontait \u00e7a avec beaucoup de d\u00e9tails.<\/p>\n\n\n\n<p><a id=\"sonaar_ts-6927d60e3b871\" class=\"srmp3_sonaar_ts_shortcode\"  style=\"\" href=\"javascript:sonaar_ts_shortcode({ trackid:'0', time:'00:11:57', ts_id:'6927d60e3b871', play_icon:'' }) ;\">[00:11:57]<\/a> Ensuite, il m\u2019a pos\u00e9 des questions sur maman. Il m&#8217;a demand\u00e9 pourquoi je l\u2019avais mise \u00e0 l&#8217;asile. J&#8217;ai r\u00e9pondu que c&#8217;\u00e9tait parce que je manquais d&#8217;argent pour la faire garder et soigner. Il m&#8217;a demand\u00e9 si cela avait \u00e9t\u00e9 difficile et j&#8217;ai r\u00e9pondu que ni maman ni moi n&#8217;attendions plus rien l&#8217;un de l&#8217;autre, et que nous nous \u00e9tions habitu\u00e9s \u00e0 nos nouvelles vies. Le pr\u00e9sident a dit alors qu&#8217;il ne voulait pas insister sur ce point et il a demand\u00e9 au procureur s&#8217;il ne voyait pas d&#8217;autre question \u00e0 me poser. Celui-ci a dit qu\u2019il voulait savoir si j\u2019\u00e9tais retourn\u00e9 sur la plage avec l\u2019intention de tuer l\u2019Arabe. J\u2019ai r\u00e9pondu que non et que c\u2019\u00e9tait simplement le hasard. Le proc\u00e8s s\u2019est interrompu pour le d\u00e9jeuner.<\/p>\n\n\n\n<p><a id=\"sonaar_ts-6927d60e3b87a\" class=\"srmp3_sonaar_ts_shortcode\"  style=\"\" href=\"javascript:sonaar_ts_shortcode({ trackid:'0', time:'00:12:54', ts_id:'6927d60e3b87a', play_icon:'' }) ;\">[00:12:54]<\/a> L\u2019apr\u00e8s-midi, tout a recommenc\u00e9 avec l\u2019audition des t\u00e9moins. C\u2019est d\u2019abord le directeur de l\u2019asile de maman qui a \u00e9t\u00e9 interrog\u00e9. Il a dit qu\u2019il avait \u00e9t\u00e9 surpris de mon calme le jour de l\u2019enterrement, que je n\u2019avais pas voulu voir maman et que je n\u2019avais pas pleur\u00e9 une seule fois. J\u2019ai senti tous les regards se poser sur moi. Pour la premi\u00e8re fois depuis des ann\u00e9es, j&#8217;ai eu une envie stupide de pleurer parce que j&#8217;ai senti combien j&#8217;\u00e9tais d\u00e9test\u00e9 par tous ces gens-l\u00e0. Pour la premi\u00e8re fois, j&#8217;ai compris que j&#8217;\u00e9tais coupable.<\/p>\n\n\n\n<p><a id=\"sonaar_ts-6927d60e3b87e\" class=\"srmp3_sonaar_ts_shortcode\"  style=\"\" href=\"javascript:sonaar_ts_shortcode({ trackid:'0', time:'00:13:34', ts_id:'6927d60e3b87e', play_icon:'' }) ;\">[00:13:34]<\/a> Ensuite, on a fait venir les t\u00e9moins cit\u00e9s par la d\u00e9fense. La d\u00e9fense, c\u2019\u00e9tait moi. D\u2019abord C\u00e9leste, le patron du restaurant. On lui a demand\u00e9 si j&#8217;\u00e9tais son client et il a dit : \u00ab Oui, mais c&#8217;\u00e9tait aussi un ami \u00bb. On lui a demand\u00e9 encore ce qu&#8217;il pensait de mon crime. Il a dit : \u00ab Pour moi, c&#8217;est un malheur. Un malheur, tout le monde sait ce que c&#8217;est. \u00c7a vous laisse sans d\u00e9fense. Eh bien ! pour moi c&#8217;est un malheur. \u00bb Il allait continuer, mais le pr\u00e9sident lui a dit que c&#8217;\u00e9tait bien et qu&#8217;on le remerciait. C\u00e9leste s&#8217;est alors retourn\u00e9 vers moi. Il avait l&#8217;air de me demander ce qu&#8217;il pouvait encore faire. Moi, je n&#8217;ai rien dit, je n&#8217;ai fait aucun geste, mais c&#8217;est la premi\u00e8re fois de ma vie que j&#8217;ai eu envie d&#8217;embrasser un homme.<\/p>\n\n\n\n<p><a id=\"sonaar_ts-6927d60e3b883\" class=\"srmp3_sonaar_ts_shortcode\"  style=\"\" href=\"javascript:sonaar_ts_shortcode({ trackid:'0', time:'00:14:33', ts_id:'6927d60e3b883', play_icon:'' }) ;\">[00:14:33]<\/a> C\u2019\u00e9tait ensuite au tour de Marie. Elle semblait tr\u00e8s nerveuse. Tout de suite, on lui a demand\u00e9 depuis quand elle me connaissait. Elle a indiqu\u00e9 l&#8217;\u00e9poque o\u00f9 elle travaillait chez nous. Apr\u00e8s le procureur lui a demand\u00e9 quand avait commenc\u00e9 notre liaison. Elle a indiqu\u00e9 la date. Le procureur a remarqu\u00e9 c&#8217;\u00e9tait le lendemain de la mort de maman. Puis il a demand\u00e9 \u00e0 Marie de r\u00e9sumer cette journ\u00e9e o\u00f9 je l&#8217;avais connue. Marie ne voulait pas parler, mais devant l&#8217;insistance du procureur, elle a parl\u00e9 de notre apr\u00e8s-midi \u00e0 la plage, de la com\u00e9die que nous avions vue au cin\u00e9ma et de la nuit chez moi.<\/p>\n\n\n\n<p><a id=\"sonaar_ts-6927d60e3b887\" class=\"srmp3_sonaar_ts_shortcode\"  style=\"\" href=\"javascript:sonaar_ts_shortcode({ trackid:'0', time:'00:15:19', ts_id:'6927d60e3b887', play_icon:'' }) ;\">[00:15:19]<\/a> Quand elle a fini, le silence \u00e9tait complet dans la salle. Le procureur s&#8217;est alors lev\u00e9, et, le doigt tendu vers moi, il a articul\u00e9 lentement : \u00ab Messieurs les jur\u00e9s, le lendemain de la mort de sa m\u00e8re, cet homme allait \u00e0 la plage, commen\u00e7ait une liaison irr\u00e9guli\u00e8re, et allait rire devant un film comique. Je n&#8217;ai rien de plus \u00e0 vous dire. \u00bb Il s&#8217;est assis, toujours dans le silence. Mais, tout d&#8217;un coup, Marie a commenc\u00e9 \u00e0 pleurer, elle a dit que ce n&#8217;\u00e9tait pas cela, qu&#8217;il y avait autre chose, qu&#8217;on la for\u00e7ait \u00e0 dire le contraire de ce qu&#8217;elle pensait, qu&#8217;elle me connaissait bien et que je n&#8217;avais rien fait de mal. Mais on l\u2019a faite sortir de la salle et l\u2019audience a continu\u00e9.<\/p>\n\n\n\n<p><a id=\"sonaar_ts-6927d60e3b890\" class=\"srmp3_sonaar_ts_shortcode\"  style=\"\" href=\"javascript:sonaar_ts_shortcode({ trackid:'0', time:'00:16:20', ts_id:'6927d60e3b890', play_icon:'' }) ;\">[00:16:20]<\/a> Puis est venu le tour de Raymond, qui \u00e9tait le dernier t\u00e9moin. Le procureur lui a demand\u00e9 pourquoi la lettre qui \u00e9tait \u00e0 l\u2019origine du drame avait \u00e9t\u00e9 \u00e9crite par moi, pourquoi j\u2019avais t\u00e9moign\u00e9 en sa faveur au commissariat, et pourquoi j\u2019\u00e9tais sur la plage le jour du crime. Raymond a r\u00e9pondu que tout cela \u00e9tait le r\u00e9sultat du hasard. Mais le juge a dit que cela faisait beaucoup de hasards.<\/p>\n\n\n\n<p><a id=\"sonaar_ts-6927d60e3b894\" class=\"srmp3_sonaar_ts_shortcode\"  style=\"\" href=\"javascript:sonaar_ts_shortcode({ trackid:'0', time:'00:16:52', ts_id:'6927d60e3b894', play_icon:'' }) ;\">[00:16:52]<\/a> Le procureur s&#8217;est alors retourn\u00e9 vers le jury et a d\u00e9clar\u00e9 : \u00ab Le m\u00eame homme qui au lendemain de la mort de sa m\u00e8re commen\u00e7ait une relation sentimentale, a tu\u00e9 un homme pour aider son ami prox\u00e9n\u00e8te.\u00bb<\/p>\n\n\n\n<p><a id=\"sonaar_ts-6927d60e3b898\" class=\"srmp3_sonaar_ts_shortcode\"  style=\"\" href=\"javascript:sonaar_ts_shortcode({ trackid:'0', time:'00:17:08', ts_id:'6927d60e3b898', play_icon:'' }) ;\">[00:17:08]<\/a> Mais mon avocat, \u00e0 bout de patience, s&#8217;est \u00e9cri\u00e9 : \u00ab Enfin, est-il accus\u00e9 d&#8217;avoir enterr\u00e9 sa m\u00e8re ou d&#8217;avoir tu\u00e9 un homme ? \u00bb Le public a ri.<\/p>\n\n\n\n<p><a id=\"sonaar_ts-6927d60e3b89d\" class=\"srmp3_sonaar_ts_shortcode\"  style=\"\" href=\"javascript:sonaar_ts_shortcode({ trackid:'0', time:'00:17:21', ts_id:'6927d60e3b89d', play_icon:'' }) ;\">[00:17:21]<\/a> Alors le procureur lui a r\u00e9pondu avec force : \u00ab Oui, j&#8217;accuse cet homme d&#8217;avoir enterr\u00e9 une m\u00e8re avec un c\u0153ur de criminel. \u00bb Cette d\u00e9claration a sembl\u00e9 faire un effet consid\u00e9rable sur le public. J&#8217;ai compris que les choses n&#8217;allaient pas bien pour moi. L&#8217;audience a \u00e9t\u00e9 lev\u00e9e.<\/p>\n\n\n\n<p><a id=\"sonaar_ts-6927d60e3b8a1\" class=\"srmp3_sonaar_ts_shortcode\"  style=\"\" href=\"javascript:sonaar_ts_shortcode({ trackid:'0', time:'00:17:45', ts_id:'6927d60e3b8a1', play_icon:'' }) ;\">[00:17:45]<\/a> M\u00eame sur un banc d&#8217;accus\u00e9, il est toujours int\u00e9ressant d&#8217;entendre parler de soi. Pendant les plaidoiries du procureur et de mon avocat, je peux dire qu&#8217;on a beaucoup parl\u00e9 de moi et peut-\u00eatre plus de moi que de mon crime. J&#8217;\u00e9tais parfois tent\u00e9 d&#8217;intervenir et mon avocat me disait alors : \u00ab Taisez-vous, cela vaut mieux pour votre affaire. \u00bb On avait l&#8217;air de traiter cette affaire sans moi. De temps en temps, j&#8217;avais envie d&#8217;interrompre tout le monde et de dire : \u00ab Mais tout de m\u00eame, qui est l&#8217;accus\u00e9 ? C&#8217;est important d&#8217;\u00eatre l&#8217;accus\u00e9. Et j&#8217;ai quelque chose \u00e0 dire ! \u00bb Mais apr\u00e8s tout, je n\u2019avais rien \u00e0 dire.<\/p>\n\n\n\n<p><a id=\"sonaar_ts-6927d60e3b8a6\" class=\"srmp3_sonaar_ts_shortcode\"  style=\"\" href=\"javascript:sonaar_ts_shortcode({ trackid:'0', time:'00:19:31', ts_id:'6927d60e3b8a6', play_icon:'' }) ;\">[00:18:31]<\/a> Le procureur a voulu d\u00e9montrer que mon acte \u00e9tait un crime pr\u00e9m\u00e9dit\u00e9. Il a racont\u00e9 tous les \u00e9v\u00e8nements avec une certaine logique. C\u2019est vrai que sa version \u00e9tait assez claire et plausible. Ensuite, il a demand\u00e9 aux jur\u00e9s : \u00ab Cet homme a-t-il seulement exprim\u00e9 des regrets ? Jamais, Messieurs. Pas une seule fois au cours de l&#8217;instruction cet homme n&#8217;a sembl\u00e9 \u00e9mu de son crime. \u00bb<\/p>\n\n\n\n<p><a id=\"sonaar_ts-6927d60e3b8aa\" class=\"srmp3_sonaar_ts_shortcode\"  style=\"\" href=\"javascript:sonaar_ts_shortcode({ trackid:'0', time:'00:19:01', ts_id:'6927d60e3b8aa', play_icon:'' }) ;\">[00:19:01]<\/a> Il avait raison, je ne regrettais pas beaucoup mon acte. Mais je ne comprenais pas pourquoi il s\u2019acharnait tellement sur moi. Il a ensuite d\u00e9clar\u00e9 que je n\u2019avais pas d\u2019\u00e2me ni de morale, et que je n&#8217;avais rien \u00e0 faire avec une soci\u00e9t\u00e9 dont j\u2019ignorais les r\u00e8gles les plus essentielles. Il a fini sa plaidoirie en disant : \u00ab Je vous demande la t\u00eate de cet homme monstrueux. \u00bb<\/p>\n\n\n\n<p><a id=\"sonaar_ts-6927d60e3b8b4\" class=\"srmp3_sonaar_ts_shortcode\"  style=\"\" href=\"javascript:sonaar_ts_shortcode({ trackid:'0', time:'00:19:31', ts_id:'6927d60e3b8b4', play_icon:'' }) ;\">[00:19:31]<\/a> Quand le procureur s&#8217;est rassis, il y a eu un moment de silence assez long. Le pr\u00e9sident m&#8217;a demand\u00e9 si je n&#8217;avais rien \u00e0 ajouter. Je me suis lev\u00e9 et comme j&#8217;avais envie de parler, j&#8217;ai dit, un peu au hasard d&#8217;ailleurs, que je n&#8217;avais pas eu l&#8217;intention de tuer l&#8217;Arabe, que l\u2019incident \u00e9tait arriv\u00e9 \u00e0 cause du soleil.<\/p>\n\n\n\n<p><a id=\"sonaar_ts-6927d60e3b8b9\" class=\"srmp3_sonaar_ts_shortcode\"  style=\"\" href=\"javascript:sonaar_ts_shortcode({ trackid:'0', time:'00:19:53', ts_id:'6927d60e3b8b9', play_icon:'' }) ;\">[00:19:53]<\/a> Je me suis rendu compte de mon ridicule en entendant les rires dans la salle.<\/p>\n\n\n\n<p><a id=\"sonaar_ts-6927d60e3b8bd\" class=\"srmp3_sonaar_ts_shortcode\"  style=\"\" href=\"javascript:sonaar_ts_shortcode({ trackid:'0', time:'00:20:00', ts_id:'6927d60e3b8bd', play_icon:'' }) ;\">[00:20:00]<\/a> L\u2019audience a \u00e9t\u00e9 interrompue jusqu\u2019\u00e0 l\u2019apr\u00e8s-midi, puis mon avocat a commenc\u00e9 sa plaidoirie. Elle semblait interminable. Il a dit que j&#8217;\u00e9tais un honn\u00eate homme, un travailleur r\u00e9gulier, fid\u00e8le \u00e0 son entreprise. Pour lui, j&#8217;\u00e9tais un fils mod\u00e8le qui avait soutenu sa m\u00e8re aussi longtemps qu&#8217;il l&#8217;avait pu. Ensuite, la s\u00e9ance s\u2019est interrompue pour que les jur\u00e9s prennent leur d\u00e9cision et on m\u2019a fait sortir de la salle. Mon avocat m\u2019a dit qu\u2019il \u00e9tait confiant. Apr\u00e8s 45 minutes, on m\u2019a \u00e0 nouveau fait entrer dans la salle pour m\u2019annoncer ma sentence. Le pr\u00e9sident a dit : \u00ab vous aurez la t\u00eate coup\u00e9e sur une place publique au nom du peuple fran\u00e7ais. \u00bb Puis il m&#8217;a demand\u00e9 si j\u2019avais quelque chose \u00e0 ajouter. J&#8217;ai r\u00e9fl\u00e9chi. J&#8217;ai dit : \u00ab Non. \u00bb C&#8217;est alors qu&#8217;on m&#8217;a emmen\u00e9.<\/p>\n\n\n\n<p><a id=\"sonaar_ts-6927d60e3b8c1\" class=\"srmp3_sonaar_ts_shortcode\"  style=\"\" href=\"javascript:sonaar_ts_shortcode({ trackid:'0', time:'00:21:13', ts_id:'6927d60e3b8c1', play_icon:'' }) ;\">[00:21:13]<\/a> Dans ma cellule, je me demandais comment se passerait mon ex\u00e9cution. Je me demandais aussi si des condamn\u00e9s avaient d\u00e9j\u00e0 r\u00e9ussi \u00e0 s\u2019\u00e9chapper. Au moins une fois ! Dans un sens, je crois que cela m&#8217;aurait suffi. Mon c\u0153ur aurait imagin\u00e9 le reste.<\/p>\n\n\n\n<p><a id=\"sonaar_ts-6927d60e3b8c5\" class=\"srmp3_sonaar_ts_shortcode\"  style=\"\" href=\"javascript:sonaar_ts_shortcode({ trackid:'0', time:'00:21:32', ts_id:'6927d60e3b8c5', play_icon:'' }) ;\">[00:21:32]<\/a> Tout cela me semblait ridicule. La sentence aurait pu \u00eatre compl\u00e8tement diff\u00e9rente. Mais j\u2019\u00e9tais oblig\u00e9 de reconna\u00eetre que d\u00e8s la seconde o\u00f9 elle avait \u00e9t\u00e9 prononc\u00e9e, ses effets devenaient certains. J\u2019imaginais le moment o\u00f9 ils viendraient me chercher. J\u2019essayais de ne pas y penser, mais c\u2019\u00e9tait plus fort que moi.<\/p>\n\n\n\n<p><a id=\"sonaar_ts-6927d60e3b8ca\" class=\"srmp3_sonaar_ts_shortcode\"  style=\"\" href=\"javascript:sonaar_ts_shortcode({ trackid:'0', time:'00:21:55', ts_id:'6927d60e3b8ca', play_icon:'' }) ;\">[00:21:55]<\/a> Un pr\u00eatre est venu me rendre visite. Je lui ai dit que je ne croyais pas en Dieu.<\/p>\n\n\n\n<p><a id=\"sonaar_ts-6927d60e3b8cf\" class=\"srmp3_sonaar_ts_shortcode\"  style=\"\" href=\"javascript:sonaar_ts_shortcode({ trackid:'0', time:'00:22:01', ts_id:'6927d60e3b8cf', play_icon:'' }) ;\">[00:22:01]<\/a> Il a voulu savoir si j&#8217;en \u00e9tais bien s\u00fbr et j&#8217;ai dit que cela me paraissait une question sans importance. Je lui ai dit que \u00e7a ne m\u2019int\u00e9ressait pas.<\/p>\n\n\n\n<p><a id=\"sonaar_ts-6927d60e3b8d4\" class=\"srmp3_sonaar_ts_shortcode\"  style=\"\" href=\"javascript:sonaar_ts_shortcode({ trackid:'0', time:'00:22:13', ts_id:'6927d60e3b8d4', play_icon:'' }) ;\">[00:22:13]<\/a> Il m&#8217;a demand\u00e9 si je parlais comme \u00e7a \u00e0 cause du d\u00e9sespoir. Je lui ai expliqu\u00e9 que je n&#8217;\u00e9tais pas d\u00e9sesp\u00e9r\u00e9. J&#8217;avais seulement peur, c&#8217;\u00e9tait bien naturel. \u00ab Dieu peut vous aider, a-t-il remarqu\u00e9. Tous ceux que j&#8217;ai connus dans votre cas se sont tourn\u00e9s vers lui. \u00bb J&#8217;ai reconnu que c&#8217;\u00e9tait leur droit. Mais moi, je ne voulais pas qu&#8217;on m\u2019aide et je n\u2019avais pas le temps de m\u2019int\u00e9resser \u00e0 ces questions.<\/p>\n\n\n\n<p><a id=\"sonaar_ts-6927d60e3b8d9\" class=\"srmp3_sonaar_ts_shortcode\"  style=\"\" href=\"javascript:sonaar_ts_shortcode({ trackid:'0', time:'00:22:43', ts_id:'6927d60e3b8d9', play_icon:'' }) ;\">[00:22:43]<\/a> Il a eu l\u2019air de s\u2019\u00e9nerver, il m\u2019a dit que s\u2019il me parlait comme \u00e7a, ce n&#8217;\u00e9tait pas parce que j&#8217;\u00e9tais condamn\u00e9 \u00e0 mort ; \u00e0 son avis, nous \u00e9tions tous condamn\u00e9s \u00e0 mort. Mais je l&#8217;ai interrompu en lui disant que ce n&#8217;\u00e9tait pas la m\u00eame chose et que, d&#8217;ailleurs, ce ne pouvait \u00eatre, en aucun cas, une consolation. \u00ab Certes, a-t-il approuv\u00e9. Mais vous mourrez plus tard si vous ne mourez pas aujourd&#8217;hui. La m\u00eame question se posera alors. Comment vivrez-vous cette terrible \u00e9preuve ? \u00bb J&#8217;ai r\u00e9pondu que je la vivrais exactement comme je la vivais en ce moment.<\/p>\n\n\n\n<p><a id=\"sonaar_ts-6927d60e3b8de\" class=\"srmp3_sonaar_ts_shortcode\"  style=\"\" href=\"javascript:sonaar_ts_shortcode({ trackid:'0', time:'00:23:25', ts_id:'6927d60e3b8de', play_icon:'' }) ;\">[00:23:25]<\/a> Alors le pr\u00eatre s&#8217;est lev\u00e9 et m&#8217;a regard\u00e9 droit dans les yeux. Il m\u2019a demand\u00e9 : \u00ab N&#8217;avez-vous donc aucun espoir et vivez-vous avec la pens\u00e9e que vous allez mourir? &#8211; Oui \u00bb, ai-je r\u00e9pondu.<\/p>\n\n\n\n<p><a id=\"sonaar_ts-6927d60e3b8e3\" class=\"srmp3_sonaar_ts_shortcode\"  style=\"\" href=\"javascript:sonaar_ts_shortcode({ trackid:'0', time:'00:23:41', ts_id:'6927d60e3b8e3', play_icon:'' }) ;\">[00:23:41]<\/a> J\u2019ai senti qu\u2019il commen\u00e7ait \u00e0 m\u2019ennuyer. Selon lui, la justice des hommes n&#8217;\u00e9tait rien et la justice de Dieu tout. J&#8217;ai r\u00e9pondu que c&#8217;\u00e9tait la premi\u00e8re qui m&#8217;avait condamn\u00e9. Il m&#8217;a r\u00e9pondu qu&#8217;elle n&#8217;avait pas, pour autant, lav\u00e9 mon p\u00e9ch\u00e9. Je lui ai dit que je ne savais pas ce qu&#8217;\u00e9tait un p\u00e9ch\u00e9. On m&#8217;avait seulement appris que j&#8217;\u00e9tais un coupable. J&#8217;\u00e9tais coupable, je payais, on ne pouvait rien me demander de plus. Il m\u2019a r\u00e9pondu que si, on pourrait me demander plus.<\/p>\n\n\n\n<p><a id=\"sonaar_ts-6927d60e3b8e8\" class=\"srmp3_sonaar_ts_shortcode\"  style=\"\" href=\"javascript:sonaar_ts_shortcode({ trackid:'0', time:'00:24:13', ts_id:'6927d60e3b8e8', play_icon:'' }) ;\">[00:24:13]<\/a> Le pr\u00eatre m&#8217;a regard\u00e9 avec une sorte de tristesse puis il a demand\u00e9 si je lui permettais de m&#8217;embrasser : \u00ab Non \u00bb, ai-je r\u00e9pondu. Je voulais lui demander de partir, mais il s\u2019est \u00e9cri\u00e9 : \u00ab Non, je ne peux pas vous croire. Je suis s\u00fbr qu&#8217;il vous est arriv\u00e9 de souhaiter une autre vie. \u00bb Je lui ai r\u00e9pondu que naturellement, mais cela n&#8217;avait pas plus d&#8217;importance que de souhaiter d&#8217;\u00eatre riche, de nager tr\u00e8s vite ou d\u2019\u00eatre plus beau. C&#8217;\u00e9tait du m\u00eame ordre. Mais lui m&#8217;a arr\u00eat\u00e9 et il voulait savoir comment je voyais cette autre vie. Alors, je lui ai cri\u00e9 : \u00ab Une vie o\u00f9 je pourrais me souvenir de celle-ci \u00bb, et aussit\u00f4t je lui ai dit que j&#8217;en avais assez. Il voulait encore me parler de Dieu, mais je me suis avanc\u00e9 vers lui et j&#8217;ai tent\u00e9 de lui expliquer une derni\u00e8re fois qu&#8217;il me restait peu de temps. Je ne voulais pas le perdre avec Dieu. Il a essay\u00e9 de changer de sujet en me demandant pourquoi je l&#8217;appelais \u00ab monsieur \u00bb et non pas \u00ab mon p\u00e8re \u00bb. Cela m&#8217;a \u00e9nerv\u00e9 je lui ai r\u00e9pondu qu&#8217;il n&#8217;\u00e9tait pas mon p\u00e8re : il \u00e9tait avec les autres.<\/p>\n\n\n\n<p><a id=\"sonaar_ts-6927d60e3b8ee\" class=\"srmp3_sonaar_ts_shortcode\"  style=\"\" href=\"javascript:sonaar_ts_shortcode({ trackid:'0', time:'00:25:34', ts_id:'6927d60e3b8ee', play_icon:'' }) ;\">[00:25:34]<\/a> \u00ab Non, mon fils, a-t-il dit en mettant la main sur mon \u00e9paule. Je suis avec vous. Mais vous ne pouvez pas le savoir parce que vous avez un c\u0153ur aveugle. Je prierai pour vous. \u00bb<\/p>\n\n\n\n<p><a id=\"sonaar_ts-6927d60e3b8f7\" class=\"srmp3_sonaar_ts_shortcode\"  style=\"\" href=\"javascript:sonaar_ts_shortcode({ trackid:'0', time:'00:25:47', ts_id:'6927d60e3b8f7', play_icon:'' }) ;\">[00:25:47]<\/a> Alors, je ne sais pas pourquoi, il y a quelque chose qui a explos\u00e9 en moi. Je me suis mis \u00e0 crier, je l&#8217;ai insult\u00e9 et je lui ai dit de ne pas prier. Je l\u2019ai attrap\u00e9 par le col. Il avait l&#8217;air si certain, n&#8217;est-ce pas ? Pourtant, aucune de ses certitudes ne valait un cheveu de femme. Il n&#8217;\u00e9tait m\u00eame pas s\u00fbr d&#8217;\u00eatre en vie puisqu&#8217;il vivait comme un mort. Moi, j&#8217;avais l&#8217;air d&#8217;avoir les mains vides. Mais j&#8217;\u00e9tais s\u00fbr de moi, s\u00fbr de tout, plus s\u00fbr que lui, s\u00fbr de ma vie et de cette mort qui allait venir. Oui, je n&#8217;avais que cela. Mais du moins, je tenais cette v\u00e9rit\u00e9 autant qu&#8217;elle me tenait. J&#8217;avais eu raison, j&#8217;avais encore raison, j&#8217;avais toujours raison. J&#8217;avais v\u00e9cu de telle fa\u00e7on et j&#8217;aurais pu vivre de telle autre. J&#8217;avais fait ceci et je n&#8217;avais pas fait cela. Je n&#8217;avais pas fait telle chose alors que j&#8217;avais fait cette autre. Et apr\u00e8s ? C&#8217;\u00e9tait comme si j&#8217;avais attendu pendant tout le temps cette minute. Rien, rien n&#8217;avait d&#8217;importance et je savais bien pourquoi. Lui aussi savait pourquoi. La mort des autres, l&#8217;amour d&#8217;une m\u00e8re, son Dieu, les vies qu&#8217;on choisit, tout cela n\u2019avait aucune importance. Comprenait-il, comprenait-il donc ?<\/p>\n\n\n\n<p><a id=\"sonaar_ts-6927d60e3b8fd\" class=\"srmp3_sonaar_ts_shortcode\"  style=\"\" href=\"javascript:sonaar_ts_shortcode({ trackid:'0', time:'00:27:17', ts_id:'6927d60e3b8fd', play_icon:'' }) ;\">[00:27:17]<\/a> Tout le monde \u00e9tait privil\u00e9gi\u00e9. Il n&#8217;y avait que des privil\u00e9gi\u00e9s. Les autres aussi, on les condamnerait un jour. Lui aussi, on le condamnerait. Des gardiens sont arriv\u00e9s pour nous s\u00e9parer et m\u2019ont menac\u00e9. Le pr\u00eatre les a calm\u00e9s et m&#8217;a regard\u00e9 un moment en silence. Il avait les yeux pleins de larmes. Il s&#8217;est retourn\u00e9 et il est parti.<\/p>\n\n\n\n<p><a id=\"sonaar_ts-6927d60e3b902\" class=\"srmp3_sonaar_ts_shortcode\"  style=\"\" href=\"javascript:sonaar_ts_shortcode({ trackid:'0', time:'00:27:45', ts_id:'6927d60e3b902', play_icon:'' }) ;\">[00:27:45]<\/a> J\u2019ai retrouv\u00e9 le calme. J\u2019\u00e9tais \u00e9puis\u00e9 et je me suis endormi. Puis j\u2019ai \u00e9t\u00e9 r\u00e9veill\u00e9 par des sir\u00e8nes. Elles annon\u00e7aient des d\u00e9parts pour un monde qui maintenant m&#8217;\u00e9tait \u00e0 jamais indiff\u00e9rent. Pour la premi\u00e8re fois depuis bien longtemps, j&#8217;ai pens\u00e9 \u00e0 maman. Elle avait essay\u00e9 de recommencer sa vie \u00e0 l\u2019asile. Personne, personne n&#8217;avait le droit de pleurer sur elle. Et moi aussi, je me suis senti pr\u00eat \u00e0 tout revivre. Comme si cette grande col\u00e8re m&#8217;avait purg\u00e9 du mal, vid\u00e9 d&#8217;espoir, devant cette nuit charg\u00e9e de signes et d&#8217;\u00e9toiles, je m&#8217;ouvrais pour la premi\u00e8re fois \u00e0 la tendre indiff\u00e9rence du monde. J&#8217;ai senti que j&#8217;avais \u00e9t\u00e9 heureux, et que je l&#8217;\u00e9tais encore. Pour que tout soit consomm\u00e9, pour que je me sente moins seul, il me restait \u00e0 souhaiter qu&#8217;il y ait beaucoup de spectateurs le jour de mon ex\u00e9cution et qu&#8217;ils m&#8217;accueillent avec des cris de haine.<\/p>\n\n\n\n<p><a id=\"sonaar_ts-6927d60e3b908\" class=\"srmp3_sonaar_ts_shortcode\"  style=\"\" href=\"javascript:sonaar_ts_shortcode({ trackid:'0', time:'00:28:56', ts_id:'6927d60e3b908', play_icon:'' }) ;\">[00:28:56]<\/a> Ainsi se termine L\u2019\u00c9tranger d\u2019Albert Camus. C\u2019est un livre essentiel si vous voulez comprendre sa philosophie. Pour Camus, la vie des individus, l&#8217;existence humaine en g\u00e9n\u00e9ral, n&#8217;ont pas de sens ni d\u2019ordre rationnel. Mais c\u2019est une chose difficile \u00e0 accepter pour nous et c\u2019est pour \u00e7a que nous essayons toujours de donner une signification \u00e0 nos actions, \u00e0 trouver un sens rationnel. Vous avez vu que le h\u00e9ros Meursault n\u2019est pas logique dans ses actes, comme sa d\u00e9cision de se marier ou celle de tuer l&#8217;Arabe. Cependant, la soci\u00e9t\u00e9, la justice, cherchent des explications rationnelles aux actions irrationnelles de Meursault. L&#8217;id\u00e9e que les choses se passent parfois sans raison fait peur \u00e0 la soci\u00e9t\u00e9, elle y voit une menace.<\/p>\n\n\n\n<p><a id=\"sonaar_ts-6927d60e3b919\" class=\"srmp3_sonaar_ts_shortcode\"  style=\"\" href=\"javascript:sonaar_ts_shortcode({ trackid:'0', time:'00:29:53', ts_id:'6927d60e3b919', play_icon:'' }) ;\">[00:29:53]<\/a> Personnellement, je ne sais pas si Camus a raison, si notre existence est totalement absurde. Mais c\u2019est vrai qu\u2019il est plus rassurant de lui donner un sens.<\/p>\n\n\n\n<p><a id=\"sonaar_ts-6927d60e3b920\" class=\"srmp3_sonaar_ts_shortcode\"  style=\"\" href=\"javascript:sonaar_ts_shortcode({ trackid:'0', time:'00:30:04', ts_id:'6927d60e3b920', play_icon:'' }) ;\">[00:30:04]<\/a> Je vous laisse sur cette grande question philosophique. Si vous avez une r\u00e9ponse, \u00e9crivez-moi pour me la dire ! Je suis tr\u00e8s curieux de savoir ce que vous en pensez.<\/p>\n\n\n\n<p><a id=\"sonaar_ts-6927d60e3b926\" class=\"srmp3_sonaar_ts_shortcode\"  style=\"\" href=\"javascript:sonaar_ts_shortcode({ trackid:'0', time:'00:30:16', ts_id:'6927d60e3b926', play_icon:'' }) ;\">[00:30:16]<\/a> En tout cas ce qui est s\u00fbr, c\u2019est qu\u2019on se retrouve dans deux semaines pour un nouveau podcast. Merci de m\u2019avoir \u00e9cout\u00e9 et \u00e0 bient\u00f4t !&nbsp;<\/p>\n","protected":false},"excerpt":{"rendered":"<p>Bienvenue dans l\u2019\u00e9pisode 36. Aujourd\u2019hui, je vous raconte la 2\u00e8me partie de L\u2019Etranger, d\u2019Albert Camus. Salut \u00e0 tous ! J\u2019esp\u00e8re que vous allez bien. Je suis ravi de vous retrouver pour la suite de notre histoire. Je suis s\u00fbr que vous \u00eates impatients de savoir ce qui va se passer. Peut-\u00eatre que vous avez lu&#8230;<\/p>\n","protected":false},"author":1,"featured_media":289643,"comment_status":"open","ping_status":"open","sticky":false,"template":"","format":[189],"meta":{"_acf_changed":false,"_kad_blocks_custom_css":"","_kad_blocks_head_custom_js":"","_kad_blocks_body_custom_js":"","_kad_blocks_footer_custom_js":"","_kad_post_transparent":"","_kad_post_title":"","_kad_post_layout":"","_kad_post_sidebar_id":"","_kad_post_content_style":"","_kad_post_vertical_padding":"","_kad_post_feature":"","_kad_post_feature_position":"","_kad_post_header":false,"_kad_post_footer":false,"_kad_post_classname":"","footnotes":""},"categories":[168],"tags":[177,182],"class_list":["post-871","post","type-post","status-publish","format-standard","has-post-thumbnail","hentry","category-podcast","tag-culture","tag-litterature","format-solo-hugo"],"acf":[],"taxonomy_info":{"category":[{"value":168,"label":"Podcast"}],"post_tag":[{"value":177,"label":"Culture"},{"value":182,"label":"Litt\u00e9rature"}],"format":[{"value":189,"label":"Solo Hugo"}]},"featured_image_src_large":["https:\/\/innerfrench.com\/wp-content\/uploads\/2018\/02\/E36-Letranger-de-Camus-2-750x406.jpg",750,406,true],"author_info":{"display_name":"Hugo","author_link":"https:\/\/innerfrench.com\/author\/innerfrench-2-2-2-2-2-2-2-2-2-2-2-2-2-2-2-2-2-2-2\/"},"comment_info":10,"category_info":[{"term_id":168,"name":"Podcast","slug":"podcast","term_group":0,"term_taxonomy_id":168,"taxonomy":"category","description":"","parent":0,"count":185,"filter":"raw","cat_ID":168,"category_count":185,"category_description":"","cat_name":"Podcast","category_nicename":"podcast","category_parent":0}],"tag_info":[{"term_id":177,"name":"Culture","slug":"culture","term_group":0,"term_taxonomy_id":177,"taxonomy":"post_tag","description":"","parent":0,"count":44,"filter":"raw"},{"term_id":182,"name":"Litt\u00e9rature","slug":"litterature","term_group":0,"term_taxonomy_id":182,"taxonomy":"post_tag","description":"","parent":0,"count":6,"filter":"raw"}],"_links":{"self":[{"href":"https:\/\/innerfrench.com\/wp-json\/wp\/v2\/posts\/871","targetHints":{"allow":["GET"]}}],"collection":[{"href":"https:\/\/innerfrench.com\/wp-json\/wp\/v2\/posts"}],"about":[{"href":"https:\/\/innerfrench.com\/wp-json\/wp\/v2\/types\/post"}],"author":[{"embeddable":true,"href":"https:\/\/innerfrench.com\/wp-json\/wp\/v2\/users\/1"}],"replies":[{"embeddable":true,"href":"https:\/\/innerfrench.com\/wp-json\/wp\/v2\/comments?post=871"}],"version-history":[{"count":2,"href":"https:\/\/innerfrench.com\/wp-json\/wp\/v2\/posts\/871\/revisions"}],"predecessor-version":[{"id":294311,"href":"https:\/\/innerfrench.com\/wp-json\/wp\/v2\/posts\/871\/revisions\/294311"}],"wp:featuredmedia":[{"embeddable":true,"href":"https:\/\/innerfrench.com\/wp-json\/wp\/v2\/media\/289643"}],"wp:attachment":[{"href":"https:\/\/innerfrench.com\/wp-json\/wp\/v2\/media?parent=871"}],"wp:term":[{"taxonomy":"category","embeddable":true,"href":"https:\/\/innerfrench.com\/wp-json\/wp\/v2\/categories?post=871"},{"taxonomy":"post_tag","embeddable":true,"href":"https:\/\/innerfrench.com\/wp-json\/wp\/v2\/tags?post=871"},{"taxonomy":"format","embeddable":true,"href":"https:\/\/innerfrench.com\/wp-json\/wp\/v2\/format?post=871"}],"curies":[{"name":"wp","href":"https:\/\/api.w.org\/{rel}","templated":true}]}}