{"id":901,"date":"2018-04-05T16:14:00","date_gmt":"2018-04-05T14:14:00","guid":{"rendered":"https:\/\/innerfrench.com\/?p=901"},"modified":"2025-10-01T15:37:53","modified_gmt":"2025-10-01T13:37:53","slug":"40-metier-journaliste-interview","status":"publish","type":"post","link":"https:\/\/innerfrench.com\/40-metier-journaliste-interview\/","title":{"rendered":"#40 Le m\u00e9tier de journaliste &#8211; interview"},"content":{"rendered":"\n<p>Salut \u00e0 tous et bienvenue pour ce 40\u00e8me \u00e9pisode ! Aujourd&#8217;hui, on va parler de journalisme avec une invit\u00e9e sp\u00e9ciale.<\/p>\n\n\n\n<p><a id=\"sonaar_ts-6927cc5fdbcfd\" class=\"srmp3_sonaar_ts_shortcode\"  style=\"\" href=\"javascript:sonaar_ts_shortcode({ trackid:'0', time:'00:00:15', ts_id:'6927cc5fdbcfd', play_icon:'' }) ;\">00:00:15]<\/a> Bonjour \u00e0 tous et bienvenue pour ce 40\u00e8me \u00e9pisode. Un \u00e9pisode un peu sp\u00e9cial parce que j&#8217;\u00e9tais \u00e0 Paris, il y a quelques jours, et j&#8217;en ai profit\u00e9 pour voir une de mes amies qui s&#8217;appelle Laure Cometti et qui est journaliste pour le journal 20 Minutes. Donc j&#8217;ai pens\u00e9 que \u00e7a serait une super occasion pour essayer de faire quelque chose d&#8217;un peu diff\u00e9rent et j&#8217;ai enregistr\u00e9 une interview avec Laure. Dans cette interview, elle nous parle de son m\u00e9tier de journaliste, donc je pense que vous allez apprendre plein de choses int\u00e9ressantes. Bon je vous pr\u00e9viens que c&#8217;est un \u00e9pisode plus difficile que d&#8217;habitude parce qu&#8217;on parle de fa\u00e7on totalement normale, sans faire d&#8217;effort particulier, surtout Laure, donc vous allez voir que c&#8217;est plus rapide que quand je fais un \u00e9pisode en solo et il y a beaucoup d&#8217;expressions que peut-\u00eatre vous ne conna\u00eetrez pas.<\/p>\n\n\n\n<p><a id=\"sonaar_ts-6927cc5fdbd0d\" class=\"srmp3_sonaar_ts_shortcode\"  style=\"\" href=\"javascript:sonaar_ts_shortcode({ trackid:'0', time:'00:01:21', ts_id:'6927cc5fdbd0d', play_icon:'' }) ;\">[00:01:21]<\/a> Donc comme d&#8217;habitude vous allez trouver la transcription de l&#8217;\u00e9pisode sur mon site, et sur la transcription je vous explique les diff\u00e9rentes expressions qui sont utilis\u00e9es et je pense que \u00e7a va \u00eatre l&#8217;occasion pour vous d&#8217;apprendre plein de nouvelles choses. Donc voil\u00e0, sans plus attendre je vais vous faire \u00e9couter cette interview et on se retrouve \u00e0 la fin pour la conclusion.<\/p>\n\n\n\n<p><a id=\"sonaar_ts-6927cc5fdbd16\" class=\"srmp3_sonaar_ts_shortcode\"  style=\"\" href=\"javascript:sonaar_ts_shortcode({ trackid:'0', time:'00:01:57', ts_id:'6927cc5fdbd16', play_icon:'' }) ;\">[00:01:57]<\/a> Hugo : Salut Laure, est-ce que tu peux te pr\u00e9senter.<\/p>\n\n\n\n<p>Laure : Salut Hugo, je m&#8217;appelle Laure, j&#8217;ai 29 ans, je vis \u00e0 Paris et je suis journaliste.<\/p>\n\n\n\n<p>H : Ok et tu es journaliste dans quel journal ?<\/p>\n\n\n\n<p>L : Dans un journal qui s&#8217;appelle 20 Minutes qui est distribu\u00e9 gratuitement dans le m\u00e9tro et qui est disponible en ligne et sur mobile.<\/p>\n\n\n\n<p><a id=\"sonaar_ts-6927cc5fdbd1c\" class=\"srmp3_sonaar_ts_shortcode\"  style=\"\" href=\"javascript:sonaar_ts_shortcode({ trackid:'0', time:'00:02:15', ts_id:'6927cc5fdbd1c', play_icon:'' }) ;\">[00:02:15]<\/a> H : Ok. Alors pour commencer j&#8217;aimerais parler un peu de ton parcours. A quel moment tu as d\u00e9cid\u00e9 de devenir journaliste et pourquoi ?<\/p>\n\n\n\n<p><a id=\"sonaar_ts-6927cc5fdbd22\" class=\"srmp3_sonaar_ts_shortcode\"  style=\"\" href=\"javascript:sonaar_ts_shortcode({ trackid:'0', time:'00:02:26', ts_id:'6927cc5fdbd22', play_icon:'' }) ;\">[00:02:26]<\/a> L : Bah je pense que j&#8217;ai&#8230;en tout cas j&#8217;avais envie de devenir journaliste, j&#8217;avais peut \u00eatre pas encore d\u00e9cid\u00e9 mais j&#8217;avais envie d&#8217;\u00eatre journaliste quand j&#8217;\u00e9tais enfant, quand j&#8217;\u00e9tais adolescente. J&#8217;avais \u00e9crit un journal de mon coll\u00e8ge . J&#8217;avais m\u00eame cr\u00e9\u00e9 un journal pour raconter la vie de ma famille pour un public un peu restreint. Et ensuite j&#8217;ai fait des \u00e9tudes qui me pr\u00e9destinaient pas forc\u00e9ment \u00e0 \u00eatre journaliste. Mais aux alentours de 22-23 ans je suis revenu \u00e0 cette premi\u00e8re passion et je me suis dit que c&#8217;\u00e9tait vraiment le m\u00e9tier que je voulais faire parce que j&#8217;ai toujours aim\u00e9 \u00e9crire, j&#8217;ai toujours \u00e9t\u00e9 tr\u00e8s curieuse du monde qui m&#8217;entoure et je me disais que \u00e7a me permettait \u00e0 la fois d&#8217;\u00e9crire et d&#8217;\u00eatre curieuse et de partager ce que je pouvais apprendre avec un public. Donc voil\u00e0, je me suis un peu r\u00e9orient\u00e9e sur le tard.<\/p>\n\n\n\n<p><a id=\"sonaar_ts-6927cc5fdbd2f\" class=\"srmp3_sonaar_ts_shortcode\"  style=\"\" href=\"javascript:sonaar_ts_shortcode({ trackid:'0', time:'00:03:14', ts_id:'6927cc5fdbd2f', play_icon:'' }) ;\">[00:03:14]<\/a> H : Ouais parce que nous en fait on s&#8217;est rencontr\u00e9s pendant nos \u00e9tudes en \u00e9cole de commerce. Donc a priori l&#8217;\u00e9cole de commerce \u00e7a a pas grand chose \u00e0 voir avec le journalisme. Et est-ce que tu n&#8217;as pas eu envie ensuite de faire une \u00e9cole de journalisme justement ? Est-ce que c&#8217;est possible de devenir journaliste sans faire \u00e9cole ?<\/p>\n\n\n\n<p><a id=\"sonaar_ts-6927cc5fdbd35\" class=\"srmp3_sonaar_ts_shortcode\"  style=\"\" href=\"javascript:sonaar_ts_shortcode({ trackid:'0', time:'00:03:35', ts_id:'6927cc5fdbd35', play_icon:'' }) ;\">[00:03:35]<\/a> L : Je pense qu&#8217;en th\u00e9orie c&#8217;est un m\u00e9tier o\u00f9 tu n&#8217;as pas forc\u00e9ment besoin de faire une \u00e9cole pour devenir journaliste parce que c&#8217;est un m\u00e9tier o\u00f9 id\u00e9alement il faut pas \u00eatre trop format\u00e9 il faut \u00eatre un peu&#8230; C&#8217;est bien qu&#8217;il y ait des journalistes qui ont des styles tr\u00e8s diff\u00e9rents et des m\u00e9thodes diff\u00e9rentes m\u00eame s&#8217;il y a toujours la m\u00eame discipline la m\u00eame rigueur et la m\u00eame \u00e9thique. Et je pense que voil\u00e0 il y a quelques d\u00e9cennies les \u00e9coles de journalisme n&#8217;existaient pas forc\u00e9ment ou en tout cas n&#8217;avaient pas un tel poids dans la profession donc il y avait beaucoup de journalistes. Moi, je connais des journalistes de la g\u00e9n\u00e9ration de mes parents par exemple qui ont pas fait d&#8217;\u00e9cole de journalisme, qui ont fait des \u00e9tudes qui n&#8217;avaient rien \u00e0 voir d&#8217;Histoire, de maths, de psycho et qui sont quand m\u00eame devenus journalistes parce qu&#8217;ils \u00e9taient capables de raconter un peu le monde qui les entoure et de l&#8217;\u00e9crire de mani\u00e8re plaisante et de creuser des sujets, d&#8217;enqu\u00eater et de v\u00e9rifier des infos. Et en fait c&#8217;est&#8230; bien s\u00fbr qu&#8217;en \u00e9cole on peut apprendre des techniques, on peut apprendre \u00e0 filmer, \u00e0 enregistrer, \u00e0 faire de la radio, \u00e0 g\u00e9rer les r\u00e9seaux sociaux ou un site web, mais je pense qu&#8217;apr\u00e8s les rudiments du m\u00e9tier de journaliste c&#8217;est surtout du bon sens et du travail. Donc pas oblig\u00e9 de faire une \u00e9cole.<\/p>\n\n\n\n<p><a id=\"sonaar_ts-6927cc5fdbd3b\" class=\"srmp3_sonaar_ts_shortcode\"  style=\"\" href=\"javascript:sonaar_ts_shortcode({ trackid:'0', time:'00:04:48', ts_id:'6927cc5fdbd3b', play_icon:'' }) ;\">[00:04:48]<\/a> Apr\u00e8s c&#8217;est vrai que moi, je suis all\u00e9e vers l&#8217;\u00e9cole de commerce parce que je savais ce que je voulais faire et c&#8217;\u00e9tait la facilit\u00e9. J&#8217;ai pass\u00e9 des concours. C&#8217;est le syst\u00e8me fran\u00e7ais donc je ne sais pas si \u00e7a parle \u00e0 tout le monde mais en gros voil\u00e0 j&#8217;\u00e9tais bonne \u00e9l\u00e8ve, j&#8217;ai pass\u00e9 des concours. J&#8217;ai atterri dans une \u00e9cole de commerce c&#8217;\u00e9tait int\u00e9ressant mais c&#8217;\u00e9tait pas&#8230; je voulais pas faire du marketing plus tard ou de la finance ou travailler dans les ressources humaines. Et en sortant de l&#8217;\u00e9cole, je me suis demand\u00e9 s&#8217;il fallait que je fasse encore une \u00e9cole mais je commen\u00e7ais \u00e0 \u00eatre un peu lass\u00e9e de pas travailler. En fait j&#8217;avais envie de travailler, j&#8217;avais envie de faire des choses et du coup j&#8217;ai plut\u00f4t opt\u00e9 pour la solution d&#8217;encha\u00eener des stages dans la presse o\u00f9 j&#8217;ai pu apprendre un peu sur le tas et faire mes preuves et commencer \u00e0 construire mon CV et en \u00e9tant pas oblig\u00e9e de repasser des concours.<\/p>\n\n\n\n<p><a id=\"sonaar_ts-6927cc5fdbd40\" class=\"srmp3_sonaar_ts_shortcode\"  style=\"\" href=\"javascript:sonaar_ts_shortcode({ trackid:'0', time:'00:05:38', ts_id:'6927cc5fdbd40', play_icon:'' }) ;\">[00:05:38]<\/a> H : Et est-ce que quand tu commences t&#8217;as besoin de te sp\u00e9cialiser sur un secteur particulier ou est-ce que c&#8217;est mieux d&#8217;avoir une approche plut\u00f4t g\u00e9n\u00e9raliste et de voir ensuite ce qui te correspond le mieux ?<\/p>\n\n\n\n<p><a id=\"sonaar_ts-6927cc5fdbd45\" class=\"srmp3_sonaar_ts_shortcode\"  style=\"\" href=\"javascript:sonaar_ts_shortcode({ trackid:'0', time:'00:05:51', ts_id:'6927cc5fdbd45', play_icon:'' }) ;\">[00:05:51]<\/a> L : Je sais pas trop&#8230; j&#8217;ai pas trop de r\u00e9ponse. En fait, journaliste, je sais pas si c&#8217;est pareil dans tous les pays du monde, mais en France et dans pas mal de pays occidentaux, en tout cas de ce que j&#8217;ai pu observer, c&#8217;est un m\u00e9tier o\u00f9 il y a beaucoup de candidats, il y a beaucoup de gens qui veulent faire ce m\u00e9tier-l\u00e0, il y a beaucoup de dipl\u00f4m\u00e9s d&#8217;\u00e9coles de journalisme et il y a pas forc\u00e9ment beaucoup de postes.<\/p>\n\n\n\n<p><a id=\"sonaar_ts-6927cc5fdbd4a\" class=\"srmp3_sonaar_ts_shortcode\"  style=\"\" href=\"javascript:sonaar_ts_shortcode({ trackid:'0', time:'00:06:11', ts_id:'6927cc5fdbd4a', play_icon:'' }) ;\">[00:06:11]<\/a> Et je sais pas si dans le futur il y en aura tellement plus parce que l\u00e0 on va vers une information et il y a vraiment une cure d&#8217;aust\u00e9rit\u00e9 dans pas mal de m\u00e9dias, il y a des robots qui commencent \u00e0 faire des choses tr\u00e8s cool et voil\u00e0 les humains sont un peu menac\u00e9s.<\/p>\n\n\n\n<p><a id=\"sonaar_ts-6927cc5fdbd4f\" class=\"srmp3_sonaar_ts_shortcode\"  style=\"\" href=\"javascript:sonaar_ts_shortcode({ trackid:'0', time:'00:06:25', ts_id:'6927cc5fdbd4f', play_icon:'' }) ;\">[00:06:25]<\/a> H : Il y a des robots journalistes ?<\/p>\n\n\n\n<p>L : Ouais y a des robots journalistes. Le Washington Post a des robots journalistes et m\u00eame&#8230; Alors \u00e9videmment, il y a le mythe du&#8230; bon un robot qui \u00e9crit un article ce sera peut-\u00eatre tr\u00e8s informatif et tr\u00e8s rigoureux, \u00e7a aura peut \u00eatre moins de charme que la plume d&#8217;un humain. Mais au-del\u00e0 de \u00e7a, il y a des robots qui vont d\u00e9sormais pouvoir monter des vid\u00e9os pour nous ou poster sur les r\u00e9seaux sociaux pour nous. Donc c&#8217;est pas forc\u00e9ment des postes o\u00f9 on imagine qu&#8217;il y a un journaliste derri\u00e8re mais c&#8217;est des postes qui actuellement sont occup\u00e9s par des personnes. Donc \u00e7a peut&#8230;\u00e7a peut dispara\u00eetre.<\/p>\n\n\n\n<p><a id=\"sonaar_ts-6927cc5fdbd54\" class=\"srmp3_sonaar_ts_shortcode\"  style=\"\" href=\"javascript:sonaar_ts_shortcode({ trackid:'0', time:'00:07:03', ts_id:'6927cc5fdbd54', play_icon:'' }) ;\">[00:07:03]<\/a> Et pour revenir \u00e0 ta question, je pense que c&#8217;est toujours utile d&#8217;avoir une sp\u00e9cialit\u00e9 parce que sinon on sort pas trop de la masse et comme je le disais, il y a beaucoup de journalistes qui cherchent un emploi et y a pas forc\u00e9ment beaucoup d&#8217;emplois. Donc c&#8217;est bien d&#8217;\u00eatre sp\u00e9cialis\u00e9. D\u00e9j\u00e0 je pense que c&#8217;est bien pour soi-m\u00eame, pour avoir le plaisir de pouvoir suivre des sujets sur un temps long. Les meilleures enqu\u00eates ou les meilleurs documentaires, c&#8217;est des sujets qui parfois prennent des mois, des ann\u00e9es. Et du coup si d\u00e8s le d\u00e9part tu dis : &#8220;bah moi ce qui me passionne, c&#8217;est&#8230;je sais pas, la botanique ou la finance, \u00e7a veut dire que par go\u00fbt personnel, tous les jours tu vas suivre un peu ces sujets-l\u00e0. Et sur le long terme, tu auras des meilleures id\u00e9es que quelqu&#8217;un qui d\u00e9barquerait compl\u00e8tement sur un sujet. Et en plus, \u00e7a peut te donner une valeur ajout\u00e9e pour un employeur et pour trouver un emploi.<\/p>\n\n\n\n<p><a id=\"sonaar_ts-6927cc5fdbd62\" class=\"srmp3_sonaar_ts_shortcode\"  style=\"\" href=\"javascript:sonaar_ts_shortcode({ trackid:'0', time:'00:07:58', ts_id:'6927cc5fdbd62', play_icon:'' }) ;\">[00:07:58]<\/a> Maintenant, il y a une autre grosse tendance dans le journalisme qui est que beaucoup de m\u00e9dias, ou en tout cas peut-\u00eatre les m\u00e9dias qui recrutent le plus, veulent d\u00e9sormais des journalistes qui sont un peu capables de tout faire. C&#8217;est \u00e0 dire qu&#8217;avant, il y avait des journalistes presse \u00e9crite, des journalistes radio, des journalistes vid\u00e9o, des journalistes community managers, et en fait maintenant de plus en plus on demande aux journalistes de pouvoir un peu tout faire. C&#8217;est-\u00e0-dire quand moi je pars faire un reportage, on me dit : &#8220;ah bah, tu vas faire un article, c&#8217;est super, mais alors ce serait bien que tu prennes aussi des photos pour l&#8217;illustrer, si tu peux faire une vid\u00e9o c&#8217;est encore mieux, et puis si tu peux faire un Facebook live ou un p\u00e9riscope, g\u00e9nial !&#8221;<\/p>\n\n\n\n<p><a id=\"sonaar_ts-6927cc5fdbd68\" class=\"srmp3_sonaar_ts_shortcode\"  style=\"\" href=\"javascript:sonaar_ts_shortcode({ trackid:'0', time:'00:08:40', ts_id:'6927cc5fdbd68', play_icon:'' }) ;\">[00:08:40]<\/a> Sauf que du coup c&#8217;est vrai que&#8230;Alors c&#8217;est un plus, \u00e7a veut dire que les gens sont de plus en plus form\u00e9s, de plus en plus polyvalents, mais apr\u00e8s c&#8217;est&#8230; \u00c7a veut dire que&#8230; c&#8217;est rare d&#8217;avoir quelqu&#8217;un qui est excellent cam\u00e9raman et qui a une excellente plume donc c&#8217;est un peu plus contraignant quoi.<\/p>\n\n\n\n<p><a id=\"sonaar_ts-6927cc5fdbd6e\" class=\"srmp3_sonaar_ts_shortcode\"  style=\"\" href=\"javascript:sonaar_ts_shortcode({ trackid:'0', time:'00:09:00', ts_id:'6927cc5fdbd6e', play_icon:'' }) ;\">[00:09:00]<\/a> H : Et toi justement avec ton exp\u00e9rience, est-ce que tu t&#8217;es sp\u00e9cialis\u00e9e dans un domaine ou alors pas vraiment ?<\/p>\n\n\n\n<p>L : Pas vraiment. Moi apr\u00e8s, par mon parcours personnel, j&#8217;avais la chance de parler plusieurs langues, de bien parler anglais, de bien parler espagnol, et \u00e7a dans une r\u00e9daction, c&#8217;est un atout parce que ce n&#8217;est pas forc\u00e9ment si r\u00e9pandu que \u00e7a. Des journalistes vraiment \u00e0 l&#8217;aise dans plein de langues.<\/p>\n\n\n\n<p>H : En France en tout cas.<\/p>\n\n\n\n<p><a id=\"sonaar_ts-6927cc5fdbd7c\" class=\"srmp3_sonaar_ts_shortcode\"  style=\"\" href=\"javascript:sonaar_ts_shortcode({ trackid:'0', time:'00:09:25', ts_id:'6927cc5fdbd7c', play_icon:'' }) ;\">[00:09:25]<\/a> L : Oui, en France en tout cas ! Donc c&#8217;est vrai que c&#8217;est un atout et \u00e7a a pu me permettre de me positionner sur des sujets monde \/ international parce que voil\u00e0 je pouvais faire des interviews en espagnol ou en anglais par exemple, ou lire la presse anglaise et espagnole.<\/p>\n\n\n\n<p><a id=\"sonaar_ts-6927cc5fdbd81\" class=\"srmp3_sonaar_ts_shortcode\"  style=\"\" href=\"javascript:sonaar_ts_shortcode({ trackid:'0', time:'00:09:42', ts_id:'6927cc5fdbd81', play_icon:'' }) ;\">[00:09:42]<\/a> H : Et est-ce que tu peux nous parler de ta premi\u00e8re exp\u00e9rience en tant que journaliste, \u00e0 part le journal au coll\u00e8ge, mais ta premi\u00e8re vraie exp\u00e9rience de journaliste ?<\/p>\n\n\n\n<p><a id=\"sonaar_ts-6927cc5fdbd87\" class=\"srmp3_sonaar_ts_shortcode\"  style=\"\" href=\"javascript:sonaar_ts_shortcode({ trackid:'0', time:'00:09:51', ts_id:'6927cc5fdbd87', play_icon:'' }) ;\">[00:09:51]<\/a> L : Alors, le premier stage que j&#8217;ai fait vraiment dans une r\u00e9daction, c&#8217;\u00e9tait au journal La Croix qui est un quotidien fran\u00e7ais de tradition plut\u00f4t chr\u00e9tienne m\u00eame si \u00e7a se ressent pas forc\u00e9ment dans les pages du journal (si ce n&#8217;est qu&#8217;ils ont une rubrique religion qui est assez fournie mais qui d&#8217;ailleurs traite de toutes les religions, pas uniquement de la religion chr\u00e9tienne). Mais bon, en tout cas donc c&#8217;\u00e9tait la premi\u00e8re fois que j&#8217;arrivais dans une r\u00e9daction et que m\u00eame si j&#8217;\u00e9tais stagiaire, j&#8217;\u00e9tais une journaliste parmi les autres. Et c&#8217;\u00e9tait une bonne exp\u00e9rience. Les journalistes de La Croix \u00e9taient vraiment des bons p\u00e9dagogues, des bons formateurs. Ils \u00e9taient assez patients, ils prenaient vraiment le temps d&#8217;expliquer un peu les bases. Et puis c&#8217;\u00e9tait une r\u00e9daction o\u00f9 il y avait un rythme&#8230; Enfin moi j&#8217;ai fait ce stage en 2012, donc \u00e0 l&#8217;\u00e9poque il y avait encore un rythme d&#8217;un journal quotidien. \u00c7a veut dire que mine de rien, il y a une production \u00e0 assurer tous les jours. Mais on prenait quand m\u00eame le temps de travailler les sujets. Les gens prenaient le temps de m&#8217;expliquer ce qu&#8217;il fallait am\u00e9liorer dans mes articles ou ce qui \u00e9tait bien. Donc c&#8217;\u00e9tait une bonne exp\u00e9rience.<\/p>\n\n\n\n<p><a id=\"sonaar_ts-6927cc5fdbd8c\" class=\"srmp3_sonaar_ts_shortcode\"  style=\"\" href=\"javascript:sonaar_ts_shortcode({ trackid:'0', time:'00:11:07', ts_id:'6927cc5fdbd8c', play_icon:'' }) ;\">[00:11:07]<\/a> H : Et ensuite est-ce que \u00e7a a \u00e9t\u00e9 facile de trouver ton premier job de journaliste ?<\/p>\n\n\n\n<p>L : Non pas vraiment. Mais apr\u00e8s je n&#8217;avais pas fait d&#8217;\u00e9cole de journaliste donc j&#8217;avais pas vraiment de r\u00e9seau. J&#8217;avais juste le r\u00e9seau que je m&#8217;\u00e9tais fait en faisant des stages.<\/p>\n\n\n\n<p><a id=\"sonaar_ts-6927cc5fdbd95\" class=\"srmp3_sonaar_ts_shortcode\"  style=\"\" href=\"javascript:sonaar_ts_shortcode({ trackid:'0', time:'00:11:21', ts_id:'6927cc5fdbd95', play_icon:'' }) ;\">[00:11:21]<\/a> H : Tu peux expliquer ce que c&#8217;est le &#8220;r\u00e9seau&#8221; ?<\/p>\n\n\n\n<p>L : Le r\u00e9seau, c&#8217;est les personnes avec qui vous avez travaill\u00e9 ou votre cercle d&#8217;amis&#8230; Tous les contacts que vous pouvez activer si vous avez besoin de trouver un boulot ou un appartement. Voil\u00e0 quoi. C&#8217;est les diff\u00e9rents cercles autour de nous qui font que parfois on a des bons plans qui peuvent ou pas surgir.<\/p>\n\n\n\n<p>H : Donc c&#8217;est vrai, on dit &#8220;le r\u00e9seau&#8221; ou &#8220;le carnet d&#8217;adresses&#8221; effectivement.<\/p>\n\n\n\n<p><a id=\"sonaar_ts-6927cc5fdbd9a\" class=\"srmp3_sonaar_ts_shortcode\"  style=\"\" href=\"javascript:sonaar_ts_shortcode({ trackid:'0', time:'00:11:55', ts_id:'6927cc5fdbd9a', play_icon:'' }) ;\">[00:11:55]<\/a> L : Donc du coup moi en journalisme je n&#8217;avais pas beaucoup de r\u00e9seau, j&#8217;avais les gens que j&#8217;avais connus en stage mais chez Vanity Fair comme chez La Croix il n&#8217;y avait pas de possibilit\u00e9 d&#8217;embauche. Et du coup, je me suis retrouv\u00e9e sans&#8230; j&#8217;ai fini mon stage, j&#8217;\u00e9tais plus \u00e9tudiante, j&#8217;avais plus le droit de faire de stage, et je n&#8217;avais pas trouv\u00e9 de travail fixe. Donc je me suis mise \u00e0 mon compte. J&#8217;ai commenc\u00e9 \u00e0 travailler en pigiste. Donc un pigiste, c&#8217;est un journaliste freelance qui travaille tout seul et puis qui contacte diff\u00e9rents m\u00e9dias pour leur vendre des sujets et&#8230;<\/p>\n\n\n\n<p><a id=\"sonaar_ts-6927cc5fdbda0\" class=\"srmp3_sonaar_ts_shortcode\"  style=\"\" href=\"javascript:sonaar_ts_shortcode({ trackid:'0', time:'00:12:36', ts_id:'6927cc5fdbda0', play_icon:'' }) ;\">[00:12:36]<\/a> H : Et il \u00e9crit des &#8220;piges&#8221;.<\/p>\n\n\n\n<p>L : Et il \u00e9crit des piges ouais. Je sais pas d&#8217;o\u00f9 \u00e7a vient d&#8217;ailleurs \u00e9tymologiquement, il faudrait qu&#8217;on regarde. Et il \u00e9crit des piges. Donc un pige \u00e7a peut \u00eatre un article, un reportage, une chronique. Le terme &#8220;pige&#8221; regroupe des formats assez vari\u00e9s. Et le journaliste est r\u00e9mun\u00e9r\u00e9 \u00e0 la pige donc il est pay\u00e9 \u00e0 l&#8217;article, \u00e0 l&#8217;unit\u00e9. Et puis \u00e7a d\u00e9pend de la longueur de l&#8217;article. Et puis en plus chaque m\u00e9dia, pour compliquer la chose, chaque m\u00e9dia a ses propres tarifs. Donc c&#8217;est tr\u00e8s variable. Un article peut \u00eatre pay\u00e9e 30 euros comme 200. Et c&#8217;est pas toujours corr\u00e9l\u00e9 \u00e0 la difficult\u00e9 qui a pu avoir lieu quand on a fait l&#8217;article ou \u00e0 la prise de risques. C&#8217;est tr\u00e8s variable.<\/p>\n\n\n\n<p><a id=\"sonaar_ts-6927cc5fdbda5\" class=\"srmp3_sonaar_ts_shortcode\"  style=\"\" href=\"javascript:sonaar_ts_shortcode({ trackid:'0', time:'00:13:27', ts_id:'6927cc5fdbda5', play_icon:'' }) ;\">[00:13:27]<\/a> H : Est ce que tu peux nous parler d&#8217;une journ\u00e9e type chez 20 Minutes, \u00e0 quoi \u00e7a ressemble ?<\/p>\n\n\n\n<p>L : Beaucoup de pauses caf\u00e9. Non mais&#8230; Alors, la journ\u00e9e type \u00e0 20 Minutes, elle commence&#8230; donc on arrive \u00e0 la r\u00e9daction vers 9h, 9h30 (pour une journ\u00e9e classique) et dans la matin\u00e9e on fait une r\u00e9union de r\u00e9daction. Donc les services de la r\u00e9daction se r\u00e9unissent entre eux. Donc alors les services, il y a le service actualit\u00e9 auquel j&#8217;appartiens, il y a le service vid\u00e9o, il y a le service sport. Donc en fait en premier dans la matin\u00e9e, les chefs de ces services se r\u00e9unissent entre eux. Puis chacun r\u00e9unit son service. Donc moi je me r\u00e9unie avec tous mes coll\u00e8gues du p\u00f4le actualit\u00e9. Et chaque journaliste dit son programme de la journ\u00e9e. Donc le journaliste \u00e9conomie annonce ce qu&#8217;il va faire dans la journ\u00e9e : quels articles il va faire, quels sujets il va suivre. Pareil pour le journaliste justice, le journaliste sant\u00e9, etc. Chacun \u00e0 tour de r\u00f4le. Et puis il y a aussi notre chef de service qui parfois nous impose un sujet parce que, voil\u00e0 il y a des sujets parfois qui s&#8217;imposent et on n&#8217;a pas le choix, il faut que quelqu&#8217;un les traite. Et apr\u00e8s quand on sort de cette r\u00e9union, normalement on sait ce qu&#8217;on fait de la journ\u00e9e, on sait quels sont nos objectifs. On sait si on doit faire un article ou 2 ou 0 et juste pr\u00e9parer des articles pour les jours \u00e0 venir.<\/p>\n\n\n\n<p><a id=\"sonaar_ts-6927cc5fdbdaa\" class=\"srmp3_sonaar_ts_shortcode\"  style=\"\" href=\"javascript:sonaar_ts_shortcode({ trackid:'0', time:'00:14:57', ts_id:'6927cc5fdbdaa', play_icon:'' }) ;\">[00:14:57]<\/a> Et du coup, on sort de cette r\u00e9union, et puis en fonction de l&#8217;objectif qui a \u00e9t\u00e9 fix\u00e9, soit on part en reportage quelque part (donc moi \u00e7a peut \u00eatre partir \u00e0 l&#8217;Assembl\u00e9e nationale si je veux rencontrer des d\u00e9put\u00e9s pour un article politique), soit on fixe des interviews t\u00e9l\u00e9phoniques, parce que c&#8217;est quand m\u00eame&#8230; c&#8217;est quelque chose qu&#8217;on fait tr\u00e8s souvent, des interviews t\u00e9l\u00e9phoniques parce que \u00e7a fait gagner du temps et que \u00e7a permet dans la journ\u00e9e d&#8217;avoir plusieurs interlocuteurs pour nourrir un article, soit on part rencontrer des sources. On peut d\u00e9jeuner avec une source, prendre un caf\u00e9 avec une source selon une source source.<\/p>\n\n\n\n<p><a id=\"sonaar_ts-6927cc5fdbdb5\" class=\"srmp3_sonaar_ts_shortcode\"  style=\"\" href=\"javascript:sonaar_ts_shortcode({ trackid:'0', time:'00:15:37', ts_id:'6927cc5fdbdb5', play_icon:'' }) ;\">[00:15:37]<\/a> H : Qu&#8217;est-ce que c&#8217;est &#8220;une source&#8221; ?<\/p>\n\n\n\n<p>L : Une source, c&#8217;est&#8230; en vrai le terme para\u00eet peu myst\u00e9rieux mais une source, c&#8217;est quelqu&#8217;un qui est utile aux journalistes parce que c&#8217;est quelqu&#8217;un qui a des informations sur un sujet qui int\u00e9resse le journaliste. Et du coup, c&#8217;est une personne que le journaliste essaie de rencontrer r\u00e9guli\u00e8rement ou d&#8217;avoir au t\u00e9l\u00e9phone r\u00e9guli\u00e8rement pour \u00eatre au top de l&#8217;actualit\u00e9 sur des dossiers. Par exemple pour un journaliste justice, une source \u00e7a peut \u00eatre un avocat ou quelqu&#8217;un qui porte plainte. Ou \u00e7a peut \u00eatre des syndicats de magistrats. Il y a des sources qui sont anonymes, il y en a qui sont pas anonymes. Donc une source c&#8217;est en gros une personne qu&#8217;un journaliste a r\u00e9guli\u00e8rement au t\u00e9l\u00e9phone ou a des conversations avec, et \u00e7a lui permet de faire des articles avec des infos de premi\u00e8re main.<\/p>\n\n\n\n<p><a id=\"sonaar_ts-6927cc5fdbdba\" class=\"srmp3_sonaar_ts_shortcode\"  style=\"\" href=\"javascript:sonaar_ts_shortcode({ trackid:'0', time:'00:16:37', ts_id:'6927cc5fdbdba', play_icon:'' }) ;\">[00:16:37]<\/a> H : Je me demande toujours : quel est l&#8217;int\u00e9r\u00eat justement pour cette personne, pour la source, de donner toutes ces informations ? Est-ce que vous les invitez au restaurant, est-ce que..?<\/p>\n\n\n\n<p>L : Alors je sais pas. Chaque m\u00e9dia normalement a une charte bien pr\u00e9cise donc a priori on n&#8217;ach\u00e8te pas les sources \u00e0 20 Minutes. On a une charte, on a une \u00e9thique et on ne paye pas les sources de mani\u00e8re g\u00e9n\u00e9rale \u00e0 20 Minutes on n&#8217;ach\u00e8te pas les photos ou les vid\u00e9os. Parfois certaines personnes nous proposent de nous vendre des vid\u00e9os ou des photos et on les ach\u00e8te pas si c&#8217;est pas des photos d&#8217;une agence professionnelle. Donc nos sources&#8230; bah leur int\u00e9r\u00eat il peut \u00eatre&#8230; En fait c&#8217;est tr\u00e8s variable. \u00c7a d\u00e9pend, je pense que \u00e7a d\u00e9pend beaucoup de la personnalit\u00e9. Il y a des personnes qui ont envie de parler \u00e0 un journaliste, qui ont envie que leur histoire soit m\u00e9diatis\u00e9e. Parfois elles ont un int\u00e9r\u00eat \u00e0 ce que leur histoire soient m\u00e9diatis\u00e9e. Une source, \u00e7a peut \u00eatre une personne qui annonce qu&#8217;elle a \u00e9t\u00e9 harcel\u00e9e sexuellement par un homme politique ou qu&#8217;elle a \u00e9t\u00e9 victime d&#8217;une agression par une star ou m\u00eame victime d&#8217;une agression par quelqu&#8217;un qui n&#8217;est pas connu mais \u00e7a peut \u00eatre une victime qui a envie de parler.<\/p>\n\n\n\n<p><a id=\"sonaar_ts-6927cc5fdbdc0\" class=\"srmp3_sonaar_ts_shortcode\"  style=\"\" href=\"javascript:sonaar_ts_shortcode({ trackid:'0', time:'00:17:53', ts_id:'6927cc5fdbdc0', play_icon:'' }) ;\">[00:17:53]<\/a> H : Qu&#8217;est ce que tu aimes le plus dans ton m\u00e9tier de journaliste ?<\/p>\n\n\n\n<p>L : J&#8217;aime beaucoup le fait de pas avoir de routine. Bon il y a une routine parce qu&#8217;il y a une journ\u00e9e type que je t&#8217;ai d\u00e9crite. Mais les journ\u00e9es se ressemblent jamais parce que l&#8217;actualit\u00e9 n&#8217;est jamais la m\u00eame. M\u00eame si parfois il y a des petits \u00e9v\u00e8nements qui peuvent ressembler \u00e0 des \u00e9v\u00e9nements pass\u00e9s mais c&#8217;est jamais la m\u00eame chose quoi. L&#8217;actualit\u00e9 change sans cesse donc il y a pas de routine. Tous les jours, j&#8217;apprends quelque chose m\u00eame si c&#8217;est&#8230; m\u00eame si c&#8217;est pas&#8230; j&#8217;apprends pas forc\u00e9ment des formules math\u00e9matiques complexes ou j&#8217;apprends pas des choses extr\u00eamement complexes. Mais tous les jours je d\u00e9couvre des choses et j&#8217;apprends des notions parce que l&#8217;actualit\u00e9 change et qu&#8217;on est en permanence oblig\u00e9 de s&#8217;adapter et qu&#8217;on rencontre des nouvelles personnes aussi tous les jours. Donc j&#8217;aime bien \u00e7a.<\/p>\n\n\n\n<p><a id=\"sonaar_ts-6927cc5fdbdca\" class=\"srmp3_sonaar_ts_shortcode\"  style=\"\" href=\"javascript:sonaar_ts_shortcode({ trackid:'0', time:'00:18:48', ts_id:'6927cc5fdbdca', play_icon:'' }) ;\">[00:18:48] <\/a>Et apr\u00e8s, j&#8217;aime toujours autant \u00e9crire m\u00eame si bon, \u00e9crire des articles d&#8217;information, c&#8217;est quand m\u00eame pas pareil qu&#8217;\u00e9crire de la litt\u00e9rature hein ! Mais c&#8217;est un plaisir d&#8217;\u00e9crire tous les jours et puis vraiment ne pas avoir de routine et \u00eatre toujours un peu oblig\u00e9 de s&#8217;adapter, c&#8217;est quelque chose que j&#8217;aime.<\/p>\n\n\n\n<p>H : Et parmi tes diff\u00e9rentes exp\u00e9riences, les reportages que tu as pu faire, les voyages, etc. laquelle t&#8217;a le plus appris ?<\/p>\n\n\n\n<p><a id=\"sonaar_ts-6927cc5fdbdcf\" class=\"srmp3_sonaar_ts_shortcode\"  style=\"\" href=\"javascript:sonaar_ts_shortcode({ trackid:'0', time:'00:19:20', ts_id:'6927cc5fdbdcf', play_icon:'' }) ;\">[00:19:20]<\/a> L : J&#8217;ai fait un reportage au Royaume-Uni pour le Brexit parce que 20 minutes m&#8217;avait envoy\u00e9e \u00e0 Glasgow puis \u00e0 Londres. Et je pense que c&#8217;\u00e9tait&#8230; j&#8217;ai du mal \u00e0 dire quel reportage \u00e9tait celui qui m&#8217;a le plus appris mais celui-ci il \u00e9tait int\u00e9ressant parce que d\u00e9j\u00e0 j&#8217;\u00e9tais toute seule (parce que quand 20 minutes envoie des journalistes \u00e0 l&#8217;\u00e9tranger, ils partent tout seul, c&#8217;est pas une grosse \u00e9quipe qui part en reportage). Dans un environnement que je connaissais quand m\u00eame bien et je parle anglais donc c&#8217;\u00e9tait pas non plus la grosse panique, j&#8217;arrive \u00e0 me d\u00e9brouiller et \u00e0 interroger des gens et \u00e0 travailler dans des conditions tout \u00e0 fait correctes parce que t&#8217;arrives \u00e0 trouver du Wi-Fi. Tu peux \u00e9crire un tes articles dans un caf\u00e9. Donc il y a du stress mais c&#8217;est g\u00e9rable.<\/p>\n\n\n\n<p><a id=\"sonaar_ts-6927cc5fdbdd4\" class=\"srmp3_sonaar_ts_shortcode\"  style=\"\" href=\"javascript:sonaar_ts_shortcode({ trackid:'0', time:'00:20:09', ts_id:'6927cc5fdbdd4', play_icon:'' }) ;\">[00:20:09]<\/a> Et apr\u00e8s ce qui m&#8217;a beaucoup appris c&#8217;est que c&#8217;\u00e9tait un reportage o\u00f9 je pense que quand mon r\u00e9dac chef m&#8217;a envoy\u00e9e au Royaume-Uni pour couvrir le Brexit, je pense qu&#8217;on se disait tous que le Brexit ne pouvait pas passer. On avait tous en t\u00eate quand m\u00eame sc\u00e9nario de : &#8220;Oui-non, c&#8217;est serr\u00e9, on se fait un peu peur mais bon le leave&#8230;&#8221;<\/p>\n\n\n\n<p>H : Tout est bien qui finit bien.<\/p>\n\n\n\n<p><a id=\"sonaar_ts-6927cc5fdbdd9\" class=\"srmp3_sonaar_ts_shortcode\"  style=\"\" href=\"javascript:sonaar_ts_shortcode({ trackid:'0', time:'00:20:35', ts_id:'6927cc5fdbdd9', play_icon:'' }) ;\">[00:20:35]<\/a> L : Ouais le leave ne va pas l&#8217;emporter. Et puis bon, on va faire des reportages mais on sait que in fine l&#8217;histoire qu&#8217;on racontera ce sera : &#8220;Tout est bien qui finit bien&#8221; comme tu dis. Et au final, \u00e7a s&#8217;est pas du tout pass\u00e9 comme \u00e7a. Et j&#8217;ai \u00e9t\u00e9 oblig\u00e9e de r\u00e9agir tr\u00e8s vite et de r\u00e9agir en changeant d&#8217;angle, en pensant \u00e0 d&#8217;autres sujets, et c&#8217;\u00e9tait vraiment int\u00e9ressant. Et je pense que pour le coup, c&#8217;\u00e9tait bien que je&#8230; que 20 Minutes m&#8217;ait envoy\u00e9e au Royaume-Uni parce que depuis Paris, depuis la France, l\u00e0 o\u00f9 sont les lecteurs de 20 Minutes, il y avait effectivement cette id\u00e9e qu&#8217;il n&#8217;y aurait pas de Brexit, que \u00e7a n&#8217;arriverait pas. Et pour le coup, moi j&#8217;\u00e9tais vraiment contente d&#8217;\u00eatre au contact de Britanniques qui voulaient le Brexit, qui me racontaient pourquoi. Et moi je pouvais le d\u00e9crire dans des articles et je pense que c&#8217;\u00e9tait important de raconter \u00e7a.<\/p>\n\n\n\n<p><a id=\"sonaar_ts-6927cc5fdbde2\" class=\"srmp3_sonaar_ts_shortcode\"  style=\"\" href=\"javascript:sonaar_ts_shortcode({ trackid:'0', time:'00:21:30', ts_id:'6927cc5fdbde2', play_icon:'' }) ;\">[00:21:30]<\/a> H : Et qu&#8217;est ce que tu trouves le plus difficile dans ton m\u00e9tier ?<\/p>\n\n\n\n<p>L : Je sais pas&#8230;<\/p>\n\n\n\n<p>H : La pression quotidienne..?<\/p>\n\n\n\n<p>L : Je pense que les difficult\u00e9s d\u00e9coulent beaucoup du m\u00e9dia&#8230; Je pense que les difficult\u00e9s varient en fonction du m\u00e9dia dans lequel le journaliste travaille et de ce qu&#8217;on attend de lui. Je pense que voil\u00e0, travailler pour une t\u00e9l\u00e9 ou une radio, il y a des difficult\u00e9s qui sont assez diff\u00e9rentes de celles que je rencontre. Apr\u00e8s bon, il y a une pression effectivement au quotidien parce que l&#8217;actualit\u00e9 n&#8217;attend pas, parce qu&#8217;il faut toujours r\u00e9agir, il faut toujours s&#8217;adapter. Mais c&#8217;est pas&#8230; Bon \u00e7a peut \u00eatre un peu pesant parce que c&#8217;est vrai que tu d\u00e9connectes difficilement voire jamais. Donc m\u00eame quand je travaille pas, je regarde l&#8217;actu. J&#8217;ai mon t\u00e9l\u00e9phone greff\u00e9 dans la main donc \u00e7a peut \u00eatre une forme de pression.<\/p>\n\n\n\n<p><a id=\"sonaar_ts-6927cc5fdbde8\" class=\"srmp3_sonaar_ts_shortcode\"  style=\"\" href=\"javascript:sonaar_ts_shortcode({ trackid:'0', time:'00:22:28', ts_id:'6927cc5fdbde8', play_icon:'' }) ;\">[00:22:28]<\/a> Mais pour le moment je suis jeune et je pense que \u00e7a me p\u00e8se pas encore trop. Mais nan, les difficult\u00e9s, je dirais que c&#8217;est d&#8217;essayer d&#8217;avoir du recul sur ce qu&#8217;on fait en fait, parce qu&#8217;on a une grande responsabilit\u00e9 vis \u00e0 vis de nos lecteurs, et encore plus \u00e0 l&#8217;\u00e9poque des fake news et voil\u00e0 de toutes sortes d&#8217;informations qui peuvent circuler sur Internet sans aucune hi\u00e9rarchie. Les m\u00e9dias sont assez critiqu\u00e9s. Je peux entendre&#8230; Je peux tout \u00e0 fait accepter une part de critique et&#8230; mais c&#8217;est vrai que moi, oui au quotidien ce qui me met le plus la pression c&#8217;est de me dire : &#8220;Est-ce que je fais bien mon travail ? Est-ce que c&#8217;est suffisamment impartial ? Est-ce que c&#8217;est suffisamment bon pour mes lecteurs ?<\/p>\n\n\n\n<p><a id=\"sonaar_ts-6927cc5fdbded\" class=\"srmp3_sonaar_ts_shortcode\"  style=\"\" href=\"javascript:sonaar_ts_shortcode({ trackid:'0', time:'00:23:19', ts_id:'6927cc5fdbded', play_icon:'' }) ;\">[00:23:19]<\/a> H : De garder une certaine objectivit\u00e9&#8230;<\/p>\n\n\n\n<p>L : Oui. Alors apr\u00e8s moi j&#8217;ai pas trop de&#8230; m\u00eame si l&#8217;objectivit\u00e9 parfaite, \u00e7a n&#8217;existe pas. Mais moi ma rubrique, la politique c&#8217;est pas&#8230; je ne suis pas encart\u00e9e, je ne milite pas donc je n&#8217;ai pas trop de difficult\u00e9s \u00e0 essayer d&#8217;\u00eatre objective en tout cas, \u00e7a ne me p\u00e8se pas. C&#8217;est une mati\u00e8re&#8230; je couvre \u00e7a comme si je parlais pas de, je sais pas, de tricot ou de&#8230; Alors que par exemple si je couvrais des th\u00e9matiques climatiques, je pense que je suis beaucoup plus militante sur l&#8217;environnement que en politique. Donc ce n&#8217;est pas tellement la difficult\u00e9. La difficult\u00e9, c&#8217;est juste de se dire que&#8230; Je sais pas comment dire \u00e7a simplement. Mais en gros, un journal c&#8217;est plusieurs journalistes. Chacun fait son m\u00e9tier de mani\u00e8re assez autonome. Chacun travaille plut\u00f4t dans son coin et c&#8217;est un travail assez solitaire. Mais la somme de tous les journalistes doit essayer d&#8217;aboutir \u00e0 un journal qui soit le plus complet possible, le plus objectif, le plus rigoureux et voil\u00e0 qui soit le mieux possible pour le lecteur.<\/p>\n\n\n\n<p><a id=\"sonaar_ts-6927cc5fdbdf2\" class=\"srmp3_sonaar_ts_shortcode\"  style=\"\" href=\"javascript:sonaar_ts_shortcode({ trackid:'0', time:'00:24:32', ts_id:'6927cc5fdbdf2', play_icon:'' }) ;\">[00:20:09]<\/a> Et parfois voil\u00e0, ce qui est le plus dur c&#8217;est de prendre un peu de recul, de sortir de ma rubrique \u00e0 moi qui est la politique, et d&#8217;essayer de me dire : &#8220;bon bah, est-ce que collectivement on arrive \u00e0 faire \u00e7a ? Est-ce qu&#8217;on n&#8217;a pas oubli\u00e9 un sujet ? Est-ce qu&#8217;on n&#8217;est pas pass\u00e9 \u00e0 c\u00f4t\u00e9 de quelque chose ? Est-ce qu&#8217;on &#8220;surcouvre&#8221;, est-ce qu&#8217;on couvre trop un sujet et pas assez un autre ?&#8221; Donc c&#8217;est peut-\u00eatre \u00e7a la principale difficult\u00e9 dans un contexte \u00e9conomique ou en plus, grosso modo, on demande aux journalistes de produire plus, plus vite et avec moins de moyens. Donc \u00e7a c&#8217;est aussi une difficult\u00e9 un peu&#8230; de base on va dire.<\/p>\n\n\n\n<p><a id=\"sonaar_ts-6927cc5fdbdfb\" class=\"srmp3_sonaar_ts_shortcode\"  style=\"\" href=\"javascript:sonaar_ts_shortcode({ trackid:'0', time:'00:25:09', ts_id:'6927cc5fdbdfb', play_icon:'' }) ;\">[00:25:09]<\/a> H : Pour finir peut-\u00eatre ce podcast est ce que tu peux recommander aux auditeurs des journaux ou des m\u00e9dias qui te semblent donner une bonne vision on peut dire de de l&#8217;actualit\u00e9 fran\u00e7aise ?<\/p>\n\n\n\n<p>L : Alors il y a les&#8230; bah je pense que quand on s&#8217;int\u00e9resse \u00e0 l&#8217;actualit\u00e9 fran\u00e7aise, il faut lire les&#8230;comment dire ? les incontournables. Il y a Le Monde, dans les quotidiens il y a Le Monde, pond\u00e9r\u00e9 avec le Figaro et Lib\u00e9ration, c&#8217;est pas mal pour avoir un journal de gauche, un journal de droite.<\/p>\n\n\n\n<p><a id=\"sonaar_ts-6927cc5fdbe01\" class=\"srmp3_sonaar_ts_shortcode\"  style=\"\" href=\"javascript:sonaar_ts_shortcode({ trackid:'0', time:'00:25:43', ts_id:'6927cc5fdbe01', play_icon:'' }) ;\">[00:25:43]<\/a> H : Donc lequel est..?<\/p>\n\n\n\n<p>L : Alors le Figaro, donc plut\u00f4t \u00e0 droite, et Lib\u00e9ration, donc plut\u00f4t \u00e0 gauche. Lib\u00e9ration en plus ils font des belles unes. Donc la premi\u00e8re page du journal est toujours tr\u00e8s travaill\u00e9e avec des belles photos et des titres o\u00f9 il y a souvent des jeux de mots ou des doubles sens. Donc si vous apprenez le fran\u00e7ais, \u00e7a peut \u00eatre rigolo de vous testez sur ces titres-l\u00e0. Apr\u00e8s en radio, il y a les radios publiques Radio France, France Inter, France Culture. Il y a un site que j&#8217;aime bien et que je trouve assez int\u00e9ressant parce que il donne \u00e0 voir des situations que les grands m\u00e9dias couvrent peut \u00eatre un peu moins et c&#8217;est le site Street Press (je vais y arriver) qui parle pas mal&#8230; pas uniquement, mais qui parle des banlieues ou de culture urbaine, de petits courants politiques aussi. Donc c&#8217;est \u00e0 dire pas forc\u00e9ment que les gros partis mais aussi des petits partis ou des petits syndicats. Donc c&#8217;est assez int\u00e9ressant, \u00e7a raconte une France que vous verrez peut-\u00eatre pas au journal t\u00e9l\u00e9vis\u00e9 ou en premi\u00e8re page du monde mais si vous vous int\u00e9ressez \u00e0 ce qui se passe dans les villes fran\u00e7aises et dans les banlieues, c&#8217;est pas mal.<\/p>\n\n\n\n<p><a id=\"sonaar_ts-6927cc5fdbe06\" class=\"srmp3_sonaar_ts_shortcode\"  style=\"\" href=\"javascript:sonaar_ts_shortcode({ trackid:'0', time:'00:26:59', ts_id:'6927cc5fdbe06', play_icon:'' }) ;\">[00:26:59]<\/a> H : Moi, il y a un m\u00e9dia que j&#8217;aime bien recommander aussi \u00e0 mes \u00e9l\u00e8ves qui s&#8217;appelle Brut. Qu&#8217;est-ce que tu en penses ?<\/p>\n\n\n\n<p>L : Ah oui, c&#8217;est pas mal parce que c&#8217;est sous-titr\u00e9. Mais maintenant tout le monde les copie !<\/p>\n\n\n\n<p>H : C&#8217;est vrai, c&#8217;est vrai.<br><a id=\"sonaar_ts-6927cc5fdbe0a\" class=\"srmp3_sonaar_ts_shortcode\"  style=\"\" href=\"javascript:sonaar_ts_shortcode({ trackid:'0', time:'00:27:11', ts_id:'6927cc5fdbe0a', play_icon:'' }) ;\">[00:27:11]<\/a>\u00a0L : Brut&#8230; C&#8217;est rigolo Brut parce que je sais plus quand \u00e7a a \u00e9t\u00e9 cr\u00e9\u00e9&#8230; Il y a deux ans, ils existaient pas et aujourd&#8217;hui ils sont devenus un peu incontournables dans ce qui se fait en terme de journalisme vid\u00e9o. Ils ont compl\u00e8tement explos\u00e9. C&#8217;est assez fort, ce qu&#8217;ils ont fait, je trouve, parce qu&#8217;ils ont \u00e9t\u00e9 les premiers \u00e0 faire de la vid\u00e9o pour le mobile, c&#8217;est-\u00e0-dire format carr\u00e9 et avec les sous-titres parce que quand on est sur le mobile, on ne peut pas toujours mettre le son donc c&#8217;est bien d&#8217;avoir les sous-titres. Et puis avec ce c\u00f4t\u00e9 &#8220;brut&#8221; comme leur nom l&#8217;indique, c&#8217;est-\u00e0-dire le montage efficace, un peu frais, un peu rigolo.<\/p>\n\n\n\n<p><a id=\"sonaar_ts-6927cc5fdbe14\" class=\"srmp3_sonaar_ts_shortcode\"  style=\"\" href=\"javascript:sonaar_ts_shortcode({ trackid:'0', time:'00:27:49', ts_id:'6927cc5fdbe14', play_icon:'' }) ;\">[00:20:09]<\/a> H : Des sujets un peu d\u00e9cal\u00e9s aussi&#8230;<\/p>\n\n\n\n<p>L : Des sujets un peu d\u00e9cal\u00e9s. Et je trouve qu&#8217;ils ont compl\u00e8tement un peu &#8220;disrupt\u00e9&#8221; le journalisme vid\u00e9o, rebattu les cartes et c&#8217;est assez fort. Et je suis curieuse de voir comment est-ce qu&#8217;ils vont \u00e9voluer. L\u00e0, ils ont d\u00e9j\u00e0 beaucoup grossi, ils ont recrut\u00e9. Ils font de plus en plus de vid\u00e9os sur des sujets de plus en plus vari\u00e9s, ils font des interviews. Donc c&#8217;est vrai que c&#8217;est vraiment bien. Maintenant tout le monde les imite un petit peu aujourd&#8217;hui donc c&#8217;est vrai que c&#8217;est peut-\u00eatre \u00e0 eux d&#8217;innover encore et de proposer encore des choses nouvelles, parce que c&#8217;est vrai qu&#8217;aujourd&#8217;hui quand j&#8217;ouvre ma timeline Facebook, j&#8217;ai beaucoup beaucoup de vid\u00e9os, et toutes ont un peu le style &#8220;Brut&#8221; et parfois voil\u00e0 la valeur ajout\u00e9e de Brut, on la sent moins. M\u00eame s&#8217;ils ont \u00e9t\u00e9 les pionniers l\u00e0-dessus.<\/p>\n\n\n\n<p><a id=\"sonaar_ts-6927cc5fdbe1a\" class=\"srmp3_sonaar_ts_shortcode\"  style=\"\" href=\"javascript:sonaar_ts_shortcode({ trackid:'0', time:'00:28:41', ts_id:'6927cc5fdbe1a', play_icon:'' }) ;\">[00:28:41]<\/a> H : C&#8217;est vrai, et en mati\u00e8re de strat\u00e9gie de promotion aussi ils ont surtout utilis\u00e9 Facebook aussi et les r\u00e9seaux sociaux et ils ont \u00e9t\u00e9 tr\u00e8s bon \u00e0 ce niveau-l\u00e0.<\/p>\n\n\n\n<p>L : Uniquement. Ils ont pas de site web en fait. Ils ont un site web mais qui diffuse uniquement les vid\u00e9os et rien de plus. Donc c&#8217;est assez fort. Et le fondateur, enfin l&#8217;un des fondateurs de Brut, R\u00e9mi Buisine, il avait commenc\u00e9 en faisant des Facebook live, enfin non des Periscopes de Nuits Debout \u00e0 Paris. Je ne sais pas si les auditeurs non francophones&#8230;<\/p>\n\n\n\n<p><a id=\"sonaar_ts-6927cc5fdbe1f\" class=\"srmp3_sonaar_ts_shortcode\"  style=\"\" href=\"javascript:sonaar_ts_shortcode({ trackid:'0', time:'00:29:13', ts_id:'6927cc5fdbe1f', play_icon:'' }) ;\">[00:20:09]<\/a> H : Qu&#8217;est-ce que c&#8217;\u00e9tait &#8220;Nuit Debout&#8221; ?<\/p>\n\n\n\n<p>L : Nuit Debout, c&#8217;\u00e9tait un peu notre &#8220;indignados&#8221; \u00e0 nous quoi, pour les hispanophones ou notre&#8230; non je crois que c&#8217;est tout&#8230;<br>H : Occupy Wall Street.<\/p>\n\n\n\n<p><a id=\"sonaar_ts-6927cc5fdbe24\" class=\"srmp3_sonaar_ts_shortcode\"  style=\"\" href=\"javascript:sonaar_ts_shortcode({ trackid:'0', time:'00:29:23', ts_id:'6927cc5fdbe24', play_icon:'' }) ;\">[00:20:09]<\/a> L : Notre Occupy Wall Street fran\u00e7ais. Il y a eu une p\u00e9riode, \u00e0 la fin du quinquennat de Fran\u00e7ois Hollande, du Pr\u00e9sident Hollande, un moment o\u00f9 il y avait une forte contestation contre une loi de r\u00e9forme du march\u00e9 du travail et du code du travail fran\u00e7ais. Et \u00e0 Paris, et dans d&#8217;autres villes de France, mais surtout \u00e0 Paris, il y a eu des personnes qui ont commenc\u00e9 \u00e0 occuper une place, la Place de la R\u00e9publique \u00e0 Paris, et qui faisaient des d\u00e9bats, des assembl\u00e9es g\u00e9n\u00e9rales, qui voulaient un peu r\u00e9inventer la politique, r\u00e9inventer la vie sociale. Et en fait R\u00e9my Buisine, il est all\u00e9 sur cette place o\u00f9 au d\u00e9but peu de m\u00e9dias mainstream allaient, parce qu&#8217;au d\u00e9but tout le monde pensait que \u00e7a n&#8217;allait pas durer et que c&#8217;\u00e9tait un peu un truc marginal, un truc de hippies, dans les premiers jours. Et lui il \u00e9tait l\u00e0, il filmait et en fait il a eu pas mal de succ\u00e8s. Et puis finalement, de fil en aiguille, \u00e7a donne Brut ensuite. Brut n&#8217;a pas grand chose \u00e0 voir avec Nuit Debout mais il s&#8217;est fait conna\u00eetre comme \u00e7a. Et maintenant c&#8217;est rigolo, je le croise parfois quand je suis le Pr\u00e9sident Emmanuel Macron, il est l\u00e0 avec son t\u00e9l\u00e9phone et&#8230; voil\u00e0 je me suis un peu \u00e9loign\u00e9e du sujet, tu pourras couper !<\/p>\n\n\n\n<p><a id=\"sonaar_ts-6927cc5fdbe29\" class=\"srmp3_sonaar_ts_shortcode\"  style=\"\" href=\"javascript:sonaar_ts_shortcode({ trackid:'0', time:'00:30:37', ts_id:'6927cc5fdbe29', play_icon:'' }) ;\">[00:30:37]<\/a> H : Non mais tr\u00e8s bien, tr\u00e8s bien ! Merci beaucoup. Je pense qu&#8217;on va s&#8217;arr\u00eater l\u00e0. C&#8217;\u00e9tait vraiment tr\u00e8s tr\u00e8s int\u00e9ressant, \u00e0 mon avis \u00e7a va passionner les auditeurs du podcast. Un peu plus difficile que d&#8217;habitude&#8230;<\/p>\n\n\n\n<p>L : D\u00e9sol\u00e9e !<\/p>\n\n\n\n<p><a id=\"sonaar_ts-6927cc5fdbe33\" class=\"srmp3_sonaar_ts_shortcode\"  style=\"\" href=\"javascript:sonaar_ts_shortcode({ trackid:'0', time:'00:30:52', ts_id:'6927cc5fdbe33', play_icon:'' }) ;\">[00:30:52]<\/a> H : Mais voil\u00e0 \u00e7a change, un peu de diversit\u00e9. Beaucoup d&#8217;expressions que je vais essayer d&#8217;expliquer dans la transcription. Donc merci beaucoup Laure pour ton temps. Peut-\u00eatre qu&#8217;on fera une autre interview sur un autre sujet un peu plus tard.<\/p>\n\n\n\n<p>L : On peut. Merci Hugo, \u00e0 bient\u00f4t !<\/p>\n\n\n\n<p><a id=\"sonaar_ts-6927cc5fdbe38\" class=\"srmp3_sonaar_ts_shortcode\"  style=\"\" href=\"javascript:sonaar_ts_shortcode({ trackid:'0', time:'00:31:14', ts_id:'6927cc5fdbe38', play_icon:'' }) ;\">[00:31:14]<\/a> Voil\u00e0 c&#8217;\u00e9tait mon interview avec Laure Cometti du journal 20 Minutes. J&#8217;esp\u00e8re que \u00e7a vous a plu. Si vous voulez plus d&#8217;\u00e9pisodes comme \u00e7a, n&#8217;h\u00e9sitez pas \u00e0 m&#8217;\u00e9crire et j&#8217;essaierai de faire d&#8217;autres interviews. J&#8217;ai plein d&#8217;autres amis qui ont des choses tr\u00e8s int\u00e9ressantes \u00e0 raconter. Et je vous rappelle que vous pouvez lire la transcription sur mon site innerfrench.com pour avoir des explications de toutes les expressions qui \u00e9taient utilis\u00e9es.<\/p>\n\n\n\n<p><a id=\"sonaar_ts-6927cc5fdbe3d\" class=\"srmp3_sonaar_ts_shortcode\"  style=\"\" href=\"javascript:sonaar_ts_shortcode({ trackid:'0', time:'00:31:48', ts_id:'6927cc5fdbe3d', play_icon:'' }) ;\">[00:31:48]<\/a> Si vous avez des questions, n&#8217;h\u00e9sitez pas \u00e0 m&#8217;\u00e9crire, et si vous voulez me soutenir vous pouvez laisser une \u00e9valuation sur iTunes ou sur Facebook, \u00e7a me fera tr\u00e8s plaisir !<\/p>\n\n\n\n<p><a id=\"sonaar_ts-6927cc5fdbe43\" class=\"srmp3_sonaar_ts_shortcode\"  style=\"\" href=\"javascript:sonaar_ts_shortcode({ trackid:'0', time:'00:32:03', ts_id:'6927cc5fdbe43', play_icon:'' }) ;\">[00:32:03]<\/a> On se retrouve dans 2 semaines pour un nouvel \u00e9pisode. Et en attendant, n&#8217;oubliez pas de faire un peu de fran\u00e7ais, tous les jours ! \u00c0 bient\u00f4t !<\/p>\n","protected":false},"excerpt":{"rendered":"<p>Salut \u00e0 tous et bienvenue pour ce 40\u00e8me \u00e9pisode ! Aujourd&#8217;hui, on va parler de journalisme avec une invit\u00e9e sp\u00e9ciale. Bonjour \u00e0 tous et bienvenue pour ce 40\u00e8me \u00e9pisode. Un \u00e9pisode un peu sp\u00e9cial parce que j&#8217;\u00e9tais \u00e0 Paris, il y a quelques jours, et j&#8217;en ai profit\u00e9 pour voir une de mes amies qui&#8230;<\/p>\n","protected":false},"author":1,"featured_media":902,"comment_status":"open","ping_status":"open","sticky":false,"template":"","format":[192],"meta":{"_acf_changed":false,"_kad_blocks_custom_css":"","_kad_blocks_head_custom_js":"","_kad_blocks_body_custom_js":"","_kad_blocks_footer_custom_js":"","_kad_post_transparent":"","_kad_post_title":"","_kad_post_layout":"","_kad_post_sidebar_id":"","_kad_post_content_style":"","_kad_post_vertical_padding":"","_kad_post_feature":"","_kad_post_feature_position":"","_kad_post_header":false,"_kad_post_footer":false,"_kad_post_classname":"","footnotes":""},"categories":[168],"tags":[175],"class_list":["post-901","post","type-post","status-publish","format-standard","has-post-thumbnail","hentry","category-podcast","tag-france","format-itw-hugo"],"acf":[],"taxonomy_info":{"category":[{"value":168,"label":"Podcast"}],"post_tag":[{"value":175,"label":"France"}],"format":[{"value":192,"label":"Interview Hugo"}]},"featured_image_src_large":["https:\/\/innerfrench.com\/wp-content\/uploads\/2019\/02\/E40-Metier-journaliste-Laure-750x407.jpg",750,407,true],"author_info":{"display_name":"Hugo","author_link":"https:\/\/innerfrench.com\/author\/innerfrench-2-2-2-2-2-2-2-2-2-2-2-2-2-2-2-2-2-2-2\/"},"comment_info":11,"category_info":[{"term_id":168,"name":"Podcast","slug":"podcast","term_group":0,"term_taxonomy_id":168,"taxonomy":"category","description":"","parent":0,"count":185,"filter":"raw","cat_ID":168,"category_count":185,"category_description":"","cat_name":"Podcast","category_nicename":"podcast","category_parent":0}],"tag_info":[{"term_id":175,"name":"France","slug":"france","term_group":0,"term_taxonomy_id":175,"taxonomy":"post_tag","description":"","parent":0,"count":100,"filter":"raw"}],"_links":{"self":[{"href":"https:\/\/innerfrench.com\/wp-json\/wp\/v2\/posts\/901","targetHints":{"allow":["GET"]}}],"collection":[{"href":"https:\/\/innerfrench.com\/wp-json\/wp\/v2\/posts"}],"about":[{"href":"https:\/\/innerfrench.com\/wp-json\/wp\/v2\/types\/post"}],"author":[{"embeddable":true,"href":"https:\/\/innerfrench.com\/wp-json\/wp\/v2\/users\/1"}],"replies":[{"embeddable":true,"href":"https:\/\/innerfrench.com\/wp-json\/wp\/v2\/comments?post=901"}],"version-history":[{"count":1,"href":"https:\/\/innerfrench.com\/wp-json\/wp\/v2\/posts\/901\/revisions"}],"predecessor-version":[{"id":294294,"href":"https:\/\/innerfrench.com\/wp-json\/wp\/v2\/posts\/901\/revisions\/294294"}],"wp:featuredmedia":[{"embeddable":true,"href":"https:\/\/innerfrench.com\/wp-json\/wp\/v2\/media\/902"}],"wp:attachment":[{"href":"https:\/\/innerfrench.com\/wp-json\/wp\/v2\/media?parent=901"}],"wp:term":[{"taxonomy":"category","embeddable":true,"href":"https:\/\/innerfrench.com\/wp-json\/wp\/v2\/categories?post=901"},{"taxonomy":"post_tag","embeddable":true,"href":"https:\/\/innerfrench.com\/wp-json\/wp\/v2\/tags?post=901"},{"taxonomy":"format","embeddable":true,"href":"https:\/\/innerfrench.com\/wp-json\/wp\/v2\/format?post=901"}],"curies":[{"name":"wp","href":"https:\/\/api.w.org\/{rel}","templated":true}]}}