{"id":9367,"date":"2021-04-22T17:13:51","date_gmt":"2021-04-22T15:13:51","guid":{"rendered":"https:\/\/innerfrench.com\/?p=9367"},"modified":"2025-09-29T14:43:58","modified_gmt":"2025-09-29T12:43:58","slug":"92-de-paris-au-perou","status":"publish","type":"post","link":"https:\/\/innerfrench.com\/92-de-paris-au-perou\/","title":{"rendered":"#92 De Paris au P\u00e9rou"},"content":{"rendered":"\n<p><a id=\"sonaar_ts-6927d4228ee55\" class=\"srmp3_sonaar_ts_shortcode\"  style=\"\" href=\"javascript:sonaar_ts_shortcode({ trackid:'0', time:'00:00:15', ts_id:'6927d4228ee55', play_icon:'' }) ;\">[00:00:15]<\/a> Salut \u00e0 toutes et \u00e0 tous ! C&#8217;est un plaisir de vous retrouver pour cet \u00e9pisode un peu sp\u00e9cial. C&#8217;est un \u00e9pisode sp\u00e9cial parce que c&#8217;est le quatri\u00e8me anniversaire du podcast. Enfin, je triche. J&#8217;ai quelques jours d&#8217;avance. La date officielle de l&#8217;anniversaire, c&#8217;est le 28 avril. Mais comme il y aura pas d&#8217;\u00e9pisode la semaine prochaine, on le f\u00eate aujourd&#8217;hui.<\/p>\n\n\n\n<p><a id=\"sonaar_ts-6927d4228ee67\" class=\"srmp3_sonaar_ts_shortcode\"  style=\"\" href=\"javascript:sonaar_ts_shortcode({ trackid:'0', time:'0', ts_id:'6927d4228ee67', play_icon:'' }) ;\">[00:00:38]<\/a> Donc oui, d\u00e9j\u00e0 4 ans, le temps passe vite. Je me souviens du premier \u00e9pisode que j&#8217;ai enregistr\u00e9 : mon vibrant hommage au professeur Stephen Krashen ! Je m&#8217;en souviens comme si c&#8217;\u00e9tait hier. En m\u00eame temps, quand je pense \u00e0 tout ce qui s&#8217;est pass\u00e9 ces quatre derni\u00e8res ann\u00e9es, \u00e7a me semble \u00eatre une \u00e9ternit\u00e9. Je crois que j&#8217;ai d\u00e9j\u00e0 dit la m\u00eame chose la derni\u00e8re fois pour les trois ans. \u00c7a y est, je suis vieux, je radote. Radoter, \u00e7a signifie qu&#8217;on r\u00e9p\u00e8te toujours la m\u00eame chose parce qu&#8217;on oublie ce qu&#8217;on dit.<\/p>\n\n\n\n<p><a id=\"sonaar_ts-6927d4228ee6f\" class=\"srmp3_sonaar_ts_shortcode\"  style=\"\" href=\"javascript:sonaar_ts_shortcode({ trackid:'0', time:'00:01:13', ts_id:'6927d4228ee6f', play_icon:'' }) ;\">[00:01:13]<\/a> Bref, je veux juste profiter de ce quatri\u00e8me anniversaire pour vous remercier, vous, les auditeurs et auditrices d&#8217;InnerFrench. Que vous \u00e9coutiez le podcast depuis le d\u00e9but ou seulement depuis hier, merci de faire partie de la communaut\u00e9. C&#8217;est un honneur de vous aider \u00e0 apprendre le fran\u00e7ais. Bravo pour tous les efforts que vous faites. Je suis toujours impressionn\u00e9 quand je re\u00e7ois vos messages ou que je lis vos commentaires, je vois les progr\u00e8s que vous faites et c&#8217;est un plaisir de vous aider dans votre aventure.<\/p>\n\n\n\n<p><a id=\"sonaar_ts-6927d4228ee76\" class=\"srmp3_sonaar_ts_shortcode\"  style=\"\" href=\"javascript:sonaar_ts_shortcode({ trackid:'0', time:'00:01:48', ts_id:'6927d4228ee76', play_icon:'' }) ;\">[00:01:48]<\/a> D&#8217;ailleurs, maintenant, je suis plus seul. On est trois pour vous aider. Vous savez que l&#8217;ann\u00e9e derni\u00e8re, j&#8217;ai recrut\u00e9 Anna, dont vous avez entendu l&#8217;interview il y a quelques semaines. Et r\u00e9cemment, une nouvelle recrue nous a rejoint, Ingrid. Je vous ai d\u00e9j\u00e0 parl\u00e9 d&#8217;elle. Vous savez qu&#8217;elle m&#8217;aide \u00e0 pr\u00e9parer certains \u00e9pisodes du podcast, comme celui sur la libert\u00e9 de la presse en France, par exemple. Elle s&#8217;occupe aussi de r\u00e9pondre aux questions des \u00e9l\u00e8ves de Raconte ton histoire, notre cours avanc\u00e9. Donc aujourd&#8217;hui, on va faire les pr\u00e9sentations officielles. Vous allez entendre la voix d&#8217;Ingrid pour la premi\u00e8re fois. On a enregistr\u00e9 l&#8217;interview ensemble pour qu&#8217;elle nous parle de son parcours, de son enfance en r\u00e9gion parisienne jusqu&#8217;\u00e0 son expatriation au P\u00e9rou. Je vous en dit pas plus pour ne pas tout vous d\u00e9voiler, mais j&#8217;\u00e9tais tr\u00e8s content de pouvoir discuter plus longuement avec elle parce qu&#8217;on n&#8217;avait pas vraiment eu le temps de le faire jusque l\u00e0. On a d\u00e9couvert qu&#8217;on a pas mal de points communs.<\/p>\n\n\n\n<p><a id=\"sonaar_ts-6927d4228ee7b\" class=\"srmp3_sonaar_ts_shortcode\"  style=\"\" href=\"javascript:sonaar_ts_shortcode({ trackid:'0', time:'00:02:56', ts_id:'6927d4228ee7b', play_icon:'' }) ;\">[00:02:56]<\/a> Vous allez voir qu&#8217;on n&#8217;a pas fait d&#8217;effort particulier pour adapter notre fa\u00e7on de parler. On parle assez naturellement. Donc, cet \u00e9pisode sera un bon d\u00e9fi pour vous. N&#8217;h\u00e9sitez pas \u00e0 l&#8217;\u00e9couter plusieurs fois et \u00e0 lire la transcription sur le site si vous ne comprenez pas certaines phrases. Allez maintenant, je vous laisse \u00e9couter ma conversation avec Ingrid.<\/p>\n\n\n\n<p>Hugo: <a id=\"sonaar_ts-6927d4228ee81\" class=\"srmp3_sonaar_ts_shortcode\"  style=\"\" href=\"javascript:sonaar_ts_shortcode({ trackid:'0', time:'00:03:19', ts_id:'6927d4228ee81', play_icon:'' }) ;\">[00:03:19]<\/a> Salut Ingrid !<\/p>\n\n\n\n<p>Ingrid: <a id=\"sonaar_ts-6927d4228ee86\" class=\"srmp3_sonaar_ts_shortcode\"  style=\"\" href=\"javascript:sonaar_ts_shortcode({ trackid:'0', time:'00:03:35', ts_id:'6927d4228ee86', play_icon:'' }) ;\">[00:03:35]<\/a> Salut Hugo !<\/p>\n\n\n\n<p>Hugo: <a id=\"sonaar_ts-6927d4228ee8c\" class=\"srmp3_sonaar_ts_shortcode\"  style=\"\" href=\"javascript:sonaar_ts_shortcode({ trackid:'0', time:'00:03:35', ts_id:'6927d4228ee8c', play_icon:'' }) ;\">[00:03:35]<\/a> Bon, je suis tr\u00e8s content de t&#8217;avoir comme invit\u00e9e dans le podcast aujourd&#8217;hui. L&#8217;id\u00e9e, c&#8217;est de te pr\u00e9senter aux auditeurs parce que tu as rejoint l&#8217;\u00e9quipe InnerFrench r\u00e9cemment. Et \u00e7a va aussi \u00eatre l&#8217;occasion pour nous de faire un peu plus connaissance parce que, bon, t&#8217;as rejoint l&#8217;\u00e9quipe assez rapidement. Et on a pas eu le temps vraiment de se poser, et de parler. Donc voil\u00e0, je suis tr\u00e8s content de t&#8217;avoir dans le podcast.<\/p>\n\n\n\n<p>Ingrid: <a id=\"sonaar_ts-6927d4228ee92\" class=\"srmp3_sonaar_ts_shortcode\"  style=\"\" href=\"javascript:sonaar_ts_shortcode({ trackid:'0', time:'00:04:04', ts_id:'6927d4228ee92', play_icon:'' }) ;\">[00:04:04]<\/a> C&#8217;est vrai. Bah moi aussi, je suis tr\u00e8s contente. En plus, avec la distance, on n&#8217;a pas eu l&#8217;occasion de discuter un peu tranquillement, comme \u00e7a, de tout et de rien. Donc \u00e7a me fait plaisir qu&#8217;on puisse le faire. Et puis qu&#8217;on puisse partager avec, avec tous les followers d&#8217;InnerFrench.<\/p>\n\n\n\n<p>Hugo: <a id=\"sonaar_ts-6927d4228ee97\" class=\"srmp3_sonaar_ts_shortcode\"  style=\"\" href=\"javascript:sonaar_ts_shortcode({ trackid:'0', time:'00:04:23', ts_id:'6927d4228ee97', play_icon:'' }) ;\">[00:04:23]<\/a> Justement, donc, tu parles de la distance. Est-ce que tu peux nous dire o\u00f9 tu es en ce moment ?<\/p>\n\n\n\n<p>Ingrid: <a id=\"sonaar_ts-6927d4228ee9c\" class=\"srmp3_sonaar_ts_shortcode\"  style=\"\" href=\"javascript:sonaar_ts_shortcode({ trackid:'0', time:'00:04:28', ts_id:'6927d4228ee9c', play_icon:'' }) ;\">[00:04:28]<\/a> Alors l\u00e0, tout de suite, je suis \u00e0 Lima, au P\u00e9rou. Donc \u00e7a fait d\u00e9j\u00e0 plusieurs ann\u00e9es que je suis au P\u00e9rou. Euh&#8230; Et bon, bah en plus, avec en ce moment la pand\u00e9mie, tout \u00e7a&#8230; je suis rest\u00e9e ici toute la p\u00e9riode du covid,<\/p>\n\n\n\n<p>Hugo: <a id=\"sonaar_ts-6927d4228eea2\" class=\"srmp3_sonaar_ts_shortcode\"  style=\"\" href=\"javascript:sonaar_ts_shortcode({ trackid:'0', time:'00:04:46', ts_id:'6927d4228eea2', play_icon:'' }) ;\">[00:04:46]<\/a> Donc on va parler justement de ton expatriation au P\u00e9rou. Je pense que c&#8217;est une aventure qui va int\u00e9resser pas mal d&#8217;auditeurs. Mais pour commencer, j&#8217;aimerais que tu te pr\u00e9sentes pour, voil\u00e0, que les gens sachent un peu \u00e0 qui ils ont affaire.<\/p>\n\n\n\n<p>Ingrid: <a id=\"sonaar_ts-6927d4228eea7\" class=\"srmp3_sonaar_ts_shortcode\"  style=\"\" href=\"javascript:sonaar_ts_shortcode({ trackid:'0', time:'00:05:05', ts_id:'6927d4228eea7', play_icon:'' }) ;\">[00:05:05]<\/a> Bah alors bah du coup, moi c&#8217;est Ingrid. J&#8217;ai 29 ans, je suis Fran\u00e7aise, j&#8217;ai grandi en r\u00e9gion parisienne. J&#8217;ai fait mes \u00e9tudes \u00e0 Paris, donc pur produit de banlieue parisienne, puis de la capitale. J&#8217;ai fait des \u00e9tudes de journalisme et donc j&#8217;ai commenc\u00e9 \u00e0 travailler \u00e0 Paris comme journaliste. Ensuite, j&#8217;ai voyag\u00e9. J&#8217;ai voyag\u00e9&#8230; bon \u00e7a on pourra en reparler&#8230; j&#8217;ai fini par rester au P\u00e9rou sans l&#8217;avoir forc\u00e9ment planifi\u00e9. Et en fait, j&#8217;ai&#8230; Quand j&#8217;\u00e9tais sur place, comme le travail de journaliste, je le continuais, mais \u00e7a me prenait pas n\u00e9cessairement beaucoup de temps, je me suis dit qu&#8217;il \u00e9tait temps de r\u00e9aliser mon deuxi\u00e8me r\u00eave, qui \u00e9tait d&#8217;\u00eatre prof, puisque j&#8217;ai toujours voulu \u00eatre soit journaliste, soit prof. Et voil\u00e0. Et c&#8217;est comme \u00e7a que j&#8217;ai, j&#8217;ai commenc\u00e9 \u00e0 donner des cours de fran\u00e7ais. J&#8217;ai fait une formation et j&#8217;ai fini par travailler un petit peu comme journaliste et un petit peu comme prof. Et donc \u00e0 jongler entre les deux jusqu&#8217;\u00e0 atterrir \u00e0 InnerFrench o\u00f9 je fais vraiment un peu des deux. Mi journaliste, mi-professeur.<\/p>\n\n\n\n<p>Hugo: <a id=\"sonaar_ts-6927d4228eead\" class=\"srmp3_sonaar_ts_shortcode\"  style=\"\" href=\"javascript:sonaar_ts_shortcode({ trackid:'0', time:'00:06:22', ts_id:'6927d4228eead', play_icon:'' }) ;\">[00:06:22]<\/a> Ouais, pour moi, j&#8217;avoue que c&#8217;\u00e9tait vraiment le profil parfait. Je cherchais quelqu&#8217;un qui soit capable de m&#8217;aider \u00e0 cr\u00e9er du contenu. Mais qui ait cette approche aussi p\u00e9dagogique, et c&#8217;est pas si facile que \u00e7a \u00e0 trouver. Je pense qu&#8217;avec Internet, depuis quelques ann\u00e9es, il y a de plus en plus de profs de FLE qui se mettent \u00e0 la cr\u00e9ation de contenu. C&#8217;est super parce qu&#8217;il y a de plus en plus de choses, de ressources qui sont disponibles pour les apprenants. Mais voil\u00e0, les profs ont pas toujours la rigueur journalistique. Ou voil\u00e0, c&#8217;est pas non plus quelque chose qui peut s&#8217;improviser. Et toi, tu as vraiment \u00e9t\u00e9 form\u00e9e \u00e0 \u00e7a, t&#8217;as vraiment fait tes \u00e9tudes en journalisme.<\/p>\n\n\n\n<p>Ingrid: <a id=\"sonaar_ts-6927d4228eeb2\" class=\"srmp3_sonaar_ts_shortcode\"  style=\"\" href=\"javascript:sonaar_ts_shortcode({ trackid:'0', time:'00:07:10', ts_id:'6927d4228eeb2', play_icon:'' }) ;\">[00:07:10]<\/a> Ouais. Ouais du coup, pour moi aussi, \u00e7a a \u00e9t\u00e9 un peu le coup du destin, quelque chose qui me permette de m&#8217;\u00e9panouir sur les deux choses que j&#8217;aime finalement. Donc, ouais, je suis plut\u00f4t contente qu&#8217;on se soit trouv\u00e9s professionnellement. C&#8217;est plut\u00f4t cool pour les deux c\u00f4t\u00e9s.<\/p>\n\n\n\n<p>Hugo: <a id=\"sonaar_ts-6927d4228eeb7\" class=\"srmp3_sonaar_ts_shortcode\"  style=\"\" href=\"javascript:sonaar_ts_shortcode({ trackid:'0', time:'00:07:30', ts_id:'6927d4228eeb7', play_icon:'' }) ;\">[00:07:30]<\/a> Et pour la petite histoire, je m&#8217;\u00e9tais servi d&#8217;un de tes articles pour un \u00e9pisode du podcast. C&#8217;\u00e9tait celui sur l&#8217;expatriation et l&#8217;immigration. Quand tu as postul\u00e9 \u00e0 l&#8217;offre, justement, je me suis dit que j&#8217;avais d\u00e9j\u00e0 vu ton nom quelque part, mais j&#8217;arrivais plus \u00e0 m&#8217;en souvenir. Apr\u00e8s t&#8217;avoir googl\u00e9e, l\u00e0 voil\u00e0, j&#8217;ai fait le rapprochement et j&#8217;ai vu que tu \u00e9tais l&#8217;auteur justement de cet article, et je me suis dit que le monde est petit.<\/p>\n\n\n\n<p>Ingrid: <a id=\"sonaar_ts-6927d4228eebd\" class=\"srmp3_sonaar_ts_shortcode\"  style=\"\" href=\"javascript:sonaar_ts_shortcode({ trackid:'0', time:'00:07:58', ts_id:'6927d4228eebd', play_icon:'' }) ;\">[00:07:58]<\/a> Ouais, effectivement encore plus&#8230; C&#8217;\u00e9tait encore plus un signe que&#8230; On pouvait bosser ensemble et qu&#8217;on avait des id\u00e9es de sujets un petit peu en commun.<\/p>\n\n\n\n<p>Hugo: <a id=\"sonaar_ts-6927d4228eec2\" class=\"srmp3_sonaar_ts_shortcode\"  style=\"\" href=\"javascript:sonaar_ts_shortcode({ trackid:'0', time:'00:08:08', ts_id:'6927d4228eec2', play_icon:'' }) ;\">[00:08:08]<\/a> Exactement. Alors, en te pr\u00e9sentant, tu as dit que tu \u00e9tais un pur produit de banlieue parisienne. Et je sais que dans le cours Raconte ton histoire, je parle un peu de la banlieue. Et c&#8217;est vrai que c&#8217;est un mot qui est assez compliqu\u00e9 \u00e0 expliquer en fran\u00e7ais parce qu&#8217;il peut avoir plusieurs significations. Donc, toi, qu&#8217;est-ce que tu entends par pur produit de banlieue parisienne ? Dans ton esprit, \u00e0 quoi \u00e7a correspond ?<\/p>\n\n\n\n<p>Ingrid: <a id=\"sonaar_ts-6927d4228eec7\" class=\"srmp3_sonaar_ts_shortcode\"  style=\"\" href=\"javascript:sonaar_ts_shortcode({ trackid:'0', time:'00:08:34', ts_id:'6927d4228eec7', play_icon:'' }) ;\">[00:08:34]<\/a> Bah, c&#8217;est simplement que j&#8217;ai grandi dans la p\u00e9riph\u00e9rie de Paris, donc dans dans une petite ville, bon pas si petite, mais dans une ville des Yvelines, dans le 78. Et en fait, j&#8217;ai&#8230; Si, j&#8217;ai de la famille en dehors de la r\u00e9gion parisienne. D&#8217;ailleurs, quand je suis \u00e0 l&#8217;\u00e9tranger, je dis que je suis de Paris, mais que ma famille est dans les Alpes, comme \u00e7a, \u00e7a permet aux gens de situer un petit peu que je suis, pas que de l\u00e0-bas.<\/p>\n\n\n\n<p><a id=\"sonaar_ts-6927d4228eecc\" class=\"srmp3_sonaar_ts_shortcode\"  style=\"\" href=\"javascript:sonaar_ts_shortcode({ trackid:'0', time:'00:09:09', ts_id:'6927d4228eecc', play_icon:'' }) ;\">[00:09:09]<\/a> Mais en r\u00e9alit\u00e9, si, j&#8217;ai grandi en banlieue, qui donc pour situer, c&#8217;est comment dire&#8230; C&#8217;est vrai qu&#8217;il y a beaucoup de clich\u00e9s autour de la banlieue, de fantasmes. Pourquoi ? Parce qu&#8217;il y a certaines banlieues qui sont, disons, tr\u00e8s populaires et qui, dans l&#8217;histoire, ont eu quelques grands faits divers du fait d&#8217;\u00eatre des territoires qui sont un peu oubli\u00e9s, des territoires o\u00f9 il y a parfois un peu plus de violence ou un peu plus de pauvret\u00e9. Et donc c&#8217;est vrai que, notamment quand j&#8217;\u00e9tais au coll\u00e8ge, par exemple, je me rappelle il y a eu quelques mois o\u00f9 il y avait eu des voitures qui avaient \u00e9t\u00e9 br\u00fbl\u00e9es, etc. des \u00e9meutes, qu&#8217;ils appelaient \u00e7a. Donc, dans l&#8217;esprit de certaines personnes qui n&#8217;ont pas v\u00e9cu l\u00e0 bas, toute la banlieue est un endroit horrible o\u00f9 les gens sont perdus. Mais en fait, c&#8217;est pas le cas.<\/p>\n\n\n\n<p><a id=\"sonaar_ts-6927d4228eed1\" class=\"srmp3_sonaar_ts_shortcode\"  style=\"\" href=\"javascript:sonaar_ts_shortcode({ trackid:'0', time:'00:10:08', ts_id:'6927d4228eed1', play_icon:'' }) ;\">[00:10:08]<\/a> D\u00e9j\u00e0, il y a des banlieues qui sont tr\u00e8s riches, tr\u00e8s, tr\u00e8s riches. Il ne faut pas oublier que Versailles ou Neuilly-sur-Seine, c&#8217;est en banlieue. Et puis apr\u00e8s, il y a beaucoup d&#8217;endroits qui sont simplement moyens, o\u00f9 les gens coulent une vie paisible. Et bon, on va dire que moi, l\u00e0 d&#8217;o\u00f9 je viens, c&#8217;est exactement entre les deux. J&#8217;ai eu&#8230; Voil\u00e0, la ville d&#8217;o\u00f9 je viens a ses quartiers un petit peu plus populaires, et puis aussi des endroits plus plus bourgeois, on peut dire.<\/p>\n\n\n\n<p><a id=\"sonaar_ts-6927d4228eed6\" class=\"srmp3_sonaar_ts_shortcode\"  style=\"\" href=\"javascript:sonaar_ts_shortcode({ trackid:'0', time:'00:10:42', ts_id:'6927d4228eed6', play_icon:'' }) ;\">[00:10:42]<\/a> Et moi, l\u00e0 o\u00f9 j&#8217;ai grandi, c&#8217;\u00e9tait vraiment exactement entre les deux, ni ni l&#8217;un ni l&#8217;autre. Mais c&#8217;est vrai que du coup, j&#8217;ai grandi \u00e0 cot\u00e9 de Paris, la premi\u00e8re grande ville o\u00f9 je suis all\u00e9e quand j&#8217;\u00e9tais au coll\u00e8ge pour aller faire les magasins, c&#8217;\u00e9tait Paris. Et quand j&#8217;ai commenc\u00e9 \u00e0 \u00e9tudier \u00e0 Paris, je sentais la diff\u00e9rence. Le fait que je vienne de banlieue, \u00e7a, \u00e7a me donnait une identit\u00e9 un petit peu particuli\u00e8re aux yeux de certaines personnes. Et de fait, mes amis que je me suis faits \u00e0 Paris en g\u00e9n\u00e9ral, c&#8217;\u00e9taient des personnes qui aussi avaient grandi dans une banlieue et avaient v\u00e9cu la m\u00eame, la m\u00eame r\u00e9alit\u00e9.<\/p>\n\n\n\n<p>Hugo: <a id=\"sonaar_ts-6927d4228eedb\" class=\"srmp3_sonaar_ts_shortcode\"  style=\"\" href=\"javascript:sonaar_ts_shortcode({ trackid:'0', time:'00:11:21', ts_id:'6927d4228eedb', play_icon:'' }) ;\">[00:11:21]<\/a> Est-ce qu&#8217;on t&#8217;appelait \u00abla banlieusarde\u00bb ou pas ?<\/p>\n\n\n\n<p>Ingrid: <a id=\"sonaar_ts-6927d4228eee0\" class=\"srmp3_sonaar_ts_shortcode\"  style=\"\" href=\"javascript:sonaar_ts_shortcode({ trackid:'0', time:'00:11:25', ts_id:'6927d4228eee0', play_icon:'' }) ;\">[00:11:25]<\/a> Euh&#8230; \u00c7a m&#8217;est arriv\u00e9, ouais. Alors c&#8217;est dr\u00f4le parce que quand j&#8217;\u00e9tais en dehors de Paris, de la r\u00e9gion parisienne, on m&#8217;appelait la Parisienne et quand j&#8217;\u00e9tais \u00e0 Paris avec des Parisiens, on m&#8217;a d\u00e9j\u00e0 appel\u00e9, ouais, la banlieusarde. Surtout \u00e0 l&#8217;\u00e9poque o\u00f9 j&#8217;avais pas encore les moyens de vivre toute seule. Et du coup, je faisais les allers-retours. Donc, c&#8217;est vrai que j&#8217;allais en soir\u00e9e, il fallait que je dorme chez les gens. Ou alors il fallait que je rentre avant minuit pour prendre le dernier train. Sinon, c&#8217;\u00e9tait le Noctilien, le bus de nuit qui est un bus horrible, donc&#8230; Donc, oui, c&#8217;\u00e9tait une r\u00e9alit\u00e9 un petit peu diff\u00e9rente avec tout le chemin que je devais faire. Et puis mon autre vie que j&#8217;avais en dehors de Paris.<\/p>\n\n\n\n<p>Hugo: <a id=\"sonaar_ts-6927d4228eee6\" class=\"srmp3_sonaar_ts_shortcode\"  style=\"\" href=\"javascript:sonaar_ts_shortcode({ trackid:'0', time:'00:12:07', ts_id:'6927d4228eee6', play_icon:'' }) ;\">[00:12:07]<\/a> Ouais donc, justement pour expliquer, ce mot &#8220;banlieusard&#8221;, et &#8220;banlieusarde&#8221; au f\u00e9minin, c&#8217;est un nom qu&#8217;on utilise. C&#8217;est plut\u00f4t familier, c&#8217;est un peu p\u00e9joratif, pour qualifier quelqu&#8217;un qui habite en banlieue. Et en g\u00e9n\u00e9ral, c&#8217;est plut\u00f4t les gens de la ville, donc, par exemple les Parisiens, qui se distinguent des banlieusards. Et voil\u00e0 dans la bouche d&#8217;un Parisien, banlieusard, c&#8217;est plut\u00f4t p\u00e9joratif. C&#8217;est plut\u00f4t n\u00e9gatif.<\/p>\n\n\n\n<p>Ingrid: <a id=\"sonaar_ts-6927d4228eeeb\" class=\"srmp3_sonaar_ts_shortcode\"  style=\"\" href=\"javascript:sonaar_ts_shortcode({ trackid:'0', time:'00:12:36', ts_id:'6927d4228eeeb', play_icon:'' }) ;\">[00:12:36]<\/a> Et dans la bouche aussi, d&#8217;un, en r\u00e9el&#8230; En v\u00e9rit\u00e9, d&#8217;un provincial aussi. J&#8217;ai rencontr\u00e9 beaucoup de personnes qui venaient pas de Paris, qui ont mont\u00e9 \u00e0 la capitale pour faire leurs \u00e9tudes. Et quand on leur disait &#8220;non, mais moi, j&#8217;ai&#8230; j&#8217;hab&#8230; j&#8217;ai pas d&#8217;appartement \u00e0 Paris, je retourne chez mes parents en banlieue bah tous les jours&#8221;. Ils te regardaient un peu, genre &#8220;ah ouais, ouais tu viens de banlieue&#8221;. Alors que bon apr\u00e8s, quand ils connaissent mieux, les gens en g\u00e9n\u00e9ral, ils comprennent que c&#8217;est pas du tout l&#8217;image qui a pu \u00eatre v\u00e9hicul\u00e9e dans les m\u00e9dias, en particulier quand nous, on \u00e9tait jeune et que c&#8217;\u00e9tait un peu l&#8217;\u00e9poque, la grande \u00e9poque des reportages t\u00e9l\u00e9 qui font peur,<\/p>\n\n\n\n<p>Hugo: <a id=\"sonaar_ts-6927d4228eef0\" class=\"srmp3_sonaar_ts_shortcode\"  style=\"\" href=\"javascript:sonaar_ts_shortcode({ trackid:'0', time:'00:13:23', ts_id:'6927d4228eef0', play_icon:'' }) ;\">[00:13:23]<\/a> C&#8217;est vrai. Et comme tu l&#8217;a rappel\u00e9 au d\u00e9but, tout d\u00e9pend vraiment de la banlieue dans laquelle tu vis. Ce mot, il recouvre une r\u00e9alit\u00e9, vraiment, vraiment vari\u00e9e.<\/p>\n\n\n\n<p>Ingrid: <a id=\"sonaar_ts-6927d4228eef6\" class=\"srmp3_sonaar_ts_shortcode\"  style=\"\" href=\"javascript:sonaar_ts_shortcode({ trackid:'0', time:'00:13:37', ts_id:'6927d4228eef6', play_icon:'' }) ;\">[00:13:37]<\/a> Ouais.<\/p>\n\n\n\n<p>Hugo: <a id=\"sonaar_ts-6927d4228eefb\" class=\"srmp3_sonaar_ts_shortcode\"  style=\"\" href=\"javascript:sonaar_ts_shortcode({ trackid:'0', time:'00:13:37', ts_id:'6927d4228eefb', play_icon:'' }) ;\">[00:13:37]<\/a> Et pour toi, c&#8217;\u00e9tait toujours une \u00e9vidence, pendant&#8230; au coll\u00e8ge et au lyc\u00e9e, qu&#8217;un jour, tu irais vivre \u00e0 Paris ? Que tu irais \u00e9tudier \u00e0 Paris ? Ou c&#8217;est arriv\u00e9 finalement un peu par hasard ?<\/p>\n\n\n\n<p>Ingrid: <a id=\"sonaar_ts-6927d4228ef00\" class=\"srmp3_sonaar_ts_shortcode\"  style=\"\" href=\"javascript:sonaar_ts_shortcode({ trackid:'0', time:'00:13:51', ts_id:'6927d4228ef00', play_icon:'' }) ;\">[00:13:51]<\/a> Ah non, c&#8217;\u00e9tait 100% depuis l&#8217;enfance. Enfin, euh&#8230; De fait, je pense que quand tu grandis en banlieue parisienne et que du coup, tu veux faire des \u00e9tudes que tu te vois&#8230; Voil\u00e0, moi, tr\u00e8s jeune, je disais soit je serai journaliste, soit je serai prof et dans tous les cas, je voulais faire des \u00e9tudes. Le seul endroit o\u00f9 je me visualisais, c&#8217;\u00e9tait \u00e0 Paris. J&#8217;ai jamais envisag\u00e9, c&#8217;est vrai, et \u00e7a, c&#8217;est un d\u00e9faut, je pense de la France qui est si centralis\u00e9e : je me suis jamais vu faire des \u00e9tudes ailleurs qu&#8217;\u00e0 Paris, jusqu&#8217;\u00e0 bien s\u00fbr, plus tard ou quand tu te rends compte de la r\u00e9alit\u00e9 pour aller en master ou quoi, j&#8217;ai envisag\u00e9 d&#8217;aller ailleurs. Mais au d\u00e9but, quand j&#8217;\u00e9tais jeune, c&#8217;\u00e9tait vraiment&#8230; Je pense que si on retrouvait mes carnets de petite fille ou d&#8217;ado, o\u00f9 j&#8217;\u00e9crivais mes r\u00eaves dans la vie, il y avait avoir un appartement \u00e0 Paris, boire un Starbucks \u00e0 Paris. Le truc super clich\u00e9 de : Paris, Paris.<\/p>\n\n\n\n<p>Hugo: <a id=\"sonaar_ts-6927d4228ef1c\" class=\"srmp3_sonaar_ts_shortcode\"  style=\"\" href=\"javascript:sonaar_ts_shortcode({ trackid:'0', time:'00:14:57', ts_id:'6927d4228ef1c', play_icon:'' }) ;\">[00:14:57]<\/a> Alors que c&#8217;est exactement les m\u00eames Starbucks \u00e0 Paris et en banlieue&#8230;<\/p>\n\n\n\n<p>Ingrid: <a id=\"sonaar_ts-6927d4228ef25\" class=\"srmp3_sonaar_ts_shortcode\"  style=\"\" href=\"javascript:sonaar_ts_shortcode({ trackid:'0', time:'00:15:00', ts_id:'6927d4228ef25', play_icon:'' }) ;\">[00:15:00]<\/a> Ouais&#8230; Nan, mais \u00e0 l&#8217;\u00e9poque, je crois, je pense qu&#8217;il y avait pas de Starbucks en banlieue. Il y a des choses que&#8230; Ouais, il y avait pas les m\u00eames magasins. C&#8217;\u00e9tait&#8230; J&#8217;avais des copines qui avaient, par exemple, leurs mamans qui les emmenaient faire les magasins \u00e0 Paris. Et c&#8217;\u00e9tait : waouh ! Parce que moi j&#8217;allais au G\u00e9mo d&#8217;\u00c9lancourt. Donc ouais, il y avait quand m\u00eame une r\u00e9alit\u00e9 diff\u00e9rente. Mais c&#8217;est vrai que au final, j&#8217;aurais tr\u00e8s bien pu aller dans une ville de province pour faire des \u00e9tudes en particulier. La vie aurait \u00e9t\u00e9 la m\u00eame. Finalement, la vie \u00e9tudiante.<\/p>\n\n\n\n<p>Hugo: <a id=\"sonaar_ts-6927d4228ef2b\" class=\"srmp3_sonaar_ts_shortcode\"  style=\"\" href=\"javascript:sonaar_ts_shortcode({ trackid:'0', time:'00:15:40', ts_id:'6927d4228ef2b', play_icon:'' }) ;\">[00:15:40]<\/a> Justement, concernant tes \u00e9tudes, pourquoi tu as choisi le journalisme ?<\/p>\n\n\n\n<p>Ingrid: <a id=\"sonaar_ts-6927d4228ef30\" class=\"srmp3_sonaar_ts_shortcode\"  style=\"\" href=\"javascript:sonaar_ts_shortcode({ trackid:'0', time:'00:15:46', ts_id:'6927d4228ef30', play_icon:'' }) ;\">[00:15:46]<\/a> Bah alors l\u00e0, \u00e7a, c&#8217;est une tr\u00e8s bonne question. Parce que du coup, \u00e7a remonte \u00e0 tellement loin. Le fait de vouloir \u00eatre journaliste que j&#8217;ai eu plusieurs phases. En fait, je pense qu&#8217;au tout d\u00e9but, c&#8217;est la base de base, c&#8217;est que j&#8217;adore \u00e9crire. Depuis toute petite, j&#8217;adorais lire et \u00e9crire et on va dire, \u00e9changer, transmettre des id\u00e9es. D&#8217;o\u00f9 le rapprochement avec professeurs ou journalistes. Puis apr\u00e8s, j&#8217;ai eu plusieurs phases. J&#8217;ai voulu \u00eatre journaliste de mode, ce qui me fait rire maintenant, parce que quand on sait maintenant mon rapport avec la mode&#8230; Mais \u00e0 une \u00e9poque, ouais, je voulais&#8230; Plus parce que je lisais des magazines f\u00e9minins qui avaient des tons un peu l\u00e9gers, tr\u00e8s chronique, tr\u00e8s, je raconte ma vie d&#8217;une mani\u00e8re dr\u00f4le, etc. Tr\u00e8s Sex and the City, finalement. Et apr\u00e8s, j&#8217;ai eu une autre phase \u00e0 partir de 15 16 ans, o\u00f9 j&#8217;ai commenc\u00e9 \u00e0 recevoir le magazine L&#8217;Express \u00e0 la maison, gratuitement. Et donc, mes parents, \u00e9videmment, ne lisaient pas du tout ce genre de journaux politiques ou quoi. Ils m&#8217;ont jamais transmis un amour de&#8230; J&#8217;ai jamais vu Le Monde ou Le Figaro ou Lib\u00e9ration \u00e0 la maison, nan, c&#8217;est des choses que j&#8217;ai d\u00e9couvert apr\u00e8s. Mais quand je recevais L&#8217;Express \u00e0 la maison, j&#8217;ai commenc\u00e9 \u00e0 me dire : &#8220;ah ouais, non, pas journaliste de mode, je veux \u00eatre journaliste politique&#8221;. Et l\u00e0, je me suis mise \u00e0 fond \u00e0 souligner, \u00e0 surligner les interviews des politiques, etc. Et voil\u00e0, et au final, je me suis un peu calm\u00e9e sur les deux et c&#8217;est pour \u00e7a que j&#8217;ai fait plus des sujets de soci\u00e9t\u00e9 qui, finalement, permettent \u00e0 la fois de parler de la vie quotidienne, des choses un peu plus chronique, un peu plus t\u00e9moignages de vie, mais sur des sujets qui touchent quand m\u00eame un peu la politique, mais pas la politique politicienne. Plus vraiment des choses de la vie r\u00e9elle.<\/p>\n\n\n\n<p>Hugo: <a id=\"sonaar_ts-6927d4228ef35\" class=\"srmp3_sonaar_ts_shortcode\"  style=\"\" href=\"javascript:sonaar_ts_shortcode({ trackid:'0', time:'00:17:47', ts_id:'6927d4228ef35', play_icon:'' }) ;\">[00:17:47]<\/a> Et c&#8217;est difficile de rejoindre une \u00e9cole de journalisme \u00e0 Paris ?<\/p>\n\n\n\n<p>Ingrid: <a id=\"sonaar_ts-6927d4228ef3f\" class=\"srmp3_sonaar_ts_shortcode\"  style=\"\" href=\"javascript:sonaar_ts_shortcode({ trackid:'0', time:'00:17:52', ts_id:'6927d4228ef3f', play_icon:'' }) ;\">[00:17:52]<\/a> Ouais. Ouais, c&#8217;est ultra&#8230; Alors moi, j&#8217;\u00e9tais&#8230; J&#8217;ai eu la chance d&#8217;int\u00e9grer une association de pr\u00e9paration aux concours que je conseille totalement. Qui est vraiment une association g\u00e9nialissime qui s&#8217;appelle La Chance au concours. Donc, c&#8217;est une asso de journalistes qui pr\u00e9pare des \u00e9tudiants boursiers, donc des personnes qui&#8230; Boursiers, c&#8217;est des personnes qui, qui en fait, sont&#8230; n&#8217;ont pas forc\u00e9ment&#8230; leur famille, n&#8217;a pas forc\u00e9ment beaucoup de ressources. Et qui donc re\u00e7oivent pour faire leurs \u00e9tudes des aides de l&#8217;\u00c9tat. Donc, il y a des boursiers avec plusieurs \u00e9chelons : il y a des personnes qui re\u00e7oivent une petite aide et d&#8217;autres plus importante. Et donc La Chance aux concours, c&#8217;est une association qui nous permettait, avec un groupe qui avait \u00e9t\u00e9 s\u00e9lectionn\u00e9 sur la motivation, la situation des parents, le parcours, etc. On allait tous les samedis, il me semble, l\u00e0-bas pour pr\u00e9parer les concours. C&#8217;est des examens qu&#8217;on passe, o\u00f9 il y a plusieurs \u00e9tapes. Donc, je pense que tu as d\u00e9j\u00e0 expliqu\u00e9 \u00e7a par rapport aux concours en \u00e9cole de commerce. Pour ceux qui te suivent, ils doivent d\u00e9j\u00e0 savoir ce que c&#8217;est ?<\/p>\n\n\n\n<p>Hugo: <a id=\"sonaar_ts-6927d4228ef45\" class=\"srmp3_sonaar_ts_shortcode\"  style=\"\" href=\"javascript:sonaar_ts_shortcode({ trackid:'0', time:'00:19:18', ts_id:'6927d4228ef45', play_icon:'' }) ;\">[00:19:18]<\/a> Ouais, j&#8217;en ai parl\u00e9, mais seulement dans le cours Raconte ton histoire. Dans le podcast, je pense pas l&#8217;avoir \u00e9voqu\u00e9, donc c&#8217;est bien que tu te rappelles.<\/p>\n\n\n\n<p>Ingrid: <a id=\"sonaar_ts-6927d4228ef4a\" class=\"srmp3_sonaar_ts_shortcode\"  style=\"\" href=\"javascript:sonaar_ts_shortcode({ trackid:'0', time:'00:19:27', ts_id:'6927d4228ef4a', play_icon:'' }) ;\">[00:19:27]<\/a> Donc du coup, pour les grandes \u00e9coles, c&#8217;est \u00e0 dire les \u00e9coles de journalisme, les \u00e9coles de commerce, d&#8217;ing\u00e9nieurs, pour entrer en fait il y a un nombre de places limit\u00e9e et donc pour faire partie des heureux \u00e9lus, il faut passer un concours. En g\u00e9n\u00e9ral, c&#8217;est un concours \u00e9crit d&#8217;abord o\u00f9 il y a une premi\u00e8re s\u00e9lection. Et puis apr\u00e8s, c&#8217;est un oral. Donc moi, j&#8217;ai pass\u00e9 tous les concours et bon de fait, j&#8217;ai, je pense que j&#8217;ai de la chance parce que je suis&#8230; J&#8217;ai toujours \u00e9t\u00e9 tr\u00e8s bonne \u00e9l\u00e8ve et assez scolaire, donc j&#8217;ai eu la chance d&#8217;\u00eatre admissible \u00e0 tous les concours. Donc une quinzaine, je crois qu&#8217;il y a 15 \u00e9coles reconnues en France et j&#8217;ai d\u00fb en passer 10 parce qu&#8217;il y a des masters, quelque chose comme \u00e7a.<\/p>\n\n\n\n<p>Hugo: <a id=\"sonaar_ts-6927d4228ef4f\" class=\"srmp3_sonaar_ts_shortcode\"  style=\"\" href=\"javascript:sonaar_ts_shortcode({ trackid:'0', time:'00:20:13', ts_id:'6927d4228ef4f', play_icon:'' }) ;\">[00:20:13]<\/a> Alors l\u00e0, \u00e7a vaut la peine parce qu&#8217;il y a souvent une confusion avec le verbe passer pour les examens.<\/p>\n\n\n\n<p><a id=\"sonaar_ts-6927d4228ef54\" class=\"srmp3_sonaar_ts_shortcode\"  style=\"\" href=\"javascript:sonaar_ts_shortcode({ trackid:'0', time:'00:20:19', ts_id:'6927d4228ef54', play_icon:'' }) ;\">[00:20:19]<\/a> Ah oui.<\/p>\n\n\n\n<p><a id=\"sonaar_ts-6927d4228ef5a\" class=\"srmp3_sonaar_ts_shortcode\"  style=\"\" href=\"javascript:sonaar_ts_shortcode({ trackid:'0', time:'00:20:20', ts_id:'6927d4228ef5a', play_icon:'' }) ;\">[00:20:20]<\/a> Parce qu&#8217;en fait en fran\u00e7ais, ouais, passer un examen, \u00e7a veut dire essayer cet examen, mais \u00e7a ne veut pas n\u00e9cessairement dire le r\u00e9ussir. Donc toi, tu&#8230; voil\u00e0, tu t&#8217;es inscrite \u00e0 tous les examens, tu as pass\u00e9 tous les examens et tu les a r\u00e9ussis.<\/p>\n\n\n\n<p>Ingrid: <a id=\"sonaar_ts-6927d4228ef64\" class=\"srmp3_sonaar_ts_shortcode\"  style=\"\" href=\"javascript:sonaar_ts_shortcode({ trackid:'0', time:'00:20:35', ts_id:'6927d4228ef64', play_icon:'' }) ;\">[00:20:35]<\/a> Ouais, c&#8217;est \u00e7a, donc j&#8217;ai \u00e9t\u00e9 admissible \u00e0 tous les concours et j&#8217;\u00e9tais admise \u00e0 tous, sauf un, celui qui est class\u00e9&#8230; l&#8217;\u00c9cole de Lille. Par contre, ouais j&#8217;ai pu choisir, j&#8217;ai eu la chance de pouvoir choisir, entre guillemets, la meilleure \u00e9cole. Je dis entre guillemets parce que&#8230; La meilleure \u00e9cole de Paris. Parce qu&#8217;en r\u00e9alit\u00e9, moi, je pense que \u00e0 partir du moment o\u00f9 tu es pris en master, que tu es dans une \u00e9cole reconnue, que t&#8217;es avec des supers professeurs, des camarades qui vont \u00eatre des futurs confr\u00e8res, etc. Dans tous les cas, c&#8217;est des bonnes \u00e9coles. Il y a&#8230; Les histoires de celle ci est meilleure qu&#8217;une autre, \u00e7a d\u00e9pend vraiment de chaque personne et de ce qu&#8217;on fait \u00e0 l&#8217;\u00e9cole. Mais en tout cas, oui, c&#8217;\u00e9tait, c&#8217;\u00e9tait difficile et j&#8217;ai eu la chance d&#8217;avoir cette association qui m&#8217;a pr\u00e9par\u00e9e parce que&#8230; Il y a beaucoup d&#8217;autres personnes qui ont&#8230; qui peuvent avoir des pr\u00e9pas priv\u00e9es, en fait, et qui donc payent assez cher pour pouvoir rentrer dans la formation.<\/p>\n\n\n\n<p>Hugo: <a id=\"sonaar_ts-6927d4228ef69\" class=\"srmp3_sonaar_ts_shortcode\"  style=\"\" href=\"javascript:sonaar_ts_shortcode({ trackid:'0', time:'00:21:43', ts_id:'6927d4228ef69', play_icon:'' }) ;\">[00:21:43]<\/a> Enfin, en tout&#8230; Elles payent pas forc\u00e9ment pour&#8230; Elles payent pour \u00eatre pr\u00e9par\u00e9es<\/p>\n\n\n\n<p>Ingrid: <a id=\"sonaar_ts-6927d4228ef6e\" class=\"srmp3_sonaar_ts_shortcode\"  style=\"\" href=\"javascript:sonaar_ts_shortcode({ trackid:'0', time:'00:21:46', ts_id:'6927d4228ef6e', play_icon:'' }) ;\">[00:21:46]<\/a> Pour \u00eatre pr\u00e9par\u00e9es, oui.<\/p>\n\n\n\n<p>Hugo: <a id=\"sonaar_ts-6927d4228ef73\" class=\"srmp3_sonaar_ts_shortcode\"  style=\"\" href=\"javascript:sonaar_ts_shortcode({ trackid:'0', time:'00:21:47', ts_id:'6927d4228ef73', play_icon:'' }) ;\">[00:21:47]<\/a> &#8230;avec les meilleurs professeurs, etc.<\/p>\n\n\n\n<p>Ingrid: <a id=\"sonaar_ts-6927d4228ef78\" class=\"srmp3_sonaar_ts_shortcode\"  style=\"\" href=\"javascript:sonaar_ts_shortcode({ trackid:'0', time:'00:21:49', ts_id:'6927d4228ef78', play_icon:'' }) ;\">[00:21:49]<\/a> Tu peux payer \u00e9norm\u00e9ment une pr\u00e9paration et ne pas \u00eatre du tout admis dans l&#8217;\u00e9cole.<\/p>\n\n\n\n<p>Hugo: <a id=\"sonaar_ts-6927d4228ef7e\" class=\"srmp3_sonaar_ts_shortcode\"  style=\"\" href=\"javascript:sonaar_ts_shortcode({ trackid:'0', time:'00:21:56', ts_id:'6927d4228ef7e', play_icon:'' }) ;\">[00:21:56]<\/a> Exactement. Non, parce que c&#8217;est pas comme dans certaines universit\u00e9s am\u00e9ricaines o\u00f9 l\u00e0, vraiment, on peut&#8230; Pas toujours officiellement, mais acheter sa place. En France, il y a toujours quand m\u00eame cette histoire de concours \u00e0 passer. Et \u00e7a, c&#8217;est la distinction entre grandes \u00e9coles et universit\u00e9s. Les universit\u00e9s, il n&#8217;y a pas de concours, donc la s\u00e9lection, elle, se fait plut\u00f4t sur dossier, en fonction des notes que les \u00e9l\u00e8ves ont au lyc\u00e9e. \u00c7a, le concours, c&#8217;est seulement pour les grandes \u00e9coles, mais c&#8217;est pas pour toutes les \u00e9tudes sup\u00e9rieures en France. Peut \u00eatre qu&#8217;on fera un \u00e9pisode sur \u00e7a. Je pense que \u00e7a peut int\u00e9resser pas mal de monde.<\/p>\n\n\n\n<p>Ingrid: <a id=\"sonaar_ts-6927d4228ef83\" class=\"srmp3_sonaar_ts_shortcode\"  style=\"\" href=\"javascript:sonaar_ts_shortcode({ trackid:'0', time:'00:22:37', ts_id:'6927d4228ef83', play_icon:'' }) ;\">[00:22:37]<\/a> Ouais, \u00e7a peut \u00eatre int\u00e9ressant parce qu&#8217;en plus, les \u00e9tudes en France, c&#8217;est vrai que c&#8217;est un grand myst\u00e8re mondial. \u00c7a n&#8217;a rien \u00e0 voir avec le syst\u00e8me des autres pays. \u00c7a peut \u00eatre int\u00e9ressant.<\/p>\n\n\n\n<p>Hugo: <a id=\"sonaar_ts-6927d4228ef89\" class=\"srmp3_sonaar_ts_shortcode\"  style=\"\" href=\"javascript:sonaar_ts_shortcode({ trackid:'0', time:'00:22:50', ts_id:'6927d4228ef89', play_icon:'' }) ;\">[00:22:50]<\/a> C&#8217;est vrai. Et donc est-ce que \u00e7a valait la peine tous ces efforts pour int\u00e9grer une \u00e9cole de journalisme ? Est-ce que t&#8217;as trouv\u00e9 que ces \u00e9tudes t&#8217;ont vraiment form\u00e9e, t&#8217;ont vraiment apport\u00e9 quelque chose ?<\/p>\n\n\n\n<p>Ingrid: <a id=\"sonaar_ts-6927d4228ef93\" class=\"srmp3_sonaar_ts_shortcode\"  style=\"\" href=\"javascript:sonaar_ts_shortcode({ trackid:'0', time:'00:23:02', ts_id:'6927d4228ef93', play_icon:'' }) ;\">[00:23:02]<\/a> Ouais. Ouais, ouais, compl\u00e8tement. J&#8217;ai compl\u00e8tement appris le m\u00e9tier de journaliste. En plus, j&#8217;ai eu la chance de&#8230; Je fais que de dire que j&#8217;ai de la chance. Mais oui, j&#8217;aime reconnaitre que, voil\u00e0 il y a des personnes qui n&#8217;ont pas forc\u00e9ment toutes les options qu&#8217;on a. Et c&#8217;est vrai que j&#8217;ai trouv\u00e9 que parfois, c&#8217;\u00e9tait plus une question de chance, que de m\u00e9rite. Mais ouais&#8230; Donc bref, j&#8217;ai pu, j&#8217;ai pu faire mes \u00e9tudes, mon master en alternance. Donc ce qui m&#8217;a permis de travailler. Donc l&#8217;alternance, c&#8217;est quand on est \u00e0 moiti\u00e9 dans une entreprise et \u00e0 moiti\u00e9 dans la formation. Et quand on est en formation, on re\u00e7oit notre salaire, qui est pas un salaire complet, mais qui est une r\u00e9mun\u00e9ration int\u00e9ressante par rapport \u00e0 quelqu&#8217;un qui fait des \u00e9tudes et qui donc doit parfois travailler \u00e0 c\u00f4t\u00e9 ou quoi. Et donc \u00e7a m&#8217;a permis de travailler comme journaliste, d&#8217;avoir d\u00e9j\u00e0 ma carte de presse, d&#8217;\u00eatre d\u00e9j\u00e0 professionnelle, alors que j&#8217;\u00e9tais encore en master. Apr\u00e8s, j&#8217;ai pu c\u00f4toyer des professeurs qui \u00e9taient des tr\u00e8s grands journalistes, des&#8230; Voil\u00e0, travailler comme journaliste, \u00eatre form\u00e9e sur le tas, pouvoir conna\u00eetre la r\u00e9alit\u00e9, etc. Et vraiment, \u00e7a a \u00e9t\u00e9 une tr\u00e8s, tr\u00e8s bonne formation qui&#8230; Que je continue \u00e0 \u00eatre journaliste ou pas, parce qu&#8217;apr\u00e8s le march\u00e9 du travail, en tant que journaliste, c&#8217;est compl\u00e8tement autre chose, \u00e7a ne d\u00e9pend plus du tout de ta formation. \u00c7a reste difficile pour tout le monde. Mais dans tous les cas, c&#8217;est une formation intellectuelle qui me servira toute ma vie, qui me sert chez InnerFrench et qui m&#8217;a servi aussi en tant que professeur ou&#8230; et m\u00eame dans la vie, dans la vie quotidienne, finalement, pour mieux comprendre le monde, mieux s&#8217;exprimer, mieux appr\u00e9hender les m\u00e9dias et toutes les sources d&#8217;information qu&#8217;on trouve autour de soi.<\/p>\n\n\n\n<p>Hugo: <a id=\"sonaar_ts-6927d4228ef98\" class=\"srmp3_sonaar_ts_shortcode\"  style=\"\" href=\"javascript:sonaar_ts_shortcode({ trackid:'0', time:'00:25:02', ts_id:'6927d4228ef98', play_icon:'' }) ;\">[00:25:02]<\/a> Et&#8230; Tu as fait ton alternance dans quelle r\u00e9daction ?<\/p>\n\n\n\n<p>Ingrid: <a id=\"sonaar_ts-6927d4228ef9d\" class=\"srmp3_sonaar_ts_shortcode\"  style=\"\" href=\"javascript:sonaar_ts_shortcode({ trackid:'0', time:'00:25:05', ts_id:'6927d4228ef9d', play_icon:'' }) ;\">[00:25:05]<\/a> Alors, j&#8217;ai fait mon alternance dans une r\u00e9daction qui s&#8217;appelle Le Figaro Classifieds, qui est en fait une des branches du Figaro. Mais qui n&#8217;est&#8230; En fait, j&#8217;\u00e9tais sur des sites Internet qui \u00e9taient d\u00e9di\u00e9s \u00e0 l&#8217;emploi, \u00e0 la recherche d&#8217;emploi, \u00e0 la formation. Des choses comme \u00e7a, donc tr\u00e8s sp\u00e9cialis\u00e9. Et \u00e7a aussi, \u00e7a m&#8217;a aussi bien form\u00e9e parce que le fait d&#8217;\u00eatre tr\u00e8s sp\u00e9cialis\u00e9e sur quelque chose, \u00e7a te permet d&#8217;apprendre d&#8217;une autre mani\u00e8re, de faire des interviews beaucoup plus techniques, de s&#8217;informer sur l&#8217;actualit\u00e9, de faire de la veille beaucoup plus pr\u00e9cise, etc. Donc c&#8217;est aussi quelque chose qui&#8230; qui a \u00e9t\u00e9 une tr\u00e8s bonne formation.<\/p>\n\n\n\n<p>Hugo: <a id=\"sonaar_ts-6927d4228efa2\" class=\"srmp3_sonaar_ts_shortcode\"  style=\"\" href=\"javascript:sonaar_ts_shortcode({ trackid:'0', time:'00:25:50', ts_id:'6927d4228efa2', play_icon:'' }) ;\">[00:25:50]<\/a> Ouais, \u00e7a je comprends tout \u00e0 fait l&#8217;attrait de cette sp\u00e9cialisation parce que justement, avec le podcast, j&#8217;ai couvert quand m\u00eame pas mal de sujets, des sujets \u00e0 l&#8217;origine qui m&#8217;int\u00e9ressaient, et que j&#8217;avais envie de creuser un peu. Mais ce, c&#8217;est jamais possible d&#8217;aller vraiment au c\u0153ur du sujet, de lire tout ce qui est disponible dessus. C&#8217;est vrai que c&#8217;est assez frustrant en fait, d&#8217;\u00eatre plut\u00f4t g\u00e9n\u00e9raliste, de passer d&#8217;un sujet \u00e0 l&#8217;autre. On a quelques jours pour se documenter, essayer d&#8217;avoir un fil directeur, un axe. Mais c&#8217;est un peu frustrant en fait d&#8217;\u00eatre g\u00e9n\u00e9raliste, et de pas \u00eatre vraiment expert dans un domaine, et d&#8217;\u00eatre s\u00fbr de tout ce qu&#8217;on raconte. Donc j&#8217;imagine que ouais, \u00e7a doit \u00eatre difficile pour les journalistes qui ont vraiment cette pression du temps, en plus. Quand il faut qu&#8217;un article soit pr\u00eat tel jour \u00e0 telle heure, il faut qu&#8217;il soit pr\u00eat. Sinon, il ne peut pas partir en impression. Alors que moi, comme vous le savez avec le podcast, bon je suis pas toujours tr\u00e8s r\u00e9gulier. Mais ouais, je comprends que ce soit quelque chose qui t&#8217;a plu. Et \u00e0 ce moment-l\u00e0, tu as r\u00e9alis\u00e9 aussi ton r\u00eave d&#8217;avoir un appartement \u00e0 Paris.<\/p>\n\n\n\n<p>Ingrid: <a id=\"sonaar_ts-6927d4228efae\" class=\"srmp3_sonaar_ts_shortcode\"  style=\"\" href=\"javascript:sonaar_ts_shortcode({ trackid:'0', time:'00:27:07', ts_id:'6927d4228efae', play_icon:'' }) ;\">[00:27:07]<\/a> Ouais. Ouais, ouais. J&#8217;ai eu un premier studio quand je pr\u00e9parais les concours. Je me rappelle que&#8230; J&#8217;\u00e9tais accept\u00e9e \u00e0 La Chance au concours, donc, donc j&#8217;ai su que j&#8217;allais pouvoir pr\u00e9parer les concours de fa\u00e7on gratuite. En plus, avec des aides financi\u00e8res parce que les concours, parfois, il faut payer les droits d&#8217;inscription ou le voyage quand c&#8217;est des concours en province, etc. Et La Chance aux concours se chargeait de rembourser ces frais. Je me souviens que l\u00e0, je me suis dit : &#8220;bon, la prochaine \u00e9tape, c&#8217;est vivre \u00e0 Paris. Parce que comment je vais faire les allers retours si je passe trois heures (parce que c&#8217;\u00e9tait une heure et demie pour aller \u00e0 Paris, une heure et demie pour rentrer), je vais passer trop de temps dans les transports, et je ne vais pas pouvoir \u00eatre efficace.&#8221; Et donc j&#8217;ai fait une esp\u00e8ce de pr\u00e9sentation PowerPoint \u00e0 mes parents pour leur expliquer que c&#8217;\u00e9tait vraiment important que je puisse avoir un petit studio \u00e0 Paris qui puisse m&#8217;aider. Et puis, que, l&#8217;ann\u00e9e suivante, j&#8217;allais probablement \u00eatre en alternance et pouvoir \u00e0 nouveau assumer financi\u00e8rement, etc. Et donc, en voyant toute ma motivation et en voyant \u00e0 quel point je savais ce que je faisais, ils ont accept\u00e9 et donc j&#8217;ai r\u00e9ussi \u00e0 trouver mon petit studio pas cher, bien situ\u00e9, etc. Qui \u00e9tait pour moi un super plan, jusqu&#8217;\u00e0 me rendre compte, \u00e9videmment, qu&#8217;il \u00e9tait insalubre. Mais \u00e7a c&#8217;est une autre histoire&#8230; Mais bon de toute fa\u00e7on j&#8217;\u00e9tais contente.<\/p>\n\n\n\n<p>Hugo: <a id=\"sonaar_ts-6927d4228efb3\" class=\"srmp3_sonaar_ts_shortcode\"  style=\"\" href=\"javascript:sonaar_ts_shortcode({ trackid:'0', time:'00:28:35', ts_id:'6927d4228efb3', play_icon:'' }) ;\">[00:28:35]<\/a> Qu&#8217;est ce que \u00e7a veut dire&#8230; Qu&#8217;est ce que \u00e7a veut dire insalubre ? Tu peux expliquer pour les auditeurs ?<\/p>\n\n\n\n<p>Ingrid: <a id=\"sonaar_ts-6927d4228efb9\" class=\"srmp3_sonaar_ts_shortcode\"  style=\"\" href=\"javascript:sonaar_ts_shortcode({ trackid:'0', time:'00:28:39', ts_id:'6927d4228efb9', play_icon:'' }) ;\">[00:28:39]<\/a> Ouais insalubre, en fait, c&#8217;est un immeuble ou un appartement qui n&#8217;est pas sain, donc qui a des probl\u00e8mes d&#8217;humidit\u00e9 ou alors des probl\u00e8mes d&#8217;isolement. \u00c7a peut \u00eatre quand il y a des rats, par exemple. Voil\u00e0 tout ce qui fait qu&#8217;un endroit n&#8217;est pas vivable, en fait. Et donc, dans mon cas, c&#8217;\u00e9tait humide, donc tellement humide que les murs sont devenus verts avec de la moisissure, etc. Et voil\u00e0, c&#8217;\u00e9tait&#8230; Mais bon, \u00e0 Paris, ce genre d&#8217;histoire est tr\u00e8s&#8230; n&#8217;est pas du tout rare, et \u00e7a fait partie du folklore du d\u00e9but de vie parisienne d&#8217;\u00eatre dans un petit appartement pourri&#8230;<\/p>\n\n\n\n<p>Hugo: <a id=\"sonaar_ts-6927d4228efbe\" class=\"srmp3_sonaar_ts_shortcode\"  style=\"\" href=\"javascript:sonaar_ts_shortcode({ trackid:'0', time:'00:29:18', ts_id:'6927d4228efbe', play_icon:'' }) ;\">[00:29:18]<\/a> \u00c7a fait partie de l&#8217;exp\u00e9rience.<\/p>\n\n\n\n<p>Ingrid: <a id=\"sonaar_ts-6927d4228efc7\" class=\"srmp3_sonaar_ts_shortcode\"  style=\"\" href=\"javascript:sonaar_ts_shortcode({ trackid:'0', time:'00:29:22', ts_id:'6927d4228efc7', play_icon:'' }) ;\">[00:29:22]<\/a> Voil\u00e0, c&#8217;est \u00e7a. Donc j&#8217;\u00e9tais content quand m\u00eame.<\/p>\n\n\n\n<p>Hugo: <a id=\"sonaar_ts-6927d4228efcd\" class=\"srmp3_sonaar_ts_shortcode\"  style=\"\" href=\"javascript:sonaar_ts_shortcode({ trackid:'0', time:'00:29:25', ts_id:'6927d4228efcd', play_icon:'' }) ;\">[00:29:25]<\/a> Et tu \u00e9tais dans quel arrondissement ?<\/p>\n\n\n\n<p>Ingrid: <a id=\"sonaar_ts-6927d4228efd2\" class=\"srmp3_sonaar_ts_shortcode\"  style=\"\" href=\"javascript:sonaar_ts_shortcode({ trackid:'0', time:'00:29:27', ts_id:'6927d4228efd2', play_icon:'' }) ;\">[00:29:27]<\/a> Dans le 18\u00e8me. Dans le 18\u00e8me, j&#8217;ai toujours&#8230; En fait j&#8217;ai fait une pr\u00e9pa dans le dix&#8230; \u00c0 Place de Clichy et \u00e0 partir de l\u00e0, je suis tomb\u00e9e amoureuse du 18\u00e8me, de Montmartre, etc. Toutes mes&#8230; Tous mes copains \u00e9taient aussi l\u00e0 bas. Donc quand j&#8217;ai cherch\u00e9 un appart, j&#8217;ai cherch\u00e9 vraiment que dans un quartier en particulier autour du m\u00e9tro Lamarck-Caulaincourt. Tr\u00e8s clich\u00e9, parce que maintenant, \u00e0 chaque fois que je vois des photos de Paris sur Instagram ou quoi, c&#8217;est toujours des&#8230; C&#8217;est toujours exactement ma rue ou les alentours de l\u00e0 o\u00f9 je vivais.<\/p>\n\n\n\n<p>Hugo: <a id=\"sonaar_ts-6927d4228efd7\" class=\"srmp3_sonaar_ts_shortcode\"  style=\"\" href=\"javascript:sonaar_ts_shortcode({ trackid:'0', time:'00:30:07', ts_id:'6927d4228efd7', play_icon:'' }) ;\">[00:30:07]<\/a> C&#8217;est vrai que c&#8217;est un quartier qui est devenu tr\u00e8s, tr\u00e8s populaire ces derni\u00e8res ann\u00e9es, qui \u00e9tait pas si cher que \u00e7a en plus, au d\u00e9part.<\/p>\n\n\n\n<p>Ingrid: <a id=\"sonaar_ts-6927d4228efdc\" class=\"srmp3_sonaar_ts_shortcode\"  style=\"\" href=\"javascript:sonaar_ts_shortcode({ trackid:'0', time:'00:30:13', ts_id:'6927d4228efdc', play_icon:'' }) ;\">[00:30:13]<\/a> Non m\u00eame, m\u00eame quand j&#8217;ai d\u00e9m\u00e9nag\u00e9. Finalement, c&#8217;\u00e9tait&#8230; C&#8217;\u00e9tait pas tr\u00e8s cher. C&#8217;est aussi pour \u00e7a que tous mes amis \u00e9taient rest\u00e9s l\u00e0 bas et que c&#8217;\u00e9tait un quartier. C&#8217;est un quartier qui \u00e9tait beau, qui avait vraiment une identit\u00e9 particuli\u00e8re et en m\u00eame temps, les apparts n&#8217;\u00e9taient pas si chers que \u00e7a par rapport \u00e0 d&#8217;autres quartiers, notamment dans les zones \u00e9tudiantes, dans le cinqui\u00e8me ou quoi, o\u00f9 l\u00e0 vraiment c&#8217;\u00e9tait hors de prix.<\/p>\n\n\n\n<p>Hugo: <a id=\"sonaar_ts-6927d4228efe2\" class=\"srmp3_sonaar_ts_shortcode\"  style=\"\" href=\"javascript:sonaar_ts_shortcode({ trackid:'0', time:'00:30:39', ts_id:'6927d4228efe2', play_icon:'' }) ;\">[00:30:39]<\/a> Et comment \u00e7a s&#8217;est pass\u00e9 apr\u00e8s tes \u00e9tudes ? Le d\u00e9but de ta carri\u00e8re ?<\/p>\n\n\n\n<p>Ingrid: <a id=\"sonaar_ts-6927d4228efe7\" class=\"srmp3_sonaar_ts_shortcode\"  style=\"\" href=\"javascript:sonaar_ts_shortcode({ trackid:'0', time:'00:30:44', ts_id:'6927d4228efe7', play_icon:'' }) ;\">[00:30:44]<\/a> Alors, du coup, j&#8217;ai commenc\u00e9 en \u00e9tant pigiste. Tout de suite apr\u00e8s la fin de mon alternance, j&#8217;ai commenc\u00e9 \u00e0 travailler comme pigiste. Et puis apr\u00e8s, j&#8217;ai eu une exp\u00e9rience.<\/p>\n\n\n\n<p>Hugo: <a id=\"sonaar_ts-6927d4228efed\" class=\"srmp3_sonaar_ts_shortcode\"  style=\"\" href=\"javascript:sonaar_ts_shortcode({ trackid:'0', time:'00:30:58', ts_id:'6927d4228efed', play_icon:'' }) ;\">[00:30:58]<\/a> Tu peux expliquer ce que c&#8217;est un&#8230; un ou une pigiste ?<\/p>\n\n\n\n<p>Ingrid: <a id=\"sonaar_ts-6927d4228eff6\" class=\"srmp3_sonaar_ts_shortcode\"  style=\"\" href=\"javascript:sonaar_ts_shortcode({ trackid:'0', time:'00:30:58', ts_id:'6927d4228eff6', play_icon:'' }) ;\">[00:30:58]<\/a> Pigiste, c&#8217;est un journaliste qui travaille \u00e0 la pige et donc la pige c&#8217;est un contrat ponctuel, donc c&#8217;est un contrat de salari\u00e9, mais seulement pour une mission, une journ\u00e9e. Donc, \u00e7a permet de travailler de fa\u00e7on ind\u00e9pendante pour plusieurs m\u00e9dias. C&#8217;est comme si on \u00e9tait, pour une journ\u00e9e embauch\u00e9e par un m\u00e9dia, et puis le jour suivant, pour un autre, etc. Donc c&#8217;est tr\u00e8s pr\u00e9caire. Donc, c&#8217;est pas du tout quelque chose qui est \u00e9conomiquement souhaitable ou qui est facile. Parce que bah pour trouver un appartement, pour avoir un pr\u00eat aupr\u00e8s de la banque, ces choses-l\u00e0, c&#8217;est difficile. Mais c&#8217;est vrai que moi, en \u00e9tant jeune et en n&#8217;ayant pas forc\u00e9ment envie d&#8217;une tr\u00e8s grande stabilit\u00e9 au d\u00e9but, \u00e7a me paraissait \u00eatre plut\u00f4t la possibilit\u00e9 d&#8217;avoir plein d&#8217;opportunit\u00e9s, d&#8217;\u00eatre libre, de faire des choses diff\u00e9rentes, etc. Donc voil\u00e0.<\/p>\n\n\n\n<p>Hugo: <a id=\"sonaar_ts-6927d4228effc\" class=\"srmp3_sonaar_ts_shortcode\"  style=\"\" href=\"javascript:sonaar_ts_shortcode({ trackid:'0', time:'00:31:58', ts_id:'6927d4228effc', play_icon:'' }) ;\">[00:31:58]<\/a> Donc, c&#8217;est un peu comme free-lance. Mais attention, pigiste seulement dans le journalisme. Donc, ce n&#8217;est pas l&#8217;\u00e9quivalent de free-lance, c&#8217;est seulement pour le journaliste free-lance.<\/p>\n\n\n\n<p>Ingrid: <a id=\"sonaar_ts-6927d4228f001\" class=\"srmp3_sonaar_ts_shortcode\"  style=\"\" href=\"javascript:sonaar_ts_shortcode({ trackid:'0', time:'00:32:09', ts_id:'6927d4228f001', play_icon:'' }) ;\">[00:32:09]<\/a> Parce que free-lance, on est son propre patron alors que journaliste pigiste, c&#8217;est que pour les journalistes, c&#8217;est un type de contrat bien particulier qui permet d&#8217;\u00eatre quand m\u00eame salari\u00e9 d&#8217;une entreprise, mais de fa\u00e7on ponctuelle, pas sur des contrats de six mois ou des choses comme \u00e7a. Donc l\u00e0 apr\u00e8s c&#8217;est des d\u00e9tails administratifs, mais que je pr\u00e9cise parce que c&#8217;est vrai que c&#8217;est important dans la profession de faire la diff\u00e9rence entre les deux. Et voil\u00e0.<\/p>\n\n\n\n<p>Hugo: <a id=\"sonaar_ts-6927d4228f006\" class=\"srmp3_sonaar_ts_shortcode\"  style=\"\" href=\"javascript:sonaar_ts_shortcode({ trackid:'0', time:'00:32:40', ts_id:'6927d4228f006', play_icon:'' }) ;\">[00:32:40]<\/a> Tr\u00e8s bien, donc tu as commenc\u00e9 comme pigiste. Est-ce que d\u00e8s le d\u00e9part, tu avais des th\u00e8mes privil\u00e9gi\u00e9s ? Ou est-ce que tu as cherch\u00e9 \u00e0 te positionner dans un secteur particulier, comment tu as fait au d\u00e9but pour trouver des contrats, justement ?<\/p>\n\n\n\n<p>Ingrid: <a id=\"sonaar_ts-6927d4228f00b\" class=\"srmp3_sonaar_ts_shortcode\"  style=\"\" href=\"javascript:sonaar_ts_shortcode({ trackid:'0', time:'00:32:55', ts_id:'6927d4228f00b', play_icon:'' }) ;\">[00:32:55]<\/a> Alors, j&#8217;ai trouv\u00e9 un contrat assez r\u00e9gulier d\u00e8s le d\u00e9but. Et puis apr\u00e8s, j&#8217;ai envoy\u00e9 des mails. Des choses comme \u00e7a. Et puis finalement, je ne suis pas rest\u00e9e pigiste tr\u00e8s longtemps au d\u00e9but, parce que j&#8217;ai eu une opportunit\u00e9 qui s&#8217;est pr\u00e9sent\u00e9e pour un m\u00e9dia que j&#8217;adorais. Mais vraiment, j&#8217;adorais, qui est Les \u00c9chos Start, qui est un m\u00e9dia qui&#8230; Des \u00c9chos, donc le jour, le premier journal \u00e9conomique de France. Mais c&#8217;est le site web qui \u00e9tait r\u00e9serv\u00e9 aux jeunes, \u00e0 la start-up, ces choses-l\u00e0, qui ne sont pas forc\u00e9ment des choses qui me, que j&#8217;adore, en soi&#8230;<\/p>\n\n\n\n<p>Hugo: <a id=\"sonaar_ts-6927d4228f010\" class=\"srmp3_sonaar_ts_shortcode\"  style=\"\" href=\"javascript:sonaar_ts_shortcode({ trackid:'0', time:'00:33:38', ts_id:'6927d4228f010', play_icon:'' }) ;\">[00:33:38]<\/a> la &#8220;Start-up Nation&#8221;<\/p>\n\n\n\n<p>Ingrid: <a id=\"sonaar_ts-6927d4228f019\" class=\"srmp3_sonaar_ts_shortcode\"  style=\"\" href=\"javascript:sonaar_ts_shortcode({ trackid:'0', time:'00:33:38', ts_id:'6927d4228f019', play_icon:'' }) ;\">[00:33:38]<\/a> &#8230;la Start-up Nation ! Voil\u00e0, c&#8217;est des choses que je critique beaucoup, mais \u00e0 l&#8217;int\u00e9rieur, c&#8217;est, c&#8217;est un m\u00e9dia qui permettait de parler de choses un peu sur faire sa vie \u00e0 l&#8217;\u00e9tranger. Changer compl\u00e8tement de carri\u00e8re, avoir un travail qui ait du sens. Des choses comme \u00e7a, en fait, c&#8217;est plut\u00f4t c&#8217;\u00e9tait le contre-sens de la vie dans les grosses entreprises. C&#8217;est un peu le m\u00e9dia pour les Hugo, finalement, les jeunes qui sortent d&#8217;\u00e9coles de commerce et qui se rendent compte : &#8220;mais qu&#8217;est-ce que je fais l\u00e0 ? \u00c7a n&#8217;a aucun sens, je veux faire quelque chose de plus int\u00e9ressant&#8221;. Donc, c&#8217;est vrai que \u00e7a me permettait d&#8217;\u00e9crire pour des personnes qui, qui peut \u00eatre, avaient cru que leur vie allait \u00eatre toute trac\u00e9e et finalement se rendaient compte que ils avaient envie de faire d&#8217;autres choses, qu&#8217;ils avaient envie de s&#8217;int\u00e9resser \u00e0 des choses, \u00e0 s&#8217;int\u00e9resser \u00e0 des choses plus sociales, qu&#8217;ils avaient envie de voyager&#8230; Des choses comme \u00e7a. Et donc, j&#8217;ai commenc\u00e9 \u00e0 travailler pour les \u00c9chos Start. J&#8217;ai continu\u00e9 tr\u00e8s longtemps puisque j&#8217;ai travaill\u00e9 6 mois en r\u00e9daction, puis j&#8217;ai travaill\u00e9 avec eux, comme pigiste. Et l\u00e0, je me suis sp\u00e9cialis\u00e9e de plus en plus sur justement, l&#8217;expatriation, qui est un mot que j&#8217;aime pas trop, mais que l&#8217;on comprend. C&#8217;est le fait d&#8217;aller vivre \u00e0 l&#8217;\u00e9tranger de fa\u00e7on volontaire, donc qui est une immigration, mais une immigration de riches, en r\u00e9alit\u00e9, de personnes occidentales qui ont la chance de pouvoir voyager, etc. Comme moi, j&#8217;ai pu faire et donc je me suis sp\u00e9cialis\u00e9e petit \u00e0 petit sur ce genre de mode de vie. En fait, des personnes qui travaillent en voyageant ou qui font des ann\u00e9es sabbatiques ou qui vont \u00e0 l&#8217;\u00e9tranger pour trouver l&#8217;inspiration, voil\u00e0 des choses comme \u00e7a.<\/p>\n\n\n\n<p>Hugo: <a id=\"sonaar_ts-6927d4228f01f\" class=\"srmp3_sonaar_ts_shortcode\"  style=\"\" href=\"javascript:sonaar_ts_shortcode({ trackid:'0', time:'00:35:22', ts_id:'6927d4228f01f', play_icon:'' }) ;\">[00:35:22]<\/a> Et c&#8217;est en \u00e9crivant ces articles que toi, tu as commenc\u00e9 \u00e0 pr\u00e9voir de t&#8217;expatrier, ou alors au contraire c&#8217;\u00e9tait une id\u00e9e que tu avais d\u00e9j\u00e0 dans un coin de la t\u00eate, et justement, tu as pu la creuser en interviewant des gens etc ?<\/p>\n\n\n\n<p>Ingrid: <a id=\"sonaar_ts-6927d4228f024\" class=\"srmp3_sonaar_ts_shortcode\"  style=\"\" href=\"javascript:sonaar_ts_shortcode({ trackid:'0', time:'00:35:38', ts_id:'6927d4228f024', play_icon:'' }) ;\">[00:35:38]<\/a> Alors l\u00e0, c&#8217;est vraiment une question de qui de la poule ou de l&#8217;oeuf est arriv\u00e9 en premier parce que je pense que j&#8217;avais d\u00e9j\u00e0 au fond de moi l&#8217;id\u00e9e puisque j&#8217;ai toujours voulu travailler de fa\u00e7on ind\u00e9pendante, etc. J&#8217;avais jam&#8230; J&#8217;avais pas mal voyag\u00e9 quand j&#8217;\u00e9tais&#8230; \u00c0 partir du moment o\u00f9 j&#8217;\u00e9tais \u00e9tudiante, j&#8217;avais profit\u00e9 du fait qu&#8217;en Europe, c&#8217;est assez facile de faire des week-ends \u00e0 l&#8217;\u00e9tranger, etc. Mais j&#8217;\u00e9tais jamais sortie d&#8217;Europe et c&#8217;\u00e9tait quelque chose que je voulais vraiment, je sentais que j&#8217;\u00e9tais appel\u00e9e \u00e0 voyager et \u00e0 sortir, \u00e0 conna\u00eetre autre chose. Et plus j&#8217;\u00e9crivais sur des personnes qui l&#8217;osaient et plus je me disais : &#8220;mais qu&#8217;est ce que tu fous encore \u00e0 Paris ?&#8221; Genre vraiment, c&#8217;est&#8230; \u00c0 un moment, je me suis dit : &#8220;mais attends, c&#8217;est ridicule d&#8217;\u00eatre l\u00e0 \u00e0 \u00e9crire toute la journ\u00e9e&#8230;&#8221; Parce que tous les sujets que je proposais, c&#8217;\u00e9tait &#8220;Jobs de r\u00eave ! Ils voyagent ! Ils travaillent tout en voyageant ! Ils ont fait une ann\u00e9e sabbatique, etc.&#8221; Et donc&#8230;<\/p>\n\n\n\n<p>Hugo: <a id=\"sonaar_ts-6927d4228f029\" class=\"srmp3_sonaar_ts_shortcode\"  style=\"\" href=\"javascript:sonaar_ts_shortcode({ trackid:'0', time:'00:36:41', ts_id:'6927d4228f029', play_icon:'' }) ;\">[00:36:41]<\/a> Et pourquoi tu as choisi le P\u00e9rou ?<\/p>\n\n\n\n<p>Ingrid: <a id=\"sonaar_ts-6927d4228f033\" class=\"srmp3_sonaar_ts_shortcode\"  style=\"\" href=\"javascript:sonaar_ts_shortcode({ trackid:'0', time:'00:36:43', ts_id:'6927d4228f033', play_icon:'' }) ;\">[00:36:43]<\/a> Donc, pourquoi le P\u00e9rou ? Parce que donc moi, j&#8217;ai fait classe europ\u00e9enne espagnol au coll\u00e8ge, donc coll\u00e8ge-lyc\u00e9e. Classe europ\u00e9enne, c&#8217;est une option en France qui permet de apprendre une langue de fa\u00e7on un peu plus approfondie, avec des heures suppl\u00e9mentaires. Donc, en apprenant aussi la g\u00e9ographie, l&#8217;histoire, etc. Et donc, dans cette classe, \u00e9videmment, on faisait l&#8217;histoire de l&#8217;Espagne, mais aussi de toute l&#8217;Am\u00e9rique latine. Donc, avec ma meilleure amie, on \u00e9tait rest\u00e9es sur l&#8217;id\u00e9e que quand on sera grandes, on voyagera en Am\u00e9rique latine et donc elle m&#8217;a accompagn\u00e9e pour les deux premi\u00e8res semaines de mon voyage. Et donc, c&#8217;est elle qui a choisi de commencer par le P\u00e9rou. Dans tous les cas, moi, je voulais aller en Am\u00e9rique latine. Je pensais \u00e0 d&#8217;autres destinations comme Cuba, Cuba qui m&#8217;a toujours beaucoup attir\u00e9 aussi. Ou bon voil\u00e0 toute fa\u00e7on je voulais faire tout le continent, pratiquement. Et donc, c&#8217;est elle qui a dit &#8220;Allez, moi je vais aller au P\u00e9rou, je veux voir le Machu Picchu, etc&#8221;. Donc voil\u00e0, c&#8217;est comme \u00e7a que je me suis retrouv\u00e9e au P\u00e9rou en juillet 2017.<\/p>\n\n\n\n<p>Hugo: <a id=\"sonaar_ts-6927d4228f038\" class=\"srmp3_sonaar_ts_shortcode\"  style=\"\" href=\"javascript:sonaar_ts_shortcode({ trackid:'0', time:'00:37:55', ts_id:'6927d4228f038', play_icon:'' }) ;\">[00:37:55]<\/a> Donc \u00e0 la base, c&#8217;\u00e9tait <strong>sim<\/strong>plement cens\u00e9 \u00eatre un voyage ?<\/p>\n\n\n\n<p>Ingrid: <a id=\"sonaar_ts-6927d4228f03f\" class=\"srmp3_sonaar_ts_shortcode\"  style=\"\" href=\"javascript:sonaar_ts_shortcode({ trackid:'0', time:'0', ts_id:'6927d4228f03f', play_icon:'' }) ;\">[00:37:58]<\/a> Ouais. Euh moi, j&#8217;avais pris un billet aller, mais je n&#8217;avais pas pris de billet de retour. Donc d\u00e9j\u00e0 l\u00e0, il y avait quelque chose un petit peu. J&#8217;avais pas pr\u00e9vu de date de retour. J&#8217;avais dit \u00e0 ma famille, mes amis, je pense que je reviens \u00e0 peu pr\u00e8s pour fin novembre d\u00e9but d\u00e9cembre, que c&#8217;est mon anniversaire et No\u00ebl. Donc \u00e7a me para\u00eet assez assez correct comme date de retour. Et mais voil\u00e0, j&#8217;avais pas d&#8217;itin\u00e9raire pr\u00e9cis, j&#8217;avais pr\u00e9vu quelques petits, quelques petits spots sur la route, retrouver certaines personnes, etc. Mais voil\u00e0, j&#8217;avais pas une id\u00e9e tr\u00e8s pr\u00e9cise de ce que j&#8217;allais faire, ni de quand j&#8217;allais rentrer.<\/p>\n\n\n\n<p>Hugo: <a id=\"sonaar_ts-6927d4228f044\" class=\"srmp3_sonaar_ts_shortcode\"  style=\"\" href=\"javascript:sonaar_ts_shortcode({ trackid:'0', time:'00:38:41', ts_id:'6927d4228f044', play_icon:'' }) ;\">[00:38:41]<\/a> Et tu avais rendu les clefs de ton appartement ? \u00c0 ton travail, tu leur avais dit tu partais ou ?<\/p>\n\n\n\n<p>Ingrid: <a id=\"sonaar_ts-6927d4228f049\" class=\"srmp3_sonaar_ts_shortcode\"  style=\"\" href=\"javascript:sonaar_ts_shortcode({ trackid:'0', time:'00:38:47', ts_id:'6927d4228f049', play_icon:'' }) ;\">[00:38:47]<\/a> Ouais, alors mon travail. j&#8217;ai eu cet dilemme qui n&#8217;a pas \u00e9t\u00e9 un dilemme, c&#8217;est que j&#8217;ai \u00e9t\u00e9 interview\u00e9e, etc. J&#8217;avais fait tous les entretiens pour un CDI tout en me disant &#8220;mince, qu&#8217;est ce que je fais ? J&#8217;ai pas envie d&#8217;un CDI, mais j&#8217;ai tr\u00e8s envie de ce travail&#8221;. Et au final, encore une fois, le destin. Finalement, le poste qu&#8217;ils avaient de libre, c&#8217;\u00e9tait que pour 6 mois, parce qu&#8217;il y a eu un petit changement interne. Donc en fait l\u00e0, pour moi, \u00e7a a \u00e9t\u00e9 vraiment la d\u00e9cision. C&#8217;\u00e9tait \u00e9vident. C&#8217;\u00e9tait&#8230;<\/p>\n\n\n\n<p>Hugo: <a id=\"sonaar_ts-6927d4228f04e\" class=\"srmp3_sonaar_ts_shortcode\"  style=\"\" href=\"javascript:sonaar_ts_shortcode({ trackid:'0', time:'00:39:19', ts_id:'6927d4228f04e', play_icon:'' }) ;\">[00:39:19]<\/a> C&#8217;\u00e9tait un signe.<\/p>\n\n\n\n<p>Ingrid: <a id=\"sonaar_ts-6927d4228f058\" class=\"srmp3_sonaar_ts_shortcode\"  style=\"\" href=\"javascript:sonaar_ts_shortcode({ trackid:'0', time:'00:39:19', ts_id:'6927d4228f058', play_icon:'' }) ;\">[00:39:19]<\/a> Voil\u00e0, c&#8217;\u00e9tait un signe totalement. Et pour l&#8217;appartement, j&#8217;\u00e9tais en coloc chez une copine. C&#8217;\u00e9tait son appartement \u00e0 elle, donc que j&#8217;avais sous-lou\u00e9 \u00e0 une autre personne et donc j&#8217;avais laiss\u00e9 quand m\u00eame mes affaires l\u00e0-bas. Donc c&#8217;est vrai que quand j&#8217;ai d\u00e9cid\u00e9&#8230; Quand j&#8217;ai d\u00e9cid\u00e9 de ne plus rentrer, j&#8217;ai d\u00fb appeler ma copine, lui dire &#8220;Je suis d\u00e9sol\u00e9e, je rentre plus&#8221;. Et puis j&#8217;ai deux&#8230; J&#8217;ai plusieurs potes en fait qui sont all\u00e9es chez moi et qui ont fait tout mon, qui ont fait mon d\u00e9m\u00e9nagement pour moi, qui ont mis mes affaires dans des valises, etc. Donc \u00e7a a \u00e9t\u00e9 un peu,<\/p>\n\n\n\n<p>Hugo: <a id=\"sonaar_ts-6927d4228f05d\" class=\"srmp3_sonaar_ts_shortcode\"  style=\"\" href=\"javascript:sonaar_ts_shortcode({ trackid:'0', time:'00:39:59', ts_id:'6927d4228f05d', play_icon:'' }) ;\">[00:39:59]<\/a> \u00c7a c&#8217;est des vrais amis.<\/p>\n\n\n\n<p>Ingrid: <a id=\"sonaar_ts-6927d4228f063\" class=\"srmp3_sonaar_ts_shortcode\"  style=\"\" href=\"javascript:sonaar_ts_shortcode({ trackid:'0', time:'00:40:01', ts_id:'6927d4228f063', play_icon:'' }) ;\">[00:40:01]<\/a> Ouais, c&#8217;est vrai que du coup je leur ai fait peser quelque chose d&#8217;assez lourd. Je les remercie.<\/p>\n\n\n\n<p>Hugo: <a id=\"sonaar_ts-6927d4228f068\" class=\"srmp3_sonaar_ts_shortcode\"  style=\"\" href=\"javascript:sonaar_ts_shortcode({ trackid:'0', time:'00:40:08', ts_id:'6927d4228f068', play_icon:'' }) ;\">[00:40:08]<\/a> Donc, tu es arriv\u00e9e au P\u00e9rou avec ta meilleure amie, et tu es rest\u00e9e l\u00e0-bas, finalement ? Ou t&#8217;as voyag\u00e9&#8230; comme&#8230; tu as fait ce que vous aviez pr\u00e9vu et ?<\/p>\n\n\n\n<p>Ingrid: <a id=\"sonaar_ts-6927d4228f06d\" class=\"srmp3_sonaar_ts_shortcode\"  style=\"\" href=\"javascript:sonaar_ts_shortcode({ trackid:'0', time:'00:40:20', ts_id:'6927d4228f06d', play_icon:'' }) ;\">[00:40:20]<\/a> Alors j&#8217;ai fait, donc l\u00e0 c&#8217;est l&#8217;histoire, le fond de l&#8217;histoire pourquoi je suis rest\u00e9 au P\u00e9rou ? J&#8217;ai fait 2 semaines, j&#8217;ai voyag\u00e9 pendant deux semaines avec elle et apr\u00e8s, et elle est repartie. Et c&#8217;est l\u00e0 qu&#8217;entre en sc\u00e8ne celui qui est devenu mon mari aujourd&#8217;hui que j&#8217;ai rencontr\u00e9 du coup le jour, le premier jour o\u00f9 j&#8217;\u00e9tais toute seule, qui m&#8217;a fait visiter sa ville. Et en fait, on s&#8217;est jamais quitt\u00e9. Il a voyag\u00e9 avec moi. On est partis jusqu&#8217;\u00e0 la fronti\u00e8re de l&#8217;\u00c9quateur et apr\u00e8s, j&#8217;ai continu\u00e9 \u00e0 voyager toute seule. Mais tout en restant en contact. On s&#8217;est retrouv\u00e9 en Colombie et de l\u00e0, on a d\u00e9cid\u00e9 de.. Je suis repartie au P\u00e9rou. On a voyag\u00e9 de nouveau en Bolivie, au Chili. Mais petit \u00e0 petit, le P\u00e9rou est devenu un peu ma deuxi\u00e8me maison. C&#8217;est vrai que du coup, j&#8217;y suis retourn\u00e9 avec un P\u00e9ruvien qui m&#8217;a fait rencontrer sa famille. Je suis beaucoup plus rentr\u00e9e dans la culture p\u00e9ruvienne que j&#8217;ai ador\u00e9e. D&#8217;un autre point de vue. Parce que c&#8217;est vrai que c&#8217;est, c&#8217;est diff\u00e9rent. Quand on est dans un endroit comme touriste pendant deux semaines. Et puis en parlant \u00e0 peine la langue. Et puis, quand on commence \u00e0 vivre sur place, \u00e0 parler de plus en plus, \u00e0 rencontrer des personnes vraiment de l\u00e0-bas, \u00e0 aller dans des endroits o\u00f9 les touristes ne vont pas, etc. Donc voil\u00e0, je suis, je suis rest\u00e9e au P\u00e9rou, mais pas pas tout de suite. J&#8217;ai voyag\u00e9 en m\u00eame temps. Je pense que tout 2017\/2018, j&#8217;ai voyag\u00e9. J&#8217;ai voyag\u00e9 \u00e9norm\u00e9ment, mais avec un peu ma deuxi\u00e8me maison, c&#8217;\u00e9tait le P\u00e9rou.<\/p>\n\n\n\n<p>Hugo: <a id=\"sonaar_ts-6927d4228f072\" class=\"srmp3_sonaar_ts_shortcode\"  style=\"\" href=\"javascript:sonaar_ts_shortcode({ trackid:'0', time:'00:42:01', ts_id:'6927d4228f072', play_icon:'' }) ;\">[00:42:01]<\/a> Ok, et \u00e0 ce moment-l\u00e0, tu travaillais comme pigiste ou comment \u00e7a se passait ?<\/p>\n\n\n\n<p>Ingrid: <a id=\"sonaar_ts-6927d4228f07c\" class=\"srmp3_sonaar_ts_shortcode\"  style=\"\" href=\"javascript:sonaar_ts_shortcode({ trackid:'0', time:'00:42:04', ts_id:'6927d4228f07c', play_icon:'' }) ;\">[00:42:04]<\/a> Ouais. Je travaillais comme pigiste. Ouais, ouais. J&#8217;ai travaill\u00e9 comme pigiste jusqu&#8217;\u00e0, enfin seulement comme pigiste, jusqu&#8217;\u00e0, je pense pendant un an, quelque chose comme \u00e7a. Et c&#8217;est au bout de au bout de un an, quand je suis retourn\u00e9e au P\u00e9rou apr\u00e8s, apr\u00e8s \u00eatre all\u00e9e aux Etats-Unis, en Europe, je sais plus&#8230; Voil\u00e0, je suis revenue pour plusieurs mois et je me suis dit &#8220;bon, maintenant, je vais commencer \u00e0 donner des cours&#8221; et j&#8217;ai commenc\u00e9 \u00e0 m&#8217;int\u00e9resser aux formations avec l&#8217;Alliance fran\u00e7aise, etc. Mais tout en continuant les piges. Dans tous les cas, j&#8217;ai jamais arr\u00eat\u00e9 les piges. Mais c&#8217;est vrai que les piges, c&#8217;est quelque chose qu&#8217;on fait, c&#8217;est pas du tout r\u00e9gulier. Il y a des mois o\u00f9 je vais en faire quatre et \u00e9crire des longs articles. Puis, y a des mois o\u00f9, du coup, je proposais rien pour \u00eatre plus tranquille et voyager. Voil\u00e0.<\/p>\n\n\n\n<p>Hugo: <a id=\"sonaar_ts-6927d4228f081\" class=\"srmp3_sonaar_ts_shortcode\"  style=\"\" href=\"javascript:sonaar_ts_shortcode({ trackid:'0', time:'00:42:58', ts_id:'6927d4228f081', play_icon:'' }) ;\">[00:42:58]<\/a> Ok, et comment \u00e7a s&#8217;est pass\u00e9 tes d\u00e9but de prof ?<\/p>\n\n\n\n<p>Ingrid: <a id=\"sonaar_ts-6927d4228f087\" class=\"srmp3_sonaar_ts_shortcode\"  style=\"\" href=\"javascript:sonaar_ts_shortcode({ trackid:'0', time:'00:43:01', ts_id:'6927d4228f087', play_icon:'' }) ;\">[00:43:01]<\/a> Mes d\u00e9buts de prof. C&#8217;\u00e9tait. C&#8217;\u00e9tait en fait une grande r\u00e9v\u00e9lation parce que je savais pas exactement ce que je faisais. Mais bon, je connais. Ce qui est bien, c&#8217;est que la grammaire, j&#8217;avais absolument aucun probl\u00e8me, contrairement, parce qu&#8217;on dit parfois, il suffit pas de parler fran\u00e7ais pour pouvoir l&#8217;expliquer. Pour le coup, je savais plut\u00f4t bien tous les m\u00e9canismes grammaticaux gr\u00e2ce \u00e0 mes \u00e9tudes et parce que je m&#8217;y int\u00e9ressais. Et en fait, le c\u00f4t\u00e9 p\u00e9dagogique, c&#8217;est quelque chose que j&#8217;ai improvis\u00e9 au d\u00e9part et en fait, que \u00e7a s&#8217;est super bien pass\u00e9. J&#8217;ai ador\u00e9. J&#8217;ai vu que les \u00e9l\u00e8ves \u00e9taient contents et c&#8217;est aussi ce qui m&#8217;a donn\u00e9 envie de faire une formation suppl\u00e9mentaire pour conna\u00eetre un peu mieux quels sont les diff\u00e9rents courants de p\u00e9dagogie et comment, et comment en fait on peut apprendre \u00e7a, mais tout en sentant que j&#8217;avais la fibre, non ? Donc c&#8217;\u00e9tait. C&#8217;\u00e9tait quelque chose qui, ouais \u00e7a a \u00e9t\u00e9 un peu un, je sais pas, un coup de foudre professionnel, \u00e0 partir, d\u00e8s le premier cours en fait.<\/p>\n\n\n\n<p>Hugo: <a id=\"sonaar_ts-6927d4228f08f\" class=\"srmp3_sonaar_ts_shortcode\"  style=\"\" href=\"javascript:sonaar_ts_shortcode({ trackid:'0', time:'0', ts_id:'6927d4228f08f', play_icon:'' }) ;\">[\/&#8221;][00:44:05]<\/a> Et ce premier cours, c&#8217;\u00e9tait dans une \u00e9cole de langues ?<\/p>\n\n\n\n<p>Ingrid: <a id=\"sonaar_ts-6927d4228f095\" class=\"srmp3_sonaar_ts_shortcode\"  style=\"\" href=\"javascript:sonaar_ts_shortcode({ trackid:'0', time:'00:44:07', ts_id:'6927d4228f095', play_icon:'' }) ;\">[00:44:07]<\/a> Non. J&#8217;ai donn\u00e9 des cours particuliers, au d\u00e9but. J&#8217;ai donn\u00e9 des cours particuliers. J&#8217;avoue que je ne me sentais pas du tout l\u00e9gitime dans des, dans des institutions un peu plus s\u00e9rieuses, entre guillemets. C&#8217;est vrai que j&#8217;ai tendance \u00e0 ne pas me lancer dans quelque chose&#8230; Ne faites pas comme moi, faites les choses sans&#8230; Nan parce que c&#8217;est vrai que sans avoir la formation, sans avoir de l&#8217;exp\u00e9rience, etc. J&#8217;avais l&#8217;impression que j&#8217;allais \u00eatre une fraude. Et au final, j&#8217;ai mis du temps avant d&#8217;aller donner mon CV \u00e0 une institution et de commencer \u00e0 travailler comme je l&#8217;ai fait apr\u00e8s, en donnant des classes \u00e0 des grands groupes, etc.<\/p>\n\n\n\n<p>Hugo: <a id=\"sonaar_ts-6927d4228f09a\" class=\"srmp3_sonaar_ts_shortcode\"  style=\"\" href=\"javascript:sonaar_ts_shortcode({ trackid:'0', time:'00:44:51', ts_id:'6927d4228f09a', play_icon:'' }) ;\">[00:44:51]<\/a> C&#8217;est le c\u00e9l\u00e8bre syndrome de l&#8217;imposteur.<\/p>\n\n\n\n<p>Ingrid: <a id=\"sonaar_ts-6927d4228f0a3\" class=\"srmp3_sonaar_ts_shortcode\"  style=\"\" href=\"javascript:sonaar_ts_shortcode({ trackid:'0', time:'00:44:54', ts_id:'6927d4228f0a3', play_icon:'' }) ;\">[00:44:54]<\/a> Ouais, exactement, c&#8217;est quelque chose, c&#8217;est&#8230; D&#8217;ailleurs, j&#8217;avais pens\u00e9 &#8220;\u00e7a pourrait faire un bon podcast \u00e7a. Je pourrais proposer \u00e0 Hugo de faire \u00e7a parce que c&#8217;est un truc, vraiment&#8230;&#8221;<\/p>\n\n\n\n<p>Hugo: <a id=\"sonaar_ts-6927d4228f0a8\" class=\"srmp3_sonaar_ts_shortcode\"  style=\"\" href=\"javascript:sonaar_ts_shortcode({ trackid:'0', time:'00:45:06', ts_id:'6927d4228f0a8', play_icon:'' }) ;\">[00:45:06]<\/a> C&#8217;est vrai. Moi, j&#8217;ai eu la m\u00eame chose mais j&#8217;ai pas le choix, donc on m&#8217;a vraiment, la directrice de l&#8217;Institut fran\u00e7ais de Varsovie m&#8217;a dit &#8220;On a un cours de conversation. On aimerait bien que vous soyez le prof&#8221;. Elle savait que j&#8217;avais aucune exp\u00e9rience en la mati\u00e8re. Donc voil\u00e0, juste apr\u00e8s l&#8217;entretien, elle m&#8217;a propos\u00e9 \u00e7a. Donc, je ne me suis pas trop pos\u00e9 de questions parce que je n&#8217;ai pas eu le temps d&#8217;y r\u00e9fl\u00e9chir, tout simplement. Mais c&#8217;est vrai que c&#8217;\u00e9tait un peu inconscient. Et c&#8217;\u00e9tait vraiment comme toi, ou voil\u00e0, d\u00e8s le premier cours, je me suis rendu compte que j&#8217;adorais \u00e7a, le contact avec les \u00e9l\u00e8ves, d&#8217;avoir des gens qui \u00e9taient tellement passionn\u00e9s par le fran\u00e7ais, c&#8217;\u00e9tait vraiment quelque chose qui faisait chaud au c\u0153ur. Et je me suis form\u00e9 sur le tas. Mais toi, tu as fait une formation vraiment \u00e0 distance, donc une formation officielle par correspondance ?<\/p>\n\n\n\n<p>Ingrid: <a id=\"sonaar_ts-6927d4228f0ae\" class=\"srmp3_sonaar_ts_shortcode\"  style=\"\" href=\"javascript:sonaar_ts_shortcode({ trackid:'0', time:'00:45:50', ts_id:'6927d4228f0ae', play_icon:'' }) ;\">[00:45:50]<\/a> Ouais, apr\u00e8s. Mais au d\u00e9but, ouais, c&#8217;\u00e9tait des cours particuliers. Et c&#8217;est vrai que comme tu dis, \u00e7a fait chaud au coeur de voir \u00e0 quel point des personnes peuvent \u00eatre passionn\u00e9es par un pays dont on se plaint tout le temps, nous, habituellement. Donc c&#8217;est int\u00e9ressant ouais de&#8230; Puis, je trouve que, je sais pas si toi, \u00e7a t&#8217;a fait \u00e7a, mais aussi quand tu vis dans un autre pays, \u00e7a permet d&#8217;avoir un contact avec son pays toujours, et puis d&#8217;avoir un \u00e9change culturel avec des personnes qui s&#8217;int\u00e9ressent aussi \u00e0 comment toi, tu vis la r\u00e9alit\u00e9 de leur pays, puis en leur expliquant : &#8220;mais non en France, c&#8217;est pas comme \u00e7a&#8221; ou &#8220;\u00e7a, \u00e7a m&#8217;a surpris&#8221;. Et puis, \u00e7a permet d&#8217;avoir des \u00e9changes assez int\u00e9ressants.<\/p>\n\n\n\n<p>Hugo: <a id=\"sonaar_ts-6927d4228f0b3\" class=\"srmp3_sonaar_ts_shortcode\"  style=\"\" href=\"javascript:sonaar_ts_shortcode({ trackid:'0', time:'00:46:34', ts_id:'6927d4228f0b3', play_icon:'' }) ;\">[00:46:34]<\/a> Nan, c&#8217;est vrai. Moi, je ne me suis jamais senti autant fran\u00e7ais que depuis que je vis plus en France. Donc c&#8217;est un peu paradoxal, mais effectivement, tu te rends compte de toutes les diff\u00e9rences, de ce qui est bien en France, de ce qui est moins bien, t&#8217;as plus de recul. Et voil\u00e0, des choses qui toi, te semblaient compl\u00e8tement \u00e9vidente. Surtout, j&#8217;ai l&#8217;impression qu&#8217;on a un peu le m\u00eame profil que toi aussi, quand tu \u00e9tais enfant, tu as pas forc\u00e9ment voyag\u00e9 beaucoup \u00e0 l&#8217;\u00e9tranger. C&#8217;est plus quelque chose que tu as d\u00e9couvert ensuite pendant tes \u00e9tudes, non ?<\/p>\n\n\n\n<p>Ingrid: <a id=\"sonaar_ts-6927d4228f0b8\" class=\"srmp3_sonaar_ts_shortcode\"  style=\"\" href=\"javascript:sonaar_ts_shortcode({ trackid:'0', time:'00:47:03', ts_id:'6927d4228f0b8', play_icon:'' }) ;\">[00:47:03]<\/a> Ouais, compl\u00e8tement, compl\u00e8tement. De fait, je me rappelle que quand je suis rentr\u00e9e, \u00e0 un moment, j&#8217;\u00e9tais en France apr\u00e8s avoir d\u00e9j\u00e0 voyag\u00e9. Enfin, je sais plus \u00e0 quel moment, mais bon bref. Ma petite s\u0153ur est un peu dans le m\u00eame&#8230; Par exemple, ma s\u0153ur elle dans le m\u00eame&#8230; Un, deux, trois, je recommence&#8230; Oui, c&#8217;est vrai. Je me souviens que une fois, il y a pas si longtemps, mon p\u00e8re nous a fait une remarque avec ma petite s\u0153ur, qui aussi a commenc\u00e9 \u00e0 voyager. Elle a fait tout un tour de l&#8217;Am\u00e9rique du Sud toute seule en stop. L\u00e0, elle est en R\u00e9publique d\u00e9mocratique du Congo, donc aussi un profil aventurier, mais r\u00e9cent. Et je me souviens que notre p\u00e8re nous a dit &#8220;Mais je ne comprends pas pourquoi vous voyagez tellement. Parce que nous, on n&#8217;a jamais voyag\u00e9. Moi, je ne suis pas&#8230;&#8221; Et on lui a dit &#8220;Ben justement, c&#8217;est peut \u00eatre pour \u00e7a&#8221;. On est tellement rest\u00e9es en France, en France, en France que au final, d\u00e8s qu&#8217;on a pu, \u00e7a a \u00e9t\u00e9 d&#8217;abord les voyages en Europe, et puis apr\u00e8s essayer de partir plus loin, d\u00e9couvrir d&#8217;autres cultures, ne pas rester dans un m\u00e9tro-boulot-dodo parisien. C&#8217;est vrai que c&#8217;est quelque chose, c&#8217;est quelque chose qui est venu apr\u00e8s, peut \u00eatre par le manque dans l&#8217;enfance de ce genre de choses.<\/p>\n\n\n\n<p>Hugo: <a id=\"sonaar_ts-6927d4228f0c1\" class=\"srmp3_sonaar_ts_shortcode\"  style=\"\" href=\"javascript:sonaar_ts_shortcode({ trackid:'0', time:'00:48:18', ts_id:'6927d4228f0c1', play_icon:'' }) ;\">[00:48:18]<\/a> C&#8217;est vrai. Je pense que c&#8217;est assez g\u00e9n\u00e9rationnel aussi ou voil\u00e0, \u00e0 l&#8217;\u00e9poque de nos parents. Il y avait pas forc\u00e9ment Ryan Air etc, les vols low cost, et donc c&#8217;\u00e9tait plus difficile. C&#8217;\u00e9tait moins \u00e0 la mode de voyager. C&#8217;\u00e9tait plut\u00f4t&#8230; Voil\u00e0, aller faire des festivals en France. Tu sais qu&#8217;\u00e0 contrario, mes parents connaissent beaucoup mieux la France que moi parce que quand ils \u00e9taient jeunes, ils ont baroud\u00e9 vraiment dans tout le pays en faisant du stop, etc. Alors que nous, quand on \u00e9tait jeunes entre&#8230; On se sent d\u00e9j\u00e0 vieux, mais&#8230; Bon, quand on \u00e9tait \u00e9tudiant, en tout cas, voil\u00e0, tout le monde se faisait des week-ends \u00e0 l&#8217;\u00e9tranger, \u00e0 Barcelone, etc. Tout le monde sautait dans l&#8217;avion d\u00e8s qu&#8217;on avait 3, 4 jours pour aller quelques fois. Enfin, tout le monde, les \u00e9tudiants qui avaient les moyens en tout cas.<\/p>\n\n\n\n<p>Ingrid: <a id=\"sonaar_ts-6927d4228f0c7\" class=\"srmp3_sonaar_ts_shortcode\"  style=\"\" href=\"javascript:sonaar_ts_shortcode({ trackid:'0', time:'00:49:06', ts_id:'6927d4228f0c7', play_icon:'' }) ;\">[00:49:06]<\/a> Ouais, ouais, ouais. C&#8217;est vrai, c&#8217;est vrai. Que du coup, moi, je connais pas du tout la France. C&#8217;est d&#8217;ailleurs mon prochain objectif de voyage, c&#8217;est la France. Mais ouais, effectivement, que&#8230; On allait \u00e0 Barcelone pour 20 euros. Et puis on se retrouvait qu&#8217;avec des Fran\u00e7ais qui finalement pouvaient tr\u00e8s bien, auraient pu aller dans le sud de la France pour avoir la mer et faire la f\u00eate. Mais non, il fallait aller en Europe, ailleurs, dans une autre ville avec un vol low cost.<\/p>\n\n\n\n<p>Hugo: <a id=\"sonaar_ts-6927d4228f0cc\" class=\"srmp3_sonaar_ts_shortcode\"  style=\"\" href=\"javascript:sonaar_ts_shortcode({ trackid:'0', time:'00:49:35', ts_id:'6927d4228f0cc', play_icon:'' }) ;\">[00:49:35]<\/a> C&#8217;est vrai. Donc, tu a pos\u00e9 des valises au P\u00e9rou, tu a commenc\u00e9 ta carri\u00e8re de prof et tu me disais qu&#8217;au d\u00e9but, ton espagnol c&#8217;\u00e9tait pas non plus&#8230; Tu avais pas l&#8217;impression de pouvoir parler couramment ?<\/p>\n\n\n\n<p>Ingrid: <a id=\"sonaar_ts-6927d4228f0d1\" class=\"srmp3_sonaar_ts_shortcode\"  style=\"\" href=\"javascript:sonaar_ts_shortcode({ trackid:'0', time:'00:49:50', ts_id:'6927d4228f0d1', play_icon:'' }) ;\">[00:49:50]<\/a> Ah non, pas du tout. C&#8217;\u00e9tait horrible. C&#8217;\u00e9tait&#8230; En fait, moi j&#8217;ai appris l&#8217;espagnol comme, donc comme je te disais, au coll\u00e8ge-lyc\u00e9e. Et j&#8217;ai fait m\u00eame de l&#8217;espagnol renforc\u00e9. Mais \u00e7a suffit pas pour parler correctement, pour comprendre correctement apr\u00e8s&#8230;<\/p>\n\n\n\n<p>Hugo: <a id=\"sonaar_ts-6927d4228f0db\" class=\"srmp3_sonaar_ts_shortcode\"  style=\"\" href=\"javascript:sonaar_ts_shortcode({ trackid:'0', time:'00:50:08', ts_id:'6927d4228f0db', play_icon:'' }) ;\">[00:50:08]<\/a> Surtout que nous, \u00e0 l&#8217;\u00e9cole, on nous enseigne vraiment l&#8217;espagnol d&#8217;Espagne, avec l&#8217;accent d&#8217;Espagne. Et pas du tout l&#8217;accent d&#8217;Am\u00e9rique latine.<\/p>\n\n\n\n<p>Ingrid: <a id=\"sonaar_ts-6927d4228f0e0\" class=\"srmp3_sonaar_ts_shortcode\"  style=\"\" href=\"javascript:sonaar_ts_shortcode({ trackid:'0', time:'00:50:17', ts_id:'6927d4228f0e0', play_icon:'' }) ;\">[00:50:17]<\/a> Ouais, ouais. Exactement. Donc c&#8217;est encore, c&#8217;est encore diff\u00e9rent. Il faut s&#8217;adapter. Et puis, et puis en plus, \u00e7a faisait des ann\u00e9es quand m\u00eame que j&#8217;avais, puisqu&#8217;au final, quand j&#8217;avais fini le lyc\u00e9e, je sais plus combien de temps il s&#8217;\u00e9tait pass\u00e9, peut-\u00eatre 10 ans, quelque chose comme \u00e7a. Et l&#8217;espagnol, c&#8217;est pas quelque chose qu&#8217;on pratique en regardant des s\u00e9ries ou en \u00e9coutant&#8230; Enfin voil\u00e0, j&#8217;\u00e9coutais un peu de reggeaton de temps en temps, c&#8217;est pas du tout du tout compr\u00e9hensible. C&#8217;est pas de l&#8217;espagnol.<\/p>\n\n\n\n<p>Hugo: <a id=\"sonaar_ts-6927d4228f0e6\" class=\"srmp3_sonaar_ts_shortcode\"  style=\"\" href=\"javascript:sonaar_ts_shortcode({ trackid:'0', time:'00:50:45', ts_id:'6927d4228f0e6', play_icon:'' }) ;\">[00:50:45]<\/a> C&#8217;est un vocabulaire tr\u00e8s sp\u00e9cifique.<\/p>\n\n\n\n<p>Ingrid: <a id=\"sonaar_ts-6927d4228f0eb\" class=\"srmp3_sonaar_ts_shortcode\"  style=\"\" href=\"javascript:sonaar_ts_shortcode({ trackid:'0', time:'00:50:48', ts_id:'6927d4228f0eb', play_icon:'' }) ;\">[00:50:48]<\/a> Voil\u00e0. Donc, j&#8217;allais pas sortir les quelques mots du reggaeton. Non, du coup, j&#8217;ai d\u00fb apprendre sur le&#8230; Par la force des choses. Mais apr\u00e8s, il faut reconnaitre qu&#8217;en ayant des bases pour la grammaire, la conjugaison, etc, qui \u00e9taient quand m\u00eame enfouies dans mon cerveau, et en parlant fran\u00e7ais, qui est une langue assez proche. En vivant sur place, c&#8217;est all\u00e9, c&#8217;est all\u00e9 assez rapidement. Et puis, et puis apr\u00e8s j&#8217;ai fait, j&#8217;ai pris des cours d&#8217;espagnol, mais alors j&#8217;avoue que j&#8217;ai pris des cours d&#8217;espagnol avant tout pour me faire des amis. Donc, quand j&#8217;avais d\u00e9j\u00e0 un niveau avanc\u00e9, j&#8217;avais d\u00e9j\u00e0 un niveau avanc\u00e9 et j&#8217;ai pris des cours pour vraiment am\u00e9liorer tout ce qui est, par exemple utiliser le subjonctif, utiliser l&#8217;hypoth\u00e8se, des choses comme \u00e7a, qui sont&#8230; qui existent en espagnol, comme en fran\u00e7ais, mais qui ne s&#8217;utilise pas de la m\u00eame mani\u00e8re. Donc en fait, on a des temps \u00e9quivalents, mais qu&#8217;on n&#8217;utilise pas au m\u00eame moment. Donc l\u00e0, c&#8217;est vrai que j&#8217;\u00e9tais perdue et quand je demandais \u00e0 mon copain, il me disait &#8220;bah je sais pas, c&#8217;est comme \u00e7a, c&#8217;est tout&#8221;. J&#8217;\u00e9tais l\u00e0 : ok, merci merci. Donc du coup, je savais qu&#8217;un prof, ce serait mieux. Mais, mais ouais. C&#8217;\u00e9tait quand m\u00eame pas, je parlais pas du tout, mais c&#8217;\u00e9tait pas si difficile, gr\u00e2ce \u00e0 la proximit\u00e9 de la langue, gr\u00e2ce aux bases que j&#8217;avais. Et puis bon, faut avouer que j&#8217;ai quand m\u00eame de la facilit\u00e9 avec les langues, donc en connaissant bien le fran\u00e7ais et l&#8217;\u00e9tymologie des choses comme \u00e7a, c&#8217;est all\u00e9 assez facilement.<\/p>\n\n\n\n<p>Hugo: <a id=\"sonaar_ts-6927d4228f0f1\" class=\"srmp3_sonaar_ts_shortcode\"  style=\"\" href=\"javascript:sonaar_ts_shortcode({ trackid:'0', time:'00:52:23', ts_id:'6927d4228f0f1', play_icon:'' }) ;\">[00:52:23]<\/a> Avec ton mari vous parliez espagnol d\u00e8s le d\u00e9part ? Ou comment \u00e7a s&#8217;est pass\u00e9 ?<\/p>\n\n\n\n<p>Ingrid: <a id=\"sonaar_ts-6927d4228f0f9\" class=\"srmp3_sonaar_ts_shortcode\"  style=\"\" href=\"javascript:sonaar_ts_shortcode({ trackid:'0', time:'00:52:28', ts_id:'6927d4228f0f9', play_icon:'' }) ;\">[00:52:28]<\/a> Non, on parlait anglais, on parlait anglais. C&#8217;\u00e9tait dr\u00f4le parce qu&#8217;il parlait anglais avec&#8230; Lui, il a v\u00e9cu \u00e0 New York, donc il parlait bien anglais, mais avec un accent latino puisqu&#8217;\u00e0 New York, c&#8217;est comme \u00e7a, il y a beaucoup, beaucoup de Latinos qui parlent dans leur langage un peu mix&#8230; comment on dit&#8230; spanglish. Et moi, je parlais anglais avec un accent fran\u00e7ais tr\u00e8s tr\u00e8s important. Donc, au d\u00e9but, on parlait comme \u00e7a, mais on se disait quelques mots en fran\u00e7ais, en espagnol. Parce que au final, quand tu connais pas un mot en anglais, tu le dis en fran\u00e7ais, et finalement, il comprend parce qu&#8217;en espagnol, c&#8217;est la m\u00eame chose. Donc, on faisait anglais, avec quelques explications en espagnol, en fran\u00e7ais et quand j&#8217;ai, quand je me suis install\u00e9e pour de bon, entre guillemets, en tout cas, pour plusieurs mois, je lui ai dit &#8220;Tu me parles pas l&#8217;anglais. Vraiment, ne me parle plus du tout anglais&#8221;. Parce qu&#8217;en plus, quand il me parlait anglais devant des gens, les gens pensaient que je pouvais pas comprendre du tout l&#8217;espagnol. Donc, ils me parlaient pas en espagnol. Et moi, je voulais au contraire que les gens me parlent en espagnol pour que mon oreille s&#8217;habitue comme \u00e7a et me forcer. Donc voil\u00e0.<\/p>\n\n\n\n<p>Hugo: <a id=\"sonaar_ts-6927d4228f0ff\" class=\"srmp3_sonaar_ts_shortcode\"  style=\"\" href=\"javascript:sonaar_ts_shortcode({ trackid:'0', time:'00:53:42', ts_id:'6927d4228f0ff', play_icon:'' }) ;\">[00:53:42]<\/a> Donc la transition \u00e9tait vraiment radicale.<\/p>\n\n\n\n<p>Ingrid: <a id=\"sonaar_ts-6927d4228f110\" class=\"srmp3_sonaar_ts_shortcode\"  style=\"\" href=\"javascript:sonaar_ts_shortcode({ trackid:'0', time:'00:53:44', ts_id:'6927d4228f110', play_icon:'' }) ;\">[00:53:44]<\/a> Ouais, ouais, ouais. Apr\u00e8s c&#8217;est s\u00fbr que c&#8217;\u00e9tait cool d&#8217;avoir l&#8217;anglais en commun parce que quand je bloquais vraiment, je disais &#8220;comment on dit&#8230; ?&#8221; Je me rappelle que mon beau-fr\u00e8re se foutait tout le temps de ma gueule, parce que parce que je disais tout le temps, j&#8217;\u00e9tais en plein milieu d&#8217;une phrase et je disais &#8220;Comment on dit&#8230; ?&#8221; Et soit j&#8217;expliquais en espagnol ce que je voulais dire, soit je le disais en anglais, donc, en fait, j&#8217;arrivais pas \u00e0 raconter quelque chose d&#8217;une traite. Je faisais des pauses. Et puis il y a eu un moment o\u00f9 mon mari \u00e9tait le seul qui me&#8230; Enfin, on parlait un peu un langage secret. Les autres, ils le regardaient, genre &#8220;Elle a dit quoi l\u00e0 ?&#8221; Et donc il expliquait : &#8220;ah oui, c&#8217;est parce qu&#8217;elle se trompe entre \u00e7a et \u00e7a&#8230;&#8221;<\/p>\n\n\n\n<p>Hugo: <a id=\"sonaar_ts-6927d4228f117\" class=\"srmp3_sonaar_ts_shortcode\"  style=\"\" href=\"javascript:sonaar_ts_shortcode({ trackid:'0', time:'00:54:27', ts_id:'6927d4228f117', play_icon:'' }) ;\">[00:54:27]<\/a> Non, c&#8217;est vrai que vraiment \u00e0 l&#8217;int\u00e9rieur du couple, tu d\u00e9veloppes ton propre langage. C&#8217;est la m\u00eame chose avec ma copine ou voil\u00e0, on parle anglais, mais forc\u00e9ment, c&#8217;est pas ma langue maternelle ni la sienne. Donc, c&#8217;est vraiment un anglais qu&#8217;on a compl\u00e8tement adapt\u00e9 en fonction de notre quotidien, nos besoins, etc. Et je pense que&#8230; Je caricature, forc\u00e9ment des anglophones nous comprendraient parfaitement, mais de temps en temps, je pense que voil\u00e0, on a notre propre vocabulaire qui est pas forc\u00e9ment intelligible par tous. Donc je comprends \u00e7a tout \u00e0 fait.<\/p>\n\n\n\n<p>Ingrid: <a id=\"sonaar_ts-6927d4228f11d\" class=\"srmp3_sonaar_ts_shortcode\"  style=\"\" href=\"javascript:sonaar_ts_shortcode({ trackid:'0', time:'00:55:03', ts_id:'6927d4228f11d', play_icon:'' }) ;\">[00:55:03]<\/a> Ouais parfois tu inventes. D&#8217;ailleurs en espagnol, moi \u00e7a m&#8217;arrive encore de dire &#8220;ce mot-l\u00e0, il manque en espagnol&#8221;. Et du coup, on invente un mot, je lui dis en fran\u00e7ais, on peut dire \u00e7a. &#8220;Ah ouais ? Ouais, bah c&#8217;est trop bien, qu&#8217;il y ait ce mot qui existe en fran\u00e7ais.&#8221; Et \u00e0 l&#8217;inverse, quand je parle avec des amis francophones qui vivent \u00e0, au P\u00e9rou, parfois \u00e0 l&#8217;int\u00e9rieur de nos conversations en fran\u00e7ais, on utilise des mots espagnols parce qu&#8217;il n&#8217;y a pas d&#8217;\u00e9quivalent en fran\u00e7ais et du coup, \u00e7a fait encore plus de richesse de vocabulaire quand on peut m\u00e9langer plusieurs langues.<\/p>\n\n\n\n<p>Hugo: <a id=\"sonaar_ts-6927d4228f127\" class=\"srmp3_sonaar_ts_shortcode\"  style=\"\" href=\"javascript:sonaar_ts_shortcode({ trackid:'0', time:'00:55:34', ts_id:'6927d4228f127', play_icon:'' }) ;\">[00:55:34]<\/a> C&#8217;est vrai, c&#8217;est vrai. Et ton mari apprend le fran\u00e7ais ?<\/p>\n\n\n\n<p>Ingrid: <a id=\"sonaar_ts-6927d4228f12c\" class=\"srmp3_sonaar_ts_shortcode\"  style=\"\" href=\"javascript:sonaar_ts_shortcode({ trackid:'0', time:'00:55:36', ts_id:'6927d4228f12c', play_icon:'' }) ;\">[00:55:36]<\/a> Bah, disons que par la force des choses, il le comprend de plus en plus. Il a des conversations tr\u00e8s int\u00e9ressantes avec ma m\u00e8re ou les deux se parlent beaucoup avec les gestes, avec le regard, etc. Mais mais l\u00e0, on va aller en France dans pas longtemps. Donc il va devoir s&#8217;y mettre s\u00e9rieusement. Mais c&#8217;est vrai que je crois que t&#8217;as connu \u00e7a aussi, c&#8217;est la grosse frustration du cor&#8230; des cordonniers qui sont les plus mal chauss\u00e9s. Une expression fran\u00e7aise qui, je pense, existe, en tout cas, il doit y avoir un \u00e9quivalent dans toutes les langues.<\/p>\n\n\n\n<p>Hugo: <a id=\"sonaar_ts-6927d4228f131\" class=\"srmp3_sonaar_ts_shortcode\"  style=\"\" href=\"javascript:sonaar_ts_shortcode({ trackid:'0', time:'00:56:14', ts_id:'6927d4228f131', play_icon:'' }) ;\">[00:56:14]<\/a> Ouais est-ce que tu peux l&#8217;expliquer quand m\u00eame ?<\/p>\n\n\n\n<p>Ingrid: <a id=\"sonaar_ts-6927d4228f136\" class=\"srmp3_sonaar_ts_shortcode\"  style=\"\" href=\"javascript:sonaar_ts_shortcode({ trackid:'0', time:'00:56:16', ts_id:'6927d4228f136', play_icon:'' }) ;\">[00:56:16]<\/a> C&#8217;est&#8230; Le cordonnier, c&#8217;est la personne qui r\u00e9pare les chaussures et donc \u00eatre chauss\u00e9. \u00catre mal chauss\u00e9, c&#8217;est avoir des chaussures en mauvais \u00e9tat ou ne pas avoir de chaussures, ou quoi. Donc c&#8217;est que la personne qui est charg\u00e9e, qui a comme m\u00e9tier de r\u00e9parer des chaussures, est celui qui n&#8217;a pas des bonnes chaussures. Et donc l\u00e0, c&#8217;est la m\u00eame chose : nous qui sommes profs de FLE, on a des compagnons qui, la personne qui partage notre vie, qui ne parlent pas fran\u00e7ais parce que c&#8217;est pas parce qu&#8217;on est prof de fran\u00e7ais qu&#8217;on peut leur enseigner comme \u00e7a dans la vie quotidienne.<\/p>\n\n\n\n<p>Hugo: <a id=\"sonaar_ts-6927d4228f13c\" class=\"srmp3_sonaar_ts_shortcode\"  style=\"\" href=\"javascript:sonaar_ts_shortcode({ trackid:'0', time:'00:56:53', ts_id:'6927d4228f13c', play_icon:'' }) ;\">[00:56:53]<\/a> Exactement exactement. C&#8217;est tr\u00e8s mauvais pour mon marketing. D&#8217;ailleurs, c&#8217;est pour \u00e7a que vous avez jamais vu ma copine dans les vid\u00e9os Youtube. Bon, c&#8217;est vrai que c&#8217;est assez difficile. Je sais pas si c&#8217;est encore plus difficile en \u00e9tant prof, mais nous, on a essay\u00e9 au d\u00e9but d&#8217;avoir quelques le\u00e7ons, etc. Mais voil\u00e0, moi, c&#8217;est quelque chose que je faisais d\u00e9j\u00e0 toute la semaine et j&#8217;avais pas envie, quand j&#8217;\u00e9tais avec ma copine, d&#8217;encore travailler encore donner des le\u00e7ons. Et puis, la relation prof-\u00e9l\u00e8ve m\u00e9lang\u00e9e avec la relation copains-copines, bon \u00e7a fonctionne pas toujours tr\u00e8s bien, donc on a un peu fini par abandonner.<\/p>\n\n\n\n<p>Ingrid: <a id=\"sonaar_ts-6927d4228f141\" class=\"srmp3_sonaar_ts_shortcode\"  style=\"\" href=\"javascript:sonaar_ts_shortcode({ trackid:'0', time:'00:57:30', ts_id:'6927d4228f141', play_icon:'' }) ;\">[00:57:30]<\/a> Ouais, je suis d&#8217;accord. J&#8217;ai essay\u00e9 aussi. On a fait de temps en temps, surtout au d\u00e9but de confinement. On se faisait des sessions &#8220;allez tous les mardis et jeudis on fait&#8221;. Donc il prenait son petit cahier, et puis je voyais qu&#8217;en fait il m&#8217;\u00e9coutait ou moi, je voulais juste faire des blagues. Au final, \u00e7a fonctionne pas<\/p>\n\n\n\n<p>Hugo: <a id=\"sonaar_ts-6927d4228f14a\" class=\"srmp3_sonaar_ts_shortcode\"  style=\"\" href=\"javascript:sonaar_ts_shortcode({ trackid:'0', time:'00:57:51', ts_id:'6927d4228f14a', play_icon:'' }) ;\">[00:57:51]<\/a> Ok. Et tu disais donc que vous allez, vous pr\u00e9voyez de rentrer en France ?<\/p>\n\n\n\n<p>Ingrid: <a id=\"sonaar_ts-6927d4228f150\" class=\"srmp3_sonaar_ts_shortcode\"  style=\"\" href=\"javascript:sonaar_ts_shortcode({ trackid:'0', time:'00:57:56', ts_id:'6927d4228f150', play_icon:'' }) ;\">[00:57:56]<\/a> Ouais, ouais. Bah l\u00e0, c&#8217;est le d\u00e9part est imminent. On va voir comment \u00e7a se passe au niveau des fronti\u00e8res du covid, etc. Mais comme \u00e7a fait assez longtemps que je suis au P\u00e9rou par&#8230; sans pouvoir ni voyager ni rendre visite, avoir des visites de ma famille ou quoi, et qu&#8217;on a l&#8217;impression que la situation est partie pour durer. Du coup, l\u00e0, on s&#8217;est organis\u00e9 et on va s&#8217;installer en France pour, je ne sais pas pour combien de temps, je ne sais pas combien de temps on tiendra dans la stabilit\u00e9 sans voyager, sans aller ailleurs. Mais en tout cas pour l&#8217;instant, peut-\u00eatre une petite ann\u00e9e pour que je sois plus proche de ma famille, comme \u00e7a lui il peut apprendre le fran\u00e7ais. Et puis, \u00e7a permet aussi d&#8217;\u00eatre un peu plong\u00e9e de nouveau dans la culture fran\u00e7aise.<\/p>\n\n\n\n<p>Hugo: <a id=\"sonaar_ts-6927d4228f155\" class=\"srmp3_sonaar_ts_shortcode\"  style=\"\" href=\"javascript:sonaar_ts_shortcode({ trackid:'0', time:'00:58:47', ts_id:'6927d4228f155', play_icon:'' }) ;\">[00:58:47]<\/a> Ok, tr\u00e8s bien. Et peut-\u00eatre que nous on pourra enfin se rencontrer en vrai.<\/p>\n\n\n\n<p>Ingrid: <a id=\"sonaar_ts-6927d4228f15a\" class=\"srmp3_sonaar_ts_shortcode\"  style=\"\" href=\"javascript:sonaar_ts_shortcode({ trackid:'0', time:'00:58:51', ts_id:'6927d4228f15a', play_icon:'' }) ;\">[00:58:51]<\/a> Ouais, ce serait bien. Ce serait plus facile, en tout cas, de Pologne en France.<\/p>\n\n\n\n<p>Hugo: <a id=\"sonaar_ts-6927d4228f160\" class=\"srmp3_sonaar_ts_shortcode\"  style=\"\" href=\"javascript:sonaar_ts_shortcode({ trackid:'0', time:'00:58:56', ts_id:'6927d4228f160', play_icon:'' }) ;\">[00:58:56]<\/a> C&#8217;est s\u00fbr. Et moi aussi, je compte passer un peu plus de temps en France l\u00e0 dans le futur. Je pense qu&#8217;il y a beaucoup de personnes qui ont ressenti parmi les gens qui vivent \u00e0 distance, qui vivent loin de leurs familles, qui ressentent l\u00e0 vraiment ce besoin de passer du temps avec ses proches. Et voil\u00e0, c&#8217;est quelque chose que je vais essayer de faire.<\/p>\n\n\n\n<p>Ingrid: <a id=\"sonaar_ts-6927d4228f165\" class=\"srmp3_sonaar_ts_shortcode\"  style=\"\" href=\"javascript:sonaar_ts_shortcode({ trackid:'0', time:'00:59:15', ts_id:'6927d4228f165', play_icon:'' }) ;\">[00:59:15]<\/a> Ah d&#8217;accord. Donc toi tu pr\u00e9vois de, enfin de passer plus de temps, de revenir r\u00e9guli\u00e8rement ou de s&#8217;installer en France ?<\/p>\n\n\n\n<p>Hugo: <a id=\"sonaar_ts-6927d4228f16a\" class=\"srmp3_sonaar_ts_shortcode\"  style=\"\" href=\"javascript:sonaar_ts_shortcode({ trackid:'0', time:'00:59:50', ts_id:'6927d4228f16a', play_icon:'' }) ;\">[00:59:20]<\/a> C&#8217;est \u00e7a. Non, non, non. De revenir un peu plus r\u00e9guli\u00e8rement. Quand je vais en France de rester un peu plus longtemps parce qu&#8217;en g\u00e9n\u00e9ral, quand j&#8217;y vais, j&#8217;ai toujours plein de personnes \u00e0 voir, aussi bien la famille que les amis. Donc voil\u00e0, en une semaine, j&#8217;essaie de voir tout le monde. Mais bon, c&#8217;est assez court. Et prochainement, je pense, la prochaine fois, je pense que j&#8217;essaierai de rester un peu plus longtemps pour, voil\u00e0 vraiment me sentir en France l&#8217;espace de quelques temps.<\/p>\n\n\n\n<p>Ingrid: <a id=\"sonaar_ts-6927d4228f16f\" class=\"srmp3_sonaar_ts_shortcode\"  style=\"\" href=\"javascript:sonaar_ts_shortcode({ trackid:'0', time:'00:59:50', ts_id:'6927d4228f16f', play_icon:'' }) ;\">[00:59:50]<\/a> Ouais, je comprends. Du coup, on se verra \u00e0 ce moment-l\u00e0. Rencontre fran\u00e7aise.<\/p>\n\n\n\n<p>Hugo: <a id=\"sonaar_ts-6927d4228f179\" class=\"srmp3_sonaar_ts_shortcode\"  style=\"\" href=\"javascript:sonaar_ts_shortcode({ trackid:'0', time:'00:59:55', ts_id:'6927d4228f179', play_icon:'' }) ;\">[00:59:55]<\/a> Tr\u00e8s bien. Bon, bah je pense qu&#8217;on va s&#8217;arr\u00eater l\u00e0. Merci beaucoup, Ingrid, pour tes r\u00e9ponses. Je pense que les auditeurs te connaissent un peu mieux, r\u00e9ussissent \u00e0 cerner le personnage, maintenant. Et \u00e0 mon avis, c&#8217;est pas la derni\u00e8re fois qu&#8217;on t&#8217;entendra dans le podcast. Donc voil\u00e0, merci beaucoup.<\/p>\n\n\n\n<p>Ingrid: <a id=\"sonaar_ts-6927d4228f180\" class=\"srmp3_sonaar_ts_shortcode\"  style=\"\" href=\"javascript:sonaar_ts_shortcode({ trackid:'0', time:'01:00:15', ts_id:'6927d4228f180', play_icon:'' }) ;\">[01:00:15]<\/a> Bah merci \u00e0 toi pour l&#8217;invitation. J&#8217;esp\u00e8re que \u00e7a pourra r\u00e9pondre \u00e0 certains doutes, et puis que&#8230; Ouais, \u00e7a me ferait plaisir de revenir et puis, de faire, de travailler sur le podcast. Donc on se r\u00e9\u00e9coute bient\u00f4t bient\u00f4t.<\/p>\n\n\n\n<p>Hugo: <a id=\"sonaar_ts-6927d4228f188\" class=\"srmp3_sonaar_ts_shortcode\"  style=\"\" href=\"javascript:sonaar_ts_shortcode({ trackid:'0', time:'01:00:32', ts_id:'6927d4228f188', play_icon:'' }) ;\">[01:00:32]<\/a> Tr\u00e8s bien, merci beaucoup. \u00c0 bient\u00f4t.<\/p>\n\n\n\n<p>Ingrid: <a id=\"sonaar_ts-6927d4228f197\" class=\"srmp3_sonaar_ts_shortcode\"  style=\"\" href=\"javascript:sonaar_ts_shortcode({ trackid:'0', time:'01:00:34', ts_id:'6927d4228f197', play_icon:'' }) ;\">[01:00:34]<\/a> Merci \u00e0 toi. Salut.<\/p>\n\n\n\n<p>Hugo: <a id=\"sonaar_ts-6927d4228f1a0\" class=\"srmp3_sonaar_ts_shortcode\"  style=\"\" href=\"javascript:sonaar_ts_shortcode({ trackid:'0', time:'01:00:49', ts_id:'6927d4228f1a0', play_icon:'' }) ;\">[01:00:49]<\/a> Voil\u00e0, maintenant, vous savez tout ou presque sur Ingrid. J&#8217;esp\u00e8re que cette discussion vous a plu. J&#8217;en profite pour vous dire que le mois prochain, en mai, on va rouvrir les inscriptions pour le cours Raconte ton histoire. Donc, si vous aimez ce genre de conversation authentique et que vous voulez apprendre \u00e0 mieux les comprendre, vous savez ce qu&#8217;il vous reste \u00e0 faire. Merci \u00e0 toutes et \u00e0 tous. Et on se retrouve bient\u00f4t pour un nouvel \u00e9pisode. Salut !&nbsp;<\/p>\n\n\n\n<p><\/p>\n","protected":false},"excerpt":{"rendered":"<p>Salut \u00e0 toutes et \u00e0 tous ! C&#8217;est un plaisir de vous retrouver pour cet \u00e9pisode un peu sp\u00e9cial. C&#8217;est un \u00e9pisode sp\u00e9cial parce que c&#8217;est le quatri\u00e8me anniversaire du podcast. Enfin, je triche. J&#8217;ai quelques jours d&#8217;avance. La date officielle de l&#8217;anniversaire, c&#8217;est le 28 avril. Mais comme il y aura pas d&#8217;\u00e9pisode la&#8230;<\/p>\n","protected":false},"author":17473,"featured_media":9368,"comment_status":"open","ping_status":"open","sticky":false,"template":"","format":[191],"meta":{"_acf_changed":false,"_kad_blocks_custom_css":"","_kad_blocks_head_custom_js":"","_kad_blocks_body_custom_js":"","_kad_blocks_footer_custom_js":"","_kad_post_transparent":"","_kad_post_title":"","_kad_post_layout":"","_kad_post_sidebar_id":"","_kad_post_content_style":"","_kad_post_vertical_padding":"","_kad_post_feature":"","_kad_post_feature_position":"","_kad_post_header":false,"_kad_post_footer":false,"_kad_post_classname":"","footnotes":""},"categories":[168],"tags":[175],"class_list":["post-9367","post","type-post","status-publish","format-standard","has-post-thumbnail","hentry","category-podcast","tag-france","format-duo-hugo-ingrid"],"acf":[],"taxonomy_info":{"category":[{"value":168,"label":"Podcast"}],"post_tag":[{"value":175,"label":"France"}],"format":[{"value":191,"label":"Duo Hugo &amp; Ingrid"}]},"featured_image_src_large":["https:\/\/innerfrench.com\/wp-content\/uploads\/2021\/04\/E92-De-Paris-au-Perou-750x406.jpg",750,406,true],"author_info":{"display_name":"Hugo &amp; Ingrid","author_link":"https:\/\/innerfrench.com\/author\/hugo_ingrid\/"},"comment_info":26,"category_info":[{"term_id":168,"name":"Podcast","slug":"podcast","term_group":0,"term_taxonomy_id":168,"taxonomy":"category","description":"","parent":0,"count":185,"filter":"raw","cat_ID":168,"category_count":185,"category_description":"","cat_name":"Podcast","category_nicename":"podcast","category_parent":0}],"tag_info":[{"term_id":175,"name":"France","slug":"france","term_group":0,"term_taxonomy_id":175,"taxonomy":"post_tag","description":"","parent":0,"count":100,"filter":"raw"}],"_links":{"self":[{"href":"https:\/\/innerfrench.com\/wp-json\/wp\/v2\/posts\/9367","targetHints":{"allow":["GET"]}}],"collection":[{"href":"https:\/\/innerfrench.com\/wp-json\/wp\/v2\/posts"}],"about":[{"href":"https:\/\/innerfrench.com\/wp-json\/wp\/v2\/types\/post"}],"author":[{"embeddable":true,"href":"https:\/\/innerfrench.com\/wp-json\/wp\/v2\/users\/17473"}],"replies":[{"embeddable":true,"href":"https:\/\/innerfrench.com\/wp-json\/wp\/v2\/comments?post=9367"}],"version-history":[{"count":1,"href":"https:\/\/innerfrench.com\/wp-json\/wp\/v2\/posts\/9367\/revisions"}],"predecessor-version":[{"id":293816,"href":"https:\/\/innerfrench.com\/wp-json\/wp\/v2\/posts\/9367\/revisions\/293816"}],"wp:featuredmedia":[{"embeddable":true,"href":"https:\/\/innerfrench.com\/wp-json\/wp\/v2\/media\/9368"}],"wp:attachment":[{"href":"https:\/\/innerfrench.com\/wp-json\/wp\/v2\/media?parent=9367"}],"wp:term":[{"taxonomy":"category","embeddable":true,"href":"https:\/\/innerfrench.com\/wp-json\/wp\/v2\/categories?post=9367"},{"taxonomy":"post_tag","embeddable":true,"href":"https:\/\/innerfrench.com\/wp-json\/wp\/v2\/tags?post=9367"},{"taxonomy":"format","embeddable":true,"href":"https:\/\/innerfrench.com\/wp-json\/wp\/v2\/format?post=9367"}],"curies":[{"name":"wp","href":"https:\/\/api.w.org\/{rel}","templated":true}]}}