{"id":952,"date":"2018-06-28T16:43:00","date_gmt":"2018-06-28T14:43:00","guid":{"rendered":"https:\/\/innerfrench.com\/?p=952"},"modified":"2025-10-01T15:01:01","modified_gmt":"2025-10-01T13:01:01","slug":"46-francais-vacances","status":"publish","type":"post","link":"https:\/\/innerfrench.com\/46-francais-vacances\/","title":{"rendered":"#46 O\u00f9 les Fran\u00e7ais partent-ils en vacances ?"},"content":{"rendered":"\n<p>Salut \u00e0 tous et bienvenue pour ce 46\u00e8me \u00e9pisode du podcast. Comme d&#8217;habitude, je suis tr\u00e8s content de vous retrouver. On va passer une trentaine de minutes ensemble. J&#8217;esp\u00e8re que gr\u00e2ce \u00e0 ce podcast, vous allez am\u00e9liorer un petit peu votre compr\u00e9hension du fran\u00e7ais. Si c&#8217;est la premi\u00e8re fois que vous \u00e9coutez mon podcast, sachez que c&#8217;est mon objectif ; je veux aider les gens \u00e0 comprendre le fran\u00e7ais en \u00e9coutant des choses int\u00e9ressantes. En tout cas, j&#8217;esp\u00e8re qu&#8217;elles sont int\u00e9ressantes parce que ce sont des sujets qui, moi, me passionnent. Et j&#8217;essaye aussi, \u00e0 travers ce podcast, de vous faire d\u00e9couvrir la culture et la soci\u00e9t\u00e9 fran\u00e7aise.<\/p>\n\n\n\n<p><a id=\"sonaar_ts-6927cb7a2800f\" class=\"srmp3_sonaar_ts_shortcode\"  style=\"\" href=\"javascript:sonaar_ts_shortcode({ trackid:'0', time:'00:01:02', ts_id:'6927cb7a2800f', play_icon:'' }) ;\">[00:01:02]<\/a> Mais pour commencer cet \u00e9pisode, je vais vous lire un email que j&#8217;ai re\u00e7u de la part d&#8217;une auditrice du podcast qui s&#8217;appelle Lindsey. \u00c7a fait longtemps que je l&#8217;ai pas fait donc, voil\u00e0, j&#8217;ai envie de vous lire son message.<\/p>\n\n\n\n<p><a id=\"sonaar_ts-6927cb7a2801d\" class=\"srmp3_sonaar_ts_shortcode\"  style=\"\" href=\"javascript:sonaar_ts_shortcode({ trackid:'0', time:'00:01:19', ts_id:'6927cb7a2801d', play_icon:'' }) ;\">[00:01:19]<\/a> Bonjour Hugo,<\/p>\n\n\n\n<p>J&#8217;\u00e9coute vos podcasts depuis plusieurs mois et je les aime beaucoup. Ils m&#8217;aident vraiment \u00e0 apprendre le fran\u00e7ais. J&#8217;ai d\u00e9m\u00e9nag\u00e9 en France il y a un mois avec mon mari et nos trois chiens pour commencer une nouvelle vie dans les Pyr\u00e9n\u00e9es. Nous allons construire une maison et planter un potager. Nous \u00e9coutons vos podcasts chaque soir, lisons des livres et des journaux, regardons des \u00e9missions et surtout nous parlons avec des Fran\u00e7ais chaque jour. Nous aimons la France et toutes les choses fran\u00e7aises. Nous aimons votre podcast et nous vous remercions de le faire pour les gens comme nous qui veulent apprendre cette belle langue.<\/p>\n\n\n\n<p>Merci mille fois et au prochain podcast !<\/p>\n\n\n\n<p><a id=\"sonaar_ts-6927cb7a28025\" class=\"srmp3_sonaar_ts_shortcode\"  style=\"\" href=\"javascript:sonaar_ts_shortcode({ trackid:'0', time:'00:02:11', ts_id:'6927cb7a28025', play_icon:'' }) ;\">[00:02:11]<\/a> Merci \u00e0 toi Lindsey pour ton email ! Ah oui, d&#8217;ailleurs, j&#8217;en profite pour vous dire que quand vous m&#8217;\u00e9crivez, vous pouvez me tutoyer. Ce n&#8217;est pas la peine d&#8217;\u00eatre tr\u00e8s formel et d&#8217;utiliser &#8220;vous&#8221;. Vous pouvez simplement me dire &#8220;tu&#8221;.<\/p>\n\n\n\n<p><a id=\"sonaar_ts-6927cb7a2802c\" class=\"srmp3_sonaar_ts_shortcode\"  style=\"\" href=\"javascript:sonaar_ts_shortcode({ trackid:'0', time:'00:02:30', ts_id:'6927cb7a2802c', play_icon:'' }) ;\">[00:02:30]<\/a> Donc cet email de Lindsey est tr\u00e8s int\u00e9ressant parce que, d&#8217;abord, on voit qu&#8217;elle est tr\u00e8s motiv\u00e9e pour apprendre la langue et qu&#8217;elle essaye de le faire de fa\u00e7on naturelle. Elle \u00e9coute des podcasts, elle lit des livres et des journaux, elle regarde la t\u00e9l\u00e9vision avec son mari. Et vous savez que \u00e7a, selon moi, c&#8217;est vraiment la m\u00e9thode la plus efficace et la plus agr\u00e9able. Bien s\u00fbr, vous pouvez aussi faire des exercices de grammaire, c&#8217;est toujours utile, mais \u00e0 mon avis \u00e7a, la grammaire, \u00e7a doit \u00eatre simplement un compl\u00e9ment \u00e0 la m\u00e9thode. \u00c7a ne doit pas \u00eatre le c\u0153ur de votre apprentissage. Le c\u0153ur de votre apprentissage, le plus important, c&#8217;est de lire et d&#8217;\u00e9couter un maximum de choses en fran\u00e7ais.<\/p>\n\n\n\n<p><a id=\"sonaar_ts-6927cb7a28031\" class=\"srmp3_sonaar_ts_shortcode\"  style=\"\" href=\"javascript:sonaar_ts_shortcode({ trackid:'0', time:'00:03:22', ts_id:'6927cb7a28031', play_icon:'' }) ;\">[00:03:22]<\/a> Lindsey nous raconte qu&#8217;elle s&#8217;est install\u00e9e avec son mari dans les Pyr\u00e9n\u00e9es. Les Pyr\u00e9n\u00e9es, si vous ne savez pas, ce sont des montagnes qui se trouvent dans le Sud-Ouest de la France. Et avec son mari, elle va construire une maison et aussi planter un potager. Un potager, c&#8217;est tout simplement un petit jardin avec des l\u00e9gumes. On plante un potager, on cultive des l\u00e9gumes, et ensuite on peut les manger. On peut faire des salades ou des soupes.<\/p>\n\n\n\n<p><a id=\"sonaar_ts-6927cb7a28036\" class=\"srmp3_sonaar_ts_shortcode\"  style=\"\" href=\"javascript:sonaar_ts_shortcode({ trackid:'0', time:'00:03:54', ts_id:'6927cb7a28036', play_icon:'' }) ;\">[00:03:54]<\/a> Ah et je profite aussi de ce message pour vous demander un petit service. J&#8217;adore quand vous m&#8217;envoyez des messages et des emails, mais je pense que \u00e7a serait une id\u00e9e encore meilleure si vous m&#8217;envoyier vos messages en format audio. Vous pouvez vous enregistrer, enregistrer un petit MP3 et m&#8217;envoyer ce MP3 par email comme \u00e7a, moi, je pourrai diffuser votre message directement dans le podcast. C&#8217;est pas grave si vous faites quelques erreurs ou si votre accent n&#8217;est pas parfait. Ce que je veux, c&#8217;est montrer \u00e0 tous les auditeurs que c&#8217;est possible de parler fran\u00e7ais. Et je pense que si vous m&#8217;envoyez vos enregistrements en MP3, \u00e7a va encourager les autres \u00e0 parler, \u00e0 s&#8217;exprimer. Donc voil\u00e0, si vous avez le temps et si vous \u00eates motiv\u00e9s, vous pouvez m&#8217;envoyer votre message en format audio, m&#8217;envoyer un enregistrement MP3 et je le diffuserai directement dans un \u00e9pisode du podcast.<\/p>\n\n\n\n<p><a id=\"sonaar_ts-6927cb7a2803a\" class=\"srmp3_sonaar_ts_shortcode\"  style=\"\" href=\"javascript:sonaar_ts_shortcode({ trackid:'0', time:'00:05:06', ts_id:'6927cb7a2803a', play_icon:'' }) ;\">[00:05:06]<\/a> Ok donc maintenant, on va entrer dans le vif du sujet et vous savez que le sujet d&#8217;aujourd&#8217;hui, c&#8217;est les vacances. Bon, ce n&#8217;est peut \u00eatre pas un sujet tr\u00e8s original mais souvent dans vos messages vous me demandez d&#8217;apprendre plus de choses sur la France et sur la culture fran\u00e7aise. Donc voil\u00e0, si vous voulez comprendre les Fran\u00e7ais, c&#8217;est important de comprendre ce qu&#8217;ils font pendant les vacances. Pour commencer, on va faire un peu d&#8217;Histoire et je vais vous expliquer quand sont apparues les premi\u00e8res vacances en France et comment elles ont \u00e9volu\u00e9. Et puis dans une deuxi\u00e8me partie, on va voir quelles sont les destinations pr\u00e9f\u00e9r\u00e9es des Fran\u00e7ais pour les vacances et ce qu&#8217;ils font pendant ces vacances. Donc sans plus attendre, on commence !<\/p>\n\n\n\n<p><a id=\"sonaar_ts-6927cb7a2803f\" class=\"srmp3_sonaar_ts_shortcode\"  style=\"\" href=\"javascript:sonaar_ts_shortcode({ trackid:'0', time:'00:05:59', ts_id:'6927cb7a2803f', play_icon:'' }) ;\">[00:05:59]<\/a> Quand on partait de bon matin, quand on partait sur les chemins, \u00e0 bicyclette. Nous \u00e9tions quelques bons copains&#8230;<\/p>\n\n\n\n<p>Yves Montand &#8211; La bicyclette<\/p>\n\n\n\n<p><a id=\"sonaar_ts-6927cb7a28044\" class=\"srmp3_sonaar_ts_shortcode\"  style=\"\" href=\"javascript:sonaar_ts_shortcode({ trackid:'0', time:'00:06:12', ts_id:'6927cb7a28044', play_icon:'' }) ;\">[00:06:12]<\/a> Pour commencer, on va s&#8217;int\u00e9resser aux cong\u00e9s pay\u00e9s. Des cong\u00e9s pay\u00e9s, ce sont simplement des jours de vacances qui sont pay\u00e9s par l&#8217;entreprise. Votre entreprise vous autorise \u00e0 aller en vacances et elle vous paye comme si vous \u00e9tiez au travail comme si vous travailliez normalement.<\/p>\n\n\n\n<p><a id=\"sonaar_ts-6927cb7a28048\" class=\"srmp3_sonaar_ts_shortcode\"  style=\"\" href=\"javascript:sonaar_ts_shortcode({ trackid:'0', time:'00:06:34', ts_id:'6927cb7a28048', play_icon:'' }) ;\">[00:06:34]<\/a> En France, les premiers cong\u00e9s pay\u00e9s sont apparus en 1936. Au printemps 1936, la France traverse une grave crise \u00e9conomique. D&#8217;ailleurs, ce n&#8217;est pas le seul pays \u00e0 traverser une crise \u00e9conomique. C&#8217;est une crise qui concerne l&#8217;ensemble des pays industrialis\u00e9s et qui a commenc\u00e9, d&#8217;ailleurs, aux Etats-Unis au d\u00e9but des ann\u00e9es 30. \u00c0 cause de cette crise \u00e9conomique, le climat social est vraiment tendu. Il y a beaucoup de personnes qui vivent dans la mis\u00e8re, dans la pauvret\u00e9, et d&#8217;autres qui ont des conditions de travail vraiment inacceptables.<\/p>\n\n\n\n<p><a id=\"sonaar_ts-6927cb7a2804d\" class=\"srmp3_sonaar_ts_shortcode\"  style=\"\" href=\"javascript:sonaar_ts_shortcode({ trackid:'0', time:'00:07:14', ts_id:'6927cb7a2804d', play_icon:'' }) ;\">[00:07:14]<\/a> Dans ce climat social et \u00e9conomique, il y a des \u00e9lections l\u00e9gislatives qui sont organis\u00e9es en mai et ces \u00e9lections sont remport\u00e9es par une coalition de partis de gauche (\u00e7a veut dire diff\u00e9rents partis politiques de gauche qui se sont rassembl\u00e9s pour former ce qu&#8217;on appelle le &#8220;Front populaire&#8221;, un ensemble de partis politiques de gauche). Donc le Front populaire remporte les \u00e9lections l\u00e9gislatives en mai 1936. Paradoxalement, \u00e0 ce moment-l\u00e0, il y a des gr\u00e8ves massives qui \u00e9clatent dans toute la France. On compte environ 2 millions de gr\u00e9vistes, 2 millions de personnes qui font la gr\u00e8ve, principalement les ouvriers (c&#8217;est-\u00e0-dire les personnes qui travaillent dans les usines). Et c&#8217;est la premi\u00e8re fois dans l&#8217;Histoire de la France que des ouvriers occupent les usines. Ils restent dans les usines mais ils refusent de travailler. Et beaucoup vont aussi marcher et d\u00e9filer dans les rues pour montrer leur m\u00e9contentement. L&#8217;objectif de ces mouvements, c&#8217;est de mettre la pression sur le nouveau gouvernement socialiste, sur le Front populaire. Les ouvriers veulent profiter de l&#8217;arriv\u00e9e au pouvoir du Front populaire pour n\u00e9gocier de meilleures conditions de travail.<\/p>\n\n\n\n<p><a id=\"sonaar_ts-6927cb7a28052\" class=\"srmp3_sonaar_ts_shortcode\"  style=\"\" href=\"javascript:sonaar_ts_shortcode({ trackid:'0', time:'00:08:45', ts_id:'6927cb7a28052', play_icon:'' }) ;\">[00:08:45]<\/a> Face \u00e0 l&#8217;ampleur, face \u00e0 l&#8217;importance de ces gr\u00e8ves, le gouvernement d\u00e9cide d&#8217;organiser une rencontre entre les syndicats patronaux (c&#8217;est-\u00e0-dire les syndicats des patrons, des directeurs d&#8217;entreprises) d&#8217;un c\u00f4t\u00e9 et de l&#8217;autre c\u00f4t\u00e9, les syndicats ouvriers dont le principal \u00e0 l&#8217;\u00e9poque qui s&#8217;appelle la CGT : la Conf\u00e9d\u00e9ration g\u00e9n\u00e9rale du travail. D&#8217;ailleurs, c&#8217;est toujours le principal syndicat aujourd&#8217;hui, la CGT. Donc les syndicats patronaux et les syndicats ouvriers se r\u00e9unissent \u00e0 l&#8217;h\u00f4tel de Matignon. L&#8217;H\u00f4tel de Matignon, il faut savoir que c&#8217;est l&#8217;endroit o\u00f9 le Premier ministre, autrement dit le chef du gouvernement, travaille. Il se situe dans le 7\u00e8me arrondissement de Paris. A la suite de cette rencontre, les syndicats patronaux et les syndicats ouvriers signent les accords de Matignon. Ces accords de Matignon vont beaucoup am\u00e9liorer les conditions de travail des ouvriers.<\/p>\n\n\n\n<p><a id=\"sonaar_ts-6927cb7a28056\" class=\"srmp3_sonaar_ts_shortcode\"  style=\"\" href=\"javascript:sonaar_ts_shortcode({ trackid:'0', time:'00:10:07', ts_id:'6927cb7a28056', play_icon:'' }) ;\">[00:10:07]<\/a> Le salaire des jeunes ouvriers est port\u00e9 de 80 centimes \u00e0 3 francs de l&#8217;heure. Les journ\u00e9es de gr\u00e8ve seront pay\u00e9es int\u00e9gralement. Et nous obtenons les contrats collectifs, les d\u00e9l\u00e9gu\u00e9s ouvriers, les 40 heures, et 15 jours de cong\u00e9s pay\u00e9s pour tout le monde.<\/p>\n\n\n\n<p>Source : &#8220;<a href=\"http:\/\/&quot;Front populaire : que s'est-il pass\u00e9 au printemps 1936 ?&quot; France Info\">Front populaire : que s&#8217;est-il pass\u00e9 au printemps 1936 ?<\/a>&#8221; France Info<\/p>\n\n\n\n<p><a id=\"sonaar_ts-6927cb7a2805b\" class=\"srmp3_sonaar_ts_shortcode\"  style=\"\" href=\"javascript:sonaar_ts_shortcode({ trackid:'0', time:'00:10:22', ts_id:'6927cb7a2805b', play_icon:'' }) ;\">[00:10:22]<\/a> Vous avez entendu dans cet extrait quelles conditions ont obtenues les syndicats ouvriers. D&#8217;abord une augmentation des salaires, donc \u00e7a c&#8217;\u00e9tait la priorit\u00e9 des ouvriers, mais aussi la semaine de travail de 40 heures. Autrement dit, la dur\u00e9e l\u00e9gale du travail est de 40 heures (ce qui fait que les ouvriers peuvent travailler un peu moins qu&#8217;ils ne le faisaient avant) et en &#8220;bonus&#8221;, on peut dire, ils obtiennent 15 jours de cong\u00e9s pay\u00e9s.<\/p>\n\n\n\n<p><a id=\"sonaar_ts-6927cb7a2805f\" class=\"srmp3_sonaar_ts_shortcode\"  style=\"\" href=\"javascript:sonaar_ts_shortcode({ trackid:'0', time:'00:10:56', ts_id:'6927cb7a2805f', play_icon:'' }) ;\">[00:10:56]<\/a> Ah oui, il faut savoir qu&#8217;en fran\u00e7ais on dit &#8220;15 jours&#8221; pour dire &#8220;deux semaines&#8221;. C&#8217;est pas tr\u00e8s logique parce que dans deux semaines, il y a 14 jours, mais dans la langue courante on dit &#8220;15 jours&#8221;. Il y a plusieurs th\u00e9ories pour expliquer \u00e7a. Il n&#8217;y en a aucune qui est vraiment v\u00e9rifi\u00e9e. Et \u00e0 mon avis, c&#8217;est pas tr\u00e8s int\u00e9ressant donc je vais pas entrer dans les d\u00e9tails. Mais sachez que quand vous voulez dire &#8220;deux semaines&#8221; en fran\u00e7ais, dans la langue courante, vous pouvez dire &#8220;15 jours&#8221;.<\/p>\n\n\n\n<p><a id=\"sonaar_ts-6927cb7a28064\" class=\"srmp3_sonaar_ts_shortcode\"  style=\"\" href=\"javascript:sonaar_ts_shortcode({ trackid:'0', time:'00:11:29', ts_id:'6927cb7a28064', play_icon:'' }) ;\">[00:11:29]<\/a> Ces meilleures conditions de travail, elles repr\u00e9sentent des avanc\u00e9es sociales sans pr\u00e9c\u00e9dent. On n&#8217;avait jamais vu de telles avanc\u00e9es auparavant. Donc c&#8217;est vraiment une victoire pour les syndicats et pour les ouvriers.<\/p>\n\n\n\n<p><a id=\"sonaar_ts-6927cb7a28069\" class=\"srmp3_sonaar_ts_shortcode\"  style=\"\" href=\"javascript:sonaar_ts_shortcode({ trackid:'0', time:'00:11:44', ts_id:'6927cb7a28069', play_icon:'' }) ;\">[00:11:44]<\/a> Alors cet \u00e9t\u00e9 1936, c&#8217;est le premier \u00e9t\u00e9 o\u00f9 les Fran\u00e7ais peuvent profiter des deux semaines de cong\u00e9s pay\u00e9s qu&#8217;ils ont obtenues. A votre avis, qu&#8217;est-ce qu&#8217;ils vont faire pendant ces vacances ? Comment ils vont utiliser leurs cong\u00e9s pay\u00e9s ? Pour voir \u00e7a, je vais vous passer l&#8217;extrait d&#8217;une \u00e9mission qui a \u00e9t\u00e9 diffus\u00e9e sur France 2 (je crois). D&#8217;ailleurs, si vous voulez regarder la vid\u00e9o compl\u00e8te avec les images, vous pourrez trouver le lien dans la description de l&#8217;\u00e9pisode, comme d&#8217;habitude.<\/p>\n\n\n\n<p><a id=\"sonaar_ts-6927cb7a2806d\" class=\"srmp3_sonaar_ts_shortcode\"  style=\"\" href=\"javascript:sonaar_ts_shortcode({ trackid:'0', time:'00:12:20', ts_id:'6927cb7a2806d', play_icon:'' }) ;\">[00:12:20]<\/a> \u00c9t\u00e9 36, les nouveaux vacanciers partent avec leur v\u00e9lo (le moyen de transport le plus r\u00e9pandu). Dans les gares, les bicyclettes s&#8217;entassent. Une image impressionnante qui ne doit pas faire illusion. 10 millions d&#8217;ouvriers b\u00e9n\u00e9ficient de deux semaines de cong\u00e9s pay\u00e9s. Combien sont-ils \u00e0 se rendre dans les gares, comme ici la gare de Lyon, pour partir en vacances ? A peine 600 000.<\/p>\n\n\n\n<p>Source : &#8220;<a href=\"http:\/\/www.youtube.com\/watch?v=dP7MGIiq6AY\">Le jour o\u00f9 les Fran\u00e7ais ont d\u00e9couvert les cong\u00e9s pay\u00e9s<\/a>&#8220;, France 2<\/p>\n\n\n\n<p><a id=\"sonaar_ts-6927cb7a28072\" class=\"srmp3_sonaar_ts_shortcode\"  style=\"\" href=\"javascript:sonaar_ts_shortcode({ trackid:'0', time:'00:12:44', ts_id:'6927cb7a28072', play_icon:'' }) ;\">[00:12:44]<\/a> Vous avez entendu dans cet extrait que les Fran\u00e7ais partent avec leur v\u00e9lo. \u00c0 l&#8217;\u00e9poque, le v\u00e9lo, c&#8217;est le moyen de transport le plus r\u00e9pandu. Ah oui &#8220;r\u00e9pandu&#8221;, \u00e7a veut dire &#8220;commun&#8221;, &#8220;populaire&#8221;. Par exemple &#8220;une opinion r\u00e9pandue&#8221;, c&#8217;est une opinion partag\u00e9e par beaucoup de personnes. Mais bon, vous imaginez qu&#8217;avec un v\u00e9lo, on ne peut pas partir en vacances tr\u00e8s loin. Donc certains Fran\u00e7ais prennent aussi le train. Et c&#8217;est assez amusant parce que, ils prennent le train avec leur v\u00e9lo.<\/p>\n\n\n\n<p><a id=\"sonaar_ts-6927cb7a28077\" class=\"srmp3_sonaar_ts_shortcode\"  style=\"\" href=\"javascript:sonaar_ts_shortcode({ trackid:'0', time:'00:13:22', ts_id:'6927cb7a28077', play_icon:'' }) ;\">[00:13:22]<\/a> Mais comme vous avez aussi entendu, tous les ouvriers ne peuvent pas partir en vacances. \u00c0 cette \u00e9poque, il y a 10 millions d&#8217;ouvriers mais \u00e0 peine 600 000 vont dans les gares pour prendre le train, pour partir en vacances, car la grande majorit\u00e9 des ouvriers n&#8217;a pas les moyens, ne peut pas se permettre, d&#8217;acheter un billet de train ou de prendre une chambre \u00e0 l&#8217;h\u00f4tel. Ah oui, \u00e7a, c&#8217;est deux expressions tr\u00e8s utiles : &#8220;avoir les moyens de&#8221; ou &#8220;se permettre quelque chose&#8221;. \u00c7a veut simplement dire &#8220;avoir assez d&#8217;argent pour acheter quelque chose&#8221;. Par exemple &#8220;avoir les moyens de partir en vacances&#8221;, \u00e7a veut dire &#8220;avoir assez d&#8217;argent pour partir en vacances&#8221;. Et &#8220;se permettre de partir en vacances&#8221;, l\u00e0 aussi \u00e7a signifie &#8220;avoir assez d&#8217;argent pour partir en vacances&#8221;. Deux expressions tr\u00e8s importantes que vous pouvez retenir.<\/p>\n\n\n\n<p><a id=\"sonaar_ts-6927cb7a2807c\" class=\"srmp3_sonaar_ts_shortcode\"  style=\"\" href=\"javascript:sonaar_ts_shortcode({ trackid:'0', time:'00:14:26', ts_id:'6927cb7a2807c', play_icon:'' }) ;\">[00:14:26]<\/a> C&#8217;est vrai que beaucoup d&#8217;ouvriers ne peuvent pas se permettre de partir en vacances parce que \u00e7a repr\u00e9sente \u00e0 cette \u00e9poque 1 \u00e0 2 mois de salaire. Pour pouvoir se payer des vacances, il faut \u00e9conomiser 1 \u00e0 2 mois de salaire. Si vous avez une famille, c&#8217;est quelque chose de vraiment tr\u00e8s difficile. Et puis les ouvriers qui partent en vacances, souvent, ils restent assez pr\u00e8s de chez eux. Ils partent \u00e0 environ 50 kilom\u00e8tres parce qu&#8217;ils n&#8217;ont pas les moyens d&#8217;aller plus loin.<\/p>\n\n\n\n<p><a id=\"sonaar_ts-6927cb7a28081\" class=\"srmp3_sonaar_ts_shortcode\"  style=\"\" href=\"javascript:sonaar_ts_shortcode({ trackid:'0', time:'00:15:04', ts_id:'6927cb7a28081', play_icon:'' }) ;\">[00:15:04]<\/a> 1936, deux semaines de cong\u00e9. En 1956, le gouvernement accorde 3 semaines aux salari\u00e9s. Nous sommes ici, au bord de l&#8217;ancienne route nationale 7. \u00c0 la fin des ann\u00e9es 50, 1 m\u00e9nage sur 3 poss\u00e8de une voiture. Des millions de v\u00e9hicules vont prendre cet itin\u00e9raire pour se rendre en vacances dans le sud. C&#8217;est le symbole des cong\u00e9s pay\u00e9s.<\/p>\n\n\n\n<p>Source : &#8220;Le jour o\u00f9 les Fran\u00e7ais ont d\u00e9couvert les cong\u00e9s pay\u00e9s&#8221;, France 2<\/p>\n\n\n\n<p><a id=\"sonaar_ts-6927cb7a28085\" class=\"srmp3_sonaar_ts_shortcode\"  style=\"\" href=\"javascript:sonaar_ts_shortcode({ trackid:'0', time:'00:15:28', ts_id:'6927cb7a28085', play_icon:'' }) ;\">[00:15:28]<\/a> Voil\u00e0, vous avez entendu que 20 ans plus tard, les Fran\u00e7ais obtiennent leur 3\u00e8me semaine de cong\u00e9s pay\u00e9s, en 1956. Et \u00e0 cette \u00e9poque, 1 m\u00e9nage sur 3, c&#8217;est-\u00e0-dire une famille sur trois, poss\u00e8de une voiture. Le terme &#8220;m\u00e9nage&#8221;, on l&#8217;utilise plut\u00f4t en \u00e9conomie et en statistiques pour d\u00e9signer une famille qui vit dans la m\u00eame maison. Il y a plusieurs mots pour dire \u00e7a, on peut dire &#8220;un m\u00e9nage&#8221; mais aussi &#8220;un foyer&#8221;. Cela veut tout simplement dire &#8220;les personnes qui vivent ensemble dans la m\u00eame maison&#8221;. \u00c0 cette \u00e9poque donc, comme 1\/3 des Fran\u00e7ais poss\u00e8dent une voiture, il y a des millions de v\u00e9hicules, des millions de voitures, qui prennent la nationale 7, c&#8217;est \u00e0 dire une grande route pour se rendre dans le sud.<\/p>\n\n\n\n<p><a id=\"sonaar_ts-6927cb7a2808a\" class=\"srmp3_sonaar_ts_shortcode\"  style=\"\" href=\"javascript:sonaar_ts_shortcode({ trackid:'0', time:'00:16:25', ts_id:'6927cb7a2808a', play_icon:'' }) ;\">[00:16:25]<\/a> \u00c0 cette \u00e9poque, on est en plein dans les Trente glorieuses. Si vous avez \u00e9cout\u00e9 l&#8217;\u00e9pisode sur la deuxi\u00e8me r\u00e9volution fran\u00e7aise, sur Mai 68, vous savez que les Trente glorieuses, c&#8217;est une p\u00e9riode pendant laquelle l&#8217;\u00e9conomie fran\u00e7aise s&#8217;est d\u00e9velopp\u00e9e tr\u00e8s rapidement. Et donc pendant ces Trente glorieuses, les Fran\u00e7ais ont assez d&#8217;argent pour profiter pleinement de leurs vacances, de leurs cong\u00e9s pay\u00e9s.<\/p>\n\n\n\n<p><a id=\"sonaar_ts-6927cb7a2808e\" class=\"srmp3_sonaar_ts_shortcode\"  style=\"\" href=\"javascript:sonaar_ts_shortcode({ trackid:'0', time:'00:16:53', ts_id:'6927cb7a2808e', play_icon:'' }) ;\">[00:16:53]<\/a> Ensuite, un peu plus tard, en 1969, ils obtiennent leur 4\u00e8me semaine de cong\u00e9s pay\u00e9s et une 5\u00e8me en 1982. J&#8217;imagine que pour nos amis am\u00e9ricains, \u00e7a doit sembler \u00eatre beaucoup d&#8217;avoir 5 semaines de cong\u00e9s pay\u00e9s. En r\u00e9alit\u00e9, \u00e7a correspond \u00e0 25 jours. Mais si vous ajoutez, le weekend, \u00e7a fait bien 5 semaines. Mais la France n&#8217;est pas le pays o\u00f9 il y a le plus de cong\u00e9s pay\u00e9s. Ce pays o\u00f9 il y a le plus de cong\u00e9s pay\u00e9s, c&#8217;est la Finlande. Il y a aussi l&#8217;Autriche et la Gr\u00e8ce o\u00f9 les travailleurs ont plus de vacances qu&#8217;en France. Mais je dois dire que 5 semaines, c&#8217;est quand m\u00eame pas mal, et que les Fran\u00e7ais ont de la chance qu&#8217;ils en profitent bien !<\/p>\n\n\n\n<p><a id=\"sonaar_ts-6927cb7a2809d\" class=\"srmp3_sonaar_ts_shortcode\"  style=\"\" href=\"javascript:sonaar_ts_shortcode({ trackid:'0', time:'00:17:45', ts_id:'6927cb7a2809d', play_icon:'' }) ;\">[00:17:45]<\/a> Bon ok maintenant, on va passer \u00e0 la deuxi\u00e8me partie de ce podcast et on va voir o\u00f9 les Fran\u00e7ais aiment partir en vacances, quelles sont les destinations pr\u00e9f\u00e9r\u00e9es des Fran\u00e7ais pour les vacances.<\/p>\n\n\n\n<p><a id=\"sonaar_ts-6927cb7a280a3\" class=\"srmp3_sonaar_ts_shortcode\"  style=\"\" href=\"javascript:sonaar_ts_shortcode({ trackid:'0', time:'00:18:04', ts_id:'6927cb7a280a3', play_icon:'' }) ;\">[00:18:04]<\/a> D&#8217;abord, il faut savoir que le pays o\u00f9 les Fran\u00e7ais pr\u00e9f\u00e8rent passer leurs vacances, c&#8217;est \u00e9videmment la France ! Bon \u00e7a, ce n&#8217;est pas une surprise et c&#8217;est peut-\u00eatre pas le plus int\u00e9ressant. Ce qui est int\u00e9ressant, c&#8217;est de savoir o\u00f9 en France les Fran\u00e7ais partent en vacances. Et en fait, on peut dire qu&#8217;il y a deux camps, il y a deux camps de vacanciers. D&#8217;un c\u00f4t\u00e9, ceux qui aiment partir dans le sud vers la M\u00e9diterran\u00e9e. Et de l&#8217;autre, il y a ceux qui pr\u00e9f\u00e8rent l&#8217;Atlantique, ceux qui pr\u00e9f\u00e8rent l&#8217;oc\u00e9an Atlantique \u00e0 l&#8217;ouest et dans le Sud-Ouest de la France.<\/p>\n\n\n\n<p><a id=\"sonaar_ts-6927cb7a280a7\" class=\"srmp3_sonaar_ts_shortcode\"  style=\"\" href=\"javascript:sonaar_ts_shortcode({ trackid:'0', time:'00:18:49', ts_id:'6927cb7a280a7', play_icon:'' }) ;\">[00:18:49]<\/a> D&#8217;abord, le camp des M\u00e9diterran\u00e9ens, des personnes qui aiment passer leurs vacances au bord de la mer M\u00e9diterran\u00e9e. Au bord de la mer M\u00e9diterran\u00e9e, il y a la C\u00f4te d&#8217;Azur avec par exemple Saint-Tropez, Nice et Cannes, mais aussi des grandes villes comme Marseille et Montpellier. Donc l\u00e0 c&#8217;est deux types d&#8217;ambiance assez diff\u00e9rentes.<\/p>\n\n\n\n<p><a id=\"sonaar_ts-6927cb7a280ac\" class=\"srmp3_sonaar_ts_shortcode\"  style=\"\" href=\"javascript:sonaar_ts_shortcode({ trackid:'0', time:'00:19:16', ts_id:'6927cb7a280ac', play_icon:'' }) ;\">[00:19:16]<\/a> Sur la C\u00f4te d&#8217;Azur, c&#8217;est une ambiance plut\u00f4t bling bling. &#8220;Bling bling&#8221;, c&#8217;est l&#8217;adjectif qu&#8217;on utilise depuis quelques ann\u00e9es pour dire qu&#8217;une personne aime montrer qu&#8217;elle a de l&#8217;argent. Par exemple, elle aime conduire une Lamborghini et avoir des montres Rolex pour montrer \u00e0 tout le monde qu&#8217;elle a beaucoup d&#8217;argent. Donc quand une personne a ce genre d&#8217;attitude, on dit qu&#8217;elle est &#8220;bling bling&#8221;. Et \u00e7a, c&#8217;est vraiment le cas quand vous allez sur la C\u00f4te d&#8217;Azur. Vous pouvez rencontrer beaucoup de personnes comme \u00e7a, qui ont de tr\u00e8s belles voitures, parfois \u00e9galement des yachts, et qui n&#8217;ont pas de probl\u00e8me pour montrer \u00e0 tout le monde qu&#8217;elles gagnent beaucoup beaucoup d&#8217;argent.<\/p>\n\n\n\n<p><a id=\"sonaar_ts-6927cb7a280b1\" class=\"srmp3_sonaar_ts_shortcode\"  style=\"\" href=\"javascript:sonaar_ts_shortcode({ trackid:'0', time:'00:20:08', ts_id:'6927cb7a280b1', play_icon:'' }) ;\">[00:20:08]<\/a> D&#8217;un autre c\u00f4t\u00e9, Marseille et Montpellier, ce sont des villes un peu plus populaires, on peut dire, un peu moins bling bling. D&#8217;ailleurs, Marseille a m\u00eame la r\u00e9putation d&#8217;\u00eatre assez dangereuse. C&#8217;est vrai qu&#8217;il y a certains quartiers qui ne sont pas tr\u00e8s s\u00fbrs, mais c&#8217;est une ville tr\u00e8s int\u00e9ressante et qui est de plus en plus populaire pour beaucoup de Fran\u00e7ais et m\u00eame pour les Parisiens qui pourtant au football sont les grands rivaux de Marseille. Il y a une rivalit\u00e9 entre le club du PSG et le club de l&#8217;Olympique de Marseille (l&#8217;OM). Bref, \u00e7a c&#8217;est un d\u00e9tail parce que, en g\u00e9n\u00e9ral, les Fran\u00e7ais qui partent en vacances au bord de la mer M\u00e9diterran\u00e9e, ils vont plut\u00f4t vers la C\u00f4te d&#8217;Azur.<\/p>\n\n\n\n<p><a id=\"sonaar_ts-6927cb7a280c5\" class=\"srmp3_sonaar_ts_shortcode\"  style=\"\" href=\"javascript:sonaar_ts_shortcode({ trackid:'0', time:'00:20:58', ts_id:'6927cb7a280c5', play_icon:'' }) ;\">[00:20:58]<\/a> Historiquement, c&#8217;est la r\u00e9gion qui est la plus populaire en France pour les vacances. Quand on pense \u00e0 cette r\u00e9gion, on pense aux cigales (ces insectes que vous pouvez entendre maintenant) mais aussi \u00e0 ces arbres typiques qu&#8217;on trouve dans le sud, les pins, au vent tr\u00e8s connu qui s&#8217;appelle &#8220;le mistral&#8221; et qui souffle assez fort parfois, le vent du mistral. Mais aussi \u00e0 l&#8217;accent chantant des habitants de cette r\u00e9gion. Les habitants du sud de la France ont un accent assez marqu\u00e9 assez distinct. Et comme on trouve cet accent plut\u00f4t joli, on dit que c&#8217;est un accent &#8220;chantant&#8221;, un accent qui chante.<\/p>\n\n\n\n<p><a id=\"sonaar_ts-6927cb7a280ce\" class=\"srmp3_sonaar_ts_shortcode\"  style=\"\" href=\"javascript:sonaar_ts_shortcode({ trackid:'0', time:'00:21:46', ts_id:'6927cb7a280ce', play_icon:'' }) ;\">[00:21:46]<\/a> Qu&#8217;est-ce que c&#8217;est qui vous g\u00eane ? Non, dites-le. Vous voulez pas le dire ? Je vais vous le dire, moi, ce qui vous g\u00eane depuis que j&#8217;ai commenc\u00e9. C&#8217;est l&#8217;accent ! Et qu&#8217;est-ce que vous voulez que je fasse ? Que je perde mon accent ?<br>Source : &#8220;<a href=\"http:\/\/www.youtube.com\/watch?v=gYTNBUpuTc8\">L&#8217;accent marseillais<\/a>&#8220;, Patrick Bosso<\/p>\n\n\n\n<p><a id=\"sonaar_ts-6927cb7a280d3\" class=\"srmp3_sonaar_ts_shortcode\"  style=\"\" href=\"javascript:sonaar_ts_shortcode({ trackid:'0', time:'00:22:04', ts_id:'6927cb7a280d3', play_icon:'' }) ;\">[00:22:04]<\/a> Et puis surtout il y a la mer, et la mer M\u00e9diterran\u00e9e, bien \u00e9videmment est plus chaude que l&#8217;oc\u00e9an Atlantique. Donc c&#8217;est plus agr\u00e9able pour se baigner. Mais malheureusement, depuis une dizaine ou une vingtaine d&#8217;ann\u00e9es, la C\u00f4te d&#8217;Azur est victime de sa popularit\u00e9. Beaucoup d&#8217;immeubles en b\u00e9ton ont \u00e9t\u00e9 construits au bord de la plage, des stations baln\u00e9aires, des bo\u00eetes de nuit et finalement plein d&#8217;attractions pour les touristes. A c\u00f4t\u00e9 de \u00e7a, les plages ne sont pas tr\u00e8s grandes sur la C\u00f4te d&#8217;Azur. Donc avec le monde qu&#8217;il y a, c&#8217;est parfois tr\u00e8s difficile de trouver une place. Il y a ce clich\u00e9 que quand vous \u00eates sur une plage sur la C\u00f4te d&#8217;Azur, votre voisin est quasiment sur votre serviette. C&#8217;est comme si tout le monde \u00e9tait assis ensemble. Il n&#8217;y a pas vraiment de place et \u00e7a peut \u00eatre un peu oppressant parfois. C&#8217;est difficile de se reposer parce que vous entendez les enfants qui crient et tous les gens qui sont autour de vous.<\/p>\n\n\n\n<p><a id=\"sonaar_ts-6927cb7a280d8\" class=\"srmp3_sonaar_ts_shortcode\"  style=\"\" href=\"javascript:sonaar_ts_shortcode({ trackid:'0', time:'00:23:12', ts_id:'6927cb7a280d8', play_icon:'' }) ;\">[00:23:12]<\/a> R\u00e9sultat : maintenant beaucoup de touristes fran\u00e7ais commencent \u00e0 pr\u00e9f\u00e9rer la c\u00f4te atlantique. Et sur la C\u00f4te d&#8217;Azur, dans le sud, au bord de la M\u00e9diterran\u00e9e, on trouve plut\u00f4t des touristes \u00e9trangers, principalement des Russes, des Anglais et aussi quelques Am\u00e9ricains.<\/p>\n\n\n\n<p><a id=\"sonaar_ts-6927cb7a280dd\" class=\"srmp3_sonaar_ts_shortcode\"  style=\"\" href=\"javascript:sonaar_ts_shortcode({ trackid:'0', time:'00:23:31', ts_id:'6927cb7a280dd', play_icon:'' }) ;\">[00:23:31]<\/a> Donc vous avez compris que maintenant, ce qui est plut\u00f4t \u00e0 la mode, c&#8217;est la c\u00f4te atlantique. Sur la c\u00f4te atlantique, il y a \u00e9videmment la Bretagne, qui est une des r\u00e9gions les plus populaires maintenant pour les vacances des Fran\u00e7ais, mais aussi Bordeaux, une ville tr\u00e8s belle que les Fran\u00e7ais adorent et qui est depuis deux ans reli\u00e9e \u00e0 Paris par le TGV, c&#8217;est-\u00e0-dire le train \u00e0 grande vitesse. Vous pouvez aller de Paris \u00e0 Bordeaux en TGV en seulement deux heures. Entre la Bretagne et Bordeaux, il y a aussi la Rochelle, Biarritz et des petites \u00eeles tr\u00e8s jolies comme par exemple l&#8217;\u00eele de R\u00e9 et l&#8217;\u00eele d&#8217;Aix.<\/p>\n\n\n\n<p><a id=\"sonaar_ts-6927cb7a280e1\" class=\"srmp3_sonaar_ts_shortcode\"  style=\"\" href=\"javascript:sonaar_ts_shortcode({ trackid:'0', time:'00:24:17', ts_id:'6927cb7a280e1', play_icon:'' }) ;\">[00:24:17]<\/a> Ce sont des destinations qui ne sont pas encore aussi populaires que celles de la M\u00e9diterran\u00e9e. Et l&#8217;avantage, c&#8217;est que les plages sont beaucoup plus grandes, plus sauvages et plus naturelles. Les \u00e9lus locaux, c&#8217;est-\u00e0-dire les politiciens, les responsables politiques qui travaillent dans ces r\u00e9gions, ont d\u00e9cid\u00e9 de ne pas faire la m\u00eame erreur que sur la C\u00f4te d&#8217;Azur et d&#8217;essayer de conserver le naturel de cette r\u00e9gion.<\/p>\n\n\n\n<p><a id=\"sonaar_ts-6927cb7a280eb\" class=\"srmp3_sonaar_ts_shortcode\"  style=\"\" href=\"javascript:sonaar_ts_shortcode({ trackid:'0', time:'00:24:48', ts_id:'6927cb7a280eb', play_icon:'' }) ;\">[00:24:48]<\/a> Mais l&#8217;inconv\u00e9nient principal, c&#8217;est que contrairement \u00e0 la M\u00e9diterran\u00e9e, il y a la mar\u00e9e, c&#8217;est \u00e0 dire que la mer monte et descend. \u00c0 mar\u00e9e haute, la mer est haute et on peut se baigner. Au contraire, \u00e0 mar\u00e9e basse, la mer s&#8217;est retir\u00e9e et il faut marcher tr\u00e8s longtemps pour retrouver la mer et pour pouvoir se baigner. Donc il faut vraiment faire attention \u00e0 l&#8217;heure \u00e0 laquelle on va \u00e0 la plage car sur la c\u00f4te atlantique, ce n&#8217;est pas toujours possible de se baigner. Il y a aussi beaucoup de vagues, ce qui en fait la destination pr\u00e9f\u00e9r\u00e9e pour les surfeurs en France, notamment \u00e0 Biarritz qui est vraiment la ville o\u00f9 il faut aller si vous aimez faire du surf.<\/p>\n\n\n\n<p><a id=\"sonaar_ts-6927cb7a280ef\" class=\"srmp3_sonaar_ts_shortcode\"  style=\"\" href=\"javascript:sonaar_ts_shortcode({ trackid:'0', time:'00:25:41', ts_id:'6927cb7a280ef', play_icon:'' }) ;\">[00:25:41]<\/a> On peut dire que le profil des touristes qui vont l\u00e0 bas est un peu plus chic et en g\u00e9n\u00e9ral, il y a moins de touristes \u00e9trangers. Ce sont surtout des Fran\u00e7ais et beaucoup de Parisiens qui vont passer leurs vacances sur la c\u00f4te atlantique. Ce qui est int\u00e9ressant aussi, c&#8217;est qu&#8217;en France, il y a beaucoup de campings. Les Fran\u00e7ais adorent faire du camping et d&#8217;ailleurs, les campings fran\u00e7ais repr\u00e9sentent un tiers de la capacit\u00e9 europ\u00e9enne. Si vous prenez tous les pays de l&#8217;Union europ\u00e9enne et leurs campings, les campings fran\u00e7ais en repr\u00e9sentent un tiers. Par contre, pour les h\u00f4tels, la France est seulement quatri\u00e8me en termes de capacit\u00e9 d&#8217;accueil en Europe. C&#8217;est l&#8217;Allemagne qui a la plus grande capacit\u00e9 d&#8217;accueil, le plus grand nombre d&#8217;h\u00f4tels en Europe.<\/p>\n\n\n\n<p><a id=\"sonaar_ts-6927cb7a280f4\" class=\"srmp3_sonaar_ts_shortcode\"  style=\"\" href=\"javascript:sonaar_ts_shortcode({ trackid:'0', time:'00:26:32', ts_id:'6927cb7a280f4', play_icon:'' }) ;\">[00:26:32]<\/a> Il faut savoir que le tourisme est un secteur tr\u00e8s important pour la France. Il repr\u00e9sente environ 8% du PIB (du Produit Int\u00e9rieur Brut) ou tout simplement de l&#8217;\u00e9conomie de la France. Le secteur touristique repr\u00e9sente 8% de l&#8217;\u00e9conomie de la France. C&#8217;est vraiment \u00e9norme. Et la bonne nouvelle, c&#8217;est que la France est le pays, dans le monde, qui attire le plus de touristes \u00e9trangers. En 2017, par exemple, il y avait entre 88 et 89 millions de touristes \u00e9trangers qui sont venus en France. Et \u00e7a, malgr\u00e9 les attentats qui avaient d\u00e9courag\u00e9 beaucoup de touristes. Et aussi malgr\u00e9 les gr\u00e8ves \u00e0 r\u00e9p\u00e9tition, les gr\u00e8ves de trains et les gr\u00e8ves d&#8217;avions. Malgr\u00e9 tout \u00e7a, les touristes \u00e9trangers aiment toujours venir passer leurs vacances en France.<\/p>\n\n\n\n<p><a id=\"sonaar_ts-6927cb7a280f9\" class=\"srmp3_sonaar_ts_shortcode\"  style=\"\" href=\"javascript:sonaar_ts_shortcode({ trackid:'0', time:'00:27:32', ts_id:'6927cb7a280f9', play_icon:'' }) ;\">[00:27:32]<\/a> Et \u00e0 votre avis, quelles sont les destinations pr\u00e9f\u00e9r\u00e9es des Fran\u00e7ais \u00e0 l&#8217;\u00e9tranger ? D&#8217;abord, il y a le sud de l&#8217;Europe : l&#8217;Espagne et le Portugal. Ce sont les deux pays o\u00f9 les Fran\u00e7ais aiment le plus passer leurs vacances en dehors de la France, surtout le Portugal qui est de plus en plus \u00e0 la mode depuis quelques ann\u00e9es. Et il y a aussi la Gr\u00e8ce qui attire chaque ann\u00e9e beaucoup de touristes fran\u00e7ais. Si on s&#8217;int\u00e9resse aux destinations plus lointaines, on trouve les Etats-Unis, l&#8217;Australie, Cuba, la Tha\u00eflande et aussi (\u00e7a, \u00e7a va peut-\u00eatre vous surprendre) l&#8217;Iran. Depuis quelques ann\u00e9es, l\u00e0 aussi, l&#8217;Iran est tr\u00e8s \u00e0 la mode. Il y a beaucoup de Fran\u00e7ais, surtout des jeunes, qui vont visiter l&#8217;Iran, qui partent en vacances en Iran. Et apparemment, les Iraniens sont tr\u00e8s hospitaliers, ils sont tr\u00e8s accueillants. Donc cette r\u00e9putation encourage, motive, de plus en plus de Fran\u00e7ais \u00e0 visiter ce pays.<\/p>\n\n\n\n<p><a id=\"sonaar_ts-6927cb7a28102\" class=\"srmp3_sonaar_ts_shortcode\"  style=\"\" href=\"javascript:sonaar_ts_shortcode({ trackid:'0', time:'00:28:43', ts_id:'6927cb7a28102', play_icon:'' }) ;\">[00:28:43]<\/a> Malheureusement, il ne faut pas oublier non plus que tous les Fran\u00e7ais n&#8217;ont pas la chance de partir en vacances. Il y a environ un tiers des Fran\u00e7ais, un peu plus de 20 millions, qui ne peuvent pas partir en vacances. On n&#8217;est plus en 1936 mais les vacances co\u00fbtent toujours cher, surtout si on a une famille nombreuse. Donc il y a des Fran\u00e7ais qui n&#8217;ont pas les moyens de partir en vacances.<\/p>\n\n\n\n<p><a id=\"sonaar_ts-6927cb7a28107\" class=\"srmp3_sonaar_ts_shortcode\"  style=\"\" href=\"javascript:sonaar_ts_shortcode({ trackid:'0', time:'00:29:20', ts_id:'6927cb7a28107', play_icon:'' }) ;\">[00:29:20]<\/a> Voil\u00e0, c&#8217;est la fin de ce podcast. J&#8217;esp\u00e8re que \u00e7a vous a donn\u00e9 envie de passer vos vacances en France. Et si vous y allez, moi je vous conseille vraiment de visiter la c\u00f4te atlantique. Allez par exemple \u00e0 Bordeaux, \u00e0 la Rochelle ou en Bretagne et je vous garantis que vous passerez de supers vacances. Bon, la m\u00e9t\u00e9o n&#8217;est pas toujours parfaite mais ces derni\u00e8res ann\u00e9es, en g\u00e9n\u00e9ral, c&#8217;\u00e9tait pas mal. Donc normalement, vous ne prendrez pas trop de risques.<\/p>\n\n\n\n<p><a id=\"sonaar_ts-6927cb7a2810c\" class=\"srmp3_sonaar_ts_shortcode\"  style=\"\" href=\"javascript:sonaar_ts_shortcode({ trackid:'0', time:'00:29:53', ts_id:'6927cb7a2810c', play_icon:'' }) ;\">[00:29:53]<\/a> Justement, moi aussi, je vais prendre quelques vacances. Donc j&#8217;en profite pour vous dire qu&#8217;il n&#8217;y aura pas de podcasts au mois de juillet. On se retrouvera au mois d&#8217;ao\u00fbt. Je me serai bien repos\u00e9 et j&#8217;esp\u00e8re que je pourrai vous proposer plein de nouveaux sujets int\u00e9ressants et que vous aurez envie de continuer \u00e0 apprendre le fran\u00e7ais avec moi. Donc voil\u00e0, je vous souhaite d&#8217;excellentes vacances et on se retrouve au mois d&#8217;ao\u00fbt.<br>Bonnes vacances, salut !<\/p>\n","protected":false},"excerpt":{"rendered":"<p>Salut \u00e0 tous et bienvenue pour ce 46\u00e8me \u00e9pisode du podcast. Comme d&#8217;habitude, je suis tr\u00e8s content de vous retrouver. On va passer une trentaine de minutes ensemble. J&#8217;esp\u00e8re que gr\u00e2ce \u00e0 ce podcast, vous allez am\u00e9liorer un petit peu votre compr\u00e9hension du fran\u00e7ais. Si c&#8217;est la premi\u00e8re fois que vous \u00e9coutez mon podcast, sachez&#8230;<\/p>\n","protected":false},"author":1,"featured_media":199283,"comment_status":"open","ping_status":"open","sticky":false,"template":"","format":[189],"meta":{"_acf_changed":false,"_kad_blocks_custom_css":"","_kad_blocks_head_custom_js":"","_kad_blocks_body_custom_js":"","_kad_blocks_footer_custom_js":"","_kad_post_transparent":"","_kad_post_title":"","_kad_post_layout":"","_kad_post_sidebar_id":"","_kad_post_content_style":"","_kad_post_vertical_padding":"","_kad_post_feature":"","_kad_post_feature_position":"","_kad_post_header":false,"_kad_post_footer":false,"_kad_post_classname":"","footnotes":""},"categories":[168],"tags":[175,172,187],"class_list":["post-952","post","type-post","status-publish","format-standard","has-post-thumbnail","hentry","category-podcast","tag-france","tag-societe","tag-voyage","format-solo-hugo"],"acf":[],"taxonomy_info":{"category":[{"value":168,"label":"Podcast"}],"post_tag":[{"value":175,"label":"France"},{"value":172,"label":"Soci\u00e9t\u00e9"},{"value":187,"label":"Voyage"}],"format":[{"value":189,"label":"Solo Hugo"}]},"featured_image_src_large":["https:\/\/innerfrench.com\/wp-content\/uploads\/2018\/06\/vacanes-e1718020164725-750x406.jpg",750,406,true],"author_info":{"display_name":"Hugo","author_link":"https:\/\/innerfrench.com\/author\/innerfrench-2-2-2-2-2-2-2-2-2-2-2-2-2-2-2-2-2-2-2\/"},"comment_info":6,"category_info":[{"term_id":168,"name":"Podcast","slug":"podcast","term_group":0,"term_taxonomy_id":168,"taxonomy":"category","description":"","parent":0,"count":185,"filter":"raw","cat_ID":168,"category_count":185,"category_description":"","cat_name":"Podcast","category_nicename":"podcast","category_parent":0}],"tag_info":[{"term_id":175,"name":"France","slug":"france","term_group":0,"term_taxonomy_id":175,"taxonomy":"post_tag","description":"","parent":0,"count":100,"filter":"raw"},{"term_id":172,"name":"Soci\u00e9t\u00e9","slug":"societe","term_group":0,"term_taxonomy_id":172,"taxonomy":"post_tag","description":"","parent":0,"count":94,"filter":"raw"},{"term_id":187,"name":"Voyage","slug":"voyage","term_group":0,"term_taxonomy_id":187,"taxonomy":"post_tag","description":"","parent":0,"count":6,"filter":"raw"}],"_links":{"self":[{"href":"https:\/\/innerfrench.com\/wp-json\/wp\/v2\/posts\/952","targetHints":{"allow":["GET"]}}],"collection":[{"href":"https:\/\/innerfrench.com\/wp-json\/wp\/v2\/posts"}],"about":[{"href":"https:\/\/innerfrench.com\/wp-json\/wp\/v2\/types\/post"}],"author":[{"embeddable":true,"href":"https:\/\/innerfrench.com\/wp-json\/wp\/v2\/users\/1"}],"replies":[{"embeddable":true,"href":"https:\/\/innerfrench.com\/wp-json\/wp\/v2\/comments?post=952"}],"version-history":[{"count":1,"href":"https:\/\/innerfrench.com\/wp-json\/wp\/v2\/posts\/952\/revisions"}],"predecessor-version":[{"id":294278,"href":"https:\/\/innerfrench.com\/wp-json\/wp\/v2\/posts\/952\/revisions\/294278"}],"wp:featuredmedia":[{"embeddable":true,"href":"https:\/\/innerfrench.com\/wp-json\/wp\/v2\/media\/199283"}],"wp:attachment":[{"href":"https:\/\/innerfrench.com\/wp-json\/wp\/v2\/media?parent=952"}],"wp:term":[{"taxonomy":"category","embeddable":true,"href":"https:\/\/innerfrench.com\/wp-json\/wp\/v2\/categories?post=952"},{"taxonomy":"post_tag","embeddable":true,"href":"https:\/\/innerfrench.com\/wp-json\/wp\/v2\/tags?post=952"},{"taxonomy":"format","embeddable":true,"href":"https:\/\/innerfrench.com\/wp-json\/wp\/v2\/format?post=952"}],"curies":[{"name":"wp","href":"https:\/\/api.w.org\/{rel}","templated":true}]}}