{"id":9603,"date":"2021-05-05T17:54:39","date_gmt":"2021-05-05T15:54:39","guid":{"rendered":"https:\/\/innerfrench.com\/?p=9603"},"modified":"2025-09-29T14:38:24","modified_gmt":"2025-09-29T12:38:24","slug":"93-napoleon-fascine-francais","status":"publish","type":"post","link":"https:\/\/innerfrench.com\/93-napoleon-fascine-francais\/","title":{"rendered":"#93 Pourquoi Napol\u00e9on fascine-t-il tellement les Fran\u00e7ais ?"},"content":{"rendered":"\n<p>Salut \u00e0 toutes et \u00e0 tous, bienvenue ! J\u2019esp\u00e8re que vous \u00eates en forme. Moi, \u00e7a va m\u00eame si aujourd\u2019hui, c\u2019est une journ\u00e9e assez charg\u00e9e parce qu\u2019avec ma copine, on est en plein d\u00e9m\u00e9nagement mais pas pour rentrer \u00e0 Varsovie, pas tout de suite. On a encore quelques mois \u00e0 passer \u00e0 Cracovie. C\u2019est juste qu\u2019on doit rendre l\u2019appartement qu\u2019on loue. Ses propri\u00e9taires veulent le r\u00e9cup\u00e9rer, le reprendre. Heureusement, Anna nous en a trouv\u00e9 un autre dans un quartier tr\u00e8s joli. Merci Anna, tu nous as sauv\u00e9 la vie parce que trouver un appartement \u00e0 louer pour quelques mois avec deux chattes en pleine pand\u00e9mie, c\u2019\u00e9tait pas simple !<\/p>\n\n\n\n<p><a id=\"sonaar_ts-6927d0e5c323a\" class=\"srmp3_sonaar_ts_shortcode\"  style=\"\" href=\"javascript:sonaar_ts_shortcode({ trackid:'0', time:'00:01:02', ts_id:'6927d0e5c323a', play_icon:'' }) ;\">[00:01:02]<\/a> Bref, aujourd\u2019hui, on est dans les cartons. \u00ab\u00catre dans les cartons\u00bb, c\u2019est une expression pour dire qu\u2019on pr\u00e9pare ses affaires pour d\u00e9m\u00e9nager, qu\u2019on les met dans des cartons, dans des bo\u00eetes. On est dans les cartons mais j\u2019ai bloqu\u00e9 une heure pour enregistrer cet \u00e9pisode parce que je veux absolument qu\u2019il sorte mercredi, le 5 mai. Pourquoi le 5 mai ? Vu le titre de l\u2019\u00e9pisode, vous vous doutez que que cette date a un rapport avec Napol\u00e9on. Et si vous suivez l\u2019actualit\u00e9 fran\u00e7aise, vous en avez s\u00fbrement entendu parler. Le 5 mai, c\u2019est l\u2019anniversaire de la mort de Napol\u00e9on. Et cette ann\u00e9e, c\u2019est un anniversaire particulier, c\u2019est le bicentenaire. \u00c7a signifie le deux centi\u00e8me anniversaire. \u00c7a fait deux si\u00e8cles, deux cents ans que Napol\u00e9on est mort. Le probl\u00e8me, c\u2019est qu\u2019on ne sait pas s\u2019il faut c\u00e9l\u00e9brer cet anniversaire ou non. Les Fran\u00e7ais sont tr\u00e8s divis\u00e9s sur cette question.<\/p>\n\n\n\n<p><a id=\"sonaar_ts-6927d0e5c324a\" class=\"srmp3_sonaar_ts_shortcode\"  style=\"\" href=\"javascript:sonaar_ts_shortcode({ trackid:'0', time:'00:02:08', ts_id:'6927d0e5c324a', play_icon:'' }) ;\">[00:02:08]<\/a> C\u2019est pas tr\u00e8s surprenant. Vous savez que nous, les Fran\u00e7ais, on passe notre temps \u00e0 d\u00e9battre. Mais quand m\u00eame, quand on s\u2019int\u00e9resse \u00e0 l\u2019histoire de notre pays, il y a peu de personnages qui nous divisent autant que Napol\u00e9on. Certains le consid\u00e8rent comme un h\u00e9ros qui a r\u00e9ussi \u00e0 conqu\u00e9rir toute l\u2019Europe et \u00e0 faire entrer la France dans la modernit\u00e9. Alors que d\u2019autres le voient comme un despote, un tyran sanguinaire dont les guerres ont fait des millions de victimes et qui a eu la tr\u00e8s mauvaise id\u00e9e de r\u00e9tablir l\u2019esclavage.<\/p>\n\n\n\n<p><a id=\"sonaar_ts-6927d0e5c3251\" class=\"srmp3_sonaar_ts_shortcode\"  style=\"\" href=\"javascript:sonaar_ts_shortcode({ trackid:'0', time:'00:02:45', ts_id:'6927d0e5c3251', play_icon:'' }) ;\">[00:02:45]<\/a> J\u2019imagine que dans vos cours d\u2019histoire \u00e0 l\u2019\u00e9cole, vous avez s\u00fbrement entendu parler de lui. D\u2019ailleurs, m\u00eame \u00e0 l\u2019\u00e9tranger, Napol\u00e9on est un personnage qui fascine. Par exemple, en 2014, un homme d\u2019affaires sud cor\u00e9en a achet\u00e9 un chapeau de Napol\u00e9on pour 1,9 millions d\u2019euros ! Il a dit qu\u2019\u00e0 ses yeux, Napol\u00e9on repr\u00e9sente un pionnier qui lui rappelle l\u2019histoire de son propre pays, la Cor\u00e9e. Et il n\u2019est pas le seul, il y a beaucoup de collectionneurs \u00e9trangers qui vouent un v\u00e9ritable culte \u00e0 Napol\u00e9on. Mais \u00e0 c\u00f4t\u00e9, il a aussi \u00e9norm\u00e9ment de d\u00e9tracteurs.<\/p>\n\n\n\n<p><a id=\"sonaar_ts-6927d0e5c3256\" class=\"srmp3_sonaar_ts_shortcode\"  style=\"\" href=\"javascript:sonaar_ts_shortcode({ trackid:'0', time:'00:03:28', ts_id:'6927d0e5c3256', play_icon:'' }) ;\">[00:03:28]<\/a> \u00c7a explique pourquoi il n\u2019est pas toujours simple de parler de Napol\u00e9on. C\u2019est un personnage qui polarise les opinions. Mais peut-\u00eatre que vous, vous n\u2019en avez rien \u00e0 faire de Napol\u00e9on, que ce n\u2019est pas quelqu\u2019un qui vous int\u00e9resse. Si c\u2019est le cas, c\u2019est dommage parce que c\u2019est vraiment un personnage qui a une histoire fascinante. Et c\u2019est cette histoire que je vais vous raconter aujourd\u2019hui.<\/p>\n\n\n\n<p><a id=\"sonaar_ts-6927d0e5c325c\" class=\"srmp3_sonaar_ts_shortcode\"  style=\"\" href=\"javascript:sonaar_ts_shortcode({ trackid:'0', time:'00:03:53', ts_id:'6927d0e5c325c', play_icon:'' }) ;\">[00:03:53]<\/a> Alors, \u00e7a serait assez difficile de r\u00e9sumer la vie de Napol\u00e9on en trente minutes. En g\u00e9n\u00e9ral, ses biographies font plusieurs centaines voire milliers de pages. Mais moi, je ne vais pas vous lire une liste de dates et d\u2019\u00e9v\u00e8nements. \u00c7a serait assez ennuyeux. Non, je vais plut\u00f4t vous expliquer pourquoi il suscite une telle fascination, \u00e0 la fois dans son histoire personnelle et dans ce qu\u2019il a accompli pour la France. \u00c0 la fin de cet \u00e9pisode, vous ne conna\u00eetrez pas la liste de toutes les batailles qu\u2019il a men\u00e9es, mais vous comprendrez pourquoi c\u2019est un personnage qui nous divise autant. Et bien s\u00fbr, je vous encourage \u00e0 faire vos propres recherches et \u00e0 vous r\u00e9f\u00e9rer aux sources de l\u2019\u00e9pisode si vous avez envie d\u2019en savoir plus ensuite.<\/p>\n\n\n\n<p><a id=\"sonaar_ts-6927d0e5c3261\" class=\"srmp3_sonaar_ts_shortcode\"  style=\"\" href=\"javascript:sonaar_ts_shortcode({ trackid:'0', time:'00:04:45', ts_id:'6927d0e5c3261', play_icon:'' }) ;\">[00:04:45]<\/a> Voil\u00e0, on ne va pas perdre plus de temps avec cette introduction. Napol\u00e9on aimait attaquer fort et vite, donc c\u2019est ce qu\u2019on va faire nous aussi. Allez, c\u2019est parti !<\/p>\n\n\n\n<p><a id=\"sonaar_ts-6927d0e5c3266\" class=\"srmp3_sonaar_ts_shortcode\"  style=\"\" href=\"javascript:sonaar_ts_shortcode({ trackid:'0', time:'00:05:04', ts_id:'6927d0e5c3266', play_icon:'' }) ;\">[00:05:04]<\/a> Napol\u00e9on, c\u2019est un bug, une anomalie dans le syst\u00e8me. Il n\u2019aurait jamais d\u00fb avoir la vie qu\u2019il a eue. Vous allez comprendre pourquoi.<\/p>\n\n\n\n<p><a id=\"sonaar_ts-6927d0e5c326b\" class=\"srmp3_sonaar_ts_shortcode\"  style=\"\" href=\"javascript:sonaar_ts_shortcode({ trackid:'0', time:'00:05:13', ts_id:'6927d0e5c326b', play_icon:'' }) ;\">[00:05:13]<\/a> Napol\u00e9on Bonaparte est n\u00e9 le 15 ao\u00fbt 1769, ou plut\u00f4t Napoleone Buonaparte est n\u00e9 le 15 ao\u00fbt 1769. Parce que oui, sa famille \u00e9tait italienne, corse pour \u00eatre pr\u00e9cis.<\/p>\n\n\n\n<p><a id=\"sonaar_ts-6927d0e5c3271\" class=\"srmp3_sonaar_ts_shortcode\"  style=\"\" href=\"javascript:sonaar_ts_shortcode({ trackid:'0', time:'0', ts_id:'6927d0e5c3271', play_icon:'' }) ;\">[00:05:30]<\/a> La Corse, vous savez, c\u2019est cette petite \u00eele entre la France et l\u2019Italie. Aujourd\u2019hui, elle est fran\u00e7aise mais elle a \u00e9t\u00e9 pendant longtemps sous domination italienne. Elle appartenait \u00e0 la R\u00e9publique de G\u00eanes<strong>.<\/strong><\/p>\n\n\n\n<p><a id=\"sonaar_ts-6927d0e5c3276\" class=\"srmp3_sonaar_ts_shortcode\"  style=\"\" href=\"javascript:sonaar_ts_shortcode({ trackid:'0', time:'00:05:45', ts_id:'6927d0e5c3276', play_icon:'' }) ;\">[00:05:45]<\/a> Sauf qu\u2019au XVIII\u00e8me si\u00e8cle, avec la diffusion des id\u00e9es des Lumi\u00e8res, les Corses commencent \u00e0 avoir des r\u00eaves d\u2019ind\u00e9pendance. Donc ils se r\u00e9voltent contre les G\u00e9nois. Et la R\u00e9publique de G\u00eane a beaucoup de mal \u00e0 maintenir le contr\u00f4le sur l\u2019\u00eele. Il y a un homme en particulier qui leur pose probl\u00e8me, c\u2019est\u2026 Alors non, c\u2019est pas Napol\u00e9on parce qu\u2019il n\u2019est pas encore n\u00e9 ! Cet homme, c\u2019est Pasquale Paoli, un g\u00e9n\u00e9ral qui se bat pour cr\u00e9er la R\u00e9publique corse ind\u00e9pendante.<\/p>\n\n\n\n<p><a id=\"sonaar_ts-6927d0e5c327b\" class=\"srmp3_sonaar_ts_shortcode\"  style=\"\" href=\"javascript:sonaar_ts_shortcode({ trackid:'0', time:'00:06:22', ts_id:'6927d0e5c327b', play_icon:'' }) ;\">[00:06:22]<\/a> Comme les G\u00e9nois n\u2019arrivent pas \u00e0 maintenir le contr\u00f4le sur l\u2019\u00eele et \u00e0 mater ces r\u00e9voltes ind\u00e9pendantistes, ils demandent l\u2019aide des Fran\u00e7ais. Tr\u00e8s mauvaise id\u00e9e ! Louis XV accepte d\u2019envoyer l\u2019arm\u00e9e royale sur l\u2019\u00eele. Les soldats fran\u00e7ais battent les ind\u00e9pendantistes corses, et on demande \u00e0 la R\u00e9publique de G\u00eane de nous c\u00e9der, de nous vendre la Corse. Et voil\u00e0, le tour est jou\u00e9. En 1768, la Corse passe sous domination fran\u00e7aise.<\/p>\n\n\n\n<p><a id=\"sonaar_ts-6927d0e5c327f\" class=\"srmp3_sonaar_ts_shortcode\"  style=\"\" href=\"javascript:sonaar_ts_shortcode({ trackid:'0', time:'00:06:57', ts_id:'6927d0e5c327f', play_icon:'' }) ;\">[00:06:57]<\/a> Au d\u00e9part, la famille Buonaparte est du c\u00f4t\u00e9 des ind\u00e9pendantistes. Le p\u00e8re de Napol\u00e9on est l\u2019alli\u00e9 de Pasquale Paoli. Mais apr\u00e8s la victoire des Fran\u00e7ais, il retourne sa veste. \u00abRetourner sa veste\u00bb, \u00e7a veut dire \u00abchanger de camp\u00bb. Le p\u00e8re de Napol\u00e9on retourne sa veste en d\u00e9cidant de collaborer avec les nouveaux envahisseurs, les Fran\u00e7ais. De son c\u00f4t\u00e9, Pasquale Paoli est contraint de partir en exil apr\u00e8s la d\u00e9faite des ind\u00e9pendantistes. Retenez bien \u00e7a, \u00e7a va \u00eatre important pour la suite.<\/p>\n\n\n\n<p><a id=\"sonaar_ts-6927d0e5c3283\" class=\"srmp3_sonaar_ts_shortcode\"  style=\"\" href=\"javascript:sonaar_ts_shortcode({ trackid:'0', time:'00:07:36', ts_id:'6927d0e5c3283', play_icon:'' }) ;\">[00:07:36]<\/a> La famille Buonaparte, elle appartient \u00e0 la petite noblesse. Elle est noble mais elle n\u2019est pas tr\u00e8s riche. Donc le p\u00e8re de Napol\u00e9on se dit qu\u2019il a peut-\u00eatre un coup \u00e0 jouer, une opportunit\u00e9 \u00e0 saisir avec les Fran\u00e7ais. Le premier avantage qu\u2019il obtient, c\u2019est de garder son titre de noblesse. Un bon point pour lui.<\/p>\n\n\n\n<p><a id=\"sonaar_ts-6927d0e5c3291\" class=\"srmp3_sonaar_ts_shortcode\"  style=\"\" href=\"javascript:sonaar_ts_shortcode({ trackid:'0', time:'00:08:00', ts_id:'6927d0e5c3291', play_icon:'' }) ;\">[00:08:00]<\/a> Bref, tout \u00e7a pour dire qu\u2019en 1769, quand le petit Napoleone vient au monde \u00e0 Ajaccio, il arrive dans une Corse qui vient juste de devenir fran\u00e7aise. Il grandit avec la pr\u00e9sence des soldats fran\u00e7ais qui sont rest\u00e9s pour assurer le contr\u00f4le de l\u2019\u00eele. Et apparemment, d\u00e9j\u00e0 enfant, il est fascin\u00e9 par l\u2019arm\u00e9e. Il va voir les soldats d\u00e8s qu\u2019il en a l\u2019occasion.<\/p>\n\n\n\n<p><a id=\"sonaar_ts-6927d0e5c3296\" class=\"srmp3_sonaar_ts_shortcode\"  style=\"\" href=\"javascript:sonaar_ts_shortcode({ trackid:'0', time:'00:08:27', ts_id:'6927d0e5c3296', play_icon:'' }) ;\">[00:08:27]<\/a> Gr\u00e2ce \u00e0 ses bonnes relations avec les Fran\u00e7ais, le p\u00e8re de Napol\u00e9on obtient une bourse du Roi pour ses deux fils a\u00een\u00e9s, ses deux fils les plus \u00e2g\u00e9s. Avec cette bourse, il envoie Napol\u00e9on dans une \u00e9cole militaire \u00e0 l\u2019\u00e2ge de\u2026 neuf ans ! Donc \u00e0 seulement neuf ans, le petit Napol\u00e9on doit quitter sa famille pour int\u00e9grer une \u00e9cole militaire en Champagne, dans le nord-est de la France. Alors oui, c\u2019est vrai que c\u2019\u00e9tait une autre \u00e9poque, mais quand m\u00eame, quitter sa famille et la Corse \u00e0 neuf ans, \u00e7a a d\u00fb \u00eatre une exp\u00e9rience difficile pour Napol\u00e9on. \u00c7a a \u00e9t\u00e9 un d\u00e9racinement, on l\u2019a coup\u00e9 de ses racines familiales et g\u00e9ographiques.<\/p>\n\n\n\n<p><a id=\"sonaar_ts-6927d0e5c329b\" class=\"srmp3_sonaar_ts_shortcode\"  style=\"\" href=\"javascript:sonaar_ts_shortcode({ trackid:'0', time:'00:09:13', ts_id:'6927d0e5c329b', play_icon:'' }) ;\">[00:09:13]<\/a> Dans cette \u00e9cole militaire, sa vie est loin d\u2019\u00eatre facile. D\u00e9j\u00e0, parce qu\u2019il ne parle pas fran\u00e7ais en arrivant. Il parle seulement un dialecte corse. La l\u00e9gende dit qu\u2019il aurait appris le fran\u00e7ais en trois mois, mais comme vous le savez, c\u2019est peu probable ! M\u00eame pour un enfant, \u00e7a prend un peu plus de temps que \u00e7a. Pendant des ann\u00e9es, les camarades de Napol\u00e9on se moquent de son mauvais fran\u00e7ais et de son accent italien. Il y a donc une barri\u00e8re linguistique mais aussi une barri\u00e8re sociale.<\/p>\n\n\n\n<p><a id=\"sonaar_ts-6927d0e5c329f\" class=\"srmp3_sonaar_ts_shortcode\"  style=\"\" href=\"javascript:sonaar_ts_shortcode({ trackid:'0', time:'00:09:48', ts_id:'6927d0e5c329f', play_icon:'' }) ;\">[00:09:48]<\/a> Parce que oui, \u00e0 cette \u00e9poque, les \u00e9coles militaires sont r\u00e9serv\u00e9es aux enfants des familles nobles, comme presque toutes les \u00e9coles d\u2019ailleurs. Les autres enfants, ils ne vont pas \u00e0 l\u2019\u00e9cole, ils travaillent dans les champs avec leurs parents. Certes, la famille de Napol\u00e9on est noble, mais elle est beaucoup moins riche que les familles nobles fran\u00e7aises. \u00c7a donne \u00e0 ses camarades une raison de plus de se moquer de lui et de le rejeter.<\/p>\n\n\n\n<p><a id=\"sonaar_ts-6927d0e5c32a4\" class=\"srmp3_sonaar_ts_shortcode\"  style=\"\" href=\"javascript:sonaar_ts_shortcode({ trackid:'0', time:'00:10:17', ts_id:'6927d0e5c32a4', play_icon:'' }) ;\">[00:10:17]<\/a> Comme vous pouvez l\u2019imaginer, Napol\u00e9on a une enfance et une adolescence tr\u00e8s solitaires. Au lieu de jouer avec les autres enfants, il se r\u00e9fugie \u00e0 la biblioth\u00e8que pour lire les livres des penseurs et des grands hommes de l&#8217;Antiquit\u00e9. C\u2019est l\u00e0 qu\u2019il d\u00e9couvre ses mod\u00e8les, les strat\u00e8ges qui vont l\u2019inspirer : Jules C\u00e9sar et Alexandre le Grand. \u00c0 partir de ce moment-l\u00e0, il va vouloir inscrire son nom dans l\u2019histoire lui aussi, r\u00e9aliser des exploits militaires comme ces grands g\u00e9n\u00e9raux de l&#8217;Antiquit\u00e9.<\/p>\n\n\n\n<p><a id=\"sonaar_ts-6927d0e5c32a8\" class=\"srmp3_sonaar_ts_shortcode\"  style=\"\" href=\"javascript:sonaar_ts_shortcode({ trackid:'0', time:'00:10:54', ts_id:'6927d0e5c32a8', play_icon:'' }) ;\">[00:10:54]<\/a> \u00c0 11 ans, Napol\u00e9on participe \u00e0 sa premi\u00e8re grande bataille : une bataille de boules de neige. Alors non, ce n\u2019est pas une bataille officielle. D\u2019ailleurs, je n\u2019ai pas trouv\u00e9 la source exacte mais c\u2019est une anecdote qui revient souvent sur Napol\u00e9on. Un hiver, une \u00e9paisse couche de neige recouvre le sol de l\u2019\u00e9cole. Les professeurs divisent les \u00e9l\u00e8ves en deux arm\u00e9es et nomment Napol\u00e9on capitaine. Le petit Napol\u00e9on met en place une strat\u00e9gie, il donne ses ordres \u00e0 ses camarades et son arm\u00e9e remporte la victoire. \u00c0 ce moment-l\u00e0, il d\u00e9couvre qu\u2019il a l\u2019\u00e9toffe d\u2019un chef, autrement dit qu\u2019il a les qualit\u00e9s n\u00e9cessaires pour \u00eatre un bon chef, un bon commandant.<\/p>\n\n\n\n<p><a id=\"sonaar_ts-6927d0e5c32ad\" class=\"srmp3_sonaar_ts_shortcode\"  style=\"\" href=\"javascript:sonaar_ts_shortcode({ trackid:'0', time:'00:11:44', ts_id:'6927d0e5c32ad', play_icon:'' }) ;\">[00:11:44]<\/a> \u00c0 15 ans, il rejoint une autre \u00e9cole militaire tr\u00e8s prestigieuse, l\u2019\u00e9cole militaire royale de Paris. Malheureusement, son p\u00e8re meurt la m\u00eame ann\u00e9e. Napol\u00e9on devient alors chef de famille (il a un grand fr\u00e8re mais il ne le juge pas capable d\u2019assumer ce r\u00f4le). Mais pour subvenir aux besoins de sa famille, il a besoin d\u2019argent. Il d\u00e9cide alors de finir son \u00e9cole le plus vite possible pour recevoir son salaire de soldat. Gr\u00e2ce \u00e0 ses efforts, il r\u00e9ussit \u00e0 obtenir son dipl\u00f4me en seulement un an au lieu de trois. Il devient ainsi sous-lieutenant de l\u2019arm\u00e9e royale \u00e0 16 ans.<\/p>\n\n\n\n<p><a id=\"sonaar_ts-6927d0e5c32b1\" class=\"srmp3_sonaar_ts_shortcode\"  style=\"\" href=\"javascript:sonaar_ts_shortcode({ trackid:'0', time:'00:12:29', ts_id:'6927d0e5c32b1', play_icon:'' }) ;\">[00:12:29]<\/a> Mais tr\u00e8s vite, il comprend qu\u2019il ne va pas pouvoir assouvir ses ambitions de gloire. \u00abAssouvir\u00bb, \u00e7a signifie \u00absatisfaire pleinement un instinct, un d\u00e9sir ou un sentiment\u00bb. Par exemple, on dit souvent \u00abassouvir sa curiosit\u00e9\u00bb. Quelque chose vous intrigue donc vous voulez assouvir votre curiosit\u00e9, vous voulez en savoir plus. Le jeune Napol\u00e9on comprend qu\u2019il ne pourra pas assouvir ses ambitions de gloire dans l\u2019arm\u00e9e royale parce que les plus hauts rangs sont r\u00e9serv\u00e9s aux membres des familles les plus nobles, les familles dont la noblesse est ancienne et qui sont proches du roi, ce qui n\u2019est pas le cas de la famille Buonaparte (m\u00eame si elle a francis\u00e9 son nom en \u00abBonaparte\u00bb). Dans l\u2019arm\u00e9e, comme dans toutes les institutions de l\u2019\u00e9poque d\u2019ailleurs, il existe un plafond de verre (oui, c\u2019est la m\u00eame expression qu\u2019en anglais : un plafond de verre, une limite dans la hi\u00e9rarchie que certaines cat\u00e9gories de personnes ne peuvent pas d\u00e9passer.<\/p>\n\n\n\n<p><a id=\"sonaar_ts-6927d0e5c32b6\" class=\"srmp3_sonaar_ts_shortcode\"  style=\"\" href=\"javascript:sonaar_ts_shortcode({ trackid:'0', time:'00:13:37', ts_id:'6927d0e5c32b6', play_icon:'' }) ;\">[00:13:37]<\/a> Encore une fois, Napol\u00e9on se sent exclu rejet\u00e9. Il a beau \u00eatre plus intelligent, plus dou\u00e9 et plus travailleur que ses camarades, il ne pourra jamais \u00eatre plus que sous-officier. Il ne pourra jamais devenir g\u00e9n\u00e9ral de l\u2019arm\u00e9e royale.<\/p>\n\n\n\n<p><a id=\"sonaar_ts-6927d0e5c32ba\" class=\"srmp3_sonaar_ts_shortcode\"  style=\"\" href=\"javascript:sonaar_ts_shortcode({ trackid:'0', time:'00:13:56', ts_id:'6927d0e5c32ba', play_icon:'' }) ;\">[00:13:56]<\/a> Puisque la France le rejette, il se tourne vers la Corse. En fait, il n\u2019a jamais oubli\u00e9 sa terre d\u2019origine. D\u2019ailleurs, le g\u00e9n\u00e9ral Paoli \u00e9tait un de ses h\u00e9ros d\u2019enfance. Le g\u00e9n\u00e9ral Paoli, vous vous souvenez, c\u2019est celui qui s\u2019est battu contre les G\u00e9nois puis les Fran\u00e7ais pour obtenir l\u2019ind\u00e9pendance de la Corse et qui a \u00e9t\u00e9 oblig\u00e9 de s\u2019exiler ensuite.<\/p>\n\n\n\n<p><a id=\"sonaar_ts-6927d0e5c32bf\" class=\"srmp3_sonaar_ts_shortcode\"  style=\"\" href=\"javascript:sonaar_ts_shortcode({ trackid:'0', time:'00:14:21', ts_id:'6927d0e5c32bf', play_icon:'' }) ;\">[00:14:21]<\/a> Justement, en 1789, un \u00e9v\u00e8nement vient changer la donne. Cet \u00e9v\u00e8nement, c\u2019est bien s\u00fbr la R\u00e9volution fran\u00e7aise.<\/p>\n\n\n\n<p><a id=\"sonaar_ts-6927d0e5c32c4\" class=\"srmp3_sonaar_ts_shortcode\"  style=\"\" href=\"javascript:sonaar_ts_shortcode({ trackid:'0', time:'00:14:31', ts_id:'6927d0e5c32c4', play_icon:'' }) ;\">[00:14:31]<\/a> Au moment de la R\u00e9volution fran\u00e7aise, les ind\u00e9pendantistes corses comprennent qu\u2019ils ont une opportunit\u00e9 \u00e0 saisir. Pasquale Paoli revient sur l\u2019\u00eele pour organiser la bataille. Et bient\u00f4t, il est rejoint par le jeune Napol\u00e9on, \u00e2g\u00e9 de 19 ans, qui lui propose de devenir son bras droit. \u00catre le \u00abbras droit\u00bb de quelqu\u2019un, \u00e7a veut dire \u00eatre le principal assistant ou conseiller de cette personne. Mais Paoli refuse. Il ne veut pas de Napol\u00e9on comme bras droit parce qu\u2019il n\u2019a pas oubli\u00e9 la trahison de son p\u00e8re, de Charles Bonaparte qui a d\u00e9cid\u00e9 de collaborer avec les Fran\u00e7ais.<\/p>\n\n\n\n<p><a id=\"sonaar_ts-6927d0e5c32c8\" class=\"srmp3_sonaar_ts_shortcode\"  style=\"\" href=\"javascript:sonaar_ts_shortcode({ trackid:'0', time:'00:15:14', ts_id:'6927d0e5c32c8', play_icon:'' }) ;\">[00:15:14]<\/a> D\u2019ailleurs, \u00e0 cause des r\u00e9voltes ind\u00e9pendantistes, les Bonaparte commencent \u00e0 avoir des ennuis sur l\u2019\u00eele. Napol\u00e9on est \u00e0 nouveau rejet\u00e9, mais cette fois par les Corses. Pour assurer la s\u00e9curit\u00e9 de sa famille, il quitte d\u00e9finitivement l\u2019\u00eele avec les siens pour s\u2019installer sur le continent, dans le sud de la France. Apr\u00e8s cet \u00e9pisode, Napol\u00e9on gardera une rancune contre les Corses toute sa vie.<\/p>\n\n\n\n<p><a id=\"sonaar_ts-6927d0e5c32d8\" class=\"srmp3_sonaar_ts_shortcode\"  style=\"\" href=\"javascript:sonaar_ts_shortcode({ trackid:'0', time:'00:15:42', ts_id:'6927d0e5c32d8', play_icon:'' }) ;\">[00:15:42]<\/a> La bonne nouvelle, c\u2019est que les R\u00e9volutionnaires ont aboli les privil\u00e8ges de la Noblesse dans la D\u00e9claration des Droits de l\u2019Homme et du Citoyen. Donc en th\u00e9orie, il n\u2019y a pas plus de plafond de verre. Plus rien ne peut emp\u00eacher Napol\u00e9on de gravir les \u00e9chelons de la hi\u00e9rarchie militaire. \u00abGravir les \u00e9chelons\u00bb, \u00e7a signifie \u00abmonter dans la hi\u00e9rarchie\u00bb.<\/p>\n\n\n\n<p><a id=\"sonaar_ts-6927d0e5c32dd\" class=\"srmp3_sonaar_ts_shortcode\"  style=\"\" href=\"javascript:sonaar_ts_shortcode({ trackid:'0', time:'00:16:08', ts_id:'6927d0e5c32dd', play_icon:'' }) ;\">[00:16:08]<\/a> Malgr\u00e9 \u00e7a, Napol\u00e9on n\u2019est pas un grand fan des R\u00e9volutionnaires. Il se m\u00e9fie d\u2019eux, il ne leur fait pas confiance. C\u2019est quelqu\u2019un qui n\u2019aime pas le bazar. Lui, il aime l\u2019ordre, la discipline, et il est fascin\u00e9 par l\u2019aristocratie. Quand les R\u00e9volutionnaires d\u00e9cident de guillotiner le roi, Napol\u00e9on est choqu\u00e9 par ce r\u00e9gicide. Mais il comprend que l\u2019Ancien r\u00e9gime est termin\u00e9, qu\u2019il n\u2019y a plus de retour en arri\u00e8re possible et que les id\u00e9es de la R\u00e9volution vont se propager. Donc il garde sa place dans l\u2019arm\u00e9e.<\/p>\n\n\n\n<p><a id=\"sonaar_ts-6927d0e5c32e4\" class=\"srmp3_sonaar_ts_shortcode\"  style=\"\" href=\"javascript:sonaar_ts_shortcode({ trackid:'0', time:'0', ts_id:'6927d0e5c32e4', play_icon:'' }) ;\">[00:16:46]<\/a> \u00c7a tombe bien parce que depuis la R\u00e9volution, l\u2019arm\u00e9e fran\u00e7aise a pas mal de travail ! La France est attaqu\u00e9e de tous les c\u00f4t\u00e9s par les monarchies europ\u00e9ennes. Eh oui parce que les autres familles royales ont peur de subir le m\u00eame sort que Louis XVI et Marie Antoinette. Donc elles envoient leurs arm\u00e9es pour stopper les R\u00e9volutionnaires et aider les royalistes fran\u00e7ais \u00e0 r\u00e9tablir l\u2019Ancien r\u00e9gime. Les Anglais attaquent au nord et \u00e0 l\u2019ouest, les Espagnols au sud, les Autrichiens et les Prussiens \u00e0 l\u2019est. Pour Napol\u00e9on, c\u2019est le contexte id\u00e9al. Il va enfin pouvoir prouver sa valeur.<\/p>\n\n\n\n<p><a id=\"sonaar_ts-6927d0e5c32ea\" class=\"srmp3_sonaar_ts_shortcode\"  style=\"\" href=\"javascript:sonaar_ts_shortcode({ trackid:'0', time:'00:17:31', ts_id:'6927d0e5c32ea', play_icon:'' }) ;\">[00:17:31]<\/a> Il remporte une premi\u00e8re victoire \u00e0 Toulon, une ville du sud de la France qui est occup\u00e9e par les Anglais et les Espagnols. Il invente un plan brillant qui permet \u00e0 l\u2019arm\u00e9e fran\u00e7aise de reprendre le contr\u00f4le de la ville et d\u2019en chasser les ennemis. Gr\u00e2ce \u00e0 cette victoire, il commence \u00e0 se faire un nom, on commence \u00e0 parler de lui \u00e0 Paris.<\/p>\n\n\n\n<p><a id=\"sonaar_ts-6927d0e5c32f2\" class=\"srmp3_sonaar_ts_shortcode\"  style=\"\" href=\"javascript:sonaar_ts_shortcode({ trackid:'0', time:'00:17:55', ts_id:'6927d0e5c32f2', play_icon:'' }) ;\">[00:17:55]<\/a> Les chefs r\u00e9volutionnaires d\u00e9cident de faire appel \u00e0 lui pour combattre les royalistes fran\u00e7ais. Oui parce que tous les Fran\u00e7ais ne soutiennent pas la R\u00e9volution, loin de l\u00e0. Il y a encore beaucoup de royalistes qui veulent un r\u00e9tablissement de la monarchie. En 1795, Napol\u00e9on \u00e9crase une insurrection royaliste \u00e0 Paris. Quelques jours plus tard, il obtient le grade de g\u00e9n\u00e9ral et devient officiellement le bras arm\u00e9 des chefs de la R\u00e9volution.<\/p>\n\n\n\n<p><a id=\"sonaar_ts-6927d0e5c32f7\" class=\"srmp3_sonaar_ts_shortcode\"  style=\"\" href=\"javascript:sonaar_ts_shortcode({ trackid:'0', time:'00:18:27', ts_id:'6927d0e5c32f7', play_icon:'' }) ;\">[00:18:27]<\/a> Donc vous voyez, le vent tourne pour Napol\u00e9on, autrement dit sa situation change compl\u00e8tement. Apr\u00e8s avoir \u00e9t\u00e9 rejet\u00e9 toute sa vie, il commence enfin \u00e0 \u00eatre appr\u00e9ci\u00e9. En quelques semaines, il passe d\u2019un jeune capitaine relativement inconnu au respect\u00e9 G\u00e9n\u00e9ral Bonaparte. Et \u00e7a n\u2019est que le d\u00e9but de son ascension fulgurante. Cerise sur le g\u00e2teau, l\u2019ann\u00e9e suivante, il \u00e9pouse la femme dont il vient de tomber amoureux : Jos\u00e9phine de Beauharnais. Mais il n\u2019a pas le temps pour la lune de miel parce qu\u2019il doit partir imm\u00e9diatement livrer une nouvelle bataille.<\/p>\n\n\n\n<p><a id=\"sonaar_ts-6927d0e5c32fb\" class=\"srmp3_sonaar_ts_shortcode\"  style=\"\" href=\"javascript:sonaar_ts_shortcode({ trackid:'0', time:'00:19:18', ts_id:'6927d0e5c32fb', play_icon:'' }) ;\">[00:19:18]<\/a> Cette fois, direction le nord de l\u2019Italie pour affronter l\u2019Empire d\u2019Autriche. Il est \u00e0 la t\u00eate d\u2019une arm\u00e9e de 60 000 soldats, mais ses soldats sont mal entra\u00een\u00e9s et mal \u00e9quip\u00e9s. \u00c0 vrai dire, Napol\u00e9on est seulement cens\u00e9 faire diversion avant que deux autres arm\u00e9es fran\u00e7aises plus nombreuses et plus puissantes attaquent par surprise. Mais vous imaginez bien que Napol\u00e9on ne va pas se contenter de ce second r\u00f4le. Il motive ses troupes et invente une nouvelle strat\u00e9gie tr\u00e8s diff\u00e9rente de ce qui se fait \u00e0 l\u2019\u00e9poque. \u00c0 cette \u00e9poque, les batailles sont longues et assez lentes, un peu comme des marathons. Il faut \u00e9puiser, fatiguer l\u2019ennemi. Au contraire, Napol\u00e9on d\u00e9cide de tout miser sur la rapidit\u00e9. Il demande \u00e0 ses hommes d\u2019attaquer fort et vite pour briser l\u2019arm\u00e9e adverse d\u2019un seul coup, un peu comme les Allemands feront plus tard avec la blitzkrieg.<\/p>\n\n\n\n<p><a id=\"sonaar_ts-6927d0e5c3300\" class=\"srmp3_sonaar_ts_shortcode\"  style=\"\" href=\"javascript:sonaar_ts_shortcode({ trackid:'0', time:'00:20:12', ts_id:'6927d0e5c3300', play_icon:'' }) ;\">[00:20:12]<\/a> Sa strat\u00e9gie est un succ\u00e8s. Le G\u00e9n\u00e9ral Bonaparte remporte bataille apr\u00e8s bataille. Ses soldats lui donnent le surnom de \u00abPetit Caporal\u00bb. D\u2019ailleurs, c\u2019est en partie pour \u00e7a qu\u2019on croit souvent qu\u2019il \u00e9tait petit. En r\u00e9alit\u00e9, il avait une taille normale pour l\u2019\u00e9poque, il faisait 1m69. Ses soldats l\u2019appelaient \u00abPetit Caporal\u00bb de mani\u00e8re affectueuse. Mais aujourd\u2019hui, c\u2019est devenu une expression p\u00e9jorative. Quand on dit que quelqu\u2019un est un \u00abPetit Caporal\u00bb, par exemple un coll\u00e8gue au bureau, \u00e7a signifie qu\u2019il joue au chef alors qu\u2019il n\u2019a pas l\u2019autorit\u00e9, le pouvoir officiel pour le faire.<\/p>\n\n\n\n<p><a id=\"sonaar_ts-6927d0e5c3305\" class=\"srmp3_sonaar_ts_shortcode\"  style=\"\" href=\"javascript:sonaar_ts_shortcode({ trackid:'0', time:'00:20:54', ts_id:'6927d0e5c3305', play_icon:'' }) ;\">[00:20:54]<\/a> Bref, \u00e0 26 ans, le G\u00e9n\u00e9ral Bonaparte entre dans Milan en grand vainqueur de la campagne d\u2019Italie. Il fait signer un trait\u00e9 de paix \u00e0 l\u2019Empire autrichien, le trait\u00e9 de Campo-Formio, gr\u00e2ce auquel la France obtient l\u2019Italie du nord et une partie de la Belgique. Il rentre ensuite \u00e0 Paris avec ses nouvelles conqu\u00eates, aur\u00e9ol\u00e9 de gloire.<\/p>\n\n\n\n<p><a id=\"sonaar_ts-6927d0e5c330d\" class=\"srmp3_sonaar_ts_shortcode\"  style=\"\" href=\"javascript:sonaar_ts_shortcode({ trackid:'0', time:'00:21:20', ts_id:'6927d0e5c330d', play_icon:'' }) ;\">[00:21:20]<\/a> Mais les politiciens au pouvoir commencent \u00e0 s\u2019inqui\u00e9ter. Napol\u00e9on n\u2019a demand\u00e9 \u00e0 personne l\u2019autorisation de signer le trait\u00e9 de paix avec l\u2019Autriche. Il a n\u00e9goci\u00e9 et pris la d\u00e9cision tout seul. On voit qu\u2019il est ambitieux. Est-ce qu\u2019il ne serait pas une menace pour le pouvoir en place ?<\/p>\n\n\n\n<p><a id=\"sonaar_ts-6927d0e5c3312\" class=\"srmp3_sonaar_ts_shortcode\"  style=\"\" href=\"javascript:sonaar_ts_shortcode({ trackid:'0', time:'00:21:40', ts_id:'6927d0e5c3312', play_icon:'' }) ;\">[00:21:40]<\/a> On d\u00e9cide de l\u2019\u00e9loigner de Paris. On l\u2019envoie faire la guerre en \u00c9gypte. Pourquoi en \u00c9gypte? Tout simplement pour couper la route des Indes aux Anglais, cette route commerciale tr\u00e8s importante pour leur \u00e9conomie. L\u2019id\u00e9e pla\u00eet beaucoup \u00e0 Napol\u00e9on. Il a l\u2019impression de marcher sur les traces d\u2019Alexandre le Grand.<\/p>\n\n\n\n<p><a id=\"sonaar_ts-6927d0e5c3316\" class=\"srmp3_sonaar_ts_shortcode\"  style=\"\" href=\"javascript:sonaar_ts_shortcode({ trackid:'0', time:'00:22:02', ts_id:'6927d0e5c3316', play_icon:'' }) ;\">[00:22:02]<\/a> En \u00c9gypte aussi, le G\u00e9n\u00e9ral Bonaparte encha\u00eene les victoires, il remporte victoire apr\u00e8s victoire. Et il montre qu\u2019il est pr\u00eat \u00e0 tout pour gagner. L\u00e0, je fais r\u00e9f\u00e9rence \u00e0 un \u00e9v\u00e8nement en particulier, le massacre de Jaffa. Jaffa, c\u2019est une ville de Palestine o\u00f9 Napol\u00e9on a donn\u00e9 l\u2019ordre d\u2019ex\u00e9cuter 2500 prisonniers pour faire peur \u00e0 l\u2019arm\u00e9e adverse. Les soldats re\u00e7oivent la consigne de tuer les prisonniers \u00e0 l\u2019arme blanche pour \u00e9conomiser les munitions. Ce bain de sang dure pendant trois jours. Aujourd\u2019hui, on appellerait \u00e7a un crime de guerre. Il y a de nombreux exemples qui montrent que Napol\u00e9on \u00e9tait sans piti\u00e9, mais ce massacre, le massacre de Jaffa, c\u2019est un des plus c\u00e9l\u00e8bres.<\/p>\n\n\n\n<p><a id=\"sonaar_ts-6927d0e5c331b\" class=\"srmp3_sonaar_ts_shortcode\"  style=\"\" href=\"javascript:sonaar_ts_shortcode({ trackid:'0', time:'00:22:56', ts_id:'6927d0e5c331b', play_icon:'' }) ;\">[00:22:56]<\/a> Pendant ce temps-l\u00e0, les choses vont mal en France. La situation s\u2019est nettement d\u00e9grad\u00e9e. Les monarchies europ\u00e9ennes ont form\u00e9 une nouvelle coalition contre la France et elles ont r\u00e9ussi \u00e0 reprendre les territoires que Napol\u00e9on avait conquis. Le pays est ruin\u00e9 et l\u2019instabilit\u00e9 politique est grande. \u00c0 nouveau, Napol\u00e9on sent qu\u2019il peut profiter de cette situation. En plus, son arm\u00e9e est tr\u00e8s affaiblie \u00e0 cause de diff\u00e9rentes maladies. Il sait qu\u2019il ne pourra pas conqu\u00e9rir d\u2019autres territoires. Il d\u00e9cide donc de quitter l\u2019\u00c9gypte en laissant son arm\u00e9e sous le commandement d\u2019un autre g\u00e9n\u00e9ral, et il rentre \u00e0 Paris.<\/p>\n\n\n\n<p><a id=\"sonaar_ts-6927d0e5c331f\" class=\"srmp3_sonaar_ts_shortcode\"  style=\"\" href=\"javascript:sonaar_ts_shortcode({ trackid:'0', time:'00:23:40', ts_id:'6927d0e5c331f', play_icon:'' }) ;\">[00:23:40]<\/a> L\u00e0, il est une nouvelle fois accueilli en h\u00e9ros gr\u00e2ce \u00e0 ses victoires \u00e9gyptiennes. Mais la gloire ne lui suffit plus. Ce qu\u2019il veut maintenant, c\u2019est le pouvoir.<\/p>\n\n\n\n<p><a id=\"sonaar_ts-6927d0e5c3324\" class=\"srmp3_sonaar_ts_shortcode\"  style=\"\" href=\"javascript:sonaar_ts_shortcode({ trackid:'0', time:'00:23:53', ts_id:'6927d0e5c3324', play_icon:'' }) ;\">[00:23:53]<\/a> Il forme une alliance avec un politicien influent, l\u2019abb\u00e9 Siey\u00e8s, pour pr\u00e9parer un coup d\u2019\u00c9tat. Ce coup d\u2019\u00c9tat a lieu le 9 novembre 1799 mais on l\u2019appelle \u00abCoup d\u2019\u00c9tat du 18 Brumaire\u00bb parce que c\u2019est la date dans le calendrier r\u00e9publicain, un calendrier invent\u00e9 par les R\u00e9volutionnaires avec de nouveaux noms pour les mois. Il a \u00e9t\u00e9 mis en place de 1792 \u00e0 1806. C\u2019est pour \u00e7a que de nombreux \u00e9v\u00e8nements historiques de cette p\u00e9riode ont des dates un peu bizarres, des dates qui correspondent \u00e0 ce calendrier r\u00e9volutionnaire.<\/p>\n\n\n\n<p><a id=\"sonaar_ts-6927d0e5c332c\" class=\"srmp3_sonaar_ts_shortcode\"  style=\"\" href=\"javascript:sonaar_ts_shortcode({ trackid:'0', time:'00:24:36', ts_id:'6927d0e5c332c', play_icon:'' }) ;\">[00:24:36]<\/a> Bref, je ne vais pas vous d\u00e9tailler le d\u00e9roulement du coup d\u2019\u00c9tat. Il s\u2019est d\u00e9roul\u00e9 de mani\u00e8re assez paisible, il n\u2019y a pas eu de victime. Retenez simplement que gr\u00e2ce au Coup d\u2019\u00c9tat du 18 Brumaire, un nouveau r\u00e9gime politique est mis en place : le Consulat. C\u2019est un r\u00e9gime politique autoritaire. Officiellement, il est dirig\u00e9 par trois hommes, trois consuls. Mais en r\u00e9alit\u00e9, seul un d\u2019entre eux a vraiment le pouvoir : le 1er Consul. Et devinez qui est le 1er Consul ? Napol\u00e9on, bien s\u00fbr ! \u00c0 30 ans, il devient donc l\u2019homme le plus puissant de France.<\/p>\n\n\n\n<p><a id=\"sonaar_ts-6927d0e5c3331\" class=\"srmp3_sonaar_ts_shortcode\"  style=\"\" href=\"javascript:sonaar_ts_shortcode({ trackid:'0', time:'00:25:15', ts_id:'6927d0e5c3331', play_icon:'' }) ;\">[00:25:15]<\/a> En prenant le pouvoir, Napol\u00e9on fait une autre d\u00e9claration qui est rest\u00e9e dans l\u2019histoire : \u00abLa R\u00e9volution est fix\u00e9e aux principes qui l&#8217;ont commenc\u00e9e : elle est finie.\u00bb Le message que Napol\u00e9on veut faire passer, c\u2019est que les id\u00e9es de la R\u00e9volution ont d\u00e9finitivement gagn\u00e9 face au royalisme, et qu\u2019il est temps maintenant de mettre fin aux troubles et \u00e0 l\u2019instabilit\u00e9 de la p\u00e9riode r\u00e9volutionnaire.<\/p>\n\n\n\n<p><a id=\"sonaar_ts-6927d0e5c3336\" class=\"srmp3_sonaar_ts_shortcode\"  style=\"\" href=\"javascript:sonaar_ts_shortcode({ trackid:'0', time:'00:25:45', ts_id:'6927d0e5c3336', play_icon:'' }) ;\">[00:25:45]<\/a> Dans la nouvelle constitution, la Constitution de l\u2019an VIII, Napol\u00e9on donne au Consulat des apparences d\u00e9mocratiques. Mais en r\u00e9alit\u00e9, c\u2019est une organisation tr\u00e8s autocratique. C\u2019est lui, le 1er Consul, qui concentre tous les pouvoirs. De facto, Napol\u00e9on d\u00e9cide et fait adopter les lois qu\u2019il veut (d\u2019ailleurs, il n\u2019h\u00e9site pas \u00e0 changer le r\u00e9sultat du vote quand il ne lui convient pas).<\/p>\n\n\n\n<p><a id=\"sonaar_ts-6927d0e5c333b\" class=\"srmp3_sonaar_ts_shortcode\"  style=\"\" href=\"javascript:sonaar_ts_shortcode({ trackid:'0', time:'00:26:14', ts_id:'6927d0e5c333b', play_icon:'' }) ;\">[00:26:14]<\/a> Mais les Fran\u00e7ais semblent relativement satisfaits de cette nouvelle organisation. Napol\u00e9on consolide sa position gr\u00e2ce \u00e0 de nouvelles victoires militaires. Il signe des trait\u00e9s de paix avec l\u2019Autriche et l\u2019Angleterre. Les Fran\u00e7ais peuvent souffler un peu apr\u00e8s une d\u00e9cennie de guerre. Ah oui, \u00absouffler un peu\u00bb, \u00e7a veut dire \u00abse reposer apr\u00e8s un effort\u00bb. Par exemple, si vous faites un sprint, apr\u00e8s vous devez vous arr\u00eater pour reprendre votre souffle, votre respiration. Mais on utilise aussi cette expression de mani\u00e8re figur\u00e9e. Par exemple : \u00ab\u00c7a fait six mois que je travaille comme un fou, j\u2019ai besoin de vacances pour souffler un peu.\u00bb<\/p>\n\n\n\n<p><a id=\"sonaar_ts-6927d0e5c333f\" class=\"srmp3_sonaar_ts_shortcode\"  style=\"\" href=\"javascript:sonaar_ts_shortcode({ trackid:'0', time:'00:26:59', ts_id:'6927d0e5c333f', play_icon:'' }) ;\">[00:26:59]<\/a> Bref, gr\u00e2ce \u00e0 ce nouveau r\u00e9gime politique, les Fran\u00e7ais peuvent souffler un peu. Ils en sontreconnaissants, ils appr\u00e9cient le 1er Consul. Si bien que quand il modifie la Constitution pour \u00eatre Consul \u00e0 vie, personne n\u2019y voit d\u2019objection. L\u00e0, on pourrait se dire que \u00e7a y est, Napol\u00e9on a enfin \u00e9tanch\u00e9 sa soif de gloire et de pouvoir. Mais non, pas encore ! Il a des ambitions bien plus grandes.<\/p>\n\n\n\n<p><a id=\"sonaar_ts-6927d0e5c3344\" class=\"srmp3_sonaar_ts_shortcode\"  style=\"\" href=\"javascript:sonaar_ts_shortcode({ trackid:'0', time:'00:27:35', ts_id:'6927d0e5c3344', play_icon:'' }) ;\">[00:27:35]<\/a> Le probl\u00e8me avec ce r\u00e9gime politique, le Consulat, c\u2019est que s\u2019il arrivait quelque chose \u00e0 Napol\u00e9on, s\u2019il mourrait pendant une bataille par exemple, la stabilit\u00e9 du r\u00e9gime serait menac\u00e9e. Il faudrait lui trouver un rempla\u00e7ant, et \u00e7a pourrait provoquer des luttes internes et une nouvelle p\u00e9riode d\u2019instabilit\u00e9 avec, peut-\u00eatre, un retour en force des royalistes.<\/p>\n\n\n\n<p><a id=\"sonaar_ts-6927d0e5c334c\" class=\"srmp3_sonaar_ts_shortcode\"  style=\"\" href=\"javascript:sonaar_ts_shortcode({ trackid:'0', time:'00:28:03', ts_id:'6927d0e5c334c', play_icon:'' }) ;\">[00:28:03]<\/a> Ce sc\u00e9nario, il fait tr\u00e8s peur aux notables, autrement dit aux bourgeois. Les bourgeois, ce sont les vrais gagnants de la R\u00e9volution. Ils se sont \u00e9norm\u00e9ment enrichis gr\u00e2ce \u00e0 elle, et ils ont enfin pris le pouvoir politique aux nobles. Ils savent qu\u2019un retour au pouvoir de Louis XVIII et des Bourbons leur serait fatal. Mais ils ont aussi peur du peuple, des \u00e9meutes populaires. Ils ont vu ce qui \u00e9tait arriv\u00e9 aux nobles, aux aristocrates. Ils ont vu les ex\u00e9cutions. Donc ils se disent que si les r\u00e9voltes reprennent dans les grandes villes, ils pourraient conna\u00eetre le m\u00eame sort, qu\u2019ils pourraient devenir \u00e0 leur tour la cible de la col\u00e8re du peuple. C\u2019est pour \u00e7a que les bourgeois veulent que Napol\u00e9on reste au pouvoir. Il est leur protecteur celui qui garantit leur s\u00e9curit\u00e9 et leur position.<\/p>\n\n\n\n<p><a id=\"sonaar_ts-6927d0e5c3351\" class=\"srmp3_sonaar_ts_shortcode\"  style=\"\" href=\"javascript:sonaar_ts_shortcode({ trackid:'0', time:'00:29:02', ts_id:'6927d0e5c3351', play_icon:'' }) ;\">[00:29:02]<\/a> Alors, pour p\u00e9renniser ce syst\u00e8me, Napol\u00e9on et les politiciens qui l&#8217;entourent imaginent un nouveau mod\u00e8le : l\u2019Empire. Le 2 d\u00e9cembre 1804, Napol\u00e9on devient le 1er Empereur des Fran\u00e7ais. Il est sacr\u00e9 dans la cath\u00e9drale de Notre-Dame en pr\u00e9sence du pape. Il y a un tableau gigantesque qui repr\u00e9sente cet \u00e9v\u00e8nement, un tableau du peintre Jacques-Louis David intitul\u00e9 Le Sacre de Napol\u00e9on. Il fait quasiment 10 m\u00e8tres de largeur et 6 m\u00e8tres de hauteur. Si vous avez d\u00e9j\u00e0 visit\u00e9 le mus\u00e9e du Louvre, vous l\u2019avez s\u00fbrement vu.<\/p>\n\n\n\n<p><a id=\"sonaar_ts-6927d0e5c3355\" class=\"srmp3_sonaar_ts_shortcode\"  style=\"\" href=\"javascript:sonaar_ts_shortcode({ trackid:'0', time:'00:29:42', ts_id:'6927d0e5c3355', play_icon:'' }) ;\">[00:29:42]<\/a> Pour son sacre, Napol\u00e9on d\u00e9cide de reprendre les symboles de l\u2019Empire romain. Souvenez-vous que depuis l\u2019\u00e9cole, il admire les grands empereurs de l\u2019Antiquit\u00e9. Il re\u00e7oit une couronne de laurier qu\u2019il prend des mains du pape pour la poser lui-m\u00eame sur sa t\u00eate. Ensuite, il couronne sa femme, Jos\u00e9phine de Beauharnais qui devient imp\u00e9ratrice. Le symbole de l\u2019aigle est lui aussi adopt\u00e9. \u00c7a sera un des surnoms officiels de Napol\u00e9on et le fils qu\u2019il aura quelques ann\u00e9es plus tard sera surnomm\u00e9 \u00abl\u2019Aiglon\u00bb, le petit aigle. Oui, car avec l\u2019Empire, le pouvoir redevient h\u00e9r\u00e9ditaire, comme dans l\u2019Ancien r\u00e9gime.<\/p>\n\n\n\n<p><a id=\"sonaar_ts-6927d0e5c335a\" class=\"srmp3_sonaar_ts_shortcode\"  style=\"\" href=\"javascript:sonaar_ts_shortcode({ trackid:'0', time:'00:30:31', ts_id:'6927d0e5c335a', play_icon:'' }) ;\">[00:30:31]<\/a> Seulement dix ans apr\u00e8s avoir guillotin\u00e9 leur roi, les Fran\u00e7ais acclament leur nouvel Empereur. \u00c7a peut sembler paradoxal, mais gr\u00e2ce \u00e0 ses victoires militaires, au r\u00e9tablissement de l\u2019ordre dans le pays et \u00e0 l\u2019am\u00e9lioration de la situation \u00e9conomique, Napol\u00e9on a r\u00e9ussi \u00e0 convaincre tout le monde que pour prosp\u00e9rer la France a besoin de lui. Ils sont pr\u00eats \u00e0 remettre leur destin entre ses mains, quitte \u00e0 sacrifier une partie des libert\u00e9s acquises pendant la R\u00e9volution.<\/p>\n\n\n\n<p><a id=\"sonaar_ts-6927d0e5c335f\" class=\"srmp3_sonaar_ts_shortcode\"  style=\"\" href=\"javascript:sonaar_ts_shortcode({ trackid:'0', time:'00:31:04', ts_id:'6927d0e5c335f', play_icon:'' }) ;\">[00:31:04]<\/a> \u00c0 34 ans, Napol\u00e9on est \u00e0 la t\u00eate d\u2019un des pays les plus puissants du monde. Le petit Napoleone, cet immigr\u00e9 corse qui \u00e9tait cens\u00e9 devenir un simple lieutenant dans l\u2019arm\u00e9e royale, a r\u00e9ussi \u00e0 se faire couronner 1er Empereur de France. C\u2019est \u00e7a qui nous fascine encore aujourd\u2019hui, ce self-made man d\u2019avant l\u2019heure qui a r\u00e9ussi \u00e0 monter tout en haut de la hi\u00e9rarchie alors qu\u2019il est n\u00e9 dans un syst\u00e8me o\u00f9 tout \u00e9tait d\u00e9termin\u00e9 \u00e0 la naissance. Bien s\u00fbr, dans chaque destin, il y a toujours une grande part de chance. Par exemple, Napol\u00e9on n\u2019aurait jamais pu devenir g\u00e9n\u00e9ral sans la R\u00e9volution et l\u2019abolition des privil\u00e8ges. Mais quand m\u00eame, une ascension aussi fulgurante, aussi rapide et totale, c\u2019\u00e9tait du jamais vu \u00e0 l\u2019\u00e9poque.<\/p>\n\n\n\n<p><a id=\"sonaar_ts-6927d0e5c3367\" class=\"srmp3_sonaar_ts_shortcode\"  style=\"\" href=\"javascript:sonaar_ts_shortcode({ trackid:'0', time:'00:32:06', ts_id:'6927d0e5c3367', play_icon:'' }) ;\">[00:32:06]<\/a> On a vu qu\u2019une partie de la fascination pour Napol\u00e9on vient de la fa\u00e7on dont il est arriv\u00e9 au pouvoir contre toute attente. Mais s\u2019il est consid\u00e9r\u00e9 aujourd\u2019hui comme un des personnages les plus importants de l\u2019histoire fran\u00e7aise, c\u2019est gr\u00e2ce \u00e0 ce qu\u2019il a fait avec ce pouvoir. Non seulement, il a lanc\u00e9 la France dans une intense phase de modernisation, mais il a aussi agrandi son territoire comme jamais auparavant en conqu\u00e9rant l\u2019Europe. N\u00e9anmoins, on va voir qu\u2019il a aussi commis de nombreuses erreurs, erreurs qui ont fini par lui \u00eatre fatales.<\/p>\n\n\n\n<p><a id=\"sonaar_ts-6927d0e5c336c\" class=\"srmp3_sonaar_ts_shortcode\"  style=\"\" href=\"javascript:sonaar_ts_shortcode({ trackid:'0', time:'00:32:06', ts_id:'6927d0e5c336c', play_icon:'' }) ;\">[00:32:42]<\/a> Comme je vous l\u2019ai dit un peu plus t\u00f4t, quand Napol\u00e9on organise le Coup d\u2019\u00c9tat du 18 Brumaire, il annonce que la R\u00e9volution est termin\u00e9e. Il entend mettre fin \u00e0 l\u2019instabilit\u00e9 r\u00e9volutionnaire, mais il veut aussi enterrer d\u00e9finitivement les institutions de l\u2019Ancien R\u00e9gime. Donc apr\u00e8s avoir obtenu les pleins pouvoirs et sign\u00e9 les trait\u00e9s de paix avec les monarchies europ\u00e9ennes, il va se lancer dans la r\u00e9forme du pays. Pour \u00e7a, il va cr\u00e9er de nouvelles institutions, d\u2019abord en tant que 1er Consul puis lorsqu\u2019il sera Empereur. Et ce qui est impressionnant, c\u2019est que beaucoup de ces institutions sont encore en place aujourd\u2019hui.<\/p>\n\n\n\n<p><a id=\"sonaar_ts-6927d0e5c3370\" class=\"srmp3_sonaar_ts_shortcode\"  style=\"\" href=\"javascript:sonaar_ts_shortcode({ trackid:'0', time:'00:33:28', ts_id:'6927d0e5c3370', play_icon:'' }) ;\">[00:33:28]<\/a> Pour relancer l\u2019\u00e9conomie qui est en difficult\u00e9 depuis des ann\u00e9es, Napol\u00e9on fonde la Banque de France sur le mod\u00e8le de la Banque d\u2019Angleterre. Elle a le r\u00f4le de soutenir une nouvelle monnaie : le Franc germinal. Gr\u00e2ce aux conqu\u00eates de Napol\u00e9on, le Franc germinal va se diffuser dans toute l\u2019Europe et il sera utilis\u00e9 pendant 125 ans, jusqu\u2019en 1928.<\/p>\n\n\n\n<p><a id=\"sonaar_ts-6927d0e5c3375\" class=\"srmp3_sonaar_ts_shortcode\"  style=\"\" href=\"javascript:sonaar_ts_shortcode({ trackid:'0', time:'00:33:57', ts_id:'6927d0e5c3375', play_icon:'' }) ;\">[00:33:57]<\/a> En parall\u00e8le de l\u2019\u00e9conomie, Napol\u00e9on veut r\u00e9former l\u2019administration. Un des grands probl\u00e8mes de l\u2019Ancien r\u00e9gime, c\u2019\u00e9tait le manque de contr\u00f4le du roi sur la province. Les r\u00e9gions \u00e9taient relativement autonomes, elles avaient leurs propres lois. Donc il n\u2019\u00e9tait pas facile de collecter l\u2019imp\u00f4t et d\u2019organiser la conscription pour avoir des soldats en temps de guerre. D\u2019ailleurs, pendant la R\u00e9volution, il y a eu des insurrections dans plusieurs r\u00e9gions parce que les habitants voulaient conserver l\u2019Ancien r\u00e9gime, ils \u00e9taient contre les id\u00e9es des r\u00e9volutionnaires parisiens.<\/p>\n\n\n\n<p><a id=\"sonaar_ts-6927d0e5c3379\" class=\"srmp3_sonaar_ts_shortcode\"  style=\"\" href=\"javascript:sonaar_ts_shortcode({ trackid:'0', time:'00:34:35', ts_id:'6927d0e5c3379', play_icon:'' }) ;\">[00:34:35]<\/a> Comme je vous l\u2019ai dit, Napol\u00e9on n\u2019aime pas le bazar donc cette situation ne lui convient pas du tout. Il d\u00e9cide d\u2019y rem\u00e9dier en centralisant tous les pouvoirs \u00e0 Paris. Et pour \u00eatre s\u00fbr que ses d\u00e9cisions soient bien appliqu\u00e9es partout sur le territoire, il cr\u00e9e une nouvelle fonction : la fonction de pr\u00e9fet. Il choisit personnellement un pr\u00e9fet pour chaque d\u00e9partement. Ces pr\u00e9fets ont pour mission de repr\u00e9senter l\u2019\u00c9tat dans les localit\u00e9s, de faire en sorte que l\u2019imp\u00f4t soit collect\u00e9 correctement, et d\u2019organiser les lev\u00e9es en masse, autrement dit la conscription. Oui parce que Napol\u00e9on a besoin de beaucoup d\u2019hommes et d\u2019argent pour ses guerres.<\/p>\n\n\n\n<p><a id=\"sonaar_ts-6927d0e5c3382\" class=\"srmp3_sonaar_ts_shortcode\"  style=\"\" href=\"javascript:sonaar_ts_shortcode({ trackid:'0', time:'00:35:21', ts_id:'6927d0e5c3382', play_icon:'' }) ;\">[00:35:21]<\/a> Ce poste de pr\u00e9fet existe encore aujourd\u2019hui, c\u2019est ce qu\u2019on appelle un poste de \u00abhaut fonctionnaire\u00bb (les fonctionnaires, ce sont les employ\u00e9s des pouvoirs publics). Il y a un pr\u00e9fet dans chaque d\u00e9partement et dans chaque r\u00e9gion du pays. Alors, leurs missions sont un peu diff\u00e9rentes, mais ils sont toujours charg\u00e9s de repr\u00e9senter l\u2019\u00c9tat dans les r\u00e9gions. Et ils sont un des symboles de la tr\u00e8s forte centralisation du pouvoir en France.<\/p>\n\n\n\n<p><a id=\"sonaar_ts-6927d0e5c3387\" class=\"srmp3_sonaar_ts_shortcode\"  style=\"\" href=\"javascript:sonaar_ts_shortcode({ trackid:'0', time:'00:35:50', ts_id:'6927d0e5c3387', play_icon:'' }) ;\">[00:35:50]<\/a> Une autre invention de Napol\u00e9on qui a perdur\u00e9 jusqu\u2019\u00e0 nos jours, c\u2019est la L\u00e9gion d\u2019honneur. Peut-\u00eatre que vous en avez d\u00e9j\u00e0 entendu parler, c\u2019est la plus haute distinction, la plus haute d\u00e9coration honorifique fran\u00e7aise. On l\u2019offre aux Fran\u00e7ais et aux Fran\u00e7aises qui ont rendu des services exceptionnels au pays, aussi bien \u00e0 des militaires que des scientifiques, des artistes, des sportifs ou des chefs d\u2019entreprise.<\/p>\n\n\n\n<p><a id=\"sonaar_ts-6927d0e5c338c\" class=\"srmp3_sonaar_ts_shortcode\"  style=\"\" href=\"javascript:sonaar_ts_shortcode({ trackid:'0', time:'00:36:19', ts_id:'6927d0e5c338c', play_icon:'' }) ;\">[00:36:19]<\/a> La L\u00e9gion d\u2019honneur, c\u2019est plus qu\u2019une simple r\u00e9compense symbolique. C\u2019est quelque chose qui vous donne un certain statut, qui vous \u00abouvre des portes\u00bb comme on dit. C\u2019est peut-\u00eatre moins le cas aujourd\u2019hui, mais quand Napol\u00e9on l\u2019a cr\u00e9\u00e9e, c\u2019\u00e9tait un v\u00e9ritable ascenseur social. Peu importe vos origines, quand vous obteniez la L\u00e9gion d\u2019honneur, vous montiez tout de suite dans la hi\u00e9rarchie sociale.<\/p>\n\n\n\n<p><a id=\"sonaar_ts-6927d0e5c3390\" class=\"srmp3_sonaar_ts_shortcode\"  style=\"\" href=\"javascript:sonaar_ts_shortcode({ trackid:'0', time:'00:36:45', ts_id:'6927d0e5c3390', play_icon:'' }) ;\">[00:36:45]<\/a> Le but de Napol\u00e9on, c\u2019\u00e9tait de cr\u00e9er une nouvelle \u00e9lite bas\u00e9e sur les m\u00e9rites individuels et pas sur la naissance. Souvenez-vous qu\u2019\u00e0 l\u2019\u00e9cole, il \u00e9tait discrimin\u00e9 \u00e0 cause de ses origines et que sans la R\u00e9volution, il aurait \u00e9t\u00e9 bloqu\u00e9 toute sa vie au grade de lieutenant. Donc il s\u2019est dit qu\u2019avec la L\u00e9gion d\u2019honneur, il pourrait s\u00e9lectionner et r\u00e9compenser les personnes selon leur m\u00e9rite, et que \u00e7a serait un bon moyen de motiver les gens \u00e0 se d\u00e9passer, \u00e0 travailler plus pour accomplir des exploits. D\u2019ailleurs, Napol\u00e9on a aussi cr\u00e9\u00e9 les lyc\u00e9es et le baccalaur\u00e9at, le dipl\u00f4me que les lyc\u00e9ens passent \u00e0 la fin du lyc\u00e9e, avant de commencer leurs \u00e9tudes sup\u00e9rieures.<\/p>\n\n\n\n<p><a id=\"sonaar_ts-6927d0e5c3395\" class=\"srmp3_sonaar_ts_shortcode\"  style=\"\" href=\"javascript:sonaar_ts_shortcode({ trackid:'0', time:'00:37:34', ts_id:'6927d0e5c3395', play_icon:'' }) ;\">[00:37:34]<\/a> Mais la plus importante cr\u00e9ation napol\u00e9onienne, elle concerne le domaine juridique, le domaine du droit. C\u2019est le c\u00e9l\u00e8bre Code civil, bien s\u00fbr (qu\u2019on appelle aussi parfois le \u00abCode Napol\u00e9on\u00bb ou \u00abCode napol\u00e9onien\u00bb). Alors, ce n\u2019est pas lui qui en a eu l\u2019id\u00e9e. En fait, c\u2019\u00e9tait un projet qui existait depuis Louis XIV et qui avait \u00e9t\u00e9 repris par les R\u00e9volutionnaires. L\u2019objectif, c\u2019\u00e9tait d\u2019unifier les lois sur tout le territoire fran\u00e7ais et de remplacer le droit f\u00e9odal, autrement dit les lois du Moyen- ge. Mais c\u2019\u00e9tait un projet tellement \u00e9norme que personne n\u2019avait r\u00e9ussi \u00e0 le mener \u00e0 bien, \u00e0 le r\u00e9aliser.<\/p>\n\n\n\n<p><a id=\"sonaar_ts-6927d0e5c3399\" class=\"srmp3_sonaar_ts_shortcode\"  style=\"\" href=\"javascript:sonaar_ts_shortcode({ trackid:'0', time:'00:38:18', ts_id:'6927d0e5c3399', play_icon:'' }) ;\">[00:38:18]<\/a> J\u2019imagine que vous commencez \u00e0 cerner un peu la personnalit\u00e9 de Napol\u00e9on, autrement dit \u00e0 mieux le conna\u00eetre. Vous avez compris que sa passion, c\u2019\u00e9tait l\u2019organisation (la guerre aussi, mais \u00e7a, on va en reparler). C\u2019\u00e9tait un r\u00e9formateur hors pair, un r\u00e9formateur sans \u00e9gal. C\u2019\u00e9tait aussi un bourreau de travail. On dit qu\u2019il travaillait souvent 18 heures par jour. Donc Napol\u00e9on a pris ce projet de Code civil, il s\u2019est entour\u00e9 des meilleurs juristes du pays, et tout le monde s\u2019est mis au travail. Et en 1804, juste avant de devenir Empereur, il a promulgu\u00e9 le Code civil; 36 lois qui fixaient le droit des personnes, de la famille, de la propri\u00e9t\u00e9, des obligations et des contrats. C\u2019\u00e9tait un texte \u00e9crit dans un fran\u00e7ais clair et concis, tr\u00e8s diff\u00e9rent du style de l\u2019\u00e9poque, et qu\u2019on admire encore aujourd\u2019hui. D\u2019ailleurs, le Code napol\u00e9onien a eu une grande influence en Europe.<\/p>\n\n\n\n<p><a id=\"sonaar_ts-6927d0e5c33a2\" class=\"srmp3_sonaar_ts_shortcode\"  style=\"\" href=\"javascript:sonaar_ts_shortcode({ trackid:'0', time:'00:39:22', ts_id:'6927d0e5c33a2', play_icon:'' }) ;\">[00:39:22]<\/a> Le Code civil a rempli sa mission, il a permis d\u2019unifier les lois dans toute la France. Par contre, pour les femmes, il a \u00e9t\u00e9 un vrai retour en arri\u00e8re. On peut dire que le Code napol\u00e9onien a inscrit le patriarcat dans le droit. Par exemple, une des lois dit, je cite : \u00able mari doit la protection \u00e0 sa femme et la femme ob\u00e9issance \u00e0 son mari.\u00bb La femme ne peut accomplir aucun acte juridique sans l\u2019accord de son mari. Elle ne peut m\u00eame pas exercer la profession de son choix. Et la nationalit\u00e9 est transmise aux enfants seulement par le p\u00e8re.<\/p>\n\n\n\n<p><a id=\"sonaar_ts-6927d0e5c33a6\" class=\"srmp3_sonaar_ts_shortcode\"  style=\"\" href=\"javascript:sonaar_ts_shortcode({ trackid:'0', time:'00:40:03', ts_id:'6927d0e5c33a6', play_icon:'' }) ;\">[00:40:03]<\/a> Donc globalement, c\u2019est un retour \u00e0 la situation de l\u2019Ancien r\u00e9gime, alors que pendant la R\u00e9volution, les femmes avaient obtenu de nouveaux droits. Quand Napol\u00e9on promulgue le Code civil, elles perdent tous ces nouveaux droits au profit de leur mari. C\u2019est une des raisons pour lesquelles les f\u00e9ministes fran\u00e7aises ne sont pas des grandes fans de l\u2019Empereur.<\/p>\n\n\n\n<p><a id=\"sonaar_ts-6927d0e5c33ab\" class=\"srmp3_sonaar_ts_shortcode\"  style=\"\" href=\"javascript:sonaar_ts_shortcode({ trackid:'0', time:'00:40:27', ts_id:'6927d0e5c33ab', play_icon:'' }) ;\">[00:40:27]<\/a> Mais celles et ceux qui ont le plus perdu \u00e0 cause de Napol\u00e9on, ce sont les esclaves des colonies fran\u00e7aises, ou plut\u00f4t les anciens esclaves. Parce que oui, quelques ann\u00e9es plus t\u00f4t, en 1794, les R\u00e9volutionnaires fran\u00e7ais ont vot\u00e9 l\u2019abolition de l\u2019esclavage. Alors, la loi n\u2019\u00e9tait pas appliqu\u00e9e dans toutes les colonies parce que certains colons refusaient de s\u2019y soumettre. Mais par exemple \u00e0 Saint-Domingue, la colonie fran\u00e7aise la plus riche, oui. Les esclaves \u00e9taient devenus libres. \u00c7a, si vous avez \u00e9cout\u00e9 l\u2019\u00e9pisode 78 sur Ha\u00efti, vous le savez d\u00e9j\u00e0.<\/p>\n\n\n\n<p><a id=\"sonaar_ts-6927d0e5c33b0\" class=\"srmp3_sonaar_ts_shortcode\"  style=\"\" href=\"javascript:sonaar_ts_shortcode({ trackid:'0', time:'00:41:06', ts_id:'6927d0e5c33b0', play_icon:'' }) ;\">[00:41:06]<\/a> Vous vous souvenez peut-\u00eatre aussi qu\u2019en 1802, Napol\u00e9on envoie son arm\u00e9e pour combattre le g\u00e9n\u00e9ral ha\u00eftien Toussaint-Louverture qui a des ambitions d\u2019ind\u00e9pendance pour son \u00eele. \u00c0 cette \u00e9poque, Saint-Domingue (qui a \u00e9t\u00e9 renomm\u00e9e Ha\u00efti ensuite), c\u2019est la plus riche des colonies fran\u00e7aises. On y produit principalement du sucre. Donc pour Napol\u00e9on et les colons fran\u00e7ais, il est hors de question de la perdre. C\u2019est pour \u00e7a qu\u2019il envoie son arm\u00e9e en donnant \u00e0 ses g\u00e9n\u00e9raux la consigne secr\u00e8te de r\u00e9tablir l\u2019esclavage, et il fait adopter une loi pour le maintenir dans les colonies o\u00f9 l\u2019abolition n\u2019a pas encore \u00e9t\u00e9 appliqu\u00e9e.<\/p>\n\n\n\n<p><a id=\"sonaar_ts-6927d0e5c33b9\" class=\"srmp3_sonaar_ts_shortcode\"  style=\"\" href=\"javascript:sonaar_ts_shortcode({ trackid:'0', time:'00:41:50', ts_id:'6927d0e5c33b9', play_icon:'' }) ;\">[00:41:50]<\/a> Heureusement, les Ha\u00eftiens r\u00e9ussissent \u00e0 battre l\u2019arm\u00e9e fran\u00e7aise et \u00e0 obtenir leur ind\u00e9pendance. Mais pour les autres colonies, le mal est fait : l\u2019esclavage est r\u00e9tabli et il faudra attendre jusqu\u2019en 1848 pour qu\u2019il soit \u00e0 nouveau aboli. Donc \u00e0 cause de Napol\u00e9on, des centaines de milliers d\u2019esclaves ont perdu un demi-si\u00e8cle de libert\u00e9.<\/p>\n\n\n\n<p><a id=\"sonaar_ts-6927d0e5c33bd\" class=\"srmp3_sonaar_ts_shortcode\"  style=\"\" href=\"javascript:sonaar_ts_shortcode({ trackid:'0', time:'00:42:16', ts_id:'6927d0e5c33bd', play_icon:'' }) ;\">[00:42:16]<\/a> Juste apr\u00e8s cette d\u00e9faite, Napol\u00e9on commet une deuxi\u00e8me erreur en Am\u00e9rique, une erreur moins grave parce qu\u2019elle a seulement eu des cons\u00e9quences \u00e9conomiques. Il d\u00e9cide de vendre la Louisiane aux \u00c9tats-Unis en 1803, ou plut\u00f4t de \u00abbrader\u00bb la Louisiane. \u00abBrader\u00bb, \u00e7a veut dire \u00abvendre quelque chose \u00e0 un prix tr\u00e8s bas pour s\u2019en d\u00e9barrasser.\u00bb Parce que oui, il ne faut pas oublier que les Fran\u00e7ais ont colonis\u00e9 une grande partie du territoire nord am\u00e9ricain eux aussi. Mais Napol\u00e9on pense qu\u2019il n\u2019est pas possible de d\u00e9velopper ce territoire car il est trop loin de la m\u00e9tropole et que les Anglais contr\u00f4lent l\u2019oc\u00e9an Atlantique. En 1803, Napol\u00e9on sait qu\u2019il va avoir besoin d\u2019argent pour financer les guerres \u00e0 venir, donc il vend la Louisiane aux \u00c9tats-Unis. Et beaucoup d\u2019historiens consid\u00e8rent que cette d\u00e9cision a \u00e9t\u00e9 une erreur strat\u00e9gique.<\/p>\n\n\n\n<p><a id=\"sonaar_ts-6927d0e5c33c2\" class=\"srmp3_sonaar_ts_shortcode\"  style=\"\" href=\"javascript:sonaar_ts_shortcode({ trackid:'0', time:'00:43:20', ts_id:'6927d0e5c33c2', play_icon:'' }) ;\">[00:43:20]<\/a> Maintenant, on va parler de la grande passion de Napol\u00e9on : la guerre. Je ne vais pas entrer dans les d\u00e9tails parce qu\u2019il y aurait de quoi faire tout un autre \u00e9pisode. Et puis, j\u2019imagine que ce sont des choses que vous connaissez peut-\u00eatre d\u00e9j\u00e0. Si vous vivez en Europe, il y a de grandes chances que l\u2019arm\u00e9e napol\u00e9onienne soit pass\u00e9e par chez vous, en laissant de mauvais souvenirs&#8230;<\/p>\n\n\n\n<p><a id=\"sonaar_ts-6927d0e5c33c7\" class=\"srmp3_sonaar_ts_shortcode\"  style=\"\" href=\"javascript:sonaar_ts_shortcode({ trackid:'0', time:'00:43:42', ts_id:'6927d0e5c33c7', play_icon:'' }) ;\">[00:43:42]<\/a> Alors, essayons de r\u00e9sumer les guerres qui reprennent en 1805. D\u00e9j\u00e0, on peut dire que la France est seule contre tous. Les monarchies europ\u00e9ennes sont terrifi\u00e9es \u00e0 l\u2019id\u00e9e que les valeurs de la R\u00e9volution se propagent, d\u2019autant plus que l\u2019homme \u00e0 la t\u00eate du pays est un strat\u00e8ge militaire de g\u00e9nie qui a soif de conqu\u00eates.<\/p>\n\n\n\n<p><a id=\"sonaar_ts-6927d0e5c33cb\" class=\"srmp3_sonaar_ts_shortcode\"  style=\"\" href=\"javascript:sonaar_ts_shortcode({ trackid:'0', time:'00:44:04', ts_id:'6927d0e5c33cb', play_icon:'' }) ;\">[00:44:04]<\/a> Le fil rouge de Napol\u00e9on, l\u2019id\u00e9e qu\u2019il a constamment en t\u00eate depuis ses d\u00e9buts dans l\u2019arm\u00e9e, c\u2019est d\u2019envahir l\u2019ennemi de toujours : le Royaume-Uni. Il pense que c\u2019est le seul moyen d\u2019obtenir la paix. En face, le Royaume-Uni sent cette menace napol\u00e9onienne, donc il d\u00e9cide de former des coalitions avec les autres monarchies europ\u00e9ennes pour mettre fin \u00e0 la domination fran\u00e7aise.<\/p>\n\n\n\n<p><a id=\"sonaar_ts-6927d0e5c33d0\" class=\"srmp3_sonaar_ts_shortcode\"  style=\"\" href=\"javascript:sonaar_ts_shortcode({ trackid:'0', time:'00:44:41', ts_id:'6927d0e5c33d0', play_icon:'' }) ;\">[00:44:41]<\/a> Au d\u00e9but, Napol\u00e9on remporte toutes les batailles. Il conquiert les pays voisins les uns apr\u00e8s les autres, et il en profite pour mettre les membres de sa famille sur les tr\u00f4nes de ces monarchies. En 1812, le Grand Empire est \u00e0 son apog\u00e9e. Il compte 134 d\u00e9partements, de Hambourg \u00e0 Rome et Barcelone, plus d\u2019autres \u00c9tats qui n\u2019en font pas partie mais qui sont sous domination fran\u00e7aise. Jamais la France n\u2019a eu un territoire aussi vaste.<\/p>\n\n\n\n<p><a id=\"sonaar_ts-6927d0e5c33d8\" class=\"srmp3_sonaar_ts_shortcode\"  style=\"\" href=\"javascript:sonaar_ts_shortcode({ trackid:'0', time:'00:45:03', ts_id:'6927d0e5c33d8', play_icon:'' }) ;\">[00:45:03]<\/a> Le probl\u00e8me, c\u2019est que Napol\u00e9on a les yeux plus gros que le ventre. Il est comme un joueur au casino qui ne fait que gagner \u00e0 la roulette. Il croit qu\u2019il ne peut pas perdre, alors il continue de jouer, il prend de plus en plus de risques. Et en 1812, l\u2019Empereur prend un risque qui va lui \u00eatre fatal : il attaque la Russie du tsar Alexandre 1er. M\u00eame si sa Grande Arm\u00e9e va arriver jusqu\u2019\u00e0 Moscou, cette guerre va \u00eatre un d\u00e9sastre. La strat\u00e9gie de la \u00abterre br\u00fbl\u00e9e\u00bb adopt\u00e9e par les Russes et la duret\u00e9 de l\u2019hiver vont causer sa d\u00e9faite et d\u00e9cimer la Grande Arm\u00e9e.<\/p>\n\n\n\n<p><a id=\"sonaar_ts-6927d0e5c33dd\" class=\"srmp3_sonaar_ts_shortcode\"  style=\"\" href=\"javascript:sonaar_ts_shortcode({ trackid:'0', time:'00:45:45', ts_id:'6927d0e5c33dd', play_icon:'' }) ;\">[00:45:45]<\/a> D\u2019ailleurs, une de ces batailles est devenue une expression dans la langue fran\u00e7aise : la B\u00e9r\u00e9zina. La B\u00e9r\u00e9zina, c\u2019est le nom d\u2019une rivi\u00e8re russe pr\u00e8s de laquelle il y a eu une bataille qui a fait des milliers de morts dans le camp fran\u00e7ais. Donc maintenant, quand on dit \u00abc\u2019est la B\u00e9r\u00e9zina\u00bb, par exemple pendant un match de foot, \u00e7a veut dire que c\u2019est un \u00e9chec cuisant, une d\u00e9faite totale.<\/p>\n\n\n\n<p><a id=\"sonaar_ts-6927d0e5c33e2\" class=\"srmp3_sonaar_ts_shortcode\"  style=\"\" href=\"javascript:sonaar_ts_shortcode({ trackid:'0', time:'00:46:11', ts_id:'6927d0e5c33e2', play_icon:'' }) ;\">[00:46:11]<\/a> Cette d\u00e9faite de Napol\u00e9on en Russie, elle redonne de l\u2019espoir \u00e0 ses adversaires. Ils comprennent que l\u2019Empereur n\u2019est pas invincible. Les monarchies europ\u00e9ennes forment donc une nouvelle coalition (la 6\u00e8me depuis la R\u00e9volution !), et cette coalition r\u00e9ussit enfin \u00e0 vaincre Napol\u00e9on en 1814. Il est oblig\u00e9 d\u2019abdiquer et il est exil\u00e9 \u00e0 l\u2019\u00eele d\u2019Elbe, une petite \u00eele au large de l\u2019Italie. Mais Napol\u00e9on n\u2019a pas dit son dernier mot. Il revient en France quelques mois plus tard et il reprend le pouvoir. C\u2019est ce qu\u2019on appelle la p\u00e9riode des Cent-jours. Mais il subit une nouvelle d\u00e9faite \u00e0 la bataille de Waterloo, et il doit abdiquer une seconde fois. Cette fois, les Anglais d\u00e9cident de l\u2019exiler loin, tr\u00e8s loin, au milieu de l\u2019oc\u00e9an Atlantique, sur l\u2019\u00eele de Sainte-H\u00e9l\u00e8ne. Il y meurt de maladie 6 ans plus tard, \u00e0 l\u2019\u00e2ge de 51 ans.<\/p>\n\n\n\n<p><a id=\"sonaar_ts-6927d0e5c33e7\" class=\"srmp3_sonaar_ts_shortcode\"  style=\"\" href=\"javascript:sonaar_ts_shortcode({ trackid:'0', time:'00:47:16', ts_id:'6927d0e5c33e7', play_icon:'' }) ;\">[00:47:16]<\/a> Napol\u00e9on est n\u00e9 sur une \u00eele, il a pris le pouvoir en France puis conquis l\u2019Europe, avant de mourir exil\u00e9 sur une autre \u00eele. Ses adorateurs pensent qu\u2019il est le plus grand h\u00e9ros que la France ait connu.<\/p>\n\n\n\n<p><a id=\"sonaar_ts-6927d0e5c33eb\" class=\"srmp3_sonaar_ts_shortcode\"  style=\"\" href=\"javascript:sonaar_ts_shortcode({ trackid:'0', time:'00:47:31', ts_id:'6927d0e5c33eb', play_icon:'' }) ;\">[00:47:31]<\/a> Mais quand on regarde son bilan de plus pr\u00e8s, on peut en douter. D\u00e9j\u00e0, les guerres napol\u00e9oniennes ont fait des millions de morts dans toute l\u2019Europe, dont 1,7 millions de Fran\u00e7ais. C\u2019est une catastrophe d\u00e9mographique qui va p\u00e9naliser le pays pendant toute la 1\u00e8re moiti\u00e9 du XIX\u00e8me si\u00e8cle.<\/p>\n\n\n\n<p><a id=\"sonaar_ts-6927d0e5c33f0\" class=\"srmp3_sonaar_ts_shortcode\"  style=\"\" href=\"javascript:sonaar_ts_shortcode({ trackid:'0', time:'00:47:50', ts_id:'6927d0e5c33f0', play_icon:'' }) ;\">[00:47:50]<\/a> En 1815, apr\u00e8s la d\u00e9faite face \u00e0 la coalition, la France perd non seulement les conqu\u00eates napol\u00e9oniennes, mais aussi celles des r\u00e9volutionnaires et une partie de ses colonies. Donc Napol\u00e9on laisse une France plus petite qu\u2019il ne l\u2019a trouv\u00e9e en arrivant au pouvoir, une France qui, en plus, a perdu son influence internationale au profit de l\u2019Angleterre. Et bien s\u00fbr, le pays est ruin\u00e9 \u00e0 cause de toutes les indemnit\u00e9s de guerre qu\u2019il doit verser aux autres monarchies.<\/p>\n\n\n\n<p><a id=\"sonaar_ts-6927d0e5c33f8\" class=\"srmp3_sonaar_ts_shortcode\"  style=\"\" href=\"javascript:sonaar_ts_shortcode({ trackid:'0', time:'00:48:22', ts_id:'6927d0e5c33f8', play_icon:'' }) ;\">[00:48:22]<\/a> Pour finir, certains historiens pensent aussi que c\u2019est Napol\u00e9on qui a donn\u00e9 naissance au sentiment nationaliste en Europe, notamment en Prusse, avec les cons\u00e9quences qu\u2019on connait.<\/p>\n\n\n\n<p><a id=\"sonaar_ts-6927d0e5c33fd\" class=\"srmp3_sonaar_ts_shortcode\"  style=\"\" href=\"javascript:sonaar_ts_shortcode({ trackid:'0', time:'00:48:43', ts_id:'6927d0e5c33fd', play_icon:'' }) ;\">[00:48:43]<\/a> Voil\u00e0, on arrive \u00e0 la fin de cet \u00e9pisode. J\u2019ai essay\u00e9 de vous donner une vision nuanc\u00e9e de ce personnage historique, de ne pas tomber dans le manich\u00e9isme ou la caricature. Mon but, ce n\u2019\u00e9tait pas de faire le proc\u00e8s de Napol\u00e9on. Il est mort depuis deux si\u00e8cles donc \u00e7a n\u2019aurait pas servi \u00e0 grand-chose ! J\u2019esp\u00e8re juste que maintenant, vous comprenez mieux le contexte dans lequel il est arriv\u00e9 au pouvoir, ce qu\u2019il en a fait et pourquoi il suscite \u00e0 la fois haine et fascination. Si vous voulez en apprendre plus, il y a un excellent podcast en neuf \u00e9pisodes sur France Inter intitul\u00e9 \u00abNapol\u00e9on, l\u2019homme qui ne meurt jamais\u00bb. Je mettrai le lien sur la page de l\u2019\u00e9pisode avec les autres sources.<\/p>\n\n\n\n<p><a id=\"sonaar_ts-6927d0e5c3401\" class=\"srmp3_sonaar_ts_shortcode\"  style=\"\" href=\"javascript:sonaar_ts_shortcode({ trackid:'0', time:'00:49:25', ts_id:'6927d0e5c3401', play_icon:'' }) ;\">[00:49:25]<\/a> Merci d\u2019\u00eatre toujours plus nombreux \u00e0 \u00e9couter le podcast. Merci pour toutes vos \u00e9valuations sur Apple Podcasts. Il y en a eu beaucoup r\u00e9cemment donc \u00e7a me fait chaud au c\u0153ur ! Et je vous dis \u00e0 bient\u00f4t pour une nouvelle histoire, salut !&nbsp;<\/p>\n\n\n\n<p><\/p>\n","protected":false},"excerpt":{"rendered":"<p>Salut \u00e0 toutes et \u00e0 tous, bienvenue ! J\u2019esp\u00e8re que vous \u00eates en forme. Moi, \u00e7a va m\u00eame si aujourd\u2019hui, c\u2019est une journ\u00e9e assez charg\u00e9e parce qu\u2019avec ma copine, on est en plein d\u00e9m\u00e9nagement mais pas pour rentrer \u00e0 Varsovie, pas tout de suite. On a encore quelques mois \u00e0 passer \u00e0 Cracovie. C\u2019est juste&#8230;<\/p>\n","protected":false},"author":1,"featured_media":289666,"comment_status":"open","ping_status":"open","sticky":false,"template":"","format":[189],"meta":{"_acf_changed":false,"_kad_blocks_custom_css":"","_kad_blocks_head_custom_js":"","_kad_blocks_body_custom_js":"","_kad_blocks_footer_custom_js":"","_kad_post_transparent":"","_kad_post_title":"","_kad_post_layout":"","_kad_post_sidebar_id":"","_kad_post_content_style":"","_kad_post_vertical_padding":"","_kad_post_feature":"","_kad_post_feature_position":"","_kad_post_header":false,"_kad_post_footer":false,"_kad_post_classname":"","footnotes":""},"categories":[168],"tags":[175,180],"class_list":["post-9603","post","type-post","status-publish","format-standard","has-post-thumbnail","hentry","category-podcast","tag-france","tag-histoire","format-solo-hugo"],"acf":[],"taxonomy_info":{"category":[{"value":168,"label":"Podcast"}],"post_tag":[{"value":175,"label":"France"},{"value":180,"label":"Histoire"}],"format":[{"value":189,"label":"Solo Hugo"}]},"featured_image_src_large":["https:\/\/innerfrench.com\/wp-content\/uploads\/2024\/01\/93-Napoleon-750x406.jpg",750,406,true],"author_info":{"display_name":"Hugo","author_link":"https:\/\/innerfrench.com\/author\/innerfrench-2-2-2-2-2-2-2-2-2-2-2-2-2-2-2-2-2-2-2\/"},"comment_info":17,"category_info":[{"term_id":168,"name":"Podcast","slug":"podcast","term_group":0,"term_taxonomy_id":168,"taxonomy":"category","description":"","parent":0,"count":185,"filter":"raw","cat_ID":168,"category_count":185,"category_description":"","cat_name":"Podcast","category_nicename":"podcast","category_parent":0}],"tag_info":[{"term_id":175,"name":"France","slug":"france","term_group":0,"term_taxonomy_id":175,"taxonomy":"post_tag","description":"","parent":0,"count":100,"filter":"raw"},{"term_id":180,"name":"Histoire","slug":"histoire","term_group":0,"term_taxonomy_id":180,"taxonomy":"post_tag","description":"","parent":0,"count":35,"filter":"raw"}],"_links":{"self":[{"href":"https:\/\/innerfrench.com\/wp-json\/wp\/v2\/posts\/9603","targetHints":{"allow":["GET"]}}],"collection":[{"href":"https:\/\/innerfrench.com\/wp-json\/wp\/v2\/posts"}],"about":[{"href":"https:\/\/innerfrench.com\/wp-json\/wp\/v2\/types\/post"}],"author":[{"embeddable":true,"href":"https:\/\/innerfrench.com\/wp-json\/wp\/v2\/users\/1"}],"replies":[{"embeddable":true,"href":"https:\/\/innerfrench.com\/wp-json\/wp\/v2\/comments?post=9603"}],"version-history":[{"count":1,"href":"https:\/\/innerfrench.com\/wp-json\/wp\/v2\/posts\/9603\/revisions"}],"predecessor-version":[{"id":293813,"href":"https:\/\/innerfrench.com\/wp-json\/wp\/v2\/posts\/9603\/revisions\/293813"}],"wp:featuredmedia":[{"embeddable":true,"href":"https:\/\/innerfrench.com\/wp-json\/wp\/v2\/media\/289666"}],"wp:attachment":[{"href":"https:\/\/innerfrench.com\/wp-json\/wp\/v2\/media?parent=9603"}],"wp:term":[{"taxonomy":"category","embeddable":true,"href":"https:\/\/innerfrench.com\/wp-json\/wp\/v2\/categories?post=9603"},{"taxonomy":"post_tag","embeddable":true,"href":"https:\/\/innerfrench.com\/wp-json\/wp\/v2\/tags?post=9603"},{"taxonomy":"format","embeddable":true,"href":"https:\/\/innerfrench.com\/wp-json\/wp\/v2\/format?post=9603"}],"curies":[{"name":"wp","href":"https:\/\/api.w.org\/{rel}","templated":true}]}}