{"id":962,"date":"2018-08-02T17:08:00","date_gmt":"2018-08-02T15:08:00","guid":{"rendered":"https:\/\/innerfrench.com\/?p=962"},"modified":"2025-10-02T12:20:27","modified_gmt":"2025-10-02T10:20:27","slug":"47-etre-francais-identite","status":"publish","type":"post","link":"https:\/\/innerfrench.com\/47-etre-francais-identite\/","title":{"rendered":"#47 Qu&#8217;est-ce que \u00e7a veut dire, &#8220;\u00eatre fran\u00e7ais&#8221; ?"},"content":{"rendered":"\n<p>Salut \u00e0 tous et bienvenue ! Je suis tr\u00e8s content de vous retrouver apr\u00e8s cette longue pause. Si vous avez \u00e9cout\u00e9 le dernier \u00e9pisode, j&#8217;avais annonc\u00e9 que je ne publierais pas d&#8217;\u00e9pisode au mois de juillet pour me reposer un peu. Mais voil\u00e0, maintenant je suis de retour, c&#8217;est le mois d&#8217;ao\u00fbt. Je suis tr\u00e8s content de pouvoir \u00e0 nouveau vous parler et j&#8217;esp\u00e8re que vous vous \u00eates contents d&#8217;entendre ma voix !<\/p>\n\n\n\n<p><a id=\"sonaar_ts-6927d3c121dc8\" class=\"srmp3_sonaar_ts_shortcode\"  style=\"\" href=\"javascript:sonaar_ts_shortcode({ trackid:'0', time:'00:00:44', ts_id:'6927d3c121dc8', play_icon:'' }) ;\">[00:00:44]<\/a> Je me suis pr\u00e9par\u00e9 \u00e0 un bon caf\u00e9 que je vais boire en enregistrant cet \u00e9pisode. Les conditions sont id\u00e9ales ! En fait, bon, il fait un peu chaud \u00e0 Varsovie parce qu&#8217;il fait 30 degr\u00e9s depuis plusieurs semaines maintenant. Mais voil\u00e0, je vais essayer de rester concentr\u00e9 pendant tout l&#8217;\u00e9pisode. Je suis s\u00fbr que \u00e7a va bien se passer.<\/p>\n\n\n\n<p><a id=\"sonaar_ts-6927d3c121dd7\" class=\"srmp3_sonaar_ts_shortcode\"  style=\"\" href=\"javascript:sonaar_ts_shortcode({ trackid:'0', time:'00:01:11', ts_id:'6927d3c121dd7', play_icon:'' }) ;\">[00:01:11]<\/a> J&#8217;ai profit\u00e9 de cette pause pour me reposer un peu. Je suis all\u00e9 passer quelques jours \u00e0 Berlin chez un ami et je dois dire que j&#8217;adore la capitale allemande. C&#8217;est une ville qui est vraiment g\u00e9niale. Elle est multiculturelle, il y a beaucoup d&#8217;espaces verts et il y a de bons restos, de bons bars et de bons caf\u00e9s. C&#8217;est une ville qui est aussi moins ch\u00e8re que Paris donc on peut vraiment se faire plaisir.<\/p>\n\n\n\n<p><a id=\"sonaar_ts-6927d3c121ddf\" class=\"srmp3_sonaar_ts_shortcode\"  style=\"\" href=\"javascript:sonaar_ts_shortcode({ trackid:'0', time:'00:01:43', ts_id:'6927d3c121ddf', play_icon:'' }) ;\">[00:01:43]<\/a> D&#8217;ailleurs, c&#8217;est une ville qui est de plus en plus populaire chez les jeunes Fran\u00e7ais et en g\u00e9n\u00e9ral chez les jeunes Europ\u00e9ens parce que pour faire la f\u00eate, il n&#8217;y a pas de meilleur endroit en Europe ! Moi aussi, quand j&#8217;\u00e9tais un peu plus jeune, j&#8217;ai pas mal fait la f\u00eate \u00e0 Berlin mais maintenant, quand j&#8217;y vais, c&#8217;est plut\u00f4t pour passer du temps avec mes amis, pour boire des caf\u00e9s, tester des nouveaux restaurants, etc.<\/p>\n\n\n\n<p><a id=\"sonaar_ts-6927d3c121de5\" class=\"srmp3_sonaar_ts_shortcode\"  style=\"\" href=\"javascript:sonaar_ts_shortcode({ trackid:'0', time:'00:02:13', ts_id:'6927d3c121de5', play_icon:'' }) ;\">[00:02:13]<\/a> Bref, j&#8217;ai pass\u00e9 seulement quelques jours \u00e0 Berlin malheureusement et le reste du temps j&#8217;ai travaill\u00e9. Donc oui, je vous ai dit que j&#8217;allais me reposer mais j&#8217;avais beaucoup de travail \u00e0 faire pour mon programme. Vous savez que je pr\u00e9pare un programme pour vous. Et voil\u00e0, il y avait beaucoup de choses \u00e0 faire et j&#8217;ai profit\u00e9 de ce mois de juillet un peu plus calme pour vraiment me concentrer sur \u00e7a et pour avancer. J&#8217;ai fait pas mal de progr\u00e8s parce que la premi\u00e8re semaine du programme est termin\u00e9e. Il me reste encore beaucoup de travail, il reste encore trois semaines de contenus \u00e0 faire parce que c&#8217;est un programme qui va durer un mois.<\/p>\n\n\n\n<p><a id=\"sonaar_ts-6927d3c121deb\" class=\"srmp3_sonaar_ts_shortcode\"  style=\"\" href=\"javascript:sonaar_ts_shortcode({ trackid:'0', time:'00:03:01', ts_id:'6927d3c121deb', play_icon:'' }) ;\">[00:03:01]<\/a> J&#8217;avais dit au d\u00e9part qu&#8217;il durerait trois mois mais finalement je vais publier la premi\u00e8re partie de seulement un mois et on verra ensuite pour le reste. Pour le moment, ce sont certains de mes \u00e9l\u00e8ves qui testent la premi\u00e8re semaine pour voir si tout est clair, s&#8217;ils ont des remarques et des choses que je peux am\u00e9liorer. Et si tout va bien, au mois de septembre je pourrai enfin publier ce programme.<\/p>\n\n\n\n<p><a id=\"sonaar_ts-6927d3c121df1\" class=\"srmp3_sonaar_ts_shortcode\"  style=\"\" href=\"javascript:sonaar_ts_shortcode({ trackid:'0', time:'00:03:34', ts_id:'6927d3c121df1', play_icon:'' }) ;\">[00:03:34]<\/a> Dans le dernier \u00e9pisode avant la pause. Je vous avais demand\u00e9 si vous pourriez m&#8217;envoyer des enregistrements de vous en train de parler fran\u00e7ais pour que je puisse diffuser dans le podcast et c&#8217;est ce qu&#8217;a fait Nick. Nick m&#8217;a envoy\u00e9 son t\u00e9moignage. J&#8217;\u00e9tais tr\u00e8s content de le recevoir et maintenant je vais vous le faire \u00e9couter.<\/p>\n\n\n\n<p><a id=\"sonaar_ts-6927d3c121df7\" class=\"srmp3_sonaar_ts_shortcode\"  style=\"\" href=\"javascript:sonaar_ts_shortcode({ trackid:'0', time:'00:04:03', ts_id:'6927d3c121df7', play_icon:'' }) ;\">[00:04:03]<\/a> &#8220;Salut Hugo,<\/p>\n\n\n\n<p>Je m&#8217;appelle Nick et j&#8217;habite en \u00c9cosse, au nord du Royaume Uni. Ma fille est \u00e9tudiante de fran\u00e7ais \u00e0 l&#8217;universit\u00e9 de St Andrews. En septembre, elle va commencer une ann\u00e9e de travail \u00e0 Paris. Je suis tr\u00e8s content pour elle.<\/p>\n\n\n\n<p>Moi, quand j&#8217;avais 16 ans j&#8217;avais l&#8217;intention d&#8217;\u00e9tudier le fran\u00e7ais et l&#8217;espagnol \u00e0 l&#8217;universit\u00e9. Malheureusement j&#8217;ai chang\u00e9 d&#8217;avis parce que, \u00e0 cette \u00e9poque-l\u00e0, il y avait une crise \u00e9conomique mondiale et du coup j&#8217;avais peur qu&#8217;il serait [soit] difficile de trouver un boulot.<\/p>\n\n\n\n<p>Cependant, l&#8217;\u00e9t\u00e9 dernier, une famille fran\u00e7aise nous a rendu visite et j&#8217;ai pass\u00e9 plein de temps en jouant avec les petits enfants. En fait, je les ai gard\u00e9s pendant que leur m\u00e8re a pass\u00e9 une soir\u00e9e avec ma femme et des autres copines. Cette belle exp\u00e9rience m&#8217;a convaincu qu&#8217;il \u00e9tait temps de recommencer mes \u00e9tudes fran\u00e7aises. Autrement dit, je suis retomb\u00e9 amoureux de la langue fran\u00e7aise.<\/p>\n\n\n\n<p><a id=\"sonaar_ts-6927d3c121dfc\" class=\"srmp3_sonaar_ts_shortcode\"  style=\"\" href=\"javascript:sonaar_ts_shortcode({ trackid:'0', time:'00:05:21', ts_id:'6927d3c121dfc', play_icon:'' }) ;\">[00:05:21]<\/a> Hugo, tes podcasts ont \u00e9t\u00e9 trop utiles pour moi. J&#8217;en ai beaucoup profit\u00e9 en apprenant des nouvelles phrases et de nouveau vocabulaire.<\/p>\n\n\n\n<p>L&#8217;autre chose qui m&#8217;a beaucoup aid\u00e9 a \u00e9t\u00e9 de trouver un partenaire de langue en ligne, un Fran\u00e7ais qui veut apprendre l&#8217;anglais. Et alors, depuis 8 mois, chaque semaine je fais un appel par Skype avec Bernard, un chic type qui habite au Jura. Typiquement, l&#8217;appel dure une heure : la moiti\u00e9 en anglais et l&#8217;autre en fran\u00e7ais. Quelquefois j&#8217;utilise le sujet de ton podcast afin que je puisse pratiquer les nouveaux trucs que j&#8217;ai appris de toi.<\/p>\n\n\n\n<p>R\u00e9cemment, Bernard m&#8217;a invit\u00e9 \u00e0 lui rendre visite. Et alors, il y a cinq semaines, j&#8217;ai pass\u00e9 quelques jours chez sa famille et il \u00e9tait un s\u00e9jour formidable. Le Jura est vraiment une belle partie de la France.<\/p>\n\n\n\n<p>Merci encore Hugo et vivement le prochain podcast !&#8221;<\/p>\n\n\n\n<p><a id=\"sonaar_ts-6927d3c121e02\" class=\"srmp3_sonaar_ts_shortcode\"  style=\"\" href=\"javascript:sonaar_ts_shortcode({ trackid:'0', time:'00:06:37', ts_id:'6927d3c121e02', play_icon:'' }) ;\">[00:06:37]<\/a> Vous voyez que Nick a acquis un tr\u00e8s bon niveau de fran\u00e7ais parce qu&#8217;il est proactif. Je dis qu&#8217;il est proactif parce qu&#8217;il a cherch\u00e9 un partenaire d&#8217;\u00e9change pour pouvoir pratiquer le fran\u00e7ais chaque semaine. Et \u00e7a, c&#8217;est vraiment excellent ! Parfois, les gens se cherchent un peu des excuses pour ne pas parler fran\u00e7ais parce que, parler fran\u00e7ais, \u00e7a les pousse \u00e0 sortir de leur zone de confort. Donc ils se disent qu&#8217;ils n&#8217;ont pas les moyens de prendre un professeur, qu&#8217;il n&#8217;y a pas d&#8217;\u00e9cole de Fran\u00e7ais dans leur ville, ou qu&#8217;ils ne connaissent personne qui parle fran\u00e7ais.<\/p>\n\n\n\n<p><a id=\"sonaar_ts-6927d3c121e07\" class=\"srmp3_sonaar_ts_shortcode\"  style=\"\" href=\"javascript:sonaar_ts_shortcode({ trackid:'0', time:'00:07:16', ts_id:'6927d3c121e07', play_icon:'' }) ;\">[00:07:16]<\/a> Mais \u00e7a, \u00e7a n&#8217;a pas arr\u00eat\u00e9 Nick. Il s&#8217;est dit : &#8220;voil\u00e0 je vais trouver un partenaire d&#8217;\u00e9change sur internet&#8221; et c&#8217;est ce qu&#8217;il a fait. Et c&#8217;est comme \u00e7a qu&#8217;il a rencontr\u00e9 Bernard. Bref, si vous avez envie d&#8217;am\u00e9liorer votre fran\u00e7ais, je vous encourage vraiment \u00e0 sortir de votre zone de confort et \u00e0 trouver un partenaire d&#8217;\u00e9change avec qui vous allez pouvoir parler r\u00e9guli\u00e8rement.<\/p>\n\n\n\n<p><a id=\"sonaar_ts-6927d3c121e0d\" class=\"srmp3_sonaar_ts_shortcode\"  style=\"\" href=\"javascript:sonaar_ts_shortcode({ trackid:'0', time:'00:07:45', ts_id:'6927d3c121e0d', play_icon:'' }) ;\">[00:07:45]<\/a> Et je vous encourage aussi \u00e0 m&#8217;envoyer votre enregistrement si vous voulez que je le passe dans le podcast. \u00c7a me fera tr\u00e8s plaisir et je suis s\u00fbr que \u00e7a motivera beaucoup les autres auditeurs.<\/p>\n\n\n\n<p><a id=\"sonaar_ts-6927d3c121e1c\" class=\"srmp3_sonaar_ts_shortcode\"  style=\"\" href=\"javascript:sonaar_ts_shortcode({ trackid:'0', time:'00:08:01', ts_id:'6927d3c121e1c', play_icon:'' }) ;\">[00:08:01]<\/a> Avant d&#8217;attaquer notre sujet du jour, il y a un autre point que je voudrais aborder, c&#8217;est \u00e0 dire \u00e0 un autre point que je voudrais traiter. Et, \u00e7a concerne une \u00e9valuation que j&#8217;ai re\u00e7ue sur iTunes il y a quelques jours. D&#8217;ailleurs, j&#8217;en profite pour remercier tous ceux qui ont laiss\u00e9 des \u00e9valuations sur iTunes, sur Facebook ou bien des commentaires sur YouTube. Merci beaucoup ! \u00c7a me fait tr\u00e8s plaisir de savoir que mon podcast vous aide. Parmi ces \u00e9valuations que j&#8217;ai re\u00e7ues, il y en a une \u00e0 laquelle je voudrais r\u00e9agir.<\/p>\n\n\n\n<p><a id=\"sonaar_ts-6927d3c121e21\" class=\"srmp3_sonaar_ts_shortcode\"  style=\"\" href=\"javascript:sonaar_ts_shortcode({ trackid:'0', time:'00:08:42', ts_id:'6927d3c121e21', play_icon:'' }) ;\">[00:08:42]<\/a> Cette \u00e9valuation disait que j&#8217;ai des id\u00e9es de gauche que je pr\u00e9sente comme des faits. J&#8217;en profite pour vous dire que quand on parle de politique on dit que quelqu&#8217;un est &#8220;de gauche&#8221; ou &#8220;de droite&#8221;. Si vous avez des id\u00e9es plut\u00f4t socialistes, vous dites : &#8220;je suis de gauche&#8221;. Et si, au contraire, vous avez des id\u00e9es plut\u00f4t lib\u00e9rales vous pouvez dire que vous \u00eates &#8220;de droite&#8221;.<\/p>\n\n\n\n<p><a id=\"sonaar_ts-6927d3c121e27\" class=\"srmp3_sonaar_ts_shortcode\"  style=\"\" href=\"javascript:sonaar_ts_shortcode({ trackid:'0', time:'00:09:12', ts_id:'6927d3c121e27', play_icon:'' }) ;\">[00:09:12]<\/a> Si vous \u00e9coutez ce podcast depuis un certain temps, vous savez s\u00fbrement que j&#8217;ai des id\u00e9es qui sont plut\u00f4t de gauche. Je ne m&#8217;en cache pas, ce n&#8217;est pas quelque chose que j&#8217;essaie de cacher, de dissimuler, car je fais ces podcasts en toute honn\u00eatet\u00e9 et assez souvent je donne mon avis personnel sur les sujets que je traite.<\/p>\n\n\n\n<p><a id=\"sonaar_ts-6927d3c121e2c\" class=\"srmp3_sonaar_ts_shortcode\"  style=\"\" href=\"javascript:sonaar_ts_shortcode({ trackid:'0', time:'00:09:38', ts_id:'6927d3c121e2c', play_icon:'' }) ;\">[00:09:38]<\/a> C&#8217;est vrai que j&#8217;essaye de pr\u00e9senter ces sujets avec diff\u00e9rents arguments, des arguments &#8220;pour&#8221; et des arguments &#8220;contre&#8221;, avec une certaine structure (parce que c&#8217;est comme \u00e7a que j&#8217;ai appris \u00e0 le faire \u00e0 l&#8217;\u00e9cole) mais \u00e7a ne veut pas dire que je suis objectif. Je ne suis pas journaliste, je ne me consid\u00e8re pas comme \u00e7a. Je me consid\u00e8re peut-\u00eatre plut\u00f4t comme un \u00e9ditorialiste. Autrement dit, quelqu&#8217;un qui donne son avis dans les colonnes d&#8217;un journal.<\/p>\n\n\n\n<p><a id=\"sonaar_ts-6927d3c121e31\" class=\"srmp3_sonaar_ts_shortcode\"  style=\"\" href=\"javascript:sonaar_ts_shortcode({ trackid:'0', time:'00:10:12', ts_id:'6927d3c121e31', play_icon:'' }) ;\">[00:10:12]<\/a> Si vous ne partagez pas mes id\u00e9es, j&#8217;esp\u00e8re que vous pouvez quand m\u00eame profiter du podcast, au moins pour le c\u00f4t\u00e9 linguistique. Parce que, voil\u00e0, je ne veux discriminer personne mais \u00e7a ne veut pas dire que je vais changer mes id\u00e9es ou je vais faire semblant d&#8217;\u00eatre quelqu&#8217;un d&#8217;autre pour autant.<\/p>\n\n\n\n<p><a id=\"sonaar_ts-6927d3c121e36\" class=\"srmp3_sonaar_ts_shortcode\"  style=\"\" href=\"javascript:sonaar_ts_shortcode({ trackid:'0', time:'00:10:35', ts_id:'6927d3c121e36', play_icon:'' }) ;\">[00:10:35]<\/a> D&#8217;ailleurs, je m&#8217;excuse par avance parce qu&#8217;aujourd&#8217;hui, on a encore un sujet assez politique. Mais je vous promets que pour les prochains \u00e9pisodes, je vais essayer de traiter des sujets un peu moins pol\u00e9miques.<\/p>\n\n\n\n<p><a id=\"sonaar_ts-6927d3c121e41\" class=\"srmp3_sonaar_ts_shortcode\"  style=\"\" href=\"javascript:sonaar_ts_shortcode({ trackid:'0', time:'00:10:50', ts_id:'6927d3c121e41', play_icon:'' }) ;\">[00:10:50]<\/a> Le 15 juillet il s&#8217;est pass\u00e9 quelque chose d&#8217;assez important pour la France et les Fran\u00e7ais. Et vous pouvez trouver \u00e7a peut \u00eatre un peu bizarre parce que vous savez que la f\u00eate nationale en France c&#8217;est le 14 juillet. Mais cette ann\u00e9e, le 15 juillet \u00e9tait peut-\u00eatre plus important que le 14 parce que la France a gagn\u00e9 la Coupe du monde.<\/p>\n\n\n\n<p><a id=\"sonaar_ts-6927d3c121e46\" class=\"srmp3_sonaar_ts_shortcode\"  style=\"\" href=\"javascript:sonaar_ts_shortcode({ trackid:'0', time:'00:11:19', ts_id:'6927d3c121e46', play_icon:'' }) ;\">[00:11:19]<\/a> &#8220;Oui, oui nous sommes champions du monde ! Mais oui ! La France est championne du monde. Regardez la f\u00eate : c&#8217;est la f\u00eate sur le Champ-de-Mars, la f\u00eate sur les Champs \u00c9lys\u00e9es. Les Bleus gagnent la Coupe du monde. Victoire 4-2 \u00e0 l&#8217;issu de la finale la plus improbable de l&#8217;histoire de ce sport.&#8221;<\/p>\n\n\n\n<p><a id=\"sonaar_ts-6927d3c121e4b\" class=\"srmp3_sonaar_ts_shortcode\"  style=\"\" href=\"javascript:sonaar_ts_shortcode({ trackid:'0', time:'00:11:34', ts_id:'6927d3c121e4b', play_icon:'' }) ;\">[00:11:34]<\/a> J&#8217;ai d\u00e9j\u00e0 fait un \u00e9pisode sur le foot donc vous savez que pour les Fran\u00e7ais, c&#8217;est quelque chose de tr\u00e8s important. C&#8217;est plus qu&#8217;un sport, c&#8217;est un vrai ph\u00e9nom\u00e8ne de soci\u00e9t\u00e9. Donc tous les Fran\u00e7ais \u00e9taient tr\u00e8s contents de cette deuxi\u00e8me victoire en Coupe du monde. Maintenant la France a deux \u00e9toiles sur son maillot. Car si vous \u00eates un fan de foot, vous savez que les pays qui ont remport\u00e9 une Coupe du monde peuvent mettre une \u00e9toile sur leur maillot. Comme la France a gagn\u00e9 la Coupe du monde en 1998 et, vingt ans plus tard, en 2018, alors elle a le droit de mettre deux \u00e9toiles sur le maillot de ses joueurs.<\/p>\n\n\n\n<p><a id=\"sonaar_ts-6927d3c121e50\" class=\"srmp3_sonaar_ts_shortcode\"  style=\"\" href=\"javascript:sonaar_ts_shortcode({ trackid:'0', time:'00:12:20', ts_id:'6927d3c121e50', play_icon:'' }) ;\">[00:12:20]<\/a> Cette victoire, \u00e7a a \u00e9t\u00e9 un tr\u00e8s bel \u00e9v\u00e8nement pour les Fran\u00e7ais. Ils ont beaucoup fait la f\u00eate, ils ont c\u00e9l\u00e9br\u00e9 cette victoire et tout le monde s&#8217;est r\u00e9joui d&#8217;\u00eatre une nouvelle fois champion du monde. Mais \u00e0 l&#8217;\u00e9tranger, il y a eu quelques r\u00e9actions qui n&#8217;\u00e9taient pas aussi enthousiastes que les r\u00e9actions fran\u00e7aises, en particulier aux Etats-Unis. Il y a un pr\u00e9sentateur d&#8217;une \u00e9mission de t\u00e9l\u00e9 qui s&#8217;appelle Trevor Noah qui a profit\u00e9 de cette victoire pour dire que c&#8217;\u00e9tait l&#8217;Afrique qui \u00e9tait championne du monde et non pas la France. \u00c7a a d\u00e9clench\u00e9 une grande pol\u00e9mique, notamment avec l&#8217;ambassadeur de France aux Etats-Unis qui a r\u00e9agi en envoyant une lettre \u00e0 ce pr\u00e9sentateur.<\/p>\n\n\n\n<p><a id=\"sonaar_ts-6927d3c121e56\" class=\"srmp3_sonaar_ts_shortcode\"  style=\"\" href=\"javascript:sonaar_ts_shortcode({ trackid:'0', time:'00:13:15', ts_id:'6927d3c121e56', play_icon:'' }) ;\">[00:13:15]<\/a> En fait, c&#8217;est de \u00e7a dont on va parler aujourd&#8217;hui. Qu&#8217;est ce que \u00e7a veut dire exactement : &#8220;\u00eatre fran\u00e7ais&#8221; ? Est-ce qu&#8217;on peut \u00eatre fran\u00e7ais quand on a des origines \u00e9trang\u00e8res ? Et on va reparler encore une fois du mod\u00e8le d&#8217;int\u00e9gration des immigr\u00e9s et on va voir pourquoi le mod\u00e8le am\u00e9ricain est radicalement diff\u00e9rent du mod\u00e8le fran\u00e7ais.<\/p>\n\n\n\n<p><a id=\"sonaar_ts-6927d3c121e5b\" class=\"srmp3_sonaar_ts_shortcode\"  style=\"\" href=\"javascript:sonaar_ts_shortcode({ trackid:'0', time:'00:13:41', ts_id:'6927d3c121e5b', play_icon:'' }) ;\">[00:13:41]<\/a> Pourquoi Trevor Nova a d\u00e9clar\u00e9 que c&#8217;est l&#8217;Afrique qui a gagn\u00e9 la Coupe du monde ? Il a dit \u00e7a parce qu&#8217;une grande partie des joueurs de l&#8217;\u00e9quipe de France ont des origines africaines. \u00c7a ne veut pas dire qu&#8217;ils sont n\u00e9s en Afrique, parce que 21 des joueurs de l&#8217;\u00e9quipe de France sont n\u00e9s en France sur les 23 joueurs au total. Mais certains sont la deuxi\u00e8me ou la troisi\u00e8me g\u00e9n\u00e9ration d&#8217;immigr\u00e9s d&#8217;origine africaine. Si vous avez \u00e9cout\u00e9 l&#8217;\u00e9pisode sur l&#8217;immigration, vous savez que dans les ann\u00e9es 60 et 70, la France a accueilli beaucoup d&#8217;immigr\u00e9s qui venaient d&#8217;Afrique et en particulier d&#8217;Afrique du Nord.<\/p>\n\n\n\n<p><a id=\"sonaar_ts-6927d3c121e64\" class=\"srmp3_sonaar_ts_shortcode\"  style=\"\" href=\"javascript:sonaar_ts_shortcode({ trackid:'0', time:'00:14:30', ts_id:'6927d3c121e64', play_icon:'' }) ;\">[00:14:30]<\/a> Si Trevor Noah a dit \u00e7a, c&#8217;est parce que lui vient d&#8217;Afrique du Sud et donc il a voulu c\u00e9l\u00e9brer le fait que des joueurs d&#8217;origine africaine ont remport\u00e9 la Coupe du monde. Mais ce que ce pr\u00e9sentateur a voulu dire, c&#8217;est surtout que la France doit mieux traiter ses immigr\u00e9s. Les immigr\u00e9s et leurs enfants apportent beaucoup de richesses \u00e0 la France. Que ce soit au niveau de l&#8217;\u00e9conomie, du sport ou de la culture. Et parfois, on a l&#8217;impression qu&#8217;ils ne sont pas r\u00e9compens\u00e9s, que la France n&#8217;est pas assez reconnaissante.<\/p>\n\n\n\n<p><a id=\"sonaar_ts-6927d3c121e6a\" class=\"srmp3_sonaar_ts_shortcode\"  style=\"\" href=\"javascript:sonaar_ts_shortcode({ trackid:'0', time:'00:15:12', ts_id:'6927d3c121e6a', play_icon:'' }) ;\">[00:15:12]<\/a> Et il n&#8217;est pas le seul \u00e0 penser \u00e7a. Il y a un professeur de droit de l&#8217;Universit\u00e9 de Detroit qui s&#8217;appelle Khaled Beydoun qui a tweet\u00e9 apr\u00e8s la victoire de l&#8217;\u00e9quipe de France un tweet qui est devenu viral, qui est devenu tr\u00e8s populaire et que je vais vous lire maintenant. Originalement il \u00e9tait en anglais mais je l&#8217;ai traduit en fran\u00e7ais pour vous.<\/p>\n\n\n\n<p><a id=\"sonaar_ts-6927d3c121e73\" class=\"srmp3_sonaar_ts_shortcode\"  style=\"\" href=\"javascript:sonaar_ts_shortcode({ trackid:'0', time:'00:15:44', ts_id:'6927d3c121e73', play_icon:'' }) ;\">[00:15:44]<\/a> &#8220;Ch\u00e8re France,.<\/p>\n\n\n\n<p>F\u00e9licitations pour avoir gagn\u00e9 la Coupe du monde.<br>80% de ton \u00e9quipe est africaine, arr\u00eate avec le racisme et la x\u00e9nophobie.<\/p>\n\n\n\n<p>50% de ton \u00e9quipe est musulmane, arr\u00eate avec l&#8217;islamophobie.<br>Les Africains et les Musulmans t&#8217;ont offert une deuxi\u00e8me Coupe du monde. Maintenant fais-leur justice.&#8221;<\/p>\n\n\n\n<p><a id=\"sonaar_ts-6927d3c121e79\" class=\"srmp3_sonaar_ts_shortcode\"  style=\"\" href=\"javascript:sonaar_ts_shortcode({ trackid:'0', time:'00:16:10', ts_id:'6927d3c121e79', play_icon:'' }) ;\">[00:16:10]<\/a> Donc Trevor Noah et Khaled Beydoun ont utilis\u00e9 cet \u00e9v\u00e8nement, la victoire de la France, pour d\u00e9noncer le racisme et la x\u00e9nophobie qui existent dans ce pays. Les Fran\u00e7ais ont \u00e9t\u00e9 tr\u00e8s choqu\u00e9s et surpris par ces attaques parce que normalement, c&#8217;est le genre d&#8217;argument qui est utilis\u00e9 par les militants et les politiciens d&#8217;extr\u00eame droite. Les personnes d&#8217;extr\u00eame droite disent par exemple qu&#8217;il y a trop de Noirs en \u00e9quipe de France et que des joueurs noirs ne sont pas vraiment fran\u00e7ais. Donc c&#8217;\u00e9tait bizarre d&#8217;entendre cet argument dans la bouche d&#8217;un Sud-Africain noir, Trevor Noah, et d&#8217;un Musulman, Khaled Beydoun.<\/p>\n\n\n\n<p><a id=\"sonaar_ts-6927d3c121e7e\" class=\"srmp3_sonaar_ts_shortcode\"  style=\"\" href=\"javascript:sonaar_ts_shortcode({ trackid:'0', time:'00:17:02', ts_id:'6927d3c121e7e', play_icon:'' }) ;\">[00:17:02]<\/a> Je vous avais dit dans l&#8217;\u00e9pisode sur le foot qu&#8217;en 1998, on avait aussi instrumentalis\u00e9 et politis\u00e9 la victoire de la France. On avait dit que c&#8217;\u00e9tait la victoire de son mod\u00e8le d&#8217;int\u00e9gration parce que l&#8217;\u00e9quipe \u00e9tait black-blanc-beur. Il y avait des joueurs noirs, des joueurs blancs et des joueurs arabes. Cette fois, les Fran\u00e7ais, et en particulier les journalistes, n&#8217;ont pas voulu faire la m\u00eame erreur. Donc ils n&#8217;ont pas instrumentalis\u00e9 cette nouvelle victoire de l&#8217;\u00e9quipe de France. On n&#8217;a pas parl\u00e9 de la question de race ou de couleur de peau. Les Fran\u00e7ais \u00e9taient simplement tr\u00e8s contents et tr\u00e8s fiers de leur \u00e9quipe et de leurs joueurs.<\/p>\n\n\n\n<p><a id=\"sonaar_ts-6927d3c121e84\" class=\"srmp3_sonaar_ts_shortcode\"  style=\"\" href=\"javascript:sonaar_ts_shortcode({ trackid:'0', time:'00:17:52', ts_id:'6927d3c121e84', play_icon:'' }) ;\">[00:17:52]<\/a> L&#8217;ambassadeur de France aux Etats-Unis a r\u00e9agi \u00e0 cette remarque de Trevor Noah et il lui a envoy\u00e9 une lettre. Dans cette lettre, il expliquait quelque chose d&#8217;assez important. Il disait : &#8220;contrairement aux Etats-Unis, la France ne prend pas en compte la race ni la religion de ses citoyens.&#8221; Et c&#8217;est l\u00e0, la grande diff\u00e9rence entre la France et les Etats-Unis au niveau de leur mod\u00e8le d&#8217;int\u00e9gration.<\/p>\n\n\n\n<p><a id=\"sonaar_ts-6927d3c121e89\" class=\"srmp3_sonaar_ts_shortcode\"  style=\"\" href=\"javascript:sonaar_ts_shortcode({ trackid:'0', time:'00:18:25', ts_id:'6927d3c121e89', play_icon:'' }) ;\">[00:18:25]<\/a> Quand Noah dit que ces joueurs sont africains, c&#8217;est un peu comme dire qu&#8217;une personne de couleur ne peut pas \u00eatre fran\u00e7aise. \u00c7a, \u00e7a a beaucoup \u00e9nerv\u00e9 certains sportifs de couleur qui ont r\u00e9agi pour dire qu&#8217;ils se sentaient fran\u00e7ais, notamment un joueur fran\u00e7ais qui joue au basket en NBA qui s&#8217;appelle Nicolas Batum, qui a d\u00e9clar\u00e9 assez violemment qu&#8217;il \u00e9tait fran\u00e7ais et fier de l&#8217;\u00eatre, m\u00eame si son p\u00e8re \u00e9tait camerounais. Et certains sportifs fran\u00e7ais ont aussi demand\u00e9 si quand l&#8217;\u00e9quipe de basket am\u00e9ricaine gagne les Jeux olympiques, on doit dire que c&#8217;est l&#8217;\u00e9quipe africaine qui a gagn\u00e9. C&#8217;est un peu le m\u00eame d\u00e9bat.<\/p>\n\n\n\n<p><a id=\"sonaar_ts-6927d3c121e8d\" class=\"srmp3_sonaar_ts_shortcode\"  style=\"\" href=\"javascript:sonaar_ts_shortcode({ trackid:'0', time:'00:19:15', ts_id:'6927d3c121e8d', play_icon:'' }) ;\">[00:19:15]<\/a> Mais ce qui est vraiment int\u00e9ressant dans cette pol\u00e9mique, c&#8217;est qu&#8217;elle permet de comprendre les deux visions fran\u00e7aises et am\u00e9ricaines sur la question de l&#8217;int\u00e9gration. Ce sont deux visions qui sont radicalement oppos\u00e9es au niveau philosophique et au niveau politique. Encore une fois, j&#8217;ai d\u00e9j\u00e0 un peu parl\u00e9 de \u00e7a dans l&#8217;\u00e9pisode sur l&#8217;immigration en France (l&#8217;\u00e9pisode num\u00e9ro 38).<\/p>\n\n\n\n<p><a id=\"sonaar_ts-6927d3c121e92\" class=\"srmp3_sonaar_ts_shortcode\"  style=\"\" href=\"javascript:sonaar_ts_shortcode({ trackid:'0', time:'00:19:41', ts_id:'6927d3c121e92', play_icon:'' }) ;\">[00:19:41]<\/a> Donc pour r\u00e9sumer, on a d&#8217;un c\u00f4t\u00e9 le mod\u00e8le am\u00e9ricain (le mod\u00e8le anglo-saxon on peut dire parce que c&#8217;est le m\u00eame en Grande-Bretagne) qui est le mod\u00e8le du multiculturalisme. Dans la soci\u00e9t\u00e9, il existe diff\u00e9rentes communaut\u00e9s qui ont diff\u00e9rentes origines et on ne les force pas \u00e0 s&#8217;int\u00e9grer. Elles peuvent conserver leur culture et vivre en communaut\u00e9 dans la soci\u00e9t\u00e9.<\/p>\n\n\n\n<p><a id=\"sonaar_ts-6927d3c121e97\" class=\"srmp3_sonaar_ts_shortcode\"  style=\"\" href=\"javascript:sonaar_ts_shortcode({ trackid:'0', time:'00:20:10', ts_id:'6927d3c121e97', play_icon:'' }) ;\">[00:20:10]<\/a> Au contraire, en France, on a un mod\u00e8le qui est le mod\u00e8le de l&#8217;assimilation. Les immigr\u00e9s sont oblig\u00e9s de s&#8217;assimiler. Ils sont oblig\u00e9s de s&#8217;int\u00e9grer \u00e0 la soci\u00e9t\u00e9 fran\u00e7aise en adoptant l&#8217;identit\u00e9 fran\u00e7aise. C&#8217;est pour cela que l&#8217;ambassadeur fran\u00e7ais a dit dans sa lettre \u00e0 Trevor Noah qu&#8217;en France, on ne prend pas en compte ni la race ni la religion ni les origines de ses citoyens. \u00c7a, c&#8217;est quelque chose qui appartient \u00e0 la vie priv\u00e9e mais aux yeux de l&#8217;Etat fran\u00e7ais, il n&#8217;existe pas diff\u00e9rentes cat\u00e9gories de Fran\u00e7ais. Soit on est fran\u00e7ais (on a la citoyennet\u00e9 fran\u00e7aise), soit on ne l&#8217;est pas. Si nos parents sont des immigr\u00e9s africains ou si on est juif, musulman ou catholique, \u00e7a n&#8217;a aucune importance. Ce qui compte, c&#8217;est seulement d&#8217;avoir la citoyennet\u00e9 fran\u00e7aise.<\/p>\n\n\n\n<p><a id=\"sonaar_ts-6927d3c121e9d\" class=\"srmp3_sonaar_ts_shortcode\"  style=\"\" href=\"javascript:sonaar_ts_shortcode({ trackid:'0', time:'00:21:15', ts_id:'6927d3c121e9d', play_icon:'' }) ;\">[00:21:15]<\/a> S&#8217;il y a ce mod\u00e8le en France, c&#8217;est parce qu&#8217;on pense que c&#8217;est le meilleur moyen de combattre la x\u00e9nophobie. On dit que la religion, la couleur de peau, les origines, n&#8217;ont aucune importance. D&#8217;ailleurs, est-ce que vous savez comment on peut obtenir la nationalit\u00e9 fran\u00e7aise ? Je vais vous expliquer \u00e7a maintenant.<\/p>\n\n\n\n<p><a id=\"sonaar_ts-6927d3c121ea7\" class=\"srmp3_sonaar_ts_shortcode\"  style=\"\" href=\"javascript:sonaar_ts_shortcode({ trackid:'0', time:'00:21:38', ts_id:'6927d3c121ea7', play_icon:'' }) ;\">[00:21:38]<\/a> La premi\u00e8re fa\u00e7on, c&#8217;est avec ce qu&#8217;on appelle le droit du sang. Le sang, vous savez, c&#8217;est ce liquide rouge qui se trouve \u00e0 l&#8217;int\u00e9rieur de notre corps. Le droit du sang, \u00e7a veut dire qu&#8217;au moins un des deux parents est fran\u00e7ais. Si au moins un de vos deux parents est fran\u00e7ais, alors vous avez automatiquement la nationalit\u00e9 fran\u00e7aise.<\/p>\n\n\n\n<p><a id=\"sonaar_ts-6927d3c121eac\" class=\"srmp3_sonaar_ts_shortcode\"  style=\"\" href=\"javascript:sonaar_ts_shortcode({ trackid:'0', time:'00:22:05', ts_id:'6927d3c121eac', play_icon:'' }) ;\">[00:22:05]<\/a> Ensuite, il y a le droit du sol. \u00c7a, c&#8217;est quand un enfant est n\u00e9 en France avec au moins un de ses parents n\u00e9 en France lui aussi, m\u00eame si ce parent n&#8217;a pas la nationalit\u00e9 fran\u00e7aise. \u00c0 la majorit\u00e9, une fois que l&#8217;enfant a 18 ans, s&#8217;il est n\u00e9 en France (m\u00eame avec des parents \u00e9trangers) et qu&#8217;il a v\u00e9cu en France toute sa vie, alors quand il a 18 ans il acquiert la nationalit\u00e9 fran\u00e7aise.<\/p>\n\n\n\n<p><a id=\"sonaar_ts-6927d3c121eb1\" class=\"srmp3_sonaar_ts_shortcode\"  style=\"\" href=\"javascript:sonaar_ts_shortcode({ trackid:'0', time:'00:22:40', ts_id:'6927d3c121eb1', play_icon:'' }) ;\">[00:22:40]<\/a> Une autre solution, c&#8217;est de se marier avec un Fran\u00e7ais ou une Fran\u00e7aise. Apr\u00e8s quatre ans de mariage, on peut faire la demande pour obtenir la nationalit\u00e9 fran\u00e7aise.<\/p>\n\n\n\n<p><a id=\"sonaar_ts-6927d3c121eb6\" class=\"srmp3_sonaar_ts_shortcode\"  style=\"\" href=\"javascript:sonaar_ts_shortcode({ trackid:'0', time:'00:22:53', ts_id:'6927d3c121eb6', play_icon:'' }) ;\">[00:22:53]<\/a> Et puis dans certains cas, si on est r\u00e9fugi\u00e9 politique ou autre, on peut aussi demander la naturalisation, c&#8217;est \u00e0 dire demander cette nationalit\u00e9 fran\u00e7aise.<\/p>\n\n\n\n<p><a id=\"sonaar_ts-6927d3c121ebc\" class=\"srmp3_sonaar_ts_shortcode\"  style=\"\" href=\"javascript:sonaar_ts_shortcode({ trackid:'0', time:'00:23:07', ts_id:'6927d3c121ebc', play_icon:'' }) ;\">[00:23:07]<\/a> Le probl\u00e8me majeur avec ce mod\u00e8le, comme je l&#8217;ai d\u00e9j\u00e0 dit, c&#8217;est que c&#8217;est difficile de concilier ses deux identit\u00e9s. Si vous voulez c\u00e9l\u00e9brer vos racines, vos origines, vous pouvez avoir l&#8217;impression de ne pas avoir la place pour le faire en France, parce que c&#8217;est vraiment quelque chose qui appartient \u00e0 la vie priv\u00e9e et ce n&#8217;est pas du tout valoris\u00e9 aux yeux de l&#8217;Etat. L&#8217;Etat veut simplement que la personne adopte compl\u00e8tement son identit\u00e9 fran\u00e7aise. Le reste, \u00e7a n&#8217;a aucune importance.<\/p>\n\n\n\n<p><a id=\"sonaar_ts-6927d3c121ec1\" class=\"srmp3_sonaar_ts_shortcode\"  style=\"\" href=\"javascript:sonaar_ts_shortcode({ trackid:'0', time:'00:23:47', ts_id:'6927d3c121ec1', play_icon:'' }) ;\">[00:23:47]<\/a> Donc pour certaines personnes \u00e7a peut vraiment \u00eatre quelque chose de d\u00e9sagr\u00e9able d&#8217;avoir cette impression de devoir oublier ses racines et de se transformer compl\u00e8tement en fran\u00e7ais ou en fran\u00e7aise. On peut dire que c&#8217;est le revers de la m\u00e9daille. Le revers de la m\u00e9daille, c&#8217;est le c\u00f4t\u00e9 n\u00e9gatif d&#8217;une chose qui \u00e9tait au d\u00e9part positive. Le revers de la m\u00e9daille. Une m\u00e9daille, vous savez, c&#8217;est comme quand on gagne aux Jeux olympiques, les athl\u00e8tes re\u00e7oivent une m\u00e9daille, et le revers, \u00e7a veut dire : &#8220;l&#8217;autre c\u00f4t\u00e9 de la m\u00e9daille&#8221;.<\/p>\n\n\n\n<p><a id=\"sonaar_ts-6927d3c121ec7\" class=\"srmp3_sonaar_ts_shortcode\"  style=\"\" href=\"javascript:sonaar_ts_shortcode({ trackid:'0', time:'00:24:29', ts_id:'6927d3c121ec7', play_icon:'' }) ;\">[00:24:29]<\/a> Cette pol\u00e9mique, elle a fait \u00e9cho \u00e0 une d\u00e9cision politique assez symbolique qui a \u00e9t\u00e9 prise en France au mois de juillet. Cette d\u00e9cision, c&#8217;\u00e9tait de faire dispara\u00eetre le concept de race de la Constitution fran\u00e7aise. C&#8217;\u00e9tait un concept qui avait \u00e9t\u00e9 adopt\u00e9 en 1946 en r\u00e9ponse au nazisme. Dans l&#8217;article 1er de la Constitution fran\u00e7aise : &#8220;La France assure l&#8217;\u00e9galit\u00e9 devant la loi de tous les citoyens sans distinction de sexe, d&#8217;origine, de race ou de religion&#8221;. C&#8217;\u00e9tait une r\u00e9ponse au r\u00e9gime du troisi\u00e8me Reich et il y avait cette volont\u00e9 tr\u00e8s claire de ne plus discriminer quelqu&#8217;un en fonction de sa race.<\/p>\n\n\n\n<p><a id=\"sonaar_ts-6927d3c121ed0\" class=\"srmp3_sonaar_ts_shortcode\"  style=\"\" href=\"javascript:sonaar_ts_shortcode({ trackid:'0', time:'00:25:21', ts_id:'6927d3c121ed0', play_icon:'' }) ;\">[00:25:21]<\/a> Mais il y a des d\u00e9put\u00e9s, en particulier des d\u00e9put\u00e9s des DOM TOM (c&#8217;est-\u00e0-dire des r\u00e9gions fran\u00e7aises d&#8217;outre mer) qui pensent que le concept de race n&#8217;a pas sa place dans la Constitution parce que maintenant, on peut avoir l&#8217;impression que ce concept est surtout utilis\u00e9 par les racistes et les x\u00e9nophobes justement. En plus, la communaut\u00e9 scientifique s&#8217;accorde de plus en plus pour dire que ce concept n&#8217;a pas vraiment de validit\u00e9. Le concept de race n&#8217;a pas de validit\u00e9 scientifique. D&#8217;ailleurs, pour les Fran\u00e7ais, c&#8217;est assez choquant qu&#8217;aux Etats-Unis, sur ses documents d&#8217;identit\u00e9, on a notre race qui est mentionn\u00e9e (comme &#8220;caucasien&#8221;, &#8220;asiatique&#8221;, etc.).<\/p>\n\n\n\n<p><a id=\"sonaar_ts-6927d3c121ed5\" class=\"srmp3_sonaar_ts_shortcode\"  style=\"\" href=\"javascript:sonaar_ts_shortcode({ trackid:'0', time:'00:26:13', ts_id:'6927d3c121ed5', play_icon:'' }) ;\">[00:26:13]<\/a> Donc maintenant, en France, on consid\u00e8re qu&#8217;il n&#8217;existe qu&#8217;une seule race : la race des humains. Et la couleur de peau et les autres diff\u00e9rences n&#8217;ont aucune importance. \u00c7a, c&#8217;est une d\u00e9cision qui est assez symbolique mais comment on peut lutter contre le racisme dans la r\u00e9alit\u00e9 ? Faire dispara\u00eetre le concept de race de la Constitution, \u00e7a ne veut pas dire que \u00e7a va faire dispara\u00eetre le racisme. Le racisme et la x\u00e9nophobie existent bel et bien en France. Pour moi, c&#8217;est assez facile de soutenir ce concept, de dire qu&#8217;il n&#8217;existe qu&#8217;une seule race parce que je suis un homme blanc. Donc, en g\u00e9n\u00e9ral, je suis plut\u00f4t privil\u00e9gi\u00e9.<\/p>\n\n\n\n<p><a id=\"sonaar_ts-6927d3c121edb\" class=\"srmp3_sonaar_ts_shortcode\"  style=\"\" href=\"javascript:sonaar_ts_shortcode({ trackid:'0', time:'00:26:59', ts_id:'6927d3c121edb', play_icon:'' }) ;\">[00:26:59]<\/a> C&#8217;est difficile de lutter contre le racisme et la x\u00e9nophobie notamment parce qu&#8217;on ne peut pas faire d&#8217;\u00e9tudes. On ne peut pas avoir de statistiques pr\u00e9cises sur la discrimination. Comme il n&#8217;existe pas de concept de race, on ne peut pas avoir d&#8217;indicateur pr\u00e9cis pour dire que les personnes de couleur sont discrimin\u00e9es en France quand elles cherchent du travail, par exemple. On ne peut pas avoir de politique de discrimination positive, de quotas, comme aux Etats-Unis. C&#8217;est une limite importante du syst\u00e8me. En th\u00e9orie, cet universalisme des principes de la R\u00e9publique fran\u00e7aise, c&#8217;est quelque chose de tr\u00e8s beau et de tr\u00e8s noble, mais c&#8217;est mal adapt\u00e9 \u00e0 la r\u00e9alit\u00e9 du terrain. \u00e7a n&#8217;est pas quelque chose de tr\u00e8s pragmatique pour lutter contre la discrimination.<\/p>\n\n\n\n<p><a id=\"sonaar_ts-6927d3c121ee0\" class=\"srmp3_sonaar_ts_shortcode\"  style=\"\" href=\"javascript:sonaar_ts_shortcode({ trackid:'0', time:'00:27:55', ts_id:'6927d3c121ee0', play_icon:'' }) ;\">[00:27:55]<\/a> En conclusion, je voudrais dire que malheureusement, la x\u00e9nophobie et le racisme existent toujours en France. Par exemple, la majorit\u00e9 des Fran\u00e7ais est hostile \u00e0 l&#8217;accueil des r\u00e9fugi\u00e9s (des r\u00e9fugi\u00e9s syriens ou des r\u00e9fugi\u00e9s qui viennent de pays africains).<\/p>\n\n\n\n<p><a id=\"sonaar_ts-6927d3c121eef\" class=\"srmp3_sonaar_ts_shortcode\"  style=\"\" href=\"javascript:sonaar_ts_shortcode({ trackid:'0', time:'00:28:15', ts_id:'6927d3c121eef', play_icon:'' }) ;\">[00:28:15]<\/a> Mais il y a aussi des signes positifs, des signes plus encourageants. Par exemple, il y a un rapport de la Commission nationale consultative des droits de l&#8217;homme qui a \u00e9t\u00e9 publi\u00e9 en 2017 qui montre que malgr\u00e9 les attentats en France, le racisme, la x\u00e9nophobie, l&#8217;islamophobie et l&#8217;antis\u00e9mitisme ont tendance \u00e0 reculer. Il y a de moins en moins de Fran\u00e7ais qui appartiennent \u00e0 ces cat\u00e9gories.<\/p>\n\n\n\n<p><a id=\"sonaar_ts-6927d3c121ef6\" class=\"srmp3_sonaar_ts_shortcode\"  style=\"\" href=\"javascript:sonaar_ts_shortcode({ trackid:'0', time:'00:28:46', ts_id:'6927d3c121ef6', play_icon:'' }) ;\">[00:28:46]<\/a> Et un autre signe encourageant dont j&#8217;avais d\u00e9j\u00e0 parl\u00e9 dans l&#8217;\u00e9pisode sur l&#8217;immigration, c&#8217;est qu&#8217;il y a de plus en plus de mariages mixtes en France (autrement dit de Fran\u00e7ais qui se marient avec des Fran\u00e7ais qui ont des origines \u00e9trang\u00e8res ou des couleurs de peau diff\u00e9rentes). Tout \u00e7a, \u00e7a fait que la France se m\u00e9tisse. Donc on ne peut plus dire que pour \u00eatre fran\u00e7ais, il faut \u00eatre blanc. Il y a beaucoup de Fran\u00e7ais de couleur, il y en a de plus en plus d&#8217;ailleurs et \u00e0 mon avis, c&#8217;est tr\u00e8s bien comme \u00e7a.<\/p>\n\n\n\n<p><a id=\"sonaar_ts-6927d3c121efc\" class=\"srmp3_sonaar_ts_shortcode\"  style=\"\" href=\"javascript:sonaar_ts_shortcode({ trackid:'0', time:'00:29:23', ts_id:'6927d3c121efc', play_icon:'' }) ;\">[00:29:23]<\/a> Malgr\u00e9 \u00e7a, je ne veux pas nier qu&#8217;il existe toujours des discriminations et la r\u00e9alit\u00e9 quotidienne est assez difficile pour certaines personnes qui appartiennent \u00e0 ces communaut\u00e9s. Donc on a encore du pain sur la planche. &#8220;Avoir du pain sur la planche&#8221;, c&#8217;est une expression qui veut dire qu&#8217;on a encore beaucoup de travail \u00e0 faire. Avoir du pain sur la planche.<\/p>\n\n\n\n<p><a id=\"sonaar_ts-6927d3c121f01\" class=\"srmp3_sonaar_ts_shortcode\"  style=\"\" href=\"javascript:sonaar_ts_shortcode({ trackid:'0', time:'00:29:54', ts_id:'6927d3c121f01', play_icon:'' }) ;\">[00:29:54]<\/a> C&#8217;est tout pour aujourd&#8217;hui, je vais m&#8217;arr\u00eater l\u00e0. Pour finir, je voulais vous remercier encore une fois pour les \u00e9valuations que vous m&#8217;avez laiss\u00e9es sur iTunes, Facebook, etc. Et si vous ne l&#8217;avez pas encore fait, je vous encourage \u00e0 le faire parce que \u00e7a m&#8217;aide beaucoup. \u00c7a m&#8217;aide \u00e0 faire d\u00e9couvrir le podcast a encore plus de personnes pour pouvoir aider toujours plus de gens \u00e0 apprendre le fran\u00e7ais. On se retrouve dans deux semaines pour un nouvel \u00e9pisode et en attendant, n&#8217;oubliez pas de faire un peu de Fran\u00e7ais tous les jours. \u00c0 bient\u00f4t, salut !&nbsp;<\/p>\n","protected":false},"excerpt":{"rendered":"<p>Salut \u00e0 tous et bienvenue ! Je suis tr\u00e8s content de vous retrouver apr\u00e8s cette longue pause. Si vous avez \u00e9cout\u00e9 le dernier \u00e9pisode, j&#8217;avais annonc\u00e9 que je ne publierais pas d&#8217;\u00e9pisode au mois de juillet pour me reposer un peu. Mais voil\u00e0, maintenant je suis de retour, c&#8217;est le mois d&#8217;ao\u00fbt. Je suis tr\u00e8s&#8230;<\/p>\n","protected":false},"author":1,"featured_media":963,"comment_status":"open","ping_status":"open","sticky":false,"template":"","format":[189],"meta":{"_acf_changed":false,"_kad_blocks_custom_css":"","_kad_blocks_head_custom_js":"","_kad_blocks_body_custom_js":"","_kad_blocks_footer_custom_js":"","_kad_post_transparent":"","_kad_post_title":"","_kad_post_layout":"","_kad_post_sidebar_id":"","_kad_post_content_style":"","_kad_post_vertical_padding":"","_kad_post_feature":"","_kad_post_feature_position":"","_kad_post_header":false,"_kad_post_footer":false,"_kad_post_classname":"","footnotes":""},"categories":[168],"tags":[175,172],"class_list":["post-962","post","type-post","status-publish","format-standard","has-post-thumbnail","hentry","category-podcast","tag-france","tag-societe","format-solo-hugo"],"acf":[],"taxonomy_info":{"category":[{"value":168,"label":"Podcast"}],"post_tag":[{"value":175,"label":"France"},{"value":172,"label":"Soci\u00e9t\u00e9"}],"format":[{"value":189,"label":"Solo Hugo"}]},"featured_image_src_large":["https:\/\/innerfrench.com\/wp-content\/uploads\/2019\/02\/e47-equipe-de-France-750x406.jpg",750,406,true],"author_info":{"display_name":"Hugo","author_link":"https:\/\/innerfrench.com\/author\/innerfrench-2-2-2-2-2-2-2-2-2-2-2-2-2-2-2-2-2-2-2\/"},"comment_info":6,"category_info":[{"term_id":168,"name":"Podcast","slug":"podcast","term_group":0,"term_taxonomy_id":168,"taxonomy":"category","description":"","parent":0,"count":185,"filter":"raw","cat_ID":168,"category_count":185,"category_description":"","cat_name":"Podcast","category_nicename":"podcast","category_parent":0}],"tag_info":[{"term_id":175,"name":"France","slug":"france","term_group":0,"term_taxonomy_id":175,"taxonomy":"post_tag","description":"","parent":0,"count":100,"filter":"raw"},{"term_id":172,"name":"Soci\u00e9t\u00e9","slug":"societe","term_group":0,"term_taxonomy_id":172,"taxonomy":"post_tag","description":"","parent":0,"count":94,"filter":"raw"}],"_links":{"self":[{"href":"https:\/\/innerfrench.com\/wp-json\/wp\/v2\/posts\/962","targetHints":{"allow":["GET"]}}],"collection":[{"href":"https:\/\/innerfrench.com\/wp-json\/wp\/v2\/posts"}],"about":[{"href":"https:\/\/innerfrench.com\/wp-json\/wp\/v2\/types\/post"}],"author":[{"embeddable":true,"href":"https:\/\/innerfrench.com\/wp-json\/wp\/v2\/users\/1"}],"replies":[{"embeddable":true,"href":"https:\/\/innerfrench.com\/wp-json\/wp\/v2\/comments?post=962"}],"version-history":[{"count":2,"href":"https:\/\/innerfrench.com\/wp-json\/wp\/v2\/posts\/962\/revisions"}],"predecessor-version":[{"id":294455,"href":"https:\/\/innerfrench.com\/wp-json\/wp\/v2\/posts\/962\/revisions\/294455"}],"wp:featuredmedia":[{"embeddable":true,"href":"https:\/\/innerfrench.com\/wp-json\/wp\/v2\/media\/963"}],"wp:attachment":[{"href":"https:\/\/innerfrench.com\/wp-json\/wp\/v2\/media?parent=962"}],"wp:term":[{"taxonomy":"category","embeddable":true,"href":"https:\/\/innerfrench.com\/wp-json\/wp\/v2\/categories?post=962"},{"taxonomy":"post_tag","embeddable":true,"href":"https:\/\/innerfrench.com\/wp-json\/wp\/v2\/tags?post=962"},{"taxonomy":"format","embeddable":true,"href":"https:\/\/innerfrench.com\/wp-json\/wp\/v2\/format?post=962"}],"curies":[{"name":"wp","href":"https:\/\/api.w.org\/{rel}","templated":true}]}}