{"id":971,"date":"2018-08-16T19:00:00","date_gmt":"2018-08-16T17:00:00","guid":{"rendered":"https:\/\/innerfrench.com\/?p=971"},"modified":"2025-10-01T14:52:02","modified_gmt":"2025-10-01T12:52:02","slug":"48-pourquoi-vegan","status":"publish","type":"post","link":"https:\/\/innerfrench.com\/48-pourquoi-vegan\/","title":{"rendered":"#48 Pourquoi je suis devenu v\u00e9gan"},"content":{"rendered":"\n<p>Salut \u00e0 tous et \u00e0 toutes, c&#8217;est Hugo. Je vous souhaite la bienvenue pour ce nouvel \u00e9pisode. Si c&#8217;est la premi\u00e8re fois que vous m&#8217;\u00e9coutez, sachez que ce podcast est fait pour les personnes qui apprennent le fran\u00e7ais et qui ont un niveau interm\u00e9diaire. Dans ce podcast, j&#8217;essaye de vous parler de diff\u00e9rents sujets que je trouve int\u00e9ressants et je vous parle seulement en fran\u00e7ais pour vous aider \u00e0 am\u00e9liorer votre compr\u00e9hension orale du fran\u00e7ais.<\/p>\n\n\n\n<p><a id=\"sonaar_ts-6927d52a57d44\" class=\"srmp3_sonaar_ts_shortcode\"  style=\"\" href=\"javascript:sonaar_ts_shortcode({ trackid:'0', time:'00:00:45', ts_id:'6927d52a57d44', play_icon:'' }) ;\">[00:00:45]<\/a> Et pour commencer cet \u00e9pisode, je vais vous faire \u00e9couter un enregistrement que j&#8217;ai re\u00e7u de la part d&#8217;une auditrice du podcast qui s&#8217;appelle Masoomeh. Masoomeh, c&#8217;est une fid\u00e8le auditrice parce qu&#8217;elle m&#8217;avait d\u00e9j\u00e0 envoy\u00e9 un email en janvier. Donc voil\u00e0, \u00e7a veut dire qu&#8217;elle \u00e9coute le podcast depuis un certain temps. Masoomeh a une vie tr\u00e8s int\u00e9ressante parce qu&#8217;elle est n\u00e9e en Iran mais elle a la nationalit\u00e9 am\u00e9ricaine et actuellement elle vit en Australie.<\/p>\n\n\n\n<p><a id=\"sonaar_ts-6927d52a57d52\" class=\"srmp3_sonaar_ts_shortcode\"  style=\"\" href=\"javascript:sonaar_ts_shortcode({ trackid:'0', time:'00:01:22', ts_id:'6927d52a57d52', play_icon:'' }) ;\">[00:01:22]<\/a> Cher Hugo,<\/p>\n\n\n\n<p>Merci beaucoup d&#8217;\u00eatre si g\u00e9n\u00e9reux avec ton temps et tes efforts. Tes podcasts sont un cadeau que j&#8217;appr\u00e9cie beaucoup et j&#8217;apprends un peu le fran\u00e7ais chaque fois que je les \u00e9coute. Je souhaiterais vraiment que tous les Fran\u00e7ais parlent plus comme toi. Ton accent est tr\u00e8s clair et je comprends tout ce que tu dis. J&#8217;appr\u00e9cie aussi les sujets que tu choisis et j&#8217;apprends quelque chose de nouveau chaque fois que je t&#8217;\u00e9coute.<br>Puis-je sugg\u00e9rer un sujet d&#8217;int\u00e9r\u00eat ? J&#8217;admire l&#8217;un de tes compatriotes depuis quelques ann\u00e9es maintenant; connais-tu Matthieu Ricard ? Il a un c\u00e9l\u00e8bre livre que j&#8217;adore : L&#8217;art du bonheur. Je pense que c&#8217;est un sujet fascinant qui pourrait int\u00e9resser tout le monde.<\/p>\n\n\n\n<p>Merci encore pour tout ce que tu fais et j&#8217;esp\u00e8re que tu as pass\u00e9 d&#8217;excellentes vacances.<br>Masoomeh<\/p>\n\n\n\n<p><a id=\"sonaar_ts-6927d52a57d5a\" class=\"srmp3_sonaar_ts_shortcode\"  style=\"\" href=\"javascript:sonaar_ts_shortcode({ trackid:'0', time:'00:02:30', ts_id:'6927d52a57d5a', play_icon:'' }) ;\">[00:02:30]<\/a> Merci beaucoup Masoomeh pour ton enregistrement ! \u00c7a me fait tr\u00e8s plaisir d&#8217;entendre que tu appr\u00e9cies le podcast que tu le trouves utile. Je sais qu&#8217;il y a beaucoup d&#8217;auditeurs qui aimeraient que tous les Fran\u00e7ais parlent comme moi parce que \u00e7a rendrait leur apprentissage du fran\u00e7ais plus facile. Mais malheureusement, comme vous le savez, \u00e7a n&#8217;est pas le cas. D&#8217;ailleurs, si c&#8217;\u00e9tait le cas, moi je serais peut-\u00eatre au ch\u00f4mage ! C&#8217;est vrai que j&#8217;adapte un peu ma fa\u00e7on de parler pour que ce soit plus facile \u00e0 comprendre. Mais, progressivement, au fur et \u00e0 mesure des \u00e9pisodes, vous avez peut-\u00eatre remarqu\u00e9 que j&#8217;essaye de parler un peu plus vite parce que je sais que vous faites des progr\u00e8s en \u00e9coutant ce podcast donc moi, je vais essayer d&#8217;adapter mon niveau et de progresser avec vous.<\/p>\n\n\n\n<p><a id=\"sonaar_ts-6927d52a57d5f\" class=\"srmp3_sonaar_ts_shortcode\"  style=\"\" href=\"javascript:sonaar_ts_shortcode({ trackid:'0', time:'00:03:28', ts_id:'6927d52a57d5f', play_icon:'' }) ;\">[00:03:28]<\/a> Bref, je sais que c&#8217;est difficile de comprendre les Fran\u00e7ais. Il y a plusieurs raisons pour \u00e7a. Et c&#8217;est d&#8217;ailleurs une des le\u00e7ons qu&#8217;il va y avoir dans mon programme. Vous savez peut-\u00eatre que je travaille actuellement sur un programme que je vais vendre sur mon site (normalement au mois de septembre, si tout va bien) et dans la premi\u00e8re semaine de ce programme, il y a une le\u00e7on qui explique pourquoi \u00e7a semble si difficile de comprendre les Fran\u00e7ais quand ils parlent, et comment faire pour d\u00e9passer, pour surmonter, cette difficult\u00e9.<\/p>\n\n\n\n<p><a id=\"sonaar_ts-6927d52a57d65\" class=\"srmp3_sonaar_ts_shortcode\"  style=\"\" href=\"javascript:sonaar_ts_shortcode({ trackid:'0', time:'00:04:07', ts_id:'6927d52a57d65', play_icon:'' }) ;\">[00:04:07]<\/a> Comme vous l&#8217;imaginez, il n&#8217;y a pas de solution magique. Moi, en g\u00e9n\u00e9ral, je ne crois pas aux solutions magiques. Il faut, comme je le r\u00e9p\u00e8te souvent, passer beaucoup de temps avec la langue et essayer de tol\u00e9rer l&#8217;ambigu\u00eft\u00e9. Tol\u00e9rer l&#8217;ambigu\u00eft\u00e9, \u00e7a veut dire accepter de ne pas tout comprendre. Quand on apprend une langue, c&#8217;est normal de ne pas comprendre 100% de ce qu&#8217;on entend et il ne faut pas paniquer. Il faut essayer de se concentrer sur les mots qu&#8217;on comprend pour donner du sens \u00e0 la phrase. Et, en g\u00e9n\u00e9ral, notre cerveau est tr\u00e8s bon pour \u00e7a. Notre cerveau a cette capacit\u00e9 \u00e0 interpr\u00e9ter les \u00e9l\u00e9ments pour leur donner du sens. Donc ne paniquez pas. Faites confiance \u00e0 votre cerveau. Concentrez-vous sur le message de la personne qui parle et petit \u00e0 petit, en progressant, \u00e7a va devenir de plus en plus facile pour vous de comprendre les Fran\u00e7ais.<\/p>\n\n\n\n<p><a id=\"sonaar_ts-6927d52a57d6a\" class=\"srmp3_sonaar_ts_shortcode\"  style=\"\" href=\"javascript:sonaar_ts_shortcode({ trackid:'0', time:'00:05:15', ts_id:'6927d52a57d6a', play_icon:'' }) ;\">[00:05:15]<\/a> Masoomeh, dans son enregistrement, elle parle d&#8217;un de mes compatriotes, c&#8217;est-\u00e0-dire d&#8217;un autre fran\u00e7ais qui s&#8217;appelle Matthieu Ricard. Je vous ai d\u00e9j\u00e0 parl\u00e9 de Matthieu Ricard dans l&#8217;\u00e9pisode 26 du podcast (c&#8217;\u00e9tait l&#8217;\u00e9pisode sur les 8 choses que font les gens heureux). Et Matthieu Ricard, c&#8217;est quelqu&#8217;un de vraiment tr\u00e8s int\u00e9ressant. C&#8217;est un docteur en g\u00e9n\u00e9tique cellulaire mais il s&#8217;int\u00e9resse surtout beaucoup \u00e0 la spiritualit\u00e9. D&#8217;ailleurs, il s&#8217;est install\u00e9 dans l&#8217;Himalaya quand il avait 26 ans et il est devenu un moine bouddhiste quelques ann\u00e9es plus tard. C&#8217;est quelqu&#8217;un qui s&#8217;int\u00e9resse beaucoup aux questions sur l&#8217;altruisme, la compassion, le bonheur, la m\u00e9ditation, l&#8217;environnement. Et sur internet, vous pouvez trouver beaucoup d&#8217;articles, de vid\u00e9os, d&#8217;interviews avec lui, dans lesquels vous allez pouvoir d\u00e9couvrir sa pens\u00e9e. Si ce sont des sujets qui vous int\u00e9ressent, je vous encourage vraiment \u00e0 le faire. Tapez &#8220;Matthieu Ricard&#8221; dans Google et vous allez trouver plein de choses tr\u00e8s int\u00e9ressantes.<\/p>\n\n\n\n<p><a id=\"sonaar_ts-6927d52a57d6f\" class=\"srmp3_sonaar_ts_shortcode\"  style=\"\" href=\"javascript:sonaar_ts_shortcode({ trackid:'0', time:'00:06:34', ts_id:'6927d52a57d6f', play_icon:'' }) ;\">[00:06:34]<\/a> \u00c0 part ces sujets que j&#8217;ai mentionn\u00e9s, il y a un autre th\u00e8me qui est tr\u00e8s important pour Matthieu Ricard, c&#8217;est la d\u00e9fense des animaux et le v\u00e9ganisme. \u00c7a, c&#8217;est un sujet qui m&#8217;int\u00e9resse beaucoup moi aussi et dont j&#8217;ai d\u00e9cid\u00e9 de vous parler aujourd&#8217;hui.<\/p>\n\n\n\n<p><a id=\"sonaar_ts-6927d52a57d74\" class=\"srmp3_sonaar_ts_shortcode\"  style=\"\" href=\"javascript:sonaar_ts_shortcode({ trackid:'0', time:'00:06:54', ts_id:'6927d52a57d74', play_icon:'' }) ;\">[00:06:54]<\/a> J&#8217;ai longtemps h\u00e9sit\u00e9 avant de faire cet \u00e9pisode parce que, pour moi, c&#8217;est quelque chose d&#8217;assez personnel car je suis devenu v\u00e9gan il y a deux ans. C&#8217;est quelque chose qui est tr\u00e8s important \u00e0 mes yeux et j&#8217;avais envie de partager \u00e7a avec vous, de vous expliquer pourquoi et comment je suis devenu v\u00e9gan. Mon but, \u00e7a n&#8217;est pas de vous convaincre de faire la m\u00eame chose (m\u00eame si \u00e7a me ferait tr\u00e8s plaisir de savoir que vous avez d\u00e9cid\u00e9 d&#8217;essayer le v\u00e9ganisme !). Mon but, ici, c&#8217;est simplement de partager une histoire personnelle avec vous et j&#8217;esp\u00e8re qu&#8217;elle va vous int\u00e9resser.<\/p>\n\n\n\n<p><a id=\"sonaar_ts-6927d52a57d80\" class=\"srmp3_sonaar_ts_shortcode\"  style=\"\" href=\"javascript:sonaar_ts_shortcode({ trackid:'0', time:'00:07:40', ts_id:'6927d52a57d80', play_icon:'' }) ;\">[00:07:40]<\/a> Quand j&#8217;\u00e9tais petit, j&#8217;ai re\u00e7u une \u00e9ducation \u00e0 la fran\u00e7aise, une \u00e9ducation 100% fran\u00e7aise ! \u00c7a veut dire que pendant les repas, il y avait presque toujours de la viande. En fait, je dirais m\u00eame qu&#8217;il y avait toujours de la viande. \u00c0 un moment, j&#8217;ai arr\u00eat\u00e9 de manger du poisson, quand j&#8217;avais 7 ans. Je ne me souviens pas bien pourquoi mais \u00e7a a \u00e9t\u00e9 une r\u00e9action vraiment tr\u00e8s radicale et du jour au lendemain, j&#8217;ai d\u00e9cid\u00e9 d&#8217;arr\u00eater compl\u00e8tement le poisson. Je d\u00e9testais le go\u00fbt, je trouvais que c&#8217;\u00e9tait d\u00e9go\u00fbtant. Donc, au repas, que ce soit au d\u00e9jeuner ou au d\u00eener, j&#8217;avais toujours de la viande et des l\u00e9gumes.<\/p>\n\n\n\n<p><a id=\"sonaar_ts-6927d52a57d88\" class=\"srmp3_sonaar_ts_shortcode\"  style=\"\" href=\"javascript:sonaar_ts_shortcode({ trackid:'0', time:'00:08:30', ts_id:'6927d52a57d88', play_icon:'' }) ;\">[00:08:30]<\/a> Il faut savoir que la viande a une place tr\u00e8s importante dans la cuisine fran\u00e7aise. C&#8217;est souvent le plat principal d&#8217;un repas. Et les Fran\u00e7ais ont tendance \u00e0 associer la viande au plaisir et au partage. Par exemple, on organise souvent des barbecues l&#8217;\u00e9t\u00e9 comme aux Etats-Unis et dans d&#8217;autres pays occidentaux. Et le barbecue, c&#8217;est l&#8217;exemple typique du partage : on cuit la viande tous ensemble sur le barbecue et on la partage entre les diff\u00e9rents invit\u00e9s. Bref, les Fran\u00e7ais pensent que la viande a une dimension conviviale et qu&#8217;un repas festif, un bon repas avec des amis, \u00e7a doit \u00eatre un repas avec de la viande.<\/p>\n\n\n\n<p><a id=\"sonaar_ts-6927d52a57d8d\" class=\"srmp3_sonaar_ts_shortcode\"  style=\"\" href=\"javascript:sonaar_ts_shortcode({ trackid:'0', time:'00:09:23', ts_id:'6927d52a57d8d', play_icon:'' }) ;\">[00:09:23]<\/a> D&#8217;ailleurs, moi mon plat pr\u00e9f\u00e9r\u00e9 avant, c&#8217;\u00e9tait le steak tartare. Le steak tartare, peut-\u00eatre que vous connaissez, c&#8217;est un steak avec de la viande crue. On dit que la viande est crue quand elle n&#8217;est pas cuite, \u00e7a veut dire quand on la mange directement sans la cuire ni au barbecue, ni au four, ni \u00e0 la po\u00eale. Le steak tartare, c&#8217;est vraiment un plat pour les carnivores.<\/p>\n\n\n\n<p><a id=\"sonaar_ts-6927d52a57d92\" class=\"srmp3_sonaar_ts_shortcode\"  style=\"\" href=\"javascript:sonaar_ts_shortcode({ trackid:'0', time:'00:09:55', ts_id:'6927d52a57d92', play_icon:'' }) ;\">[00:09:55]<\/a> Et \u00e0 cette \u00e9poque, j&#8217;avais parfois quelques amis v\u00e9g\u00e9tariens. Ma r\u00e9action c&#8217;\u00e9tait souvent de me moquer d&#8217;eux. C&#8217;est quelque chose qu&#8217;on fait assez souvent en France. On dit que les v\u00e9g\u00e9tariens sont des lapins, qu&#8217;ils mangent seulement de l&#8217;herbe des carottes. Bref, on a tendance \u00e0 ne pas vraiment les prendre au s\u00e9rieux. Et moi, c&#8217;\u00e9tait aussi l&#8217;attitude que j&#8217;avais \u00e0 cette \u00e9poque. Plus tard, j&#8217;ai compris que me moquer de mes amis v\u00e9g\u00e9tariens, c&#8217;\u00e9tait une fa\u00e7on pour moi de les discr\u00e9diter pour ne pas les prendre au s\u00e9rieux, et surtout pour ne pas me remettre en cause, pour ne pas questionner la fa\u00e7on dont je mangeais.<\/p>\n\n\n\n<p><a id=\"sonaar_ts-6927d52a57d97\" class=\"srmp3_sonaar_ts_shortcode\"  style=\"\" href=\"javascript:sonaar_ts_shortcode({ trackid:'0', time:'00:10:43', ts_id:'6927d52a57d97', play_icon:'' }) ;\">[00:10:43]<\/a> C&#8217;est assez facile pour nous d&#8217;accepter que certaines personnes n&#8217;aiment pas certains go\u00fbts (par exemple comme moi qui n&#8217;aimait pas le poisson), mais c&#8217;est plus difficile d&#8217;accepter quand quelqu&#8217;un questionne la valeur morale de nos choix. Parce que, quand on est face \u00e0 un v\u00e9g\u00e9tarien ou un v\u00e9gan, le simple fait qu&#8217;il soit pr\u00e9sent, sa simple pr\u00e9sence, peut constituer une forme d&#8217;attaque vis-\u00e0-vis de nous et vis-\u00e0-vis de nos d\u00e9cisions.<\/p>\n\n\n\n<p><a id=\"sonaar_ts-6927d52a57d9c\" class=\"srmp3_sonaar_ts_shortcode\"  style=\"\" href=\"javascript:sonaar_ts_shortcode({ trackid:'0', time:'00:11:20', ts_id:'6927d52a57d9c', play_icon:'' }) ;\">[00:11:20]<\/a> Et manger, c&#8217;est un plaisir donc ce n&#8217;est pas quelque chose qu&#8217;on a envie de remettre en question. On consid\u00e8re qu&#8217;il n&#8217;y a pas vraiment de valeur morale l\u00e0-dedans, c&#8217;est juste une habitude comme conduire une voiture, aller \u00e0 l&#8217;\u00e9cole, sortir avec ses amis, etc. Et moi, jusqu&#8217;\u00e0 il y a deux ans, c&#8217;\u00e9tait exactement l&#8217;attitude que j&#8217;avais. J&#8217;adorais la viande, j&#8217;adorais le go\u00fbt de la viande. J&#8217;\u00e9tais tr\u00e8s content d&#8217;en manger autant que je voulais et j&#8217;avais pas envie que quelqu&#8217;un critique ma consommation de viande.<\/p>\n\n\n\n<p><a id=\"sonaar_ts-6927d52a57da4\" class=\"srmp3_sonaar_ts_shortcode\"  style=\"\" href=\"javascript:sonaar_ts_shortcode({ trackid:'0', time:'00:11:59', ts_id:'6927d52a57da4', play_icon:'' }) ;\">[00:11:59]<\/a> Mais vous savez peut-\u00eatre que la meilleure fa\u00e7on de d\u00e9truire un syst\u00e8me, c&#8217;est de le faire exploser de l&#8217;int\u00e9rieur. Et c&#8217;est exactement ce qui m&#8217;est arriv\u00e9. Il y a une v\u00e9g\u00e9tarienne qui s&#8217;est infiltr\u00e9e dans ma vie. Cette v\u00e9g\u00e9tarienne, c&#8217;\u00e9tait ma copine. Au d\u00e9part, elle n&#8217;avait pas l&#8217;air tr\u00e8s dangereuse donc je ne me suis pas m\u00e9fi\u00e9, je n&#8217;ai pas fait attention. \u00c0 vrai dire, elle ne faisait pas vraiment de commentaires sur mes choix. Elle me laissait manger de la viande quand je voulais. Elle ne faisait pas de critiques directes. Autrement dit, elle avait une tr\u00e8s bonne strat\u00e9gie. Pour moi, c&#8217;\u00e9tait assez facile de ne pas faire attention aux choix de ma copine parce qu&#8217;elle avait grandi en \u00e9tant v\u00e9g\u00e9tarienne. Elle avait \u00e9t\u00e9 v\u00e9g\u00e9tarienne toute sa vie parce que ses parents l&#8217;avaient \u00e9lev\u00e9e comme \u00e7a. Donc pour moi, c&#8217;\u00e9tait simplement une question d&#8217;\u00e9ducation, une sorte de diff\u00e9rence culturelle. Donc j&#8217;y faisais pas vraiment attention.<\/p>\n\n\n\n<p><a id=\"sonaar_ts-6927d52a57da9\" class=\"srmp3_sonaar_ts_shortcode\"  style=\"\" href=\"javascript:sonaar_ts_shortcode({ trackid:'0', time:'00:13:11', ts_id:'6927d52a57da9', play_icon:'' }) ;\">[00:13:11]<\/a> Mais progressivement, les ennuis ont commenc\u00e9 \u00e0 arriver. On s&#8217;est mis \u00e0 parler un peu plus souvent de ce sujet, de la consommation de viande. Et c&#8217;est vrai qu&#8217;au fur et \u00e0 mesure des discussions, je me suis rendu compte que ma copine avait des arguments plut\u00f4t convaincants, elle avait des bons arguments.<\/p>\n\n\n\n<p><a id=\"sonaar_ts-6927d52a57dad\" class=\"srmp3_sonaar_ts_shortcode\"  style=\"\" href=\"javascript:sonaar_ts_shortcode({ trackid:'0', time:'00:13:33', ts_id:'6927d52a57dad', play_icon:'' }) ;\">[00:13:33]<\/a> Par exemple, parfois, elle me demandait pourquoi j&#8217;adorais tellement les chiens et les chats mais je mangeais des cochons (c&#8217;est-\u00e0-dire du porc), parce que les \u00e9tudes montrent que les cochons sont plus intelligents que les chiens. Donc c&#8217;est un peu bizarre de consid\u00e9rer certains animaux comme des animaux domestiques, de les traiter comme des membres de la famille, et d&#8217;un autre c\u00f4t\u00e9 de consid\u00e9rer d&#8217;autres esp\u00e8ces animales comme de la nourriture. C&#8217;est vrai que \u00e7a ne nous viendrait pas \u00e0 l&#8217;esprit de manger des membres de notre famille ! En plus, il faut savoir que je suis quelqu&#8217;un qui adore les animaux. J&#8217;ai toujours eu des chiens et des chats \u00e0 la maison. Donc pour moi, c&#8217;\u00e9tait horrible d&#8217;imaginer que, dans certains pays, les gens mangeaient des chiens et des chats. Mais c&#8217;est vrai que, quand on y pense, c&#8217;est tout aussi bizarre de manger des cochons, des lapins, des poulets ou des b\u0153ufs que de manger des chiens ou des chats. C&#8217;est simplement une diff\u00e9rence culturelle. Objectivement, \u00e7a n&#8217;est pas plus bizarre de manger un chien que de manger un cochon. Donc pourquoi dans un cas c&#8217;\u00e9tait une chose que je trouvais horrible et, dans l&#8217;autre, une chose qui me semblait tout \u00e0 fait normale ?<\/p>\n\n\n\n<p><a id=\"sonaar_ts-6927d52a57db6\" class=\"srmp3_sonaar_ts_shortcode\"  style=\"\" href=\"javascript:sonaar_ts_shortcode({ trackid:'0', time:'00:15:01', ts_id:'6927d52a57db6', play_icon:'' }) ;\">[00:15:01]<\/a> Avec ce genre de questions, ma copine a commenc\u00e9 \u00e0 semer le doute en moi. &#8220;Semer le doute&#8221;, c&#8217;est une tr\u00e8s jolie expression. &#8220;Semer&#8221;, c&#8217;est un verbe qu&#8217;on utilise par exemple quand vous prenez des graines pour faire pousser quelque chose. Vous semez les graines dans un champ. Et si vous arrosez et si vous vous occupez bien de ces graines, apr\u00e8s un certain temps, \u00e7a donne des l\u00e9gumes ou des fleurs par exemple. C&#8217;est la m\u00eame chose avec &#8220;semer le doute&#8221;. Quelqu&#8217;un commence \u00e0 vous poser quelques questions et il y a le doute qui na\u00eet dans votre t\u00eate. Et avec le temps, ce doute devient de plus en plus grand. C&#8217;est \u00e7a, l&#8217;expression &#8220;semer le doute&#8221;.<\/p>\n\n\n\n<p><a id=\"sonaar_ts-6927d52a57dbc\" class=\"srmp3_sonaar_ts_shortcode\"  style=\"\" href=\"javascript:sonaar_ts_shortcode({ trackid:'0', time:'00:15:53', ts_id:'6927d52a57dbc', play_icon:'' }) ;\">[00:15:53]<\/a> J&#8217;ai commenc\u00e9 \u00e0 me poser pas mal de questions et une autre chose qui m&#8217;a vraiment convaincu, \u00e0 cette \u00e9poque, c&#8217;est quand ma copine m&#8217;a encourag\u00e9e \u00e0 regarder des vid\u00e9os de ce qui se passe dans les abattoirs. Les abattoirs, ce sont ces endroits \u00e0 l&#8217;ext\u00e9rieur des villes dans lesquels les animaux sont tu\u00e9s pour fabriquer de la viande. \u00c7a vient du verbe &#8220;abattre&#8221; qui veut dire &#8220;tuer&#8221;. Il faut savoir qu&#8217;en France, il y a une association qui s&#8217;est sp\u00e9cialis\u00e9e dans la diffusion de vid\u00e9os film\u00e9es dans des abattoirs. C&#8217;est une association qui s&#8217;appelle L214. Donc c&#8217;\u00e9tait tr\u00e8s facile pour moi de trouver ces vid\u00e9os et de voir exactement ce qui se passait dans les abattoirs. L\u00e0, avec ces vid\u00e9os, je les ai regard\u00e9es tr\u00e8s attentivement, je les ai regard\u00e9es en d\u00e9tail, et \u00e7a a fait l&#8217;effet d&#8217;un \u00e9lectrochoc. \u00c7a a \u00e9t\u00e9 un vrai \u00e9lectrochoc pour moi parce que, sur ces images, j&#8217;ai vu des cr\u00e9atures sensibles qui avaient peur et qui souffraient, qui souffraient \u00e9norm\u00e9ment.<\/p>\n\n\n\n<p><a id=\"sonaar_ts-6927d52a57dc0\" class=\"srmp3_sonaar_ts_shortcode\"  style=\"\" href=\"javascript:sonaar_ts_shortcode({ trackid:'0', time:'00:17:06', ts_id:'6927d52a57dc0', play_icon:'' }) ;\">[00:17:06]<\/a> Donc avec ces discussions et apr\u00e8s avoir vu ces vid\u00e9os, j&#8217;ai commenc\u00e9 \u00e0 me poser de plus en plus de questions. On peut dire que le doute a vraiment grandi en moi. C&#8217;est devenu de plus en plus difficile de manger de la viande. Ma premi\u00e8re d\u00e9cision, \u00e7a a \u00e9t\u00e9 d&#8217;arr\u00eater d&#8217;acheter de la viande quand je faisais mes courses, de ne plus acheter de viande au supermarch\u00e9. Mais \u00e7a ne veut pas dire que je me privais compl\u00e8tement de manger de la viande. Ah oui \u00e7a, &#8220;se priver de&#8221;, c&#8217;est un verbe qui veut dire &#8220;s&#8217;interdire de faire quelque chose&#8221;. Donc moi, je ne me privais pas de manger de la viande. Je ne m&#8217;interdisais pas de manger de la viande quand j&#8217;allais au restaurant par exemple. Si je voyais un plat \u00e0 base de viande qui me plaisait, je m&#8217;autorisais encore \u00e0 le commander.<\/p>\n\n\n\n<p><a id=\"sonaar_ts-6927d52a57dc5\" class=\"srmp3_sonaar_ts_shortcode\"  style=\"\" href=\"javascript:sonaar_ts_shortcode({ trackid:'0', time:'00:18:01', ts_id:'6927d52a57dc5', play_icon:'' }) ;\">[00:18:01]<\/a> J&#8217;arrivais encore, on peut dire, \u00e0 faire la distinction dans ma t\u00eate entre les animaux que j&#8217;avais vus sur ces vid\u00e9os dans les abattoirs et la viande qui \u00e9tait dans mon assiette. En fait, c&#8217;est tr\u00e8s facile de faire cette distinction parce que tout est organis\u00e9 dans nos soci\u00e9t\u00e9s pour qu&#8217;on ne fasse pas le lien, qu&#8217;on ne fasse pas la connexion, entre les animaux d&#8217;un c\u00f4t\u00e9 et la viande de l&#8217;autre. D&#8217;ailleurs, vous voyez qu&#8217;il y a deux mots diff\u00e9rents. On ne dit pas : &#8220;je mange des animaux&#8221; mais &#8220;je mange de la viande&#8221;. Et quand on voit ces produits au supermarch\u00e9 dans les emballages, \u00e7a ne ressemble pas du tout \u00e0 un animal. C&#8217;est tr\u00e8s facile pour nous d&#8217;oublier que quand on mange de la viande, on est en train de manger un animal.<\/p>\n\n\n\n<p><a id=\"sonaar_ts-6927d52a57dca\" class=\"srmp3_sonaar_ts_shortcode\"  style=\"\" href=\"javascript:sonaar_ts_shortcode({ trackid:'0', time:'00:18:52', ts_id:'6927d52a57dca', play_icon:'' }) ;\">[00:18:52]<\/a> \u00c0 cette \u00e9poque, m\u00eame si je commen\u00e7ais \u00e0 avoir des doutes, on peut dire que j&#8217;\u00e9tais dans une phase de d\u00e9ni. Je refusais d&#8217;accepter la r\u00e9alit\u00e9 et je me disais que ma copine \u00e9tait trop sensible, que les animaux \u00e9taient faits de toute fa\u00e7on pour qu&#8217;on les utilise, pour qu&#8217;on les mange et que les conditions de production de la viande n&#8217;\u00e9tait pas si terribles.<\/p>\n\n\n\n<p><a id=\"sonaar_ts-6927d52a57dd3\" class=\"srmp3_sonaar_ts_shortcode\"  style=\"\" href=\"javascript:sonaar_ts_shortcode({ trackid:'0', time:'00:19:21', ts_id:'6927d52a57dd3', play_icon:'' }) ;\">[00:19:21]<\/a> Et en parall\u00e8le, j&#8217;ai commenc\u00e9 \u00e0 lire beaucoup d&#8217;articles et de livres sur ce sujet pour essayer de trouver des arguments pour contredire ma copine. Mais ce qui s&#8217;est pass\u00e9, c&#8217;est que plus je lisais, plus je me rendais compte que c&#8217;\u00e9tait moi qui avais tort. C&#8217;\u00e9tait moi qui me trompais et ma copine avait raison. J&#8217;ai d\u00e9couvert beaucoup d&#8217;auteurs, dont Matthieu Ricard justement, que j&#8217;avais ignor\u00e9s ou discr\u00e9dit\u00e9s jusqu&#8217;ici parce que c&#8217;\u00e9taient des personnes qui questionnaient une chose tr\u00e8s intime chez moi, c&#8217;est-\u00e0-dire la nourriture. Car oui, la nourriture, on ne s&#8217;en rend pas forc\u00e9ment compte mais c&#8217;est une question qui est tr\u00e8s intime pour chacun d&#8217;entre nous, et \u00e7a n&#8217;est pas quelque chose qu&#8217;on a envie de remettre en cause.<\/p>\n\n\n\n<p><a id=\"sonaar_ts-6927d52a57dd8\" class=\"srmp3_sonaar_ts_shortcode\"  style=\"\" href=\"javascript:sonaar_ts_shortcode({ trackid:'0', time:'00:20:17', ts_id:'6927d52a57dd8', play_icon:'' }) ;\">[00:20:17]<\/a> Au fur et \u00e0 mesure de ces lectures et des discussions avec ma copine, il y a un conflit int\u00e9rieur qui a commenc\u00e9 \u00e0 grandir en moi. D&#8217;un c\u00f4t\u00e9, j&#8217;avais les souvenirs des repas de famille, des barbecues avec mes amis, tous ces bons moments o\u00f9 on mangeait de la viande, et de l&#8217;autre, j&#8217;avais ces images des abattoirs, de la souffrance des animaux, ces textes de philosophes qui me montraient que j&#8217;avais tort et que tuer des animaux \u00e9tait quelque chose d&#8217;immoral. Donc voil\u00e0, j&#8217;\u00e9tais de plus en plus d\u00e9chir\u00e9 par un conflit int\u00e9rieur, une sorte de contradiction que je n&#8217;arrivais pas \u00e0 r\u00e9soudre.<\/p>\n\n\n\n<p><a id=\"sonaar_ts-6927d52a57ddd\" class=\"srmp3_sonaar_ts_shortcode\"  style=\"\" href=\"javascript:sonaar_ts_shortcode({ trackid:'0', time:'00:21:02', ts_id:'6927d52a57ddd', play_icon:'' }) ;\">[00:21:02]<\/a> \u00c7a m&#8217;a pris un certain temps de comprendre que toute ma vie, j&#8217;avais \u00e9t\u00e9 conditionn\u00e9 pour accepter ce syst\u00e8me, pour accepter la consommation de viande comme quelque chose de parfaitement normal et aussi de souhaitable. \u00c0 l&#8217;\u00e9cole et dans ma famille, j&#8217;ai toujours entendu que la viande \u00e9tait bonne pour la sant\u00e9, qu&#8217;il fallait manger de la viande pour \u00eatre fort, et surtout que la viande et les animaux n&#8217;avait aucun rapport, que c&#8217;\u00e9tait deux choses compl\u00e8tement diff\u00e9rentes.<\/p>\n\n\n\n<p><a id=\"sonaar_ts-6927d52a57de2\" class=\"srmp3_sonaar_ts_shortcode\"  style=\"\" href=\"javascript:sonaar_ts_shortcode({ trackid:'0', time:'00:21:36', ts_id:'6927d52a57de2', play_icon:'' }) ;\">[00:21:36]<\/a> Mais finalement, apr\u00e8s un certain temps, apr\u00e8s toutes ces lectures et ces conversations, cette incoh\u00e9rence m&#8217;est apparue au grand jour, elle est devenue \u00e9vidente \u00e0 mes yeux. Quand j&#8217;allais au supermarch\u00e9 et que je voyais la viande, je commen\u00e7ais \u00e0 voir les cadavres. Et moins je mangeais de viande, moins j&#8217;avais envie d&#8217;en manger. Pour moi, \u00e7a devenait m\u00eame impossible, au restaurant, d&#8217;imaginer manger de la viande. C&#8217;\u00e9tait quelque chose qui me d\u00e9go\u00fbtait parce que, \u00e0 chaque fois que je voyais du poulet ou du porc, je pensais \u00e0 l&#8217;animal qui avait \u00e9t\u00e9 tu\u00e9 pour finir dans mon assiette.<\/p>\n\n\n\n<p><a id=\"sonaar_ts-6927d52a57de6\" class=\"srmp3_sonaar_ts_shortcode\"  style=\"\" href=\"javascript:sonaar_ts_shortcode({ trackid:'0', time:'00:22:18', ts_id:'6927d52a57de6', play_icon:'' }) ;\">[00:22:18]<\/a> Et puis, il y avait aussi ces nombres terribles que j&#8217;avais vus dans les articles, par exemple, que 60 milliards d&#8217;animaux terrestres sont tu\u00e9s chaque ann\u00e9e pour notre consommation et 1000 milliards d&#8217;animaux marins. C&#8217;est quelque chose qui est m\u00eame impossible \u00e0 imaginer et qui vraiment donne le vertige. Surtout, je me demandais comment c&#8217;\u00e9tait possible qu&#8217;un tel massacre ait lieu dans nos soci\u00e9t\u00e9s chaque ann\u00e9e dans la plus grande tranquillit\u00e9 et que tout le monde trouve \u00e7a parfaitement normal. Face \u00e0 toutes ces contradictions, pour moi la solution \u00e9vidente, \u00e7a a \u00e9t\u00e9 de devenir v\u00e9g\u00e9tarien.<\/p>\n\n\n\n<p><a id=\"sonaar_ts-6927d52a57def\" class=\"srmp3_sonaar_ts_shortcode\"  style=\"\" href=\"javascript:sonaar_ts_shortcode({ trackid:'0', time:'00:23:05', ts_id:'6927d52a57def', play_icon:'' }) ;\">[00:23:05]<\/a> Mais un peu plus tard, ma copine (encore elle !) a voulu me montrer une vid\u00e9o de production de lait. D&#8217;abord, j&#8217;ai refus\u00e9 parce que je savais tr\u00e8s bien quelles seraient les cons\u00e9quences de regarder cette vid\u00e9o. Et moi, je n&#8217;avais pas envie d&#8217;arr\u00eater de boire du lait ou d&#8217;arr\u00eater de manger du fromage. J&#8217;adore le fromage, c&#8217;\u00e9tait quelque chose qui me donnait du plaisir et je n&#8217;avais pas envie de renoncer \u00e0 ce plaisir. En plus, j&#8217;\u00e9tais persuad\u00e9, j&#8217;\u00e9tais s\u00fbr, que quand on prenait du lait de vache, \u00e7a ne leur faisait pas de mal. J&#8217;imaginais la sc\u00e8ne dans une ferme o\u00f9 un gentil fermier trait la vache (\u00e7a veut dire : prend le lait de sa vache). Mais la r\u00e9alit\u00e9 est tr\u00e8s diff\u00e9rente de cette situation que j&#8217;imaginais.<\/p>\n\n\n\n<p><a id=\"sonaar_ts-6927d52a57df4\" class=\"srmp3_sonaar_ts_shortcode\"  style=\"\" href=\"javascript:sonaar_ts_shortcode({ trackid:'0', time:'00:24:03', ts_id:'6927d52a57df4', play_icon:'' }) ;\">[00:24:03]<\/a> Pour produire du lait, une vache a besoin d&#8217;\u00eatre enceinte. Elle a besoin d&#8217;attendre un b\u00e9b\u00e9. Ce qui veut dire que, syst\u00e9matiquement, les \u00e9leveurs mettent la vache enceinte (autrement dit, ils la violent pour qu&#8217;elle attende un b\u00e9b\u00e9 et qu&#8217;elle soit capable de produire du lait. Une fois que le b\u00e9b\u00e9 est n\u00e9, on le s\u00e9pare presque imm\u00e9diatement de sa m\u00e8re et on le fait manger pour qu&#8217;il devienne \u00e0 son tour de la viande. Apr\u00e8s quatre ou cinq ann\u00e9es de cette vie horrible, la vache est tu\u00e9e parce qu&#8217;elle n&#8217;a plus de force pour continuer \u00e0 produire du lait.<\/p>\n\n\n\n<p><a id=\"sonaar_ts-6927d52a57df9\" class=\"srmp3_sonaar_ts_shortcode\"  style=\"\" href=\"javascript:sonaar_ts_shortcode({ trackid:'0', time:'00:24:43', ts_id:'6927d52a57df9', play_icon:'' }) ;\">[00:24:43]<\/a> Mais le plus choquant et le plus \u00e9mouvant pour moi, de ce que j&#8217;ai vu dans ces vid\u00e9os, c&#8217;est le moment o\u00f9 les vaches sont s\u00e9par\u00e9es de leur b\u00e9b\u00e9. On voit les vaches hurler, pleurer et essayer de courir apr\u00e8s le b\u00e9b\u00e9 que l&#8217;agriculteur est en train de kidnapper, litt\u00e9ralement. C&#8217;est vraiment la preuve de l&#8217;instinct maternel tr\u00e8s fort qui existe chez les autres animaux, chez les mammif\u00e8res. C&#8217;est quelque chose qu&#8217;on a en commun avec eux et en voyant ces images, c&#8217;est vraiment difficile de rester insensible.<\/p>\n\n\n\n<p><a id=\"sonaar_ts-6927d52a57dfe\" class=\"srmp3_sonaar_ts_shortcode\"  style=\"\" href=\"javascript:sonaar_ts_shortcode({ trackid:'0', time:'00:25:23', ts_id:'6927d52a57dfe', play_icon:'' }) ;\">[00:25:23]<\/a> Evidemment, apr\u00e8s avoir vu toutes ces conditions de production et toute cette souffrance, j&#8217;ai d\u00e9cid\u00e9 d&#8217;arr\u00eater compl\u00e8tement les produits laitiers : plus de fromage, plus de yaourt et, bien \u00e9videmment, plus de lait.<\/p>\n\n\n\n<p><a id=\"sonaar_ts-6927d52a57e08\" class=\"srmp3_sonaar_ts_shortcode\"  style=\"\" href=\"javascript:sonaar_ts_shortcode({ trackid:'0', time:'00:25:40', ts_id:'6927d52a57e08', play_icon:'' }) ;\">[00:25:40]<\/a> Mais il ne faut pas croire que \u00e7a a \u00e9t\u00e9 une d\u00e9cision facile pour moi. Rappelez-vous que j&#8217;adorais manger de la viande et du fromage donc en abandonnant tout \u00e7a, j&#8217;avais l&#8217;impression de renoncer \u00e0 tous mes plaisirs. Mais en fait, ce n&#8217;est pas parce que quelque chose nous donne du plaisir que c&#8217;est moral. Par exemple, on peut imaginer un cleptomane (quelqu&#8217;un qui adore voler des choses dans les magasins). Voler lui donne beaucoup de plaisir mais \u00e7a n&#8217;est pas pour \u00e7a qu&#8217;il doit continuer de le faire. Et d&#8217;ailleurs, s&#8217;il se fait arr\u00eater et que sa r\u00e9ponse est de dire : &#8220;oui mais j&#8217;adore voler parce que \u00e7a me donne du plaisir&#8221;, je ne pense pas que \u00e7a pourra convaincre la police. Donc c&#8217;est un peu la m\u00eame chose avec la viande et le fromage : m\u00eame si on adore en manger, on adore le go\u00fbt, \u00e7a n&#8217;est pas un argument pour en justifier la consommation.<\/p>\n\n\n\n<p><a id=\"sonaar_ts-6927d52a57e0d\" class=\"srmp3_sonaar_ts_shortcode\"  style=\"\" href=\"javascript:sonaar_ts_shortcode({ trackid:'0', time:'00:26:38', ts_id:'6927d52a57e0d', play_icon:'' }) ;\">[00:26:38]<\/a> \u00c0 ce moment-l\u00e0, on peut dire que je suis devenu v\u00e9g\u00e9talien. \u00c7a veut dire que je ne mangeais plus de produits d&#8217;origine animale (parce que j&#8217;ai aussi arr\u00eat\u00e9 de manger des \u0153ufs). Mais comme j&#8217;ai continu\u00e9 \u00e0 lire beaucoup de livres sur ce sujet, apr\u00e8s quelques temps je suis devenu v\u00e9gan. La diff\u00e9rence entre le v\u00e9g\u00e9talisme et le v\u00e9ganisme, c&#8217;est que le v\u00e9ganisme est vraiment un combat politique qui consiste \u00e0 lutter contre toute forme d&#8217;exploitation des animaux.<\/p>\n\n\n\n<p><a id=\"sonaar_ts-6927d52a57e16\" class=\"srmp3_sonaar_ts_shortcode\"  style=\"\" href=\"javascript:sonaar_ts_shortcode({ trackid:'0', time:'00:27:12', ts_id:'6927d52a57e16', play_icon:'' }) ;\">[00:27:12]<\/a> \u00c7a veut dire que, en plus de ne pas manger de produits d&#8217;origine animale, on ne consomme pas non plus de v\u00eatements qui sont faits \u00e0 partir d&#8217;animaux. Donc pas de cuir (par exemple pour les chaussures ou les sacs), de laine etc. Et puis, on \u00e9vite aussi d&#8217;acheter des produits cosm\u00e9tiques par exemple ou des m\u00e9dicaments qui sont test\u00e9s sur des animaux. Et enfin, on boycotte toute forme de divertissement bas\u00e9 l\u00e0 aussi sur l&#8217;exploitation des animaux, comme les zoos, les cirques, les parcs aquatiques etc. Donc c&#8217;est plus qu&#8217;un mode de consommation, c&#8217;est plus qu&#8217;un style de vie, c&#8217;est un engagement total en faveur des animaux.<\/p>\n\n\n\n<p><a id=\"sonaar_ts-6927d52a57e1c\" class=\"srmp3_sonaar_ts_shortcode\"  style=\"\" href=\"javascript:sonaar_ts_shortcode({ trackid:'0', time:'00:27:58', ts_id:'6927d52a57e1c', play_icon:'' }) ;\">[00:27:58]<\/a> Et, depuis que je suis devenu v\u00e9gan, on me pose toujours les m\u00eames questions. Donc je vais profiter de cet \u00e9pisode pour y r\u00e9pondre. D&#8217;abord, on me dit que l&#8217;Homme a toujours exploit\u00e9 les animaux, \u00e7a a toujours \u00e9t\u00e9 comme \u00e7a, depuis la nuit des temps. Donc pourquoi est-ce qu&#8217;on devrait changer ? \u00c7a, c&#8217;est un peu le m\u00eame type d&#8217;argument qu&#8217;on entendait au moment de l&#8217;esclavage. Les personnes qui profitaient de l&#8217;esclavage disaient que \u00e7a avait toujours exist\u00e9 depuis la Gr\u00e8ce antique et qu&#8217;elles ne comprenaient pas pourquoi maintenant, il fallait l&#8217;abolir. L\u00e0, vous voyez un peu l&#8217;absurdit\u00e9 de cet argument. Ce n&#8217;est pas parce que quelque chose a toujours \u00e9t\u00e9 d&#8217;une certaine mani\u00e8re qu&#8217;il doit rester de cette mani\u00e8re.<\/p>\n\n\n\n<p><a id=\"sonaar_ts-6927d52a57e21\" class=\"srmp3_sonaar_ts_shortcode\"  style=\"\" href=\"javascript:sonaar_ts_shortcode({ trackid:'0', time:'00:28:51', ts_id:'6927d52a57e21', play_icon:'' }) ;\">[00:28:51]<\/a> Le deuxi\u00e8me argument que j&#8217;entends, c&#8217;est que les animaux ne sont pas comme nous. C&#8217;est vrai que le philosophe fran\u00e7ais Ren\u00e9 Descartes consid\u00e9rait les animaux comme des machines que l&#8217;Homme avait le droit d&#8217;exploiter. Mais toutes les recherches scientifiques r\u00e9centes vont dans le sens inverse. En fait, les chercheurs montrent que nous sommes construits d&#8217;une mani\u00e8re tr\u00e8s proche des animaux. Nous avons un syst\u00e8me nerveux et des \u00e9motions (en tout cas, quand on parle des mammif\u00e8res et des poissons).<\/p>\n\n\n\n<p><a id=\"sonaar_ts-6927d52a57e26\" class=\"srmp3_sonaar_ts_shortcode\"  style=\"\" href=\"javascript:sonaar_ts_shortcode({ trackid:'0', time:'00:29:26', ts_id:'6927d52a57e26', play_icon:'' }) ;\">[00:29:26]<\/a> Il y a toujours l&#8217;argument de la cha\u00eene alimentaire : l&#8217;Homme est au sommet de la cha\u00eene alimentaire donc il a le droit de manger tous les animaux qui sont en dessous de lui. En fait, c&#8217;est la loi de la nature. Mais les progr\u00e8s que nous avons faits gr\u00e2ce \u00e0 la civilisation nous ont permis de ne plus \u00eatre d\u00e9pendants de cette cha\u00eene alimentaire. On est capables de produire suffisamment de nourriture pour nourrir l&#8217;ensemble de la population sans avoir besoin de manger des animaux. Au contraire, on gaspille \u00e9norm\u00e9ment de ressources (de c\u00e9r\u00e9ales et d&#8217;eau) pour produire de la viande qu&#8217;on va manger, alors que si on utilisait directement ces ressources pour notre consommation, pour la consommation humaine, il n&#8217;y aurait plus de probl\u00e8me de faim dans le monde. Tout le monde aurait suffisamment \u00e0 manger.<\/p>\n\n\n\n<p><a id=\"sonaar_ts-6927d52a57e2c\" class=\"srmp3_sonaar_ts_shortcode\"  style=\"\" href=\"javascript:sonaar_ts_shortcode({ trackid:'0', time:'00:30:28', ts_id:'6927d52a57e2c', play_icon:'' }) ;\">[00:30:28]<\/a> Et puis, en g\u00e9n\u00e9ral, le progr\u00e8s de la civilisation, c&#8217;est d&#8217;aller vers plus d&#8217;altruisme. Pendant longtemps, on a consid\u00e9r\u00e9 qu&#8217;il y avait diff\u00e9rentes cat\u00e9gories d&#8217;hommes, que l&#8217;homme blanc \u00e9tait sup\u00e9rieur aux autres et que les hommes \u00e9taient sup\u00e9rieurs aux femmes. Mais gr\u00e2ce aux progr\u00e8s de la civilisation, on s&#8217;est rendu compte que ces distinctions \u00e9taient ridicules et que tous les membres de l&#8217;esp\u00e8ce humaine, peu importe leur sexe, leur couleur de peau ou leur religion, devaient b\u00e9n\u00e9ficier des m\u00eames droits. Et maintenant, on consid\u00e8re que cet altruisme doit s&#8217;\u00e9tendre aux autres esp\u00e8ces. Pas seulement \u00e0 l&#8217;esp\u00e8ce humaine mais \u00e0 toutes les autres esp\u00e8ces qui cohabitent avec nous sur Terre parce que, malgr\u00e9 ce qu&#8217;on essaie de croire, l&#8217;Homme n&#8217;est pas le centre de l&#8217;univers et les autres esp\u00e8ces qui sont sur Terre ont le droit d&#8217;y vivre paisiblement, sans se faire exploiter, massacrer, par les hommes.<\/p>\n\n\n\n<p><a id=\"sonaar_ts-6927d52a57e38\" class=\"srmp3_sonaar_ts_shortcode\"  style=\"\" href=\"javascript:sonaar_ts_shortcode({ trackid:'0', time:'00:31:40', ts_id:'6927d52a57e38', play_icon:'' }) ;\">[00:31:40]<\/a> Evidemment, ce que je vous ai pr\u00e9sent\u00e9 l\u00e0, c&#8217;est seulement mon point de vue personnel. Donc vous n&#8217;\u00eates pas oblig\u00e9s de le partager. J&#8217;esp\u00e8re simplement que \u00e7a vous aura pouss\u00e9 \u00e0 vous poser certaines questions si vous n&#8217;avez jamais r\u00e9fl\u00e9chi \u00e0 ce sujet. Et peut-\u00eatre que vous aurez envie d&#8217;en savoir plus. Donc si c&#8217;est le cas, je vous invite \u00e0 m&#8217;envoyer un email et je pourrai vous recommander diff\u00e9rents textes en fran\u00e7ais ou en anglais qui, personnellement, m&#8217;ont beaucoup inspir\u00e9.<\/p>\n\n\n\n<p><a id=\"sonaar_ts-6927d52a57e3f\" class=\"srmp3_sonaar_ts_shortcode\"  style=\"\" href=\"javascript:sonaar_ts_shortcode({ trackid:'0', time:'00:32:15', ts_id:'6927d52a57e3f', play_icon:'' }) ;\">[00:32:15]<\/a> Voil\u00e0, c&#8217;est tout pour aujourd&#8217;hui, on va s&#8217;arr\u00eater l\u00e0. Merci de m&#8217;avoir \u00e9cout\u00e9 et merci \u00e0 toutes les personnes qui ont laiss\u00e9 des \u00e9valuations. Merci aussi \u00e0 ceux qui partagent mon podcast avec leurs amis ou leur famille. On est de plus en plus nombreux, il y a de plus en plus d&#8217;auditeurs. Donc c&#8217;est vraiment g\u00e9nial ! \u00c7a me motive \u00e0 continuer d&#8217;enregistrer de nouveaux \u00e9pisodes pour vous aider \u00e0 apprendre le fran\u00e7ais de mani\u00e8re naturelle. Profitez bien de vos vacances (si vous \u00eates en vacances). Si vous \u00eates au travail, bon courage ! Et on se retrouve dans deux semaines pour un nouvel \u00e9pisode. \u00c0 bient\u00f4t, ciao !&nbsp;<\/p>\n","protected":false},"excerpt":{"rendered":"<p>Salut \u00e0 tous et \u00e0 toutes, c&#8217;est Hugo. Je vous souhaite la bienvenue pour ce nouvel \u00e9pisode. Si c&#8217;est la premi\u00e8re fois que vous m&#8217;\u00e9coutez, sachez que ce podcast est fait pour les personnes qui apprennent le fran\u00e7ais et qui ont un niveau interm\u00e9diaire. Dans ce podcast, j&#8217;essaye de vous parler de diff\u00e9rents sujets que&#8230;<\/p>\n","protected":false},"author":1,"featured_media":289649,"comment_status":"open","ping_status":"open","sticky":false,"template":"","format":[189],"meta":{"_acf_changed":false,"_kad_blocks_custom_css":"","_kad_blocks_head_custom_js":"","_kad_blocks_body_custom_js":"","_kad_blocks_footer_custom_js":"","_kad_post_transparent":"","_kad_post_title":"","_kad_post_layout":"","_kad_post_sidebar_id":"","_kad_post_content_style":"","_kad_post_vertical_padding":"","_kad_post_feature":"","_kad_post_feature_position":"","_kad_post_header":false,"_kad_post_footer":false,"_kad_post_classname":"","footnotes":""},"categories":[168],"tags":[178,172],"class_list":["post-971","post","type-post","status-publish","format-standard","has-post-thumbnail","hentry","category-podcast","tag-ecologie","tag-societe","format-solo-hugo"],"acf":[],"taxonomy_info":{"category":[{"value":168,"label":"Podcast"}],"post_tag":[{"value":178,"label":"Ecologie"},{"value":172,"label":"Soci\u00e9t\u00e9"}],"format":[{"value":189,"label":"Solo Hugo"}]},"featured_image_src_large":["https:\/\/innerfrench.com\/wp-content\/uploads\/2024\/01\/vegan-750x406.jpg",750,406,true],"author_info":{"display_name":"Hugo","author_link":"https:\/\/innerfrench.com\/author\/innerfrench-2-2-2-2-2-2-2-2-2-2-2-2-2-2-2-2-2-2-2\/"},"comment_info":35,"category_info":[{"term_id":168,"name":"Podcast","slug":"podcast","term_group":0,"term_taxonomy_id":168,"taxonomy":"category","description":"","parent":0,"count":185,"filter":"raw","cat_ID":168,"category_count":185,"category_description":"","cat_name":"Podcast","category_nicename":"podcast","category_parent":0}],"tag_info":[{"term_id":178,"name":"Ecologie","slug":"ecologie","term_group":0,"term_taxonomy_id":178,"taxonomy":"post_tag","description":"","parent":0,"count":7,"filter":"raw"},{"term_id":172,"name":"Soci\u00e9t\u00e9","slug":"societe","term_group":0,"term_taxonomy_id":172,"taxonomy":"post_tag","description":"","parent":0,"count":94,"filter":"raw"}],"_links":{"self":[{"href":"https:\/\/innerfrench.com\/wp-json\/wp\/v2\/posts\/971","targetHints":{"allow":["GET"]}}],"collection":[{"href":"https:\/\/innerfrench.com\/wp-json\/wp\/v2\/posts"}],"about":[{"href":"https:\/\/innerfrench.com\/wp-json\/wp\/v2\/types\/post"}],"author":[{"embeddable":true,"href":"https:\/\/innerfrench.com\/wp-json\/wp\/v2\/users\/1"}],"replies":[{"embeddable":true,"href":"https:\/\/innerfrench.com\/wp-json\/wp\/v2\/comments?post=971"}],"version-history":[{"count":1,"href":"https:\/\/innerfrench.com\/wp-json\/wp\/v2\/posts\/971\/revisions"}],"predecessor-version":[{"id":294273,"href":"https:\/\/innerfrench.com\/wp-json\/wp\/v2\/posts\/971\/revisions\/294273"}],"wp:featuredmedia":[{"embeddable":true,"href":"https:\/\/innerfrench.com\/wp-json\/wp\/v2\/media\/289649"}],"wp:attachment":[{"href":"https:\/\/innerfrench.com\/wp-json\/wp\/v2\/media?parent=971"}],"wp:term":[{"taxonomy":"category","embeddable":true,"href":"https:\/\/innerfrench.com\/wp-json\/wp\/v2\/categories?post=971"},{"taxonomy":"post_tag","embeddable":true,"href":"https:\/\/innerfrench.com\/wp-json\/wp\/v2\/tags?post=971"},{"taxonomy":"format","embeddable":true,"href":"https:\/\/innerfrench.com\/wp-json\/wp\/v2\/format?post=971"}],"curies":[{"name":"wp","href":"https:\/\/api.w.org\/{rel}","templated":true}]}}