{"id":987,"date":"2018-09-13T19:29:00","date_gmt":"2018-09-13T17:29:00","guid":{"rendered":"https:\/\/innerfrench.com\/?p=987"},"modified":"2025-10-01T14:40:05","modified_gmt":"2025-10-01T12:40:05","slug":"50-parler-avec-francais","status":"publish","type":"post","link":"https:\/\/innerfrench.com\/50-parler-avec-francais\/","title":{"rendered":"#50 De quoi parler avec les Fran\u00e7ais ?"},"content":{"rendered":"\n<p>Salut \u00e0 tous et bienvenue pour ce 50\u00e8me \u00e9pisode du podcast ! Eh oui, \u00e7a fait d\u00e9j\u00e0 50 \u00e9pisodes ! Le temps passe tr\u00e8s vite ! Mais je suis toujours aussi content de vous retrouver, de passer un peu de temps avec vous. Et j&#8217;esp\u00e8re que vous, vous ne vous ennuyez pas d&#8217;entendre ma voix, que vous avez toujours envie de m&#8217;\u00e9couter et d&#8217;apprendre le fran\u00e7ais avec moi. A priori, les statistiques montrent que oui parce que vous \u00eates de plus en plus nombreux \u00e0 \u00e9couter le podcast. Et je sais aussi que vous le partagez avec vos amis et avec votre famille. Donc un grand merci \u00e0 vous ! C&#8217;est vraiment super de voir tous les progr\u00e8s que vous faites, de recevoir vos messages chaque jour, vos messages d&#8217;encouragement et de remerciement. Donc voil\u00e0, moi je suis super motiv\u00e9 pour continuer et j&#8217;esp\u00e8re que bient\u00f4t, on arrivera au 100\u00e8me \u00e9pisode tous ensemble !<\/p>\n\n\n\n<p><a id=\"sonaar_ts-6927d20db0f46\" class=\"srmp3_sonaar_ts_shortcode\"  style=\"\" href=\"javascript:sonaar_ts_shortcode({ trackid:'0', time:'00:01:23', ts_id:'6927d20db0f46', play_icon:'' }) ;\">[00:01:23]<\/a> Depuis la derni\u00e8re fois, j&#8217;ai re\u00e7u beaucoup de messages. Vous m&#8217;avez envoy\u00e9 vos enregistrements audio. Donc un grand merci \u00e0 vous ! C&#8217;est super pour moi de pouvoir entendre vos voix et de vous entendre parler fran\u00e7ais. \u00c7a me fait toujours tr\u00e8s plaisir. \u00c0 vrai dire, j&#8217;ai re\u00e7u tellement de messages que, aujourd&#8217;hui, on va en \u00e9couter deux parce que sinon toutes les personnes qui m&#8217;ont envoy\u00e9 leur enregistrement vont devoir attendre tr\u00e8s longtemps avant de l&#8217;entendre dans le podcast. Donc voil\u00e0, aujourd&#8217;hui on va en \u00e9couter 2 et dans le prochain \u00e9pisode, a priori, on en \u00e9coutera \u00e9galement 2.<\/p>\n\n\n\n<p><a id=\"sonaar_ts-6927d20db0f55\" class=\"srmp3_sonaar_ts_shortcode\"  style=\"\" href=\"javascript:sonaar_ts_shortcode({ trackid:'0', time:'00:02:04', ts_id:'6927d20db0f55', play_icon:'' }) ;\">[00:02:04]<\/a> Le premier, pour commencer, c&#8217;est celui de Mi\u0142osz.<\/p>\n\n\n\n<p><a id=\"sonaar_ts-6927d20db0f5c\" class=\"srmp3_sonaar_ts_shortcode\"  style=\"\" href=\"javascript:sonaar_ts_shortcode({ trackid:'0', time:'00:02:07', ts_id:'6927d20db0f5c', play_icon:'' }) ;\">[00:02:07]<\/a> Bonsoir Hugo,<\/p>\n\n\n\n<p>Je m&#8217;appelle Mi\u0142osz et je vis au sud de la Pologne. Je t&#8217;envoie un message pour te remercier pour tes podcasts. Il y a un certain temps que j&#8217;ai trouv\u00e9 tes enregistrements. Je ne suis pas s\u00fbr mais, on \u00e9tait l&#8217;hiver. Je dois te dire que tes mat\u00e9riaux sont extr\u00eamement int\u00e9ressants en comparaison du reste. J&#8217;ai commenc\u00e9 \u00e0 apprendre le fran\u00e7ais en 2012. Mais au d\u00e9but, la prononciation me semblait un peu trop difficile. \u00c0 cause de \u00e7a, j&#8217;ai d\u00e9cid\u00e9 de la d\u00e9couvrir totalement devant moi. Apr\u00e8s beaucoup de travail pass\u00e9 sur la lecture des r\u00e8gles phon\u00e9tiques et sur les exercices oraux, j&#8217;ai rendu ma prononciation presque hyper correcte.<\/p>\n\n\n\n<p>Et il y a un probl\u00e8me parce que j&#8217;ai du mal \u00e0 m&#8217;exprimer oralement couramment. Je dois faire tous les accords dans ma t\u00eate, prendre soin des sons que je vois dans mon esprit, \u00e0 la forme des lettres et construire une phrase avec un accent convenable. Tant d&#8217;op\u00e9rations tr\u00e8s compliqu\u00e9es. Alors je vais donner un avertissement l\u00e9ger mais important \u00e0 tous les apprenants du fran\u00e7ais qui l&#8217;\u00e9tudient eux-m\u00eames pour qu&#8217;ils ne remettent pas les exercices pratiques de conversation \u00e0 plus tard. C&#8217;est un aspect puissant des langues que l&#8217;on ne peut pas omettre.<\/p>\n\n\n\n<p>C&#8217;est la raison pour laquelle j&#8217;ai d\u00fb trouver un podcast de fran\u00e7ais, et c&#8217;est la mani\u00e8re dont je suis venu te dire un grand merci. J&#8217;esp\u00e8re que tes projets r\u00e9ussiront.<\/p>\n\n\n\n<p>Bonne nuit,<br>Mi\u0142osz.<\/p>\n\n\n\n<p><a id=\"sonaar_ts-6927d20db0f62\" class=\"srmp3_sonaar_ts_shortcode\"  style=\"\" href=\"javascript:sonaar_ts_shortcode({ trackid:'0', time:'00:04:27', ts_id:'6927d20db0f62', play_icon:'' }) ;\">[00:04:27]<\/a> Dzi\u0119kuj\u0119 bardzo, Mi\u0142osz, merci beaucoup \u00e0 toi ! Je suis tr\u00e8s content d&#8217;avoir re\u00e7u un message d&#8217;un Polonais, et en plus je tiens \u00e0 pr\u00e9ciser que Mi\u0142osz n&#8217;est pas un de mes \u00e9tudiants, on ne se conna\u00eet pas. Donc voil\u00e0, je vois qu&#8217;il y a aussi des auditeurs du podcast en Pologne.<\/p>\n\n\n\n<p><a id=\"sonaar_ts-6927d20db0f66\" class=\"srmp3_sonaar_ts_shortcode\"  style=\"\" href=\"javascript:sonaar_ts_shortcode({ trackid:'0', time:'00:04:47', ts_id:'6927d20db0f66', play_icon:'' }) ;\">[00:04:47]<\/a> Mi\u0142osz, je suis d&#8217;accord avec toi. Je pense que c&#8217;est tr\u00e8s important, quand on apprend une langue, de commencer \u00e0 parler le plus t\u00f4t possible. C&#8217;est un peu comme quand on apprend \u00e0 faire du v\u00e9lo. On peut pas apprendre \u00e0 faire du v\u00e9lo simplement en lisant des livres sur comment faire du v\u00e9lo. Pour apprendre \u00e0 faire du v\u00e9lo, il faut tout simplement en faire ! Il faut monter sur le v\u00e9lo et commencer \u00e0 p\u00e9daler. Donc si votre objectif, quand vous apprenez une langue, c&#8217;est d&#8217;\u00eatre capable de parler le plus t\u00f4t possible, vous devez essayer de le faire. Bon, j&#8217;imagine que si vous \u00e9coutez ce podcast, vous \u00eates d\u00e9j\u00e0 bien plus loin que le niveau d\u00e9butant. Mais voil\u00e0, \u00e7a peut \u00eatre un conseil si vous d\u00e9cidez d&#8217;apprendre une autre langue un peu plus tard.<\/p>\n\n\n\n<p><a id=\"sonaar_ts-6927d20db0f6c\" class=\"srmp3_sonaar_ts_shortcode\"  style=\"\" href=\"javascript:sonaar_ts_shortcode({ trackid:'0', time:'00:05:38', ts_id:'6927d20db0f6c', play_icon:'' }) ;\">[00:05:38]<\/a> Et puis, si c&#8217;est quelque chose qui vous fait toujours peur, si vous avez toujours peur de parler fran\u00e7ais, encore une fois je vous recommande vraiment de chercher un partenaire d&#8217;\u00e9change ou alors un prof particulier sur internet. Au d\u00e9but, forc\u00e9ment, \u00e7a va peut-\u00eatre vous sembler difficile, \u00e7a va vous faire un peu peur, mais progressivement, au fur et \u00e0 mesure, \u00e7a va devenir de plus en plus facile. Et puis, si vous \u00eates avec un prof particulier ou un partenaire d&#8217;\u00e9change, cette personne sait que vous \u00eates en train d&#8217;apprendre et que vous allez faire des erreurs. C&#8217;est compl\u00e8tement normal. Donc il n&#8217;y a pas de stress \u00e0 avoir. Quand on apprend une nouvelle langue, c&#8217;est normal de faire des erreurs. On a besoin de temps et de pratique pour pouvoir progresser.<\/p>\n\n\n\n<p><a id=\"sonaar_ts-6927d20db0f70\" class=\"srmp3_sonaar_ts_shortcode\"  style=\"\" href=\"javascript:sonaar_ts_shortcode({ trackid:'0', time:'00:06:27', ts_id:'6927d20db0f70', play_icon:'' }) ;\">[00:06:27]<\/a> Maintenant, on va passer \u00e0 notre sujet du jour. D&#8217;ailleurs, c&#8217;est un sujet qui m&#8217;a \u00e9t\u00e9 sugg\u00e9r\u00e9 par une autre auditrice du podcast qui s&#8217;appelle Ahn. Ahn est vietnamienne et elle vit \u00e0 Lyon avec son mari et sa fille depuis quelques mois. Ah oui, d&#8217;ailleurs, j&#8217;en profite pour vous dire : quand on a une nationalit\u00e9, on peut l&#8217;utiliser directement avec un article pour parler d&#8217;une personne. C&#8217;est-\u00e0-dire que, au lieu de dire &#8220;une femme vietnamienne&#8221;, on peut dire tout simplement &#8220;une Vietnamienne&#8221; en mettant une majuscule au d\u00e9but du mot. Donc &#8220;une Vietnamienne&#8221; avec un V majuscule. Je sais que pour les anglophones, c&#8217;est quelque chose qui n&#8217;est pas tr\u00e8s naturel. Mais pour les francophones, c&#8217;est plus naturel de dire &#8220;une Vietnamienne&#8221; que de dire &#8220;une femme vietnamienne&#8221;. C&#8217;est pareil, vous pouvez dire &#8220;une Fran\u00e7aise&#8221;, &#8220;un Fran\u00e7ais&#8221;, &#8220;une Am\u00e9ricaine&#8221;, &#8220;un Am\u00e9ricain&#8221;, &#8220;un Australien&#8221;, &#8220;une Australienne&#8221;, etc. Voil\u00e0, c&#8217;est juste une petite pr\u00e9cision. Et maintenant, je vais vous lire un passage de l&#8217;email qu&#8217;Ahn m&#8217;a envoy\u00e9.<\/p>\n\n\n\n<p><a id=\"sonaar_ts-6927d20db0f75\" class=\"srmp3_sonaar_ts_shortcode\"  style=\"\" href=\"javascript:sonaar_ts_shortcode({ trackid:'0', time:'00:07:40', ts_id:'6927d20db0f75', play_icon:'' }) ;\">[00:07:40]<\/a> Bonjour Hugo,.<br>Je me permets de vous \u00e9crire pour vous demander une faveur. Est-ce que vous pouvez faire un podcast pour expliquer comment faire la conversation \u00e0 des Fran\u00e7ais ? Pour les gens qui arrivent en France, comme moi, c&#8217;est difficile de savoir quelles choses on peut demander et lesquelles sont interdites. Je voudrais savoir quelles questions je peux poser quand je rencontre une nouvelle personne et de quel sujet je peux parler.<\/p>\n\n\n\n<p><a id=\"sonaar_ts-6927d20db0f7a\" class=\"srmp3_sonaar_ts_shortcode\"  style=\"\" href=\"javascript:sonaar_ts_shortcode({ trackid:'0', time:'00:08:10', ts_id:'6927d20db0f7a', play_icon:'' }) ;\">[00:08:10]<\/a> Merci, Ahn, pour ta question. Je pense que c&#8217;est un sujet tr\u00e8s int\u00e9ressant et je vais essayer de le traiter aujourd&#8217;hui.<\/p>\n\n\n\n<p><a id=\"sonaar_ts-6927d20db0f7e\" class=\"srmp3_sonaar_ts_shortcode\"  style=\"\" href=\"javascript:sonaar_ts_shortcode({ trackid:'0', time:'00:08:17', ts_id:'6927d20db0f7e', play_icon:'' }) ;\">[00:08:17]<\/a> D&#8217;abord, on va voir pourquoi la conversation est consid\u00e9r\u00e9e comme un art en France, pourquoi on parle de &#8220;l&#8217;art de la conversation&#8221;. Et puis ensuite, on verra plus concr\u00e8tement quelles sont les situations dans lesquelles vous pouvez engager la conversation avec des Fran\u00e7ais. Et puis, je vous donnerai quelques exemples de questions que vous pouvez poser, si vous \u00eates par exemple \u00e0 un d\u00eener avec des Fran\u00e7ais, pour avoir une discussion int\u00e9ressante.<\/p>\n\n\n\n<p><a id=\"sonaar_ts-6927d20db0f83\" class=\"srmp3_sonaar_ts_shortcode\"  style=\"\" href=\"javascript:sonaar_ts_shortcode({ trackid:'0', time:'00:08:47', ts_id:'6927d20db0f83', play_icon:'' }) ;\">[00:08:47]<\/a> Vous \u00eates pr\u00eats ? Alors, on commence !<\/p>\n\n\n\n<p><a id=\"sonaar_ts-6927d20db0f92\" class=\"srmp3_sonaar_ts_shortcode\"  style=\"\" href=\"javascript:sonaar_ts_shortcode({ trackid:'0', time:'00:08:56', ts_id:'6927d20db0f92', play_icon:'' }) ;\">[00:08:56]<\/a> Je sais pas si vous avez d\u00e9j\u00e0 entendu ce st\u00e9r\u00e9otype, mais on dit parfois que les Fran\u00e7ais ont tendance \u00e0 croire qu&#8217;ils ont tout invent\u00e9. Ils croient qu&#8217;ils ont invent\u00e9 la d\u00e9mocratie, les droits de l&#8217;Homme, la mode, les parfums, etc. etc. Evidemment, c&#8217;est assez exag\u00e9r\u00e9, mais si on continue dans cette caricature, on pourrait dire que les Fran\u00e7ais ont invent\u00e9 la conversation.<\/p>\n\n\n\n<p><a id=\"sonaar_ts-6927d20db0f97\" class=\"srmp3_sonaar_ts_shortcode\"  style=\"\" href=\"javascript:sonaar_ts_shortcode({ trackid:'0', time:'00:09:26', ts_id:'6927d20db0f97', play_icon:'' }) ;\">[00:09:26]<\/a> En fait, aux XVII\u00e8me et XVIII\u00e8me si\u00e8cles, il y a ce qu&#8217;on appelle &#8220;les salons&#8221;. Le salon, vous le savez, c&#8217;est une pi\u00e8ce de la maison qu&#8217;on utilise en g\u00e9n\u00e9ral pour lire ou regarder la t\u00e9l\u00e9vision. \u00c9videmment, au XVII\u00e8me si\u00e8cle, la t\u00e9l\u00e9vision n&#8217;existait pas encore. Donc certaines aristocrates utilisaient cette pi\u00e8ce pour r\u00e9unir des personnes tr\u00e8s importantes; en g\u00e9n\u00e9ral des artistes mais aussi des membres de la noblesse. Et ces r\u00e9unions se faisaient de fa\u00e7on assez r\u00e9guli\u00e8re. Pendant ces r\u00e9unions, les gens discutaient de sujets comme la philosophie, l&#8217;art. Parmi les salons les plus c\u00e9l\u00e8bres, il y avait par exemple celui de madame Geoffrin et celui de Mademoiselle de Lespinasse.<\/p>\n\n\n\n<p><a id=\"sonaar_ts-6927d20db0f9c\" class=\"srmp3_sonaar_ts_shortcode\"  style=\"\" href=\"javascript:sonaar_ts_shortcode({ trackid:'0', time:'00:10:23', ts_id:'6927d20db0f9c', play_icon:'' }) ;\">[00:10:23]<\/a> D&#8217;ailleurs, au XVIII\u00e8me si\u00e8cle, c&#8217;est dans les salons que les id\u00e9es des philosophes des Lumi\u00e8res ont commenc\u00e9 \u00e0 se diffuser, \u00e0 se propager. On parlait un peu moins d&#8217;art et un peu plus de politique. Donc \u00e9videmment, dans ces salons, on trouvait beaucoup de personnes brillantes, de personnes tr\u00e8s intelligentes, et le niveau des conversations \u00e9tait extr\u00eamement \u00e9lev\u00e9. Il fallait montrer aux autres invit\u00e9s qu&#8217;on avait le sens de l&#8217;humour, qu&#8217;on savait \u00eatre ironique, parler rapidement, \u00eatre impertinent et faire preuve d&#8217;une grande \u00e9loquence.<\/p>\n\n\n\n<p><a id=\"sonaar_ts-6927d20db0fa1\" class=\"srmp3_sonaar_ts_shortcode\"  style=\"\" href=\"javascript:sonaar_ts_shortcode({ trackid:'0', time:'00:11:06', ts_id:'6927d20db0fa1', play_icon:'' }) ;\">[00:11:06]<\/a> &#8211; Que sollicitez-vous \u00e0 Versailles ?<br>&#8211; La charge d&#8217;assainir les marais de la Dombes, un paradis pour les moustiques. La vie d&#8217;un paysan n&#8217;y d\u00e9passe pas 35 ans.<br>&#8211; Pauvres gens. Comme un malheur ne vient jamais seul, leur simple \u00e9vocation provoque l&#8217;ennui.<br>&#8211; C&#8217;est que voyez-vous, Monsieur, les paysans ne nourrissent pas seulement les moustiques, ils nourrissent aussi les aristocrates.<\/p>\n\n\n\n<p><a id=\"sonaar_ts-6927d20db0faa\" class=\"srmp3_sonaar_ts_shortcode\"  style=\"\" href=\"javascript:sonaar_ts_shortcode({ trackid:'0', time:'00:11:30', ts_id:'6927d20db0faa', play_icon:'' }) ;\">[00:11:30]<\/a> Il est moins sot qu&#8217;il en a l&#8217;air.<br>C&#8217;est toute la diff\u00e9rence entre nous, Monsieur.<br>Source : Ridicule, de Patrice Lecomte<\/p>\n\n\n\n<p><a id=\"sonaar_ts-6927d20db0fae\" class=\"srmp3_sonaar_ts_shortcode\"  style=\"\" href=\"javascript:sonaar_ts_shortcode({ trackid:'0', time:'00:11:38', ts_id:'6927d20db0fae', play_icon:'' }) ;\">[00:11:38]<\/a> Finalement, la conversation dans ces salons, c&#8217;\u00e9tait plut\u00f4t un jeu. Il fallait obtenir l&#8217;admiration du public. Il fallait provoquer et tout faire pour ne pas \u00eatre ennuyeux. Surtout, il \u00e9tait essentiel d&#8217;avoir une opinion sur tout et de ne jamais dire &#8220;je ne sais pas&#8221;.<\/p>\n\n\n\n<p><a id=\"sonaar_ts-6927d20db0fb3\" class=\"srmp3_sonaar_ts_shortcode\"  style=\"\" href=\"javascript:sonaar_ts_shortcode({ trackid:'0', time:'00:12:01', ts_id:'6927d20db0fb3', play_icon:'' }) ;\">[00:12:01]<\/a> \u00c7a, c&#8217;est quelque chose qu&#8217;on trouve toujours en France aujourd&#8217;hui. En France, on a peur de dire &#8220;je ne sais pas&#8221;. Quand on parle d&#8217;un film ou d&#8217;une s\u00e9rie ou de n&#8217;importe quoi, il est tr\u00e8s important d&#8217;avoir une opinion. Et quand justement, on n&#8217;a pas vu le film en question ni la s\u00e9rie, la fa\u00e7on la plus simple de se tirer de cette situation, c&#8217;est simplement de le d\u00e9nigrer, de dire que ce film est nul ou alors que vous d\u00e9testez ce r\u00e9alisateur. Si vous faites \u00e7a, c&#8217;est un moyen pour vous de sauver la face. &#8220;Sauver la face&#8221;, c&#8217;est une expression pour dire qu&#8217;on garde notre image vis \u00e0 vis des autres.<\/p>\n\n\n\n<p><a id=\"sonaar_ts-6927d20db0fb8\" class=\"srmp3_sonaar_ts_shortcode\"  style=\"\" href=\"javascript:sonaar_ts_shortcode({ trackid:'0', time:'00:12:52', ts_id:'6927d20db0fb8', play_icon:'' }) ;\">[00:12:52]<\/a> Et l&#8217;autre h\u00e9ritage qui nous vient de ces salons, c&#8217;est que, dans une conversation, les Fran\u00e7ais ne cherchent pas le compromis. Ils cherchent \u00e0 avoir raison. C&#8217;est \u00e7a, pour eux, qui est le plus important : montrer aux autres qu&#8217;on a raison. Je sais qu&#8217;au contraire, dans certaines cultures, chez les Am\u00e9ricains, chez les Canadiens et chez les Britanniques \u00e9galement, la conversation, c&#8217;est l&#8217;occasion de trouver des points communs, de faire des compromis pour passer un moment agr\u00e9able. C&#8217;est pour \u00e7a que \u00e7a peut sembler bizarre aux \u00e9trangers et un peu malpoli quand le d\u00e9bat commence \u00e0 \u00eatre un peu anim\u00e9. Mais il faut savoir que pour les Fran\u00e7ais, c&#8217;est quelque chose de parfaitement normal. Les Fran\u00e7ais adorent d\u00e9battre, \u00e9changer des id\u00e9es et essayer de convaincre les autres. Pour les Fran\u00e7ais, c&#8217;est simplement une forme de jeu, d&#8217;\u00e9change et de socialisation.<\/p>\n\n\n\n<p><a id=\"sonaar_ts-6927d20db0fbc\" class=\"srmp3_sonaar_ts_shortcode\"  style=\"\" href=\"javascript:sonaar_ts_shortcode({ trackid:'0', time:'00:13:54', ts_id:'6927d20db0fbc', play_icon:'' }) ;\">[00:13:54]<\/a> Evidemment, il ne faut pas imaginer que toutes les conversations entre Fran\u00e7ais traitent d&#8217;art, de philosophie et de sujets tr\u00e8s s\u00e9rieux, et qu&#8217;il faut d&#8217;\u00eatre un intellectuel pour pouvoir y participer. Dans la vie quotidienne, les Fran\u00e7ais ont diff\u00e9rents types de conversation et celles que j&#8217;ai mentionn\u00e9es jusqu&#8217;ici, ce sont plut\u00f4t les conversations qu&#8217;on a avec des amis \u00e0 un d\u00eener apr\u00e8s quelques verres de vin parce que, voil\u00e0, comme je vous l&#8217;ai dit, \u00e7a fait partie d&#8217;une forme de jeu et de rituel, auxquels les Fran\u00e7ais aiment se livrer.<\/p>\n\n\n\n<p><a id=\"sonaar_ts-6927d20db0fc1\" class=\"srmp3_sonaar_ts_shortcode\"  style=\"\" href=\"javascript:sonaar_ts_shortcode({ trackid:'0', time:'00:14:36', ts_id:'6927d20db0fc1', play_icon:'' }) ;\">[00:14:36]<\/a> Au contraire, dans la vie quotidienne, les Fran\u00e7ais n&#8217;ont pas toujours envie de se lancer dans des longues conversations philosophiques. Par exemple dans les grandes villes, il faut savoir que les habitants sont tr\u00e8s sollicit\u00e9s. Il y a par exemple des touristes qui viennent demander leur chemin ou alors des personnes qui ont besoin d&#8217;argent ou d&#8217;un service. Donc comme les habitants sont tr\u00e8s press\u00e9s parce qu&#8217;ils vont au travail ou qu&#8217;ils vont faire les courses, qu&#8217;ils ont beaucoup de choses \u00e0 faire, ils sont peut-\u00eatre un peu stress\u00e9s, souvent ils ne veulent pas commencer les conversations. On peut dire qu&#8217;ils sont assez ferm\u00e9s parce qu&#8217;ils en ont assez d&#8217;\u00eatre sollicit\u00e9s en permanence. Et c&#8217;est vraiment difficile d&#8217;engager la conversation avec quelqu&#8217;un dans la rue.<\/p>\n\n\n\n<p><a id=\"sonaar_ts-6927d20db0fc9\" class=\"srmp3_sonaar_ts_shortcode\"  style=\"\" href=\"javascript:sonaar_ts_shortcode({ trackid:'0', time:'00:15:28', ts_id:'6927d20db0fc9', play_icon:'' }) ;\">[00:15:28]<\/a> Au contraire, moi quand j&#8217;\u00e9tais \u00e0 New York, j&#8217;\u00e9tais assez surpris de me faire aborder r\u00e9guli\u00e8rement dans la rue. Quasiment \u00e0 chaque fois que je sortais pour aller visiter quelque chose ou faire des courses, il y avait au moins une personne qui venait me parler. Et, en tant que Fran\u00e7ais, c&#8217;\u00e9tait quelque chose de tr\u00e8s bizarre, j&#8217;\u00e9tais pas du tout habitu\u00e9 \u00e0 \u00e7a. Parce que c&#8217;est vrai que, quand quelqu&#8217;un vient nous parler dans la rue en France, c&#8217;est souvent pour nous demander quelque chose. Alors que, \u00e0 New York, c&#8217;\u00e9taient simplement des personnes qui voulaient discuter pendant quelques minutes. Au final, j&#8217;ai trouv\u00e9 que c&#8217;\u00e9tait quelque chose de vraiment sympa ! Mais au d\u00e9but, c&#8217;\u00e9tait assez surprenant.<\/p>\n\n\n\n<p><a id=\"sonaar_ts-6927d20db0fce\" class=\"srmp3_sonaar_ts_shortcode\"  style=\"\" href=\"javascript:sonaar_ts_shortcode({ trackid:'0', time:'00:16:11', ts_id:'6927d20db0fce', play_icon:'' }) ;\">[00:16:11]<\/a> Mais m\u00eame dans les grandes villes, si on veut \u00eatre poli, on essaye de dire &#8220;bonjour&#8221;, au moins aux personnes qu&#8217;on croise r\u00e9guli\u00e8rement, mais aussi aux commer\u00e7ants (c&#8217;est-\u00e0-dire aux personnes qui ont des magasins), et puis \u00e0 vos voisins, aux personnes qui habitent dans le m\u00eame b\u00e2timent que vous. Bref, si ce sont des personnes que vous avez l&#8217;habitude de voir r\u00e9guli\u00e8rement, c&#8217;est normal de leur dire &#8220;bonjour&#8221;. Mais par contre, on ne leur demande pas &#8220;comment \u00e7a va ?&#8221;. Cette question &#8220;\u00e7a va ?&#8221; ou &#8220;comment \u00e7a va ?&#8221;, on la r\u00e9serve plut\u00f4t aux personnes qu&#8217;on conna\u00eet vraiment, que ce soit nos amis ou nos coll\u00e8gues au travail \u00e9ventuellement, mais pas aux personnes que vous croisez dans la rue.<\/p>\n\n\n\n<p><a id=\"sonaar_ts-6927d20db0fd3\" class=\"srmp3_sonaar_ts_shortcode\"  style=\"\" href=\"javascript:sonaar_ts_shortcode({ trackid:'0', time:'00:16:56', ts_id:'6927d20db0fd3', play_icon:'' }) ;\">[00:16:56]<\/a> De la m\u00eame mani\u00e8re, dans les transports, par exemple dans le train, le m\u00e9tro ou l&#8217;avion, l\u00e0 aussi, c&#8217;est assez rare d&#8217;engager la conversation avec les personnes qui sont assises \u00e0 c\u00f4t\u00e9 de nous. Je sais que pour les Am\u00e9ricains, c&#8217;est quelque chose qui est assez normal mais pas pour les Fran\u00e7ais. J&#8217;ai parl\u00e9 de \u00e7a avec une de mes \u00e9l\u00e8ves am\u00e9ricaines qui m&#8217;a dit quelque chose de tr\u00e8s int\u00e9ressant. Elle m&#8217;a dit que pour les Am\u00e9ricains, comme ils savent qu&#8217;ils ne vont jamais revoir la personne \u00e0 c\u00f4t\u00e9 de laquelle ils sont assis dans l&#8217;avion, c&#8217;est compl\u00e8tement normal de commencer \u00e0 parler et m\u00eame \u00e0 raconter des choses assez personnelles parce qu&#8217;ils savent que \u00e7a n&#8217;aura pas de cons\u00e9quences.<\/p>\n\n\n\n<p><a id=\"sonaar_ts-6927d20db0fdb\" class=\"srmp3_sonaar_ts_shortcode\"  style=\"\" href=\"javascript:sonaar_ts_shortcode({ trackid:'0', time:'00:17:41', ts_id:'6927d20db0fdb', play_icon:'' }) ;\">[00:17:41]<\/a> Au contraire, les Fran\u00e7ais ne vont pas commencer \u00e0 raconter des choses personnelles \u00e0 une personne qu&#8217;ils ne connaissent pas, m\u00eame s&#8217;ils savent qu&#8217;ils ne vont jamais la revoir. Avant de parler de ces choses, ils ont besoin d&#8217;\u00eatre en confiance, ils ont besoin de faire confiance \u00e0 cette personne et \u00e7a, \u00e7a demande du temps. Donc \u00e7a ne veut pas dire que les Fran\u00e7ais sont froids ou distants. \u00c7a veut simplement dire qu&#8217;ils construisent leur amiti\u00e9 d&#8217;une fa\u00e7on un peu diff\u00e9rente et \u00e9galement qu&#8217;il y a des sujets qui sont consid\u00e9r\u00e9s comme personnels pour les Fran\u00e7ais qui ne le sont pas dans d&#8217;autres cultures. Mais \u00e7a, on va en parler juste apr\u00e8s.<\/p>\n\n\n\n<p><a id=\"sonaar_ts-6927d20db0fdf\" class=\"srmp3_sonaar_ts_shortcode\"  style=\"\" href=\"javascript:sonaar_ts_shortcode({ trackid:'0', time:'00:18:24', ts_id:'6927d20db0fdf', play_icon:'' }) ;\">[00:18:24]<\/a> Donc c&#8217;est vrai que si vous \u00eates comme Ahn et que vous habitez en France sans peut-\u00eatre travailler ni faire d&#8217;\u00e9tudes, \u00e7a peut \u00eatre difficile d&#8217;avoir des situations dans lesquelles vous pouvez engager la conversation avec des Fran\u00e7ais. Les situations sont assez limit\u00e9es. Parce que la majorit\u00e9 des gens ont d\u00e9j\u00e0 leurs amis, leur cercle, leurs proches et ils n&#8217;ont pas forc\u00e9ment le temps pour faire la rencontre de nouvelles personnes. Un conseil que je peux vous donner, c&#8217;est de chercher des activit\u00e9s dans lesquelles vous allez \u00eatre en contact avec d&#8217;autres Fran\u00e7ais. \u00c7a peut \u00eatre par exemple du sport. \u00c7a, c&#8217;est une tr\u00e8s bonne fa\u00e7on de rencontrer des gens.<\/p>\n\n\n\n<p><a id=\"sonaar_ts-6927d20db0fe4\" class=\"srmp3_sonaar_ts_shortcode\"  style=\"\" href=\"javascript:sonaar_ts_shortcode({ trackid:'0', time:'00:19:11', ts_id:'6927d20db0fe4', play_icon:'' }) ;\">[00:19:11]<\/a> Bref, pour finir cette partie sur la situation, je veux vous dire que si vous voulez devenir amis avec des Fran\u00e7ais et \u00eatre capables d&#8217;avoir des conversations plus profondes avec eux, eh bien il faut vous laisser du temps. Il ne faut pas \u00eatre trop press\u00e9. Les Fran\u00e7ais ont besoin de temps pour \u00eatre s\u00fbrs qu&#8217;ils peuvent vraiment vous faire confiance. Mais ensuite, une fois que vous \u00eates amis, c&#8217;est une amiti\u00e9 qui va \u00eatre tr\u00e8s solide.<\/p>\n\n\n\n<p><a id=\"sonaar_ts-6927d20db0fe8\" class=\"srmp3_sonaar_ts_shortcode\"  style=\"\" href=\"javascript:sonaar_ts_shortcode({ trackid:'0', time:'00:19:48', ts_id:'6927d20db0fe8', play_icon:'' }) ;\">[00:19:48]<\/a> Pour finir, on va parler des diff\u00e9rents sujets de conversation. D&#8217;apr\u00e8s ce que j&#8217;ai pu observer quand je vivais \u00e0 Londres ou quand j&#8217;ai voyag\u00e9 \u00e0 New York, j&#8217;ai l&#8217;impression que les Fran\u00e7ais font un peu moins de &#8220;small talk&#8221; (comme disent les anglophones). D&#8217;ailleurs, on n&#8217;a pas de bonne traduction pour \u00e7a en fran\u00e7ais. On dit &#8220;des conversations informelles&#8221;, &#8220;des petites conversations&#8221;, ou quand vous parlez de la m\u00e9t\u00e9o, on dit &#8220;parler de la pluie et du beau temps&#8221;. Donc \u00e7a, c&#8217;est quelque chose que les Fran\u00e7ais font un peu moins, en g\u00e9n\u00e9ral, sauf par exemple au travail. Si vous \u00eates au travail et que vous ne connaissez pas bien vos coll\u00e8gues, \u00e7a peut \u00eatre assez normal de parler de votre weekend, de poser quelques questions quand vous \u00eates \u00e0 la machine \u00e0 caf\u00e9. Mais encore une fois, c&#8217;est pas quelque chose qu&#8217;on fait quand on est dans la rue ou quand on fait nos courses au supermarch\u00e9.<\/p>\n\n\n\n<p><a id=\"sonaar_ts-6927d20db0fed\" class=\"srmp3_sonaar_ts_shortcode\"  style=\"\" href=\"javascript:sonaar_ts_shortcode({ trackid:'0', time:'00:20:52', ts_id:'6927d20db0fed', play_icon:'' }) ;\">[00:20:52]<\/a> Ensuite, concernant les sujets tabous, eh bien c&#8217;est un peu comme dans toutes les cultures, je dirais. Quand c&#8217;est la premi\u00e8re fois que vous parlez \u00e0 une personne, il y a des sujets qu&#8217;il faut \u00e9viter. Par exemple : la politique, la religion ou l&#8217;argent. \u00c7a ne veut pas dire qu&#8217;on ne parle pas du tout de ces sujets en France, mais on en parle plut\u00f4t avec les personnes qu&#8217;on conna\u00eet bien, avec nos amis ou notre famille. Et je connais m\u00eame des familles dans lesquelles on \u00e9vite de parler de politique parce que \u00e7a provoque toujours beaucoup de disputes au repas.<\/p>\n\n\n\n<p><a id=\"sonaar_ts-6927d20db0ff5\" class=\"srmp3_sonaar_ts_shortcode\"  style=\"\" href=\"javascript:sonaar_ts_shortcode({ trackid:'0', time:'00:21:30', ts_id:'6927d20db0ff5', play_icon:'' }) ;\">[00:21:30]<\/a> D&#8217;ailleurs, c&#8217;est int\u00e9ressant parce qu&#8217;il y a un clich\u00e9 en France. On pense que l&#8217;une des premi\u00e8res questions que posent les Am\u00e9ricains, c&#8217;est &#8220;how much do you make?&#8221; (combien d&#8217;argent tu gagnes ?). En France, on croit que pour les Am\u00e9ricains, c&#8217;est compl\u00e8tement normal de poser cette question, que c&#8217;est une des premi\u00e8res questions qu&#8217;ils posent. Alors qu&#8217;en fait, beaucoup de mes \u00e9l\u00e8ves m&#8217;ont dit que c&#8217;\u00e9tait compl\u00e8tement faux, que cette question est indiscr\u00e8te et assez malpolie aux Etats-Unis. Et \u00e9videmment, elle l&#8217;est aussi en France.<\/p>\n\n\n\n<p><a id=\"sonaar_ts-6927d20db1001\" class=\"srmp3_sonaar_ts_shortcode\"  style=\"\" href=\"javascript:sonaar_ts_shortcode({ trackid:'0', time:'00:22:06', ts_id:'6927d20db1001', play_icon:'' }) ;\">[00:22:06]<\/a> Ensuite, l&#8217;autre sujet qui peut \u00eatre un peu sensible, c&#8217;est la famille. En fait, \u00e7a d\u00e9pend compl\u00e8tement des personnes. En France, il faut \u00e9viter de poser des questions trop personnelles. Il faut attendre qu&#8217;elle vous dise, par exemple, &#8220;j&#8217;ai deux enfants&#8221; ou alors qu&#8217;elle vous parle de sa femme et [ou] de son mari. Si vous faites \u00e7a, c&#8217;est plus prudent que de poser vous m\u00eame la question, que de demander si elle est mari\u00e9e et si elle a des enfants. C&#8217;est assez rare quand on ne conna\u00eet pas bien la personne de montrer des photos de sa famille et d&#8217;entrer vraiment dans les d\u00e9tails. En g\u00e9n\u00e9ral, pour les Fran\u00e7ais, la famille c&#8217;est quelque chose d&#8217;assez personnel et on n&#8217;en parle pas n\u00e9cessairement avec des inconnus.<\/p>\n\n\n\n<p><a id=\"sonaar_ts-6927d20db1007\" class=\"srmp3_sonaar_ts_shortcode\"  style=\"\" href=\"javascript:sonaar_ts_shortcode({ trackid:'0', time:'00:22:53', ts_id:'6927d20db1007', play_icon:'' }) ;\">[00:22:53]<\/a> Maintenant imaginez que vous \u00eates \u00e0 un d\u00eener organis\u00e9 par votre amie fran\u00e7aise, Caroline. Vous ne connaissez pas la personne qui est assise \u00e0 c\u00f4t\u00e9 de vous et vous cherchez un sujet pour entamer la conversation (\u00e7a veut dire pour &#8220;lancer&#8221; la conversation). Vous pouvez par exemple lui demander : &#8220;Et, vous vous connaissez d&#8217;o\u00f9 avec Caroline ?&#8221;. Comme \u00e7a, elle va vous raconter quelle est la nature de leur relation. Elle va peut-\u00eatre vous raconter quelques histoires, si elles travaillent ensemble, comment elles se sont rencontr\u00e9es, etc. Bref, \u00e7a donne l&#8217;occasion de parler de choses qui ne sont pas trop personnelles avec votre voisin ou votre voisine de table.<\/p>\n\n\n\n<p><a id=\"sonaar_ts-6927d20db100b\" class=\"srmp3_sonaar_ts_shortcode\"  style=\"\" href=\"javascript:sonaar_ts_shortcode({ trackid:'0', time:'00:23:41', ts_id:'6927d20db100b', play_icon:'' }) ;\">[00:23:41]<\/a> Ensuite, vous pouvez aussi interroger cette personne sur sa ville d&#8217;origine. Par exemple, si vous \u00eates \u00e0 Paris, vous pouvez lui demander : &#8220;Et vous \u00eates de Paris ?&#8221; ou alors si vous tutoyez cette personne, si vous utilisez &#8220;tu&#8221;, vous pouvez lui demander : &#8220;Et tu es de Paris ?&#8221; (\u00e7a signifie &#8220;est-ce que tu viens de cette ville ?&#8221;). Si oui, ensuite vous pouvez l&#8217;interroger sur son arrondissement par exemple, dans quel quartier elle habite. Vous pouvez lui dire quels quartiers de Paris vous, vous pr\u00e9f\u00e9rez. Et si elle r\u00e9pond &#8220;Non&#8221;, eh bien \u00e7a permet de passer au sujet suivant qui est la ville d&#8217;origine de cette personne. Ensuite, vous pouvez parler des sp\u00e9cialit\u00e9s locales de cette ville. Vous pouvez lui dire si vous l&#8217;avez visit\u00e9e ou non, si vous connaissez le nom etc. etc. Bref, \u00e7a c&#8217;est des sujets qui ne sont pas consid\u00e9r\u00e9s comme trop personnels donc vous pouvez en parler sans danger.<\/p>\n\n\n\n<p><a id=\"sonaar_ts-6927d20db1010\" class=\"srmp3_sonaar_ts_shortcode\"  style=\"\" href=\"javascript:sonaar_ts_shortcode({ trackid:'0', time:'00:24:41', ts_id:'6927d20db1010', play_icon:'' }) ;\">[00:24:41]<\/a> Et en r\u00e8gle g\u00e9n\u00e9rale, le conseil que je veux vous donner, c&#8217;est d&#8217;\u00eatre attentif aux r\u00e9actions de votre interlocuteur. Si vous voyez que la personne donne des r\u00e9ponses qui sont assez br\u00e8ves, assez courtes, peut-\u00eatre qu&#8217;elle n&#8217;a pas envie de parler de ce sujet, ou peut-\u00eatre qu&#8217;elle n&#8217;a pas envie de parler en r\u00e8gle g\u00e9n\u00e9rale, donc \u00e7a ne sert \u00e0 rien d&#8217;insister. Il ne faut pas non plus poser trop de questions, sinon \u00e7a donne un peu l&#8217;impression de faire une interview et ce n&#8217;est pas quelque chose de tr\u00e8s naturel. Et puis, essayez de ne pas surr\u00e9agir, de ne pas dire : &#8220;Ah c&#8217;est g\u00e9nial ! C&#8217;est excellent !&#8221; \u00e0 chaque r\u00e9ponse que vous donne cette personne parce que ce n&#8217;est pas quelque chose que les Fran\u00e7ais font et ils n&#8217;y sont pas vraiment habitu\u00e9s donc ils peuvent avoir l&#8217;impression que vous \u00eates un peu hypocrites (alors qu&#8217;en r\u00e9alit\u00e9, c&#8217;est simplement une diff\u00e9rence culturelle).<\/p>\n\n\n\n<p><a id=\"sonaar_ts-6927d20db1018\" class=\"srmp3_sonaar_ts_shortcode\"  style=\"\" href=\"javascript:sonaar_ts_shortcode({ trackid:'0', time:'00:25:40', ts_id:'6927d20db1018', play_icon:'' }) ;\">[00:25:40]<\/a> Et puis pour finir, n&#8217;oubliez pas que, malgr\u00e9 la culture, chaque personne est diff\u00e9rente. Il y a des personnes qui sont plut\u00f4t introverties, d&#8217;autres qui sont plut\u00f4t extraverties. Donc \u00e7a va d\u00e9pendre vraiment de chaque situation et de chaque personne. Mais si vous \u00eates quelqu&#8217;un d&#8217;ouvert et que vous n&#8217;avez pas peur de parler aux autres, je suis s\u00fbr que vous allez rencontrer des Fran\u00e7ais avec lesquels vous pourrez avoir des conversations passionnantes.<\/p>\n\n\n\n<p><a id=\"sonaar_ts-6927d20db101d\" class=\"srmp3_sonaar_ts_shortcode\"  style=\"\" href=\"javascript:sonaar_ts_shortcode({ trackid:'0', time:'00:26:08', ts_id:'6927d20db101d', play_icon:'' }) ;\">[00:26:08]<\/a> Mes amis et moi, on est toujours tr\u00e8s contents quand on rencontre des \u00e9trangers. On est curieux, on veut leur poser des questions. Donc en g\u00e9n\u00e9ral, pour ces personnes, il n&#8217;y a pas beaucoup de choses \u00e0 faire. La situation est assez facile. Mais encore une fois, \u00e7a d\u00e9pend vraiment des gens. Moi, ce que je vous ai d\u00e9crit aujourd&#8217;hui, c&#8217;est simplement, je dirais, l&#8217;attitude un peu g\u00e9n\u00e9rale des Fran\u00e7ais. Mais \u00e7a ne veut pas dire que tous les Fran\u00e7ais sont comme \u00e7a. Donc soyez ouverts d&#8217;esprit, allez vers les autres et soyez attentifs aux signaux qu&#8217;ils vous envoient, \u00e0 leurs r\u00e9actions, et je suis s\u00fbr que tout va tr\u00e8s bien se passer pour vous !<\/p>\n\n\n\n<p><a id=\"sonaar_ts-6927d20db1021\" class=\"srmp3_sonaar_ts_shortcode\"  style=\"\" href=\"javascript:sonaar_ts_shortcode({ trackid:'0', time:'00:26:58', ts_id:'6927d20db1021', play_icon:'' }) ;\">[00:26:58]<\/a> Avant de terminer ce podcast, on va \u00e9couter un deuxi\u00e8me message comme je vous l&#8217;ai promis. C&#8217;est un message d&#8217;une Allemande qui s&#8217;appelle Magdalena.<\/p>\n\n\n\n<p><a id=\"sonaar_ts-6927d20db1025\" class=\"srmp3_sonaar_ts_shortcode\"  style=\"\" href=\"javascript:sonaar_ts_shortcode({ trackid:'0', time:'00:27:09', ts_id:'6927d20db1025', play_icon:'' }) ;\">[00:27:09]<\/a> Bonjour Hugo,.<\/p>\n\n\n\n<p>Je suis Magdalena et je viens d&#8217;Allemagne, de Bavi\u00e8re. L&#8217;ann\u00e9e derni\u00e8re, j&#8217;ai fini l&#8217;\u00e9cole et je vais commencer mes \u00e9tudes de traduction en fran\u00e7ais-allemand, portugais-allemand et arabe-allemand en octobre. J&#8217;\u00e9coute ton podcast depuis un peu moins d&#8217;un an et je profite enfin de cette occasion pour te remercier. Ton podcast est g\u00e9nial ! Il est bien compr\u00e9hensible, pas trop long, et il parle toujours de sujets int\u00e9ressants. J&#8217;adore \u00e9couter les histoires des autres auditeurs. Elles me motivent \u00e0 continuer d&#8217;apprendre le fran\u00e7ais et elles montrent les dimensions \u00e9normes de ton aide. Bravo !<\/p>\n\n\n\n<p>En ce moment, je me trouve au Qu\u00e9bec, la province francophone du Canada. Moi, personnellement, j&#8217;adore l&#8217;accent qu\u00e9b\u00e9cois. Et je demandais si \u00e7a ne serait pas aussi un bon sujet pour un des tes podcasts : les accents fran\u00e7ais. J&#8217;adorerais \u00e9galement \u00e9couter un podcast sur les mouvements s\u00e9paratistes en France, s&#8217;il y en a !<\/p>\n\n\n\n<p>Meilleures salutations du Qu\u00e9bec,<br>Magdalena<\/p>\n\n\n\n<p><a id=\"sonaar_ts-6927d20db102e\" class=\"srmp3_sonaar_ts_shortcode\"  style=\"\" href=\"javascript:sonaar_ts_shortcode({ trackid:'0', time:'00:28:35', ts_id:'6927d20db102e', play_icon:'' }) ;\">[00:28:35]<\/a> Merci beaucoup Magdalena pour ton message et bravo pour tes futures \u00e9tudes ! Je ne savais pas qu&#8217;il \u00e9tait possible de faire des \u00e9tudes de traduction dans trois langues simultan\u00e9es (en fran\u00e7ais, en arabe et en portugais). C&#8217;est vraiment tr\u00e8s impressionnant. Et je trouve que c&#8217;est une tr\u00e8s bonne id\u00e9e de faire un \u00e9pisode sur les accents fran\u00e7ais ! Je vais essayer de trouver une fa\u00e7on assez interactive de le faire avec peut-\u00eatre des extraits de diff\u00e9rentes vid\u00e9os. Donc je vais avoir besoin d&#8217;un peu de temps pour le pr\u00e9parer.<\/p>\n\n\n\n<p><a id=\"sonaar_ts-6927d20db1033\" class=\"srmp3_sonaar_ts_shortcode\"  style=\"\" href=\"javascript:sonaar_ts_shortcode({ trackid:'0', time:'00:29:09', ts_id:'6927d20db1033', play_icon:'' }) ;\">[00:29:09]<\/a> Et concernant le sujet sur les pays [r\u00e9gions] s\u00e9paratistes, c&#8217;est int\u00e9ressant que tu le mentionnes parce que c&#8217;est un sujet dont je parle dans le programme sur lequel je suis en train de travailler. Il y a une le\u00e7on sur les r\u00e9gions fran\u00e7aises qui aimeraient bien devenir ind\u00e9pendantes. Donc je vais pas faire de podcast sur \u00e7a. Mais si tu veux en savoir plus, quand le programme sera publi\u00e9 (normalement en octobre, si tout va bien) tu pourras voir cette le\u00e7on sur les mouvements s\u00e9paratistes en France.<\/p>\n\n\n\n<p><a id=\"sonaar_ts-6927d20db1038\" class=\"srmp3_sonaar_ts_shortcode\"  style=\"\" href=\"javascript:sonaar_ts_shortcode({ trackid:'0', time:'00:29:45', ts_id:'6927d20db1038', play_icon:'' }) ;\">[00:29:45]<\/a> Voil\u00e0, c&#8217;est tout pour aujourd&#8217;hui. On va s&#8217;arr\u00eater l\u00e0. Encore une fois, merci \u00e0 tous de m&#8217;avoir \u00e9cout\u00e9. Merci pour vos messages, vos enregistrements, pour les \u00e9valuations que vous me laissez sur iTunes et sur Facebook. Je trouve qu&#8217;on a vraiment une communaut\u00e9 g\u00e9niale autour de ce podcast. Je suis tr\u00e8s content de voir votre motivation et vos progr\u00e8s. Je suis vraiment impressionn\u00e9 par tout ce que vous faites. Donc continuez vos efforts et n&#8217;oubliez pas de faire un peu de fran\u00e7ais tous les jours. \u00c0 bient\u00f4t !<\/p>\n","protected":false},"excerpt":{"rendered":"<p>Salut \u00e0 tous et bienvenue pour ce 50\u00e8me \u00e9pisode du podcast ! Eh oui, \u00e7a fait d\u00e9j\u00e0 50 \u00e9pisodes ! Le temps passe tr\u00e8s vite ! Mais je suis toujours aussi content de vous retrouver, de passer un peu de temps avec vous. Et j&#8217;esp\u00e8re que vous, vous ne vous ennuyez pas d&#8217;entendre ma voix,&#8230;<\/p>\n","protected":false},"author":1,"featured_media":289639,"comment_status":"open","ping_status":"open","sticky":false,"template":"","format":[189],"meta":{"_acf_changed":false,"_kad_blocks_custom_css":"","_kad_blocks_head_custom_js":"","_kad_blocks_body_custom_js":"","_kad_blocks_footer_custom_js":"","_kad_post_transparent":"","_kad_post_title":"","_kad_post_layout":"","_kad_post_sidebar_id":"","_kad_post_content_style":"","_kad_post_vertical_padding":"","_kad_post_feature":"","_kad_post_feature_position":"","_kad_post_header":false,"_kad_post_footer":false,"_kad_post_classname":"","footnotes":""},"categories":[168],"tags":[169,181,172],"class_list":["post-987","post","type-post","status-publish","format-standard","has-post-thumbnail","hentry","category-podcast","tag-apprentissage","tag-francophonie","tag-societe","format-solo-hugo"],"acf":[],"taxonomy_info":{"category":[{"value":168,"label":"Podcast"}],"post_tag":[{"value":169,"label":"Apprentissage"},{"value":181,"label":"Francophonie"},{"value":172,"label":"Soci\u00e9t\u00e9"}],"format":[{"value":189,"label":"Solo Hugo"}]},"featured_image_src_large":["https:\/\/innerfrench.com\/wp-content\/uploads\/2018\/09\/conversation-750x513.jpg",750,513,true],"author_info":{"display_name":"Hugo","author_link":"https:\/\/innerfrench.com\/author\/innerfrench-2-2-2-2-2-2-2-2-2-2-2-2-2-2-2-2-2-2-2\/"},"comment_info":4,"category_info":[{"term_id":168,"name":"Podcast","slug":"podcast","term_group":0,"term_taxonomy_id":168,"taxonomy":"category","description":"","parent":0,"count":185,"filter":"raw","cat_ID":168,"category_count":185,"category_description":"","cat_name":"Podcast","category_nicename":"podcast","category_parent":0}],"tag_info":[{"term_id":169,"name":"Apprentissage","slug":"apprentissage","term_group":0,"term_taxonomy_id":169,"taxonomy":"post_tag","description":"","parent":0,"count":31,"filter":"raw"},{"term_id":181,"name":"Francophonie","slug":"francophonie","term_group":0,"term_taxonomy_id":181,"taxonomy":"post_tag","description":"","parent":0,"count":10,"filter":"raw"},{"term_id":172,"name":"Soci\u00e9t\u00e9","slug":"societe","term_group":0,"term_taxonomy_id":172,"taxonomy":"post_tag","description":"","parent":0,"count":94,"filter":"raw"}],"_links":{"self":[{"href":"https:\/\/innerfrench.com\/wp-json\/wp\/v2\/posts\/987","targetHints":{"allow":["GET"]}}],"collection":[{"href":"https:\/\/innerfrench.com\/wp-json\/wp\/v2\/posts"}],"about":[{"href":"https:\/\/innerfrench.com\/wp-json\/wp\/v2\/types\/post"}],"author":[{"embeddable":true,"href":"https:\/\/innerfrench.com\/wp-json\/wp\/v2\/users\/1"}],"replies":[{"embeddable":true,"href":"https:\/\/innerfrench.com\/wp-json\/wp\/v2\/comments?post=987"}],"version-history":[{"count":1,"href":"https:\/\/innerfrench.com\/wp-json\/wp\/v2\/posts\/987\/revisions"}],"predecessor-version":[{"id":294268,"href":"https:\/\/innerfrench.com\/wp-json\/wp\/v2\/posts\/987\/revisions\/294268"}],"wp:featuredmedia":[{"embeddable":true,"href":"https:\/\/innerfrench.com\/wp-json\/wp\/v2\/media\/289639"}],"wp:attachment":[{"href":"https:\/\/innerfrench.com\/wp-json\/wp\/v2\/media?parent=987"}],"wp:term":[{"taxonomy":"category","embeddable":true,"href":"https:\/\/innerfrench.com\/wp-json\/wp\/v2\/categories?post=987"},{"taxonomy":"post_tag","embeddable":true,"href":"https:\/\/innerfrench.com\/wp-json\/wp\/v2\/tags?post=987"},{"taxonomy":"format","embeddable":true,"href":"https:\/\/innerfrench.com\/wp-json\/wp\/v2\/format?post=987"}],"curies":[{"name":"wp","href":"https:\/\/api.w.org\/{rel}","templated":true}]}}